{"id":10879,"date":"2021-07-25T01:16:20","date_gmt":"2021-07-24T22:16:20","guid":{"rendered":"https:\/\/favorite-news.com\/pt\/novo-banco-nao-viu-conflito-de-interesses-na-proposta-sobre-imosteps\/"},"modified":"2021-07-25T01:16:24","modified_gmt":"2021-07-24T22:16:24","slug":"novo-banco-nao-viu-conflito-de-interesses-na-proposta-sobre-imosteps","status":"publish","type":"post","link":"https:\/\/favorite-news.com\/pt\/novo-banco-nao-viu-conflito-de-interesses-na-proposta-sobre-imosteps\/","title":{"rendered":"Novo Banco n\u00e3o viu conflito de interesses na proposta sobre Imosteps"},"content":{"rendered":"<p>Daniel Resende \/ Flickr<br \/>\nO Novo Banco defende que a proposta da Iberis para comprar a d\u00edvida da Imosteps, de Lu\u00eds Filipe Vieira, n\u00e3o configurava conflito de interesses.\u00a0<\/p>\n<p>O Novo Banco defendeu, numa carta enviada ao Parlamento, que a proposta da Iberis para comprar a d\u00edvida da Imosteps, de Lu\u00eds Filipe Vieira, n\u00e3o configurava conflito de interesses, ao contr\u00e1rio do que foi entendido pelo Fundo de Resolu\u00e7\u00e3o.<br \/>\n\u201cNaturalmente que para o Novo Banco a proposta da Iberis n\u00e3o configurava qualquer conflito de interesses, caso contr\u00e1rio, a mesma n\u00e3o teria sido aprovada pelas estruturas internas competentes e recomendada ao FdR\u201d, l\u00ea-se na carta enviada \u00e0 comiss\u00e3o parlamentar de inqu\u00e9rito sobre o Novo Banco, a que a Lusa teve acesso.<br \/>\nSegundo a missiva, \u201ca informa\u00e7\u00e3o de que o banco dispunha relativamente \u00e0 proposta apresentada pela Iberis [ligada a Jos\u00e9 Ant\u00f3nio dos Santos], nomeadamente, no que respeita ao \u00faltimo benefici\u00e1rio efetivo, foi disponibilizada, quer ao Fundo de Resolu\u00e7\u00e3o \u2013 com o pedido de autoriza\u00e7\u00e3o e esclarecimentos prestados na sequ\u00eancia do mesmo \u2013 quer \u00e0 Comiss\u00e3o de Acompanhamento\u201d.<\/p>\n<p>A carta do presidente executivo Ant\u00f3nio Ramalho, que responde a perguntas do PS e PSD, aborda as opera\u00e7\u00f5es descritas na opera\u00e7\u00e3o Cart\u00e3o Vermelho, que envolve o ex-presidente do Benfica e l\u00edder da Promovalor, Lu\u00eds Filipe Vieira, o seu filho, Tiago Vieira, e ainda os empres\u00e1rios Jos\u00e9 Ant\u00f3nio dos Santos e Bruno Macedo.<br \/>\nSegundo documentos do Minist\u00e9rio P\u00fablico sobre a opera\u00e7\u00e3o, a d\u00edvida da Imosteps causou um preju\u00edzo de 45,6 milh\u00f5es de euros ao Novo Banco, e Lu\u00eds Filipe Vieira pretendia recompr\u00e1-la, de forma a eliminar as garantias pessoais que lhe estavam associadas.<br \/>\nPor\u00e9m, essa compra n\u00e3o podia ser feita diretamente por Vieira ou por partes relacionadas, pelo que o administrador do Novo Banco V\u00edtor Fernandes lhe ter\u00e1 advertido para isso, de acordo com o documento.<br \/>\nO Fundo de Resolu\u00e7\u00e3o identificou uma parte relacionada a Vieira, nomeadamente Jos\u00e9 Ant\u00f3nio dos Santos, que tinha avan\u00e7ado com uma das propostas para a compra da d\u00edvida da Imosteps, no caso atrav\u00e9s da sociedade Iberis Semper, e chumbou o primeiro neg\u00f3cio.<br \/>\nA d\u00edvida da Imposteps foi depois inclu\u00edda na carteira Nata II, estando o Minist\u00e9rio P\u00fablico convencido de que Tiago Vieira iniciou dilig\u00eancias junto de fundos internacionais que habitualmente compram cr\u00e9dito malparado (no caso a Bain e a Davidson Kempner), num processo que tamb\u00e9m incluiu o administrador da SAD do Benfica Miguel \u00c2ngelo Moreira, manifestando o interesse na compra da d\u00edvida.<br \/>\n\u201cSabendo que o Novo Banco queria fechar a venda dos cr\u00e9ditos \u2018Projeto Nata II\u2019 at\u00e9 ao final de junho e tendo sido informado por V\u00edtor Fernandes sobre a inclus\u00e3o da d\u00edvida da Imosteps na Nata II e qual a melhor forma de conseguir retirar a mesma, os arguidos Lu\u00eds Filipe Vieira e Tiago Vieira decidiram ent\u00e3o engendrar um esquema que lhes permitisse apresentar uma proposta escrita\u201d, l\u00ea-se no documento.<br \/>\nEssa estrat\u00e9gia, segundo o MP, \u201cpassava por criar uma apar\u00eancia de existirem v\u00e1rios interessados na aquisi\u00e7\u00e3o dos cr\u00e9ditos\u201d.<br \/>\nSegundo o MP, Lu\u00eds Filipe Vieira deu instru\u00e7\u00f5es para a aquisi\u00e7\u00e3o da d\u00edvida \u00e0 compradora Davidson Kempner, que se veio a fazer por 9 milh\u00f5es de euros, com recurso a fundos de Jos\u00e9 Ant\u00f3nio dos Santos, atrav\u00e9s de um fundo denominado Fundo Portugal Reestructuring Fund FCR.<br \/>\nO documento do MP refere que Vieira acabou por vender por 1 euro a Imosteps ao fundo, \u201cacertando desta forma a d\u00edvida da Imosteps no valor de 54,3 milh\u00f5es de euros, que anteriormente se encontrava avalizada por si atrav\u00e9s de cinco livran\u00e7as, que lhe foram devolvidas, conseguindo fazer cessar essa sua garantia pessoal\u201d.<br \/>\nA partir da venda, adianta, Lu\u00eds Filipe Vieira deixou de ser detentor de 50% do capital da OATA SGPS, mas continuou a tomar todas as decis\u00f5es relativas aos neg\u00f3cios daquelas duas sociedades e sobre os ativos do Brasil.<\/p>\n<p>\n<!--noindex--><br \/>\n<a href=\"https:\/\/zap.aeiou.pt\/nb-nao-conflito-interesses-imosteps-419882\" rel=\"nofollow\">Source link <\/a><br \/>\n<!--\/noindex--><\/p>\n","protected":false},"excerpt":{"rendered":"<p>Daniel Resende \/ Flickr O Novo Banco defende que a proposta da Iberis para comprar a d\u00edvida da Imosteps, de Lu\u00eds Filipe Vieira, n\u00e3o configurava conflito de interesses.\u00a0 O Novo Banco defendeu, numa carta enviada ao Parlamento, que a proposta da Iberis para comprar a d\u00edvida da Imosteps, de Lu\u00eds Filipe Vieira, n\u00e3o configurava conflito [&hellip;]<\/p>\n","protected":false},"author":2,"featured_media":10880,"comment_status":"open","ping_status":"open","sticky":false,"template":"","format":"standard","meta":{"footnotes":""},"categories":[1],"tags":[],"class_list":["post-10879","post","type-post","status-publish","format-standard","has-post-thumbnail","hentry","category-noticias-financeiras"],"yoast_head":"<!-- This site is optimized with the Yoast SEO plugin v27.4 - https:\/\/yoast.com\/product\/yoast-seo-wordpress\/ -->\n<title>Novo Banco n\u00e3o viu conflito de interesses na proposta sobre Imosteps - Favorite News<\/title>\n<meta name=\"robots\" content=\"index, follow, max-snippet:-1, max-image-preview:large, max-video-preview:-1\" \/>\n<link rel=\"canonical\" href=\"https:\/\/favorite-news.com\/pt\/novo-banco-nao-viu-conflito-de-interesses-na-proposta-sobre-imosteps\/\" \/>\n<meta property=\"og:locale\" content=\"pt_PT\" \/>\n<meta property=\"og:type\" content=\"article\" \/>\n<meta property=\"og:title\" content=\"Novo Banco n\u00e3o viu conflito de interesses na proposta sobre Imosteps - Favorite News\" \/>\n<meta property=\"og:description\" content=\"Daniel Resende \/ Flickr O Novo Banco defende que a proposta da Iberis para comprar a d\u00edvida da Imosteps, de Lu\u00eds Filipe Vieira, n\u00e3o configurava conflito de interesses.\u00a0 O Novo Banco defendeu, numa carta enviada ao Parlamento, que a proposta da Iberis para comprar a d\u00edvida da Imosteps, de Lu\u00eds Filipe Vieira, n\u00e3o configurava conflito [&hellip;]\" \/>\n<meta property=\"og:url\" content=\"https:\/\/favorite-news.com\/pt\/novo-banco-nao-viu-conflito-de-interesses-na-proposta-sobre-imosteps\/\" \/>\n<meta property=\"og:site_name\" content=\"Favorite News\" \/>\n<meta property=\"article:published_time\" content=\"2021-07-24T22:16:20+00:00\" \/>\n<meta property=\"article:modified_time\" content=\"2021-07-24T22:16:24+00:00\" \/>\n<meta property=\"og:image\" content=\"https:\/\/favorite-news.com\/pt\/wp-content\/uploads\/sites\/2\/2021\/07\/Novo-Banco-nao-viu-conflito-de-interesses-na-proposta-sobre.jpg\" \/>\n\t<meta property=\"og:image:width\" content=\"1024\" \/>\n\t<meta property=\"og:image:height\" content=\"733\" \/>\n\t<meta property=\"og:image:type\" content=\"image\/jpeg\" \/>\n<meta name=\"author\" content=\"favorite-news\" \/>\n<meta name=\"twitter:card\" content=\"summary_large_image\" \/>\n<meta name=\"twitter:label1\" content=\"Escrito por\" \/>\n\t<meta name=\"twitter:data1\" content=\"favorite-news\" \/>\n\t<meta name=\"twitter:label2\" content=\"Tempo estimado de leitura\" \/>\n\t<meta name=\"twitter:data2\" content=\"3 minutos\" \/>\n<script type=\"application\/ld+json\" class=\"yoast-schema-graph\">{\"@context\":\"https:\\\/\\\/schema.org\",\"@graph\":[{\"@type\":\"Article\",\"@id\":\"https:\\\/\\\/favorite-news.com\\\/pt\\\/novo-banco-nao-viu-conflito-de-interesses-na-proposta-sobre-imosteps\\\/#article\",\"isPartOf\":{\"@id\":\"https:\\\/\\\/favorite-news.com\\\/pt\\\/novo-banco-nao-viu-conflito-de-interesses-na-proposta-sobre-imosteps\\\/\"},\"author\":{\"name\":\"favorite-news\",\"@id\":\"https:\\\/\\\/favorite-news.com\\\/pt\\\/#\\\/schema\\\/person\\\/b91573b717dcfa5e4696032a9d28d3e8\"},\"headline\":\"Novo Banco n\u00e3o viu conflito de interesses na proposta sobre Imosteps\",\"datePublished\":\"2021-07-24T22:16:20+00:00\",\"dateModified\":\"2021-07-24T22:16:24+00:00\",\"mainEntityOfPage\":{\"@id\":\"https:\\\/\\\/favorite-news.com\\\/pt\\\/novo-banco-nao-viu-conflito-de-interesses-na-proposta-sobre-imosteps\\\/\"},\"wordCount\":706,\"commentCount\":0,\"image\":{\"@id\":\"https:\\\/\\\/favorite-news.com\\\/pt\\\/novo-banco-nao-viu-conflito-de-interesses-na-proposta-sobre-imosteps\\\/#primaryimage\"},\"thumbnailUrl\":\"https:\\\/\\\/favorite-news.com\\\/pt\\\/wp-content\\\/uploads\\\/sites\\\/2\\\/2021\\\/07\\\/Novo-Banco-nao-viu-conflito-de-interesses-na-proposta-sobre.jpg\",\"articleSection\":[\"NOT\u00cdCIAS FINANCEIRAS\"],\"inLanguage\":\"pt-PT\",\"potentialAction\":[{\"@type\":\"CommentAction\",\"name\":\"Comment\",\"target\":[\"https:\\\/\\\/favorite-news.com\\\/pt\\\/novo-banco-nao-viu-conflito-de-interesses-na-proposta-sobre-imosteps\\\/#respond\"]}]},{\"@type\":\"WebPage\",\"@id\":\"https:\\\/\\\/favorite-news.com\\\/pt\\\/novo-banco-nao-viu-conflito-de-interesses-na-proposta-sobre-imosteps\\\/\",\"url\":\"https:\\\/\\\/favorite-news.com\\\/pt\\\/novo-banco-nao-viu-conflito-de-interesses-na-proposta-sobre-imosteps\\\/\",\"name\":\"Novo Banco n\u00e3o viu conflito de interesses na proposta sobre Imosteps - Favorite News\",\"isPartOf\":{\"@id\":\"https:\\\/\\\/favorite-news.com\\\/pt\\\/#website\"},\"primaryImageOfPage\":{\"@id\":\"https:\\\/\\\/favorite-news.com\\\/pt\\\/novo-banco-nao-viu-conflito-de-interesses-na-proposta-sobre-imosteps\\\/#primaryimage\"},\"image\":{\"@id\":\"https:\\\/\\\/favorite-news.com\\\/pt\\\/novo-banco-nao-viu-conflito-de-interesses-na-proposta-sobre-imosteps\\\/#primaryimage\"},\"thumbnailUrl\":\"https:\\\/\\\/favorite-news.com\\\/pt\\\/wp-content\\\/uploads\\\/sites\\\/2\\\/2021\\\/07\\\/Novo-Banco-nao-viu-conflito-de-interesses-na-proposta-sobre.jpg\",\"datePublished\":\"2021-07-24T22:16:20+00:00\",\"dateModified\":\"2021-07-24T22:16:24+00:00\",\"author\":{\"@id\":\"https:\\\/\\\/favorite-news.com\\\/pt\\\/#\\\/schema\\\/person\\\/b91573b717dcfa5e4696032a9d28d3e8\"},\"breadcrumb\":{\"@id\":\"https:\\\/\\\/favorite-news.com\\\/pt\\\/novo-banco-nao-viu-conflito-de-interesses-na-proposta-sobre-imosteps\\\/#breadcrumb\"},\"inLanguage\":\"pt-PT\",\"potentialAction\":[{\"@type\":\"ReadAction\",\"target\":[\"https:\\\/\\\/favorite-news.com\\\/pt\\\/novo-banco-nao-viu-conflito-de-interesses-na-proposta-sobre-imosteps\\\/\"]}]},{\"@type\":\"ImageObject\",\"inLanguage\":\"pt-PT\",\"@id\":\"https:\\\/\\\/favorite-news.com\\\/pt\\\/novo-banco-nao-viu-conflito-de-interesses-na-proposta-sobre-imosteps\\\/#primaryimage\",\"url\":\"https:\\\/\\\/favorite-news.com\\\/pt\\\/wp-content\\\/uploads\\\/sites\\\/2\\\/2021\\\/07\\\/Novo-Banco-nao-viu-conflito-de-interesses-na-proposta-sobre.jpg\",\"contentUrl\":\"https:\\\/\\\/favorite-news.com\\\/pt\\\/wp-content\\\/uploads\\\/sites\\\/2\\\/2021\\\/07\\\/Novo-Banco-nao-viu-conflito-de-interesses-na-proposta-sobre.jpg\",\"width\":1024,\"height\":733,\"caption\":\"Novo Banco n\u00e3o viu conflito de interesses na proposta sobre Imosteps\"},{\"@type\":\"BreadcrumbList\",\"@id\":\"https:\\\/\\\/favorite-news.com\\\/pt\\\/novo-banco-nao-viu-conflito-de-interesses-na-proposta-sobre-imosteps\\\/#breadcrumb\",\"itemListElement\":[{\"@type\":\"ListItem\",\"position\":1,\"name\":\"Home\",\"item\":\"https:\\\/\\\/favorite-news.com\\\/pt\\\/\"},{\"@type\":\"ListItem\",\"position\":2,\"name\":\"Novo Banco n\u00e3o viu conflito de interesses na proposta sobre Imosteps\"}]},{\"@type\":\"WebSite\",\"@id\":\"https:\\\/\\\/favorite-news.com\\\/pt\\\/#website\",\"url\":\"https:\\\/\\\/favorite-news.com\\\/pt\\\/\",\"name\":\"Favorite News\",\"description\":\"Favorite News Portugal\",\"potentialAction\":[{\"@type\":\"SearchAction\",\"target\":{\"@type\":\"EntryPoint\",\"urlTemplate\":\"https:\\\/\\\/favorite-news.com\\\/pt\\\/?s={search_term_string}\"},\"query-input\":{\"@type\":\"PropertyValueSpecification\",\"valueRequired\":true,\"valueName\":\"search_term_string\"}}],\"inLanguage\":\"pt-PT\"},{\"@type\":\"Person\",\"@id\":\"https:\\\/\\\/favorite-news.com\\\/pt\\\/#\\\/schema\\\/person\\\/b91573b717dcfa5e4696032a9d28d3e8\",\"name\":\"favorite-news\",\"image\":{\"@type\":\"ImageObject\",\"inLanguage\":\"pt-PT\",\"@id\":\"https:\\\/\\\/secure.gravatar.com\\\/avatar\\\/6c5a5cb12b74e9d517ee91cf570335b7d16177f1977cc91db161adfa435945a7?s=96&d=mm&r=g\",\"url\":\"https:\\\/\\\/secure.gravatar.com\\\/avatar\\\/6c5a5cb12b74e9d517ee91cf570335b7d16177f1977cc91db161adfa435945a7?s=96&d=mm&r=g\",\"contentUrl\":\"https:\\\/\\\/secure.gravatar.com\\\/avatar\\\/6c5a5cb12b74e9d517ee91cf570335b7d16177f1977cc91db161adfa435945a7?s=96&d=mm&r=g\",\"caption\":\"favorite-news\"},\"url\":\"https:\\\/\\\/favorite-news.com\\\/pt\\\/author\\\/pt\\\/\"}]}<\/script>\n<!-- \/ Yoast SEO plugin. -->","yoast_head_json":{"title":"Novo Banco n\u00e3o viu conflito de interesses na proposta sobre Imosteps - Favorite News","robots":{"index":"index","follow":"follow","max-snippet":"max-snippet:-1","max-image-preview":"max-image-preview:large","max-video-preview":"max-video-preview:-1"},"canonical":"https:\/\/favorite-news.com\/pt\/novo-banco-nao-viu-conflito-de-interesses-na-proposta-sobre-imosteps\/","og_locale":"pt_PT","og_type":"article","og_title":"Novo Banco n\u00e3o viu conflito de interesses na proposta sobre Imosteps - Favorite News","og_description":"Daniel Resende \/ Flickr O Novo Banco defende que a proposta da Iberis para comprar a d\u00edvida da Imosteps, de Lu\u00eds Filipe Vieira, n\u00e3o configurava conflito de interesses.\u00a0 O Novo Banco defendeu, numa carta enviada ao Parlamento, que a proposta da Iberis para comprar a d\u00edvida da Imosteps, de Lu\u00eds Filipe Vieira, n\u00e3o configurava conflito [&hellip;]","og_url":"https:\/\/favorite-news.com\/pt\/novo-banco-nao-viu-conflito-de-interesses-na-proposta-sobre-imosteps\/","og_site_name":"Favorite News","article_published_time":"2021-07-24T22:16:20+00:00","article_modified_time":"2021-07-24T22:16:24+00:00","og_image":[{"width":1024,"height":733,"url":"https:\/\/favorite-news.com\/pt\/wp-content\/uploads\/sites\/2\/2021\/07\/Novo-Banco-nao-viu-conflito-de-interesses-na-proposta-sobre.jpg","type":"image\/jpeg"}],"author":"favorite-news","twitter_card":"summary_large_image","twitter_misc":{"Escrito por":"favorite-news","Tempo estimado de leitura":"3 minutos"},"schema":{"@context":"https:\/\/schema.org","@graph":[{"@type":"Article","@id":"https:\/\/favorite-news.com\/pt\/novo-banco-nao-viu-conflito-de-interesses-na-proposta-sobre-imosteps\/#article","isPartOf":{"@id":"https:\/\/favorite-news.com\/pt\/novo-banco-nao-viu-conflito-de-interesses-na-proposta-sobre-imosteps\/"},"author":{"name":"favorite-news","@id":"https:\/\/favorite-news.com\/pt\/#\/schema\/person\/b91573b717dcfa5e4696032a9d28d3e8"},"headline":"Novo Banco n\u00e3o viu conflito de interesses na proposta sobre Imosteps","datePublished":"2021-07-24T22:16:20+00:00","dateModified":"2021-07-24T22:16:24+00:00","mainEntityOfPage":{"@id":"https:\/\/favorite-news.com\/pt\/novo-banco-nao-viu-conflito-de-interesses-na-proposta-sobre-imosteps\/"},"wordCount":706,"commentCount":0,"image":{"@id":"https:\/\/favorite-news.com\/pt\/novo-banco-nao-viu-conflito-de-interesses-na-proposta-sobre-imosteps\/#primaryimage"},"thumbnailUrl":"https:\/\/favorite-news.com\/pt\/wp-content\/uploads\/sites\/2\/2021\/07\/Novo-Banco-nao-viu-conflito-de-interesses-na-proposta-sobre.jpg","articleSection":["NOT\u00cdCIAS FINANCEIRAS"],"inLanguage":"pt-PT","potentialAction":[{"@type":"CommentAction","name":"Comment","target":["https:\/\/favorite-news.com\/pt\/novo-banco-nao-viu-conflito-de-interesses-na-proposta-sobre-imosteps\/#respond"]}]},{"@type":"WebPage","@id":"https:\/\/favorite-news.com\/pt\/novo-banco-nao-viu-conflito-de-interesses-na-proposta-sobre-imosteps\/","url":"https:\/\/favorite-news.com\/pt\/novo-banco-nao-viu-conflito-de-interesses-na-proposta-sobre-imosteps\/","name":"Novo Banco n\u00e3o viu conflito de interesses na proposta sobre Imosteps - Favorite News","isPartOf":{"@id":"https:\/\/favorite-news.com\/pt\/#website"},"primaryImageOfPage":{"@id":"https:\/\/favorite-news.com\/pt\/novo-banco-nao-viu-conflito-de-interesses-na-proposta-sobre-imosteps\/#primaryimage"},"image":{"@id":"https:\/\/favorite-news.com\/pt\/novo-banco-nao-viu-conflito-de-interesses-na-proposta-sobre-imosteps\/#primaryimage"},"thumbnailUrl":"https:\/\/favorite-news.com\/pt\/wp-content\/uploads\/sites\/2\/2021\/07\/Novo-Banco-nao-viu-conflito-de-interesses-na-proposta-sobre.jpg","datePublished":"2021-07-24T22:16:20+00:00","dateModified":"2021-07-24T22:16:24+00:00","author":{"@id":"https:\/\/favorite-news.com\/pt\/#\/schema\/person\/b91573b717dcfa5e4696032a9d28d3e8"},"breadcrumb":{"@id":"https:\/\/favorite-news.com\/pt\/novo-banco-nao-viu-conflito-de-interesses-na-proposta-sobre-imosteps\/#breadcrumb"},"inLanguage":"pt-PT","potentialAction":[{"@type":"ReadAction","target":["https:\/\/favorite-news.com\/pt\/novo-banco-nao-viu-conflito-de-interesses-na-proposta-sobre-imosteps\/"]}]},{"@type":"ImageObject","inLanguage":"pt-PT","@id":"https:\/\/favorite-news.com\/pt\/novo-banco-nao-viu-conflito-de-interesses-na-proposta-sobre-imosteps\/#primaryimage","url":"https:\/\/favorite-news.com\/pt\/wp-content\/uploads\/sites\/2\/2021\/07\/Novo-Banco-nao-viu-conflito-de-interesses-na-proposta-sobre.jpg","contentUrl":"https:\/\/favorite-news.com\/pt\/wp-content\/uploads\/sites\/2\/2021\/07\/Novo-Banco-nao-viu-conflito-de-interesses-na-proposta-sobre.jpg","width":1024,"height":733,"caption":"Novo Banco n\u00e3o viu conflito de interesses na proposta sobre Imosteps"},{"@type":"BreadcrumbList","@id":"https:\/\/favorite-news.com\/pt\/novo-banco-nao-viu-conflito-de-interesses-na-proposta-sobre-imosteps\/#breadcrumb","itemListElement":[{"@type":"ListItem","position":1,"name":"Home","item":"https:\/\/favorite-news.com\/pt\/"},{"@type":"ListItem","position":2,"name":"Novo Banco n\u00e3o viu conflito de interesses na proposta sobre Imosteps"}]},{"@type":"WebSite","@id":"https:\/\/favorite-news.com\/pt\/#website","url":"https:\/\/favorite-news.com\/pt\/","name":"Favorite News","description":"Favorite News Portugal","potentialAction":[{"@type":"SearchAction","target":{"@type":"EntryPoint","urlTemplate":"https:\/\/favorite-news.com\/pt\/?s={search_term_string}"},"query-input":{"@type":"PropertyValueSpecification","valueRequired":true,"valueName":"search_term_string"}}],"inLanguage":"pt-PT"},{"@type":"Person","@id":"https:\/\/favorite-news.com\/pt\/#\/schema\/person\/b91573b717dcfa5e4696032a9d28d3e8","name":"favorite-news","image":{"@type":"ImageObject","inLanguage":"pt-PT","@id":"https:\/\/secure.gravatar.com\/avatar\/6c5a5cb12b74e9d517ee91cf570335b7d16177f1977cc91db161adfa435945a7?s=96&d=mm&r=g","url":"https:\/\/secure.gravatar.com\/avatar\/6c5a5cb12b74e9d517ee91cf570335b7d16177f1977cc91db161adfa435945a7?s=96&d=mm&r=g","contentUrl":"https:\/\/secure.gravatar.com\/avatar\/6c5a5cb12b74e9d517ee91cf570335b7d16177f1977cc91db161adfa435945a7?s=96&d=mm&r=g","caption":"favorite-news"},"url":"https:\/\/favorite-news.com\/pt\/author\/pt\/"}]}},"_links":{"self":[{"href":"https:\/\/favorite-news.com\/pt\/wp-json\/wp\/v2\/posts\/10879","targetHints":{"allow":["GET"]}}],"collection":[{"href":"https:\/\/favorite-news.com\/pt\/wp-json\/wp\/v2\/posts"}],"about":[{"href":"https:\/\/favorite-news.com\/pt\/wp-json\/wp\/v2\/types\/post"}],"author":[{"embeddable":true,"href":"https:\/\/favorite-news.com\/pt\/wp-json\/wp\/v2\/users\/2"}],"replies":[{"embeddable":true,"href":"https:\/\/favorite-news.com\/pt\/wp-json\/wp\/v2\/comments?post=10879"}],"version-history":[{"count":1,"href":"https:\/\/favorite-news.com\/pt\/wp-json\/wp\/v2\/posts\/10879\/revisions"}],"predecessor-version":[{"id":10881,"href":"https:\/\/favorite-news.com\/pt\/wp-json\/wp\/v2\/posts\/10879\/revisions\/10881"}],"wp:featuredmedia":[{"embeddable":true,"href":"https:\/\/favorite-news.com\/pt\/wp-json\/wp\/v2\/media\/10880"}],"wp:attachment":[{"href":"https:\/\/favorite-news.com\/pt\/wp-json\/wp\/v2\/media?parent=10879"}],"wp:term":[{"taxonomy":"category","embeddable":true,"href":"https:\/\/favorite-news.com\/pt\/wp-json\/wp\/v2\/categories?post=10879"},{"taxonomy":"post_tag","embeddable":true,"href":"https:\/\/favorite-news.com\/pt\/wp-json\/wp\/v2\/tags?post=10879"}],"curies":[{"name":"wp","href":"https:\/\/api.w.org\/{rel}","templated":true}]}}