{"id":10874,"date":"2021-07-24T13:04:02","date_gmt":"2021-07-24T10:04:02","guid":{"rendered":"https:\/\/favorite-news.com\/pt\/sitava-tambem-desconvoca-greve-de-julho-e-agosto-na-groundforce-zap\/"},"modified":"2021-07-24T13:04:06","modified_gmt":"2021-07-24T10:04:06","slug":"sitava-tambem-desconvoca-greve-de-julho-e-agosto-na-groundforce-zap","status":"publish","type":"post","link":"https:\/\/favorite-news.com\/pt\/sitava-tambem-desconvoca-greve-de-julho-e-agosto-na-groundforce-zap\/","title":{"rendered":"Sitava tamb\u00e9m desconvoca greve de julho e agosto na Groundforce &#8211; ZAP"},"content":{"rendered":"<p>Fernando Veludo \/ Lusa<br \/>\nO Sindicato dos Trabalhadores da Avia\u00e7\u00e3o e Aeroportos (Sitava) anunciou, esta sexta-feira, que desconvocou a greve prevista na Groundforce, nos dias 30, 31 de julho e 1 de agosto, depois da confirma\u00e7\u00e3o da TAP do pagamento aos trabalhadores.<\/p>\n<p>\u201cNa sequ\u00eancia da reuni\u00e3o havida com o senhor ministro das Infraestruturas e Habita\u00e7\u00e3o, Pedro Nuno Santos, e da posterior confirma\u00e7\u00e3o por parte da TAP do cumprimento imediato dos compromissos anunciados no comunicado do Minist\u00e9rio das Infraestruturas e Habita\u00e7\u00e3o, nomeadamente o pagamento dos subs\u00eddios de f\u00e9rias e das anuidades\u201d, e com os \u201cclaros compromissos em rela\u00e7\u00e3o \u00e0 altera\u00e7\u00e3o do quadro acionista da empresa que julgamos indispens\u00e1veis para a estabiliza\u00e7\u00e3o e perenidade da SPdH\/Groundforce, considera o Sitava estarem reunidas as condi\u00e7\u00f5es m\u00ednimas necess\u00e1rias para que as greves anunciadas sejam desconvocadas\u201d, adiantou, em comunicado.<br \/>\nPara j\u00e1, os sindicatos dos Trabalhadores dos Transportes de Portugal (STTAMP) e dos Trabalhadores dos Aeroportos Manuten\u00e7\u00e3o e Avia\u00e7\u00e3o (STAMA) mant\u00eam os avisos pr\u00e9vios de greve em vigor para a Groundforce \u201cat\u00e9 \u00e0 data em que os pagamentos forem efetivamente concretizados, visto que num passado recente estes dois sindicatos j\u00e1 teriam chegado a acordo para o pagamento do subs\u00eddio de f\u00e9rias, tendo o mesmo sido recusado por parte de Alfredo Casimiro que, apesar das mudan\u00e7as iminentes da estrutura acionista, \u00e0 data de hoje ainda \u00e9 o presidente do conselho de administra\u00e7\u00e3o\u201d, adiantaram, na quinta-feira.<br \/>\nEstas estruturas recordaram que \u201cencontram-se emitidos avisos pr\u00e9vios de greve\u201d para o final de julho e para o m\u00eas de agosto, incluindo greve total das 00h00 do dia 30 de julho at\u00e9 \u00e0s 24h00 do dia 31 de agosto, prolongando-se ao trabalho suplementar at\u00e9 ao final do ano.<\/p>\n<p>Pelo contr\u00e1rio, os sindicatos dos T\u00e9cnicos de Handling de Aeroportos (STHA), das Ind\u00fastrias Metal\u00fargicas e Afins (SIMA) e dos Economistas (SE) desconvocaram, na quinta-feira, a greve na Groundforce marcada para 31 de julho, 1 e 2 de agosto.<br \/>\nA Groundforce conta com cerca de 1600 trabalhadores sindicalizados, sendo o Sitava, com mais de mil, o sindicato com mais peso, seguido do STHA e do STTAMP.<br \/>\nRecorde-se que os trabalhadores da Groundforce cumpriram dois dias de greve no fim de semana passado, convocada pelo STHA, como protesto pela \u201csitua\u00e7\u00e3o de instabilidade insustent\u00e1vel, no que concerne ao pagamento pontual dos sal\u00e1rios e outras componentes pecuni\u00e1rias\u201d que os trabalhadores da Groundforce enfrentam desde fevereiro de 2021. A paralisa\u00e7\u00e3o levou ao cancelamento de centenas de voos, sobretudo no aeroporto de Lisboa.<br \/>\nA Groundforce \u00e9 detida em 50,1% pela Pasogal e em 49,9% pelo grupo TAP, que, em 2020, passou a ser detido em 72,5% pelo Estado portugu\u00eas.<\/p>\n<p>\n<!--noindex--><br \/>\n<a href=\"https:\/\/zap.aeiou.pt\/sitava-desconvoca-greve-groundforce-419867\" rel=\"nofollow\">Source link <\/a><br \/>\n<!--\/noindex--><\/p>\n","protected":false},"excerpt":{"rendered":"<p>Fernando Veludo \/ Lusa O Sindicato dos Trabalhadores da Avia\u00e7\u00e3o e Aeroportos (Sitava) anunciou, esta sexta-feira, que desconvocou a greve prevista na Groundforce, nos dias 30, 31 de julho e 1 de agosto, depois da confirma\u00e7\u00e3o da TAP do pagamento aos trabalhadores. \u201cNa sequ\u00eancia da reuni\u00e3o havida com o senhor ministro das Infraestruturas e Habita\u00e7\u00e3o, [&hellip;]<\/p>\n","protected":false},"author":2,"featured_media":9425,"comment_status":"open","ping_status":"open","sticky":false,"template":"","format":"standard","meta":{"footnotes":""},"categories":[1],"tags":[],"class_list":["post-10874","post","type-post","status-publish","format-standard","has-post-thumbnail","hentry","category-noticias-financeiras"],"yoast_head":"<!-- This site is optimized with the Yoast SEO plugin v27.4 - https:\/\/yoast.com\/product\/yoast-seo-wordpress\/ -->\n<title>Sitava tamb\u00e9m desconvoca greve de julho e agosto na Groundforce - ZAP - Favorite News<\/title>\n<meta name=\"robots\" content=\"index, follow, max-snippet:-1, max-image-preview:large, max-video-preview:-1\" \/>\n<link rel=\"canonical\" href=\"https:\/\/favorite-news.com\/pt\/sitava-tambem-desconvoca-greve-de-julho-e-agosto-na-groundforce-zap\/\" \/>\n<meta property=\"og:locale\" content=\"pt_PT\" \/>\n<meta property=\"og:type\" content=\"article\" \/>\n<meta property=\"og:title\" content=\"Sitava tamb\u00e9m desconvoca greve de julho e agosto na Groundforce - ZAP - Favorite News\" \/>\n<meta property=\"og:description\" content=\"Fernando Veludo \/ Lusa O Sindicato dos Trabalhadores da Avia\u00e7\u00e3o e Aeroportos (Sitava) anunciou, esta sexta-feira, que desconvocou a greve prevista na Groundforce, nos dias 30, 31 de julho e 1 de agosto, depois da confirma\u00e7\u00e3o da TAP do pagamento aos trabalhadores. \u201cNa sequ\u00eancia da reuni\u00e3o havida com o senhor ministro das Infraestruturas e Habita\u00e7\u00e3o, [&hellip;]\" \/>\n<meta property=\"og:url\" content=\"https:\/\/favorite-news.com\/pt\/sitava-tambem-desconvoca-greve-de-julho-e-agosto-na-groundforce-zap\/\" \/>\n<meta property=\"og:site_name\" content=\"Favorite News\" \/>\n<meta property=\"article:published_time\" content=\"2021-07-24T10:04:02+00:00\" \/>\n<meta property=\"article:modified_time\" content=\"2021-07-24T10:04:06+00:00\" \/>\n<meta property=\"og:image\" content=\"https:\/\/favorite-news.com\/pt\/wp-content\/uploads\/sites\/2\/2021\/03\/TAP-propoe-aumento-de-capital-de-69-milhoes-para-salvar.jpg\" \/>\n\t<meta property=\"og:image:width\" content=\"1200\" \/>\n\t<meta property=\"og:image:height\" content=\"800\" \/>\n\t<meta property=\"og:image:type\" content=\"image\/jpeg\" \/>\n<meta name=\"author\" content=\"favorite-news\" \/>\n<meta name=\"twitter:card\" content=\"summary_large_image\" \/>\n<meta name=\"twitter:label1\" content=\"Escrito por\" \/>\n\t<meta name=\"twitter:data1\" content=\"favorite-news\" \/>\n\t<meta name=\"twitter:label2\" content=\"Tempo estimado de leitura\" \/>\n\t<meta name=\"twitter:data2\" content=\"2 minutos\" \/>\n<script type=\"application\/ld+json\" class=\"yoast-schema-graph\">{\"@context\":\"https:\\\/\\\/schema.org\",\"@graph\":[{\"@type\":\"Article\",\"@id\":\"https:\\\/\\\/favorite-news.com\\\/pt\\\/sitava-tambem-desconvoca-greve-de-julho-e-agosto-na-groundforce-zap\\\/#article\",\"isPartOf\":{\"@id\":\"https:\\\/\\\/favorite-news.com\\\/pt\\\/sitava-tambem-desconvoca-greve-de-julho-e-agosto-na-groundforce-zap\\\/\"},\"author\":{\"name\":\"favorite-news\",\"@id\":\"https:\\\/\\\/favorite-news.com\\\/pt\\\/#\\\/schema\\\/person\\\/b91573b717dcfa5e4696032a9d28d3e8\"},\"headline\":\"Sitava tamb\u00e9m desconvoca greve de julho e agosto na Groundforce &#8211; ZAP\",\"datePublished\":\"2021-07-24T10:04:02+00:00\",\"dateModified\":\"2021-07-24T10:04:06+00:00\",\"mainEntityOfPage\":{\"@id\":\"https:\\\/\\\/favorite-news.com\\\/pt\\\/sitava-tambem-desconvoca-greve-de-julho-e-agosto-na-groundforce-zap\\\/\"},\"wordCount\":461,\"commentCount\":0,\"image\":{\"@id\":\"https:\\\/\\\/favorite-news.com\\\/pt\\\/sitava-tambem-desconvoca-greve-de-julho-e-agosto-na-groundforce-zap\\\/#primaryimage\"},\"thumbnailUrl\":\"https:\\\/\\\/favorite-news.com\\\/pt\\\/wp-content\\\/uploads\\\/sites\\\/2\\\/2021\\\/03\\\/TAP-propoe-aumento-de-capital-de-69-milhoes-para-salvar.jpg\",\"articleSection\":[\"NOT\u00cdCIAS FINANCEIRAS\"],\"inLanguage\":\"pt-PT\",\"potentialAction\":[{\"@type\":\"CommentAction\",\"name\":\"Comment\",\"target\":[\"https:\\\/\\\/favorite-news.com\\\/pt\\\/sitava-tambem-desconvoca-greve-de-julho-e-agosto-na-groundforce-zap\\\/#respond\"]}]},{\"@type\":\"WebPage\",\"@id\":\"https:\\\/\\\/favorite-news.com\\\/pt\\\/sitava-tambem-desconvoca-greve-de-julho-e-agosto-na-groundforce-zap\\\/\",\"url\":\"https:\\\/\\\/favorite-news.com\\\/pt\\\/sitava-tambem-desconvoca-greve-de-julho-e-agosto-na-groundforce-zap\\\/\",\"name\":\"Sitava tamb\u00e9m desconvoca greve de julho e agosto na Groundforce - ZAP - Favorite News\",\"isPartOf\":{\"@id\":\"https:\\\/\\\/favorite-news.com\\\/pt\\\/#website\"},\"primaryImageOfPage\":{\"@id\":\"https:\\\/\\\/favorite-news.com\\\/pt\\\/sitava-tambem-desconvoca-greve-de-julho-e-agosto-na-groundforce-zap\\\/#primaryimage\"},\"image\":{\"@id\":\"https:\\\/\\\/favorite-news.com\\\/pt\\\/sitava-tambem-desconvoca-greve-de-julho-e-agosto-na-groundforce-zap\\\/#primaryimage\"},\"thumbnailUrl\":\"https:\\\/\\\/favorite-news.com\\\/pt\\\/wp-content\\\/uploads\\\/sites\\\/2\\\/2021\\\/03\\\/TAP-propoe-aumento-de-capital-de-69-milhoes-para-salvar.jpg\",\"datePublished\":\"2021-07-24T10:04:02+00:00\",\"dateModified\":\"2021-07-24T10:04:06+00:00\",\"author\":{\"@id\":\"https:\\\/\\\/favorite-news.com\\\/pt\\\/#\\\/schema\\\/person\\\/b91573b717dcfa5e4696032a9d28d3e8\"},\"breadcrumb\":{\"@id\":\"https:\\\/\\\/favorite-news.com\\\/pt\\\/sitava-tambem-desconvoca-greve-de-julho-e-agosto-na-groundforce-zap\\\/#breadcrumb\"},\"inLanguage\":\"pt-PT\",\"potentialAction\":[{\"@type\":\"ReadAction\",\"target\":[\"https:\\\/\\\/favorite-news.com\\\/pt\\\/sitava-tambem-desconvoca-greve-de-julho-e-agosto-na-groundforce-zap\\\/\"]}]},{\"@type\":\"ImageObject\",\"inLanguage\":\"pt-PT\",\"@id\":\"https:\\\/\\\/favorite-news.com\\\/pt\\\/sitava-tambem-desconvoca-greve-de-julho-e-agosto-na-groundforce-zap\\\/#primaryimage\",\"url\":\"https:\\\/\\\/favorite-news.com\\\/pt\\\/wp-content\\\/uploads\\\/sites\\\/2\\\/2021\\\/03\\\/TAP-propoe-aumento-de-capital-de-69-milhoes-para-salvar.jpg\",\"contentUrl\":\"https:\\\/\\\/favorite-news.com\\\/pt\\\/wp-content\\\/uploads\\\/sites\\\/2\\\/2021\\\/03\\\/TAP-propoe-aumento-de-capital-de-69-milhoes-para-salvar.jpg\",\"width\":1200,\"height\":800,\"caption\":\"TAP prop\u00f5e aumento de capital de 6,9 milh\u00f5es para salvar Groundforce\"},{\"@type\":\"BreadcrumbList\",\"@id\":\"https:\\\/\\\/favorite-news.com\\\/pt\\\/sitava-tambem-desconvoca-greve-de-julho-e-agosto-na-groundforce-zap\\\/#breadcrumb\",\"itemListElement\":[{\"@type\":\"ListItem\",\"position\":1,\"name\":\"Home\",\"item\":\"https:\\\/\\\/favorite-news.com\\\/pt\\\/\"},{\"@type\":\"ListItem\",\"position\":2,\"name\":\"Sitava tamb\u00e9m desconvoca greve de julho e agosto na Groundforce &#8211; ZAP\"}]},{\"@type\":\"WebSite\",\"@id\":\"https:\\\/\\\/favorite-news.com\\\/pt\\\/#website\",\"url\":\"https:\\\/\\\/favorite-news.com\\\/pt\\\/\",\"name\":\"Favorite News\",\"description\":\"Favorite News Portugal\",\"potentialAction\":[{\"@type\":\"SearchAction\",\"target\":{\"@type\":\"EntryPoint\",\"urlTemplate\":\"https:\\\/\\\/favorite-news.com\\\/pt\\\/?s={search_term_string}\"},\"query-input\":{\"@type\":\"PropertyValueSpecification\",\"valueRequired\":true,\"valueName\":\"search_term_string\"}}],\"inLanguage\":\"pt-PT\"},{\"@type\":\"Person\",\"@id\":\"https:\\\/\\\/favorite-news.com\\\/pt\\\/#\\\/schema\\\/person\\\/b91573b717dcfa5e4696032a9d28d3e8\",\"name\":\"favorite-news\",\"image\":{\"@type\":\"ImageObject\",\"inLanguage\":\"pt-PT\",\"@id\":\"https:\\\/\\\/secure.gravatar.com\\\/avatar\\\/6c5a5cb12b74e9d517ee91cf570335b7d16177f1977cc91db161adfa435945a7?s=96&d=mm&r=g\",\"url\":\"https:\\\/\\\/secure.gravatar.com\\\/avatar\\\/6c5a5cb12b74e9d517ee91cf570335b7d16177f1977cc91db161adfa435945a7?s=96&d=mm&r=g\",\"contentUrl\":\"https:\\\/\\\/secure.gravatar.com\\\/avatar\\\/6c5a5cb12b74e9d517ee91cf570335b7d16177f1977cc91db161adfa435945a7?s=96&d=mm&r=g\",\"caption\":\"favorite-news\"},\"url\":\"https:\\\/\\\/favorite-news.com\\\/pt\\\/author\\\/pt\\\/\"}]}<\/script>\n<!-- \/ Yoast SEO plugin. -->","yoast_head_json":{"title":"Sitava tamb\u00e9m desconvoca greve de julho e agosto na Groundforce - ZAP - Favorite News","robots":{"index":"index","follow":"follow","max-snippet":"max-snippet:-1","max-image-preview":"max-image-preview:large","max-video-preview":"max-video-preview:-1"},"canonical":"https:\/\/favorite-news.com\/pt\/sitava-tambem-desconvoca-greve-de-julho-e-agosto-na-groundforce-zap\/","og_locale":"pt_PT","og_type":"article","og_title":"Sitava tamb\u00e9m desconvoca greve de julho e agosto na Groundforce - ZAP - Favorite News","og_description":"Fernando Veludo \/ Lusa O Sindicato dos Trabalhadores da Avia\u00e7\u00e3o e Aeroportos (Sitava) anunciou, esta sexta-feira, que desconvocou a greve prevista na Groundforce, nos dias 30, 31 de julho e 1 de agosto, depois da confirma\u00e7\u00e3o da TAP do pagamento aos trabalhadores. \u201cNa sequ\u00eancia da reuni\u00e3o havida com o senhor ministro das Infraestruturas e Habita\u00e7\u00e3o, [&hellip;]","og_url":"https:\/\/favorite-news.com\/pt\/sitava-tambem-desconvoca-greve-de-julho-e-agosto-na-groundforce-zap\/","og_site_name":"Favorite News","article_published_time":"2021-07-24T10:04:02+00:00","article_modified_time":"2021-07-24T10:04:06+00:00","og_image":[{"width":1200,"height":800,"url":"https:\/\/favorite-news.com\/pt\/wp-content\/uploads\/sites\/2\/2021\/03\/TAP-propoe-aumento-de-capital-de-69-milhoes-para-salvar.jpg","type":"image\/jpeg"}],"author":"favorite-news","twitter_card":"summary_large_image","twitter_misc":{"Escrito por":"favorite-news","Tempo estimado de leitura":"2 minutos"},"schema":{"@context":"https:\/\/schema.org","@graph":[{"@type":"Article","@id":"https:\/\/favorite-news.com\/pt\/sitava-tambem-desconvoca-greve-de-julho-e-agosto-na-groundforce-zap\/#article","isPartOf":{"@id":"https:\/\/favorite-news.com\/pt\/sitava-tambem-desconvoca-greve-de-julho-e-agosto-na-groundforce-zap\/"},"author":{"name":"favorite-news","@id":"https:\/\/favorite-news.com\/pt\/#\/schema\/person\/b91573b717dcfa5e4696032a9d28d3e8"},"headline":"Sitava tamb\u00e9m desconvoca greve de julho e agosto na Groundforce &#8211; ZAP","datePublished":"2021-07-24T10:04:02+00:00","dateModified":"2021-07-24T10:04:06+00:00","mainEntityOfPage":{"@id":"https:\/\/favorite-news.com\/pt\/sitava-tambem-desconvoca-greve-de-julho-e-agosto-na-groundforce-zap\/"},"wordCount":461,"commentCount":0,"image":{"@id":"https:\/\/favorite-news.com\/pt\/sitava-tambem-desconvoca-greve-de-julho-e-agosto-na-groundforce-zap\/#primaryimage"},"thumbnailUrl":"https:\/\/favorite-news.com\/pt\/wp-content\/uploads\/sites\/2\/2021\/03\/TAP-propoe-aumento-de-capital-de-69-milhoes-para-salvar.jpg","articleSection":["NOT\u00cdCIAS FINANCEIRAS"],"inLanguage":"pt-PT","potentialAction":[{"@type":"CommentAction","name":"Comment","target":["https:\/\/favorite-news.com\/pt\/sitava-tambem-desconvoca-greve-de-julho-e-agosto-na-groundforce-zap\/#respond"]}]},{"@type":"WebPage","@id":"https:\/\/favorite-news.com\/pt\/sitava-tambem-desconvoca-greve-de-julho-e-agosto-na-groundforce-zap\/","url":"https:\/\/favorite-news.com\/pt\/sitava-tambem-desconvoca-greve-de-julho-e-agosto-na-groundforce-zap\/","name":"Sitava tamb\u00e9m desconvoca greve de julho e agosto na Groundforce - ZAP - Favorite News","isPartOf":{"@id":"https:\/\/favorite-news.com\/pt\/#website"},"primaryImageOfPage":{"@id":"https:\/\/favorite-news.com\/pt\/sitava-tambem-desconvoca-greve-de-julho-e-agosto-na-groundforce-zap\/#primaryimage"},"image":{"@id":"https:\/\/favorite-news.com\/pt\/sitava-tambem-desconvoca-greve-de-julho-e-agosto-na-groundforce-zap\/#primaryimage"},"thumbnailUrl":"https:\/\/favorite-news.com\/pt\/wp-content\/uploads\/sites\/2\/2021\/03\/TAP-propoe-aumento-de-capital-de-69-milhoes-para-salvar.jpg","datePublished":"2021-07-24T10:04:02+00:00","dateModified":"2021-07-24T10:04:06+00:00","author":{"@id":"https:\/\/favorite-news.com\/pt\/#\/schema\/person\/b91573b717dcfa5e4696032a9d28d3e8"},"breadcrumb":{"@id":"https:\/\/favorite-news.com\/pt\/sitava-tambem-desconvoca-greve-de-julho-e-agosto-na-groundforce-zap\/#breadcrumb"},"inLanguage":"pt-PT","potentialAction":[{"@type":"ReadAction","target":["https:\/\/favorite-news.com\/pt\/sitava-tambem-desconvoca-greve-de-julho-e-agosto-na-groundforce-zap\/"]}]},{"@type":"ImageObject","inLanguage":"pt-PT","@id":"https:\/\/favorite-news.com\/pt\/sitava-tambem-desconvoca-greve-de-julho-e-agosto-na-groundforce-zap\/#primaryimage","url":"https:\/\/favorite-news.com\/pt\/wp-content\/uploads\/sites\/2\/2021\/03\/TAP-propoe-aumento-de-capital-de-69-milhoes-para-salvar.jpg","contentUrl":"https:\/\/favorite-news.com\/pt\/wp-content\/uploads\/sites\/2\/2021\/03\/TAP-propoe-aumento-de-capital-de-69-milhoes-para-salvar.jpg","width":1200,"height":800,"caption":"TAP prop\u00f5e aumento de capital de 6,9 milh\u00f5es para salvar Groundforce"},{"@type":"BreadcrumbList","@id":"https:\/\/favorite-news.com\/pt\/sitava-tambem-desconvoca-greve-de-julho-e-agosto-na-groundforce-zap\/#breadcrumb","itemListElement":[{"@type":"ListItem","position":1,"name":"Home","item":"https:\/\/favorite-news.com\/pt\/"},{"@type":"ListItem","position":2,"name":"Sitava tamb\u00e9m desconvoca greve de julho e agosto na Groundforce &#8211; ZAP"}]},{"@type":"WebSite","@id":"https:\/\/favorite-news.com\/pt\/#website","url":"https:\/\/favorite-news.com\/pt\/","name":"Favorite News","description":"Favorite News Portugal","potentialAction":[{"@type":"SearchAction","target":{"@type":"EntryPoint","urlTemplate":"https:\/\/favorite-news.com\/pt\/?s={search_term_string}"},"query-input":{"@type":"PropertyValueSpecification","valueRequired":true,"valueName":"search_term_string"}}],"inLanguage":"pt-PT"},{"@type":"Person","@id":"https:\/\/favorite-news.com\/pt\/#\/schema\/person\/b91573b717dcfa5e4696032a9d28d3e8","name":"favorite-news","image":{"@type":"ImageObject","inLanguage":"pt-PT","@id":"https:\/\/secure.gravatar.com\/avatar\/6c5a5cb12b74e9d517ee91cf570335b7d16177f1977cc91db161adfa435945a7?s=96&d=mm&r=g","url":"https:\/\/secure.gravatar.com\/avatar\/6c5a5cb12b74e9d517ee91cf570335b7d16177f1977cc91db161adfa435945a7?s=96&d=mm&r=g","contentUrl":"https:\/\/secure.gravatar.com\/avatar\/6c5a5cb12b74e9d517ee91cf570335b7d16177f1977cc91db161adfa435945a7?s=96&d=mm&r=g","caption":"favorite-news"},"url":"https:\/\/favorite-news.com\/pt\/author\/pt\/"}]}},"_links":{"self":[{"href":"https:\/\/favorite-news.com\/pt\/wp-json\/wp\/v2\/posts\/10874","targetHints":{"allow":["GET"]}}],"collection":[{"href":"https:\/\/favorite-news.com\/pt\/wp-json\/wp\/v2\/posts"}],"about":[{"href":"https:\/\/favorite-news.com\/pt\/wp-json\/wp\/v2\/types\/post"}],"author":[{"embeddable":true,"href":"https:\/\/favorite-news.com\/pt\/wp-json\/wp\/v2\/users\/2"}],"replies":[{"embeddable":true,"href":"https:\/\/favorite-news.com\/pt\/wp-json\/wp\/v2\/comments?post=10874"}],"version-history":[{"count":1,"href":"https:\/\/favorite-news.com\/pt\/wp-json\/wp\/v2\/posts\/10874\/revisions"}],"predecessor-version":[{"id":10875,"href":"https:\/\/favorite-news.com\/pt\/wp-json\/wp\/v2\/posts\/10874\/revisions\/10875"}],"wp:featuredmedia":[{"embeddable":true,"href":"https:\/\/favorite-news.com\/pt\/wp-json\/wp\/v2\/media\/9425"}],"wp:attachment":[{"href":"https:\/\/favorite-news.com\/pt\/wp-json\/wp\/v2\/media?parent=10874"}],"wp:term":[{"taxonomy":"category","embeddable":true,"href":"https:\/\/favorite-news.com\/pt\/wp-json\/wp\/v2\/categories?post=10874"},{"taxonomy":"post_tag","embeddable":true,"href":"https:\/\/favorite-news.com\/pt\/wp-json\/wp\/v2\/tags?post=10874"}],"curies":[{"name":"wp","href":"https:\/\/api.w.org\/{rel}","templated":true}]}}