{"id":10868,"date":"2021-07-24T01:00:09","date_gmt":"2021-07-23T22:00:09","guid":{"rendered":"https:\/\/favorite-news.com\/pt\/nao-tem-emenda-psd-e-bloco-criticam-relatorio-do-novo-banco-zap\/"},"modified":"2021-07-24T01:00:13","modified_gmt":"2021-07-23T22:00:13","slug":"nao-tem-emenda-psd-e-bloco-criticam-relatorio-do-novo-banco-zap","status":"publish","type":"post","link":"https:\/\/favorite-news.com\/pt\/nao-tem-emenda-psd-e-bloco-criticam-relatorio-do-novo-banco-zap\/","title":{"rendered":"&#8220;N\u00e3o tem emenda.&#8221; PSD e Bloco criticam relat\u00f3rio do Novo Banco &#8211; ZAP"},"content":{"rendered":"<p>Ant\u00f3nio Cotrim \/ LusaOs deputados Duarte Pacheco e Duarte Marques (PSD)<br \/>\nO Bloco de Esquerda defende que a vers\u00e3o entregue do relat\u00f3rio da comiss\u00e3o do Novo Banco, redigida por um deputado do PS, tem uma \u201cparcialidade evidente\u201d a favor do Governo. O PSD diz que \u201cn\u00e3o tem emenda\u201d.<\/p>\n<p>O Bloco de Esquerda entende que a vers\u00e3o preliminar do relat\u00f3rio da comiss\u00e3o de inqu\u00e9rito do Novo Banco, redigida pelo deputado socialista Fernando Anast\u00e1cio, tem uma \u201cparcialidade evidente\u201d a favor do Governo e peca \u201cpor erros e por omiss\u00f5es\u201d.<br \/>\nEm confer\u00eancia de imprensa, Mariana Mort\u00e1gua disse que \u201co PS tentou que a comiss\u00e3o de inqu\u00e9rito se centrasse muito mais no passado [do tempo do BES] e menos na venda, que era aquilo que quer\u00edamos avaliar\u201d para, na \u00f3tica da bloquista, desviar as aten\u00e7\u00f5es das responsabilidades do Governo na venda.<br \/>\nA deputada n\u00e3o quis \u201cantecipar um debate que vamos ter em sede de comiss\u00e3o de inqu\u00e9rito na pr\u00f3xima semana\u201d, mas referiu que o documento nos termos em que foi redigido \u201ctem uma parcialidade evidente no que toca \u00e0 interven\u00e7\u00e3o do Governo sobretudo no processo de venda do banco ao Lone Star\u201d.<\/p>\n<p>\u201cEste relat\u00f3rio apresenta factos, isso \u00e9 ineg\u00e1vel, mas tamb\u00e9m tem falhas, por erro ou por omiss\u00e3o, e sobretudo \u00e9 muito parcial no que diz respeito \u00e0 atua\u00e7\u00e3o do Governo\u201d, salientou, citada pelo Observador.<br \/>\nA deputada do Bloco acrescentou que o seu partido tem \u201ca vota\u00e7\u00e3o em aberto\u201d, que \u201cdepender\u00e1 exclusivamente do resultado das vota\u00e7\u00f5es sobre as conclus\u00f5es\u201d. Segundo Mort\u00e1gua os bloquistas ir\u00e3o apresentar cerca de 60 altera\u00e7\u00f5es \u00e0s conclus\u00f5es, sugerindo ainda mudan\u00e7as ao cap\u00edtulo referente \u00e0s recomenda\u00e7\u00f5es.<br \/>\nO relat\u00f3rio preliminar tamb\u00e9m n\u00e3o agradou aos sociais-democratas, que consideram que \u201cn\u00e3o tem emenda\u201c. O partido vai votar contra, apresentando dezenas de propostas de altera\u00e7\u00e3o \u00e0s conclus\u00f5es do documento.<br \/>\nEm confer\u00eancia de imprensa, os deputados do PSD na Comiss\u00e3o Eventual de Inqu\u00e9rito Parlamentar \u00e0s perdas registadas pelo Novo Banco e imputadas ao Fundo de Resolu\u00e7\u00e3o apresentaram as suas propostas de altera\u00e7\u00e3o apenas \u00e0s conclus\u00f5es da vers\u00e3o preliminar, com duras cr\u00edticas ao documento.<br \/>\nSegundo Duarte Pacheco, o Regime Jur\u00eddico dos Inqu\u00e9ritos Parlamentares torna apenas obrigat\u00f3rio que os relat\u00f3rios finais tenham uma parte introdut\u00f3ria e conclus\u00f5es.<br \/>\n\u201cO PSD vai votar contra toda a parte referente ao apuramento dos factos e n\u00e3o vai apresentar propostas de altera\u00e7\u00e3o. N\u00e3o tem emenda. Era refazer da p\u00e1gina um at\u00e9 \u00e0 p\u00e1gina final. O que n\u00e3o tem emenda n\u00e3o vale a pena sequer propor altera\u00e7\u00f5es. \u00c9 votar contra. Ponto final\u201d, referiu.<br \/>\nO deputado adiantou que o partido vai apresentar \u201cdezenas de propostas de altera\u00e7\u00e3o que visam sobretudo introduzir seriedade, factualidade e equil\u00edbrio\u201d.<br \/>\nConsiderando que \u201ca falta de rigor que \u00e9 transversal a todo o relat\u00f3rio\u201c, o PSD aponta, entre os exemplos do que \u201cn\u00e3o tem emenda\u201d no cap\u00edtulo referente ao apuramento dos factos valores errados, parcialidade \u2013 deputados do PS s\u00e3o repetidamente citados e nenhum deputado do PSD ou do CDS \u00e9 citado \u2013 e at\u00e9 confus\u00e3o entre siglas e nomes.<br \/>\nNa perspetiva de Duarte Pacheco, o \u201cPS quis tratar do passado\u201d com o objetivo de \u201cdesvalorizar e esconder aquilo que s\u00e3o as suas responsabilidades\u201d em rela\u00e7\u00e3o ao Novo Banco desde que assumiu a governa\u00e7\u00e3o em Portugal.<\/p>\n<p>\n<!--noindex--><br \/>\n<a href=\"https:\/\/zap.aeiou.pt\/psd-e-bloco-criticam-relatorio-nb-419702\" rel=\"nofollow\">Source link <\/a><br \/>\n<!--\/noindex--><\/p>\n","protected":false},"excerpt":{"rendered":"<p>Ant\u00f3nio Cotrim \/ LusaOs deputados Duarte Pacheco e Duarte Marques (PSD) O Bloco de Esquerda defende que a vers\u00e3o entregue do relat\u00f3rio da comiss\u00e3o do Novo Banco, redigida por um deputado do PS, tem uma \u201cparcialidade evidente\u201d a favor do Governo. O PSD diz que \u201cn\u00e3o tem emenda\u201d. O Bloco de Esquerda entende que a [&hellip;]<\/p>\n","protected":false},"author":2,"featured_media":10869,"comment_status":"open","ping_status":"open","sticky":false,"template":"","format":"standard","meta":{"footnotes":""},"categories":[1],"tags":[],"class_list":["post-10868","post","type-post","status-publish","format-standard","has-post-thumbnail","hentry","category-noticias-financeiras"],"yoast_head":"<!-- This site is optimized with the Yoast SEO plugin v27.4 - https:\/\/yoast.com\/product\/yoast-seo-wordpress\/ -->\n<title>&quot;N\u00e3o tem emenda.&quot; PSD e Bloco criticam relat\u00f3rio do Novo Banco - ZAP - Favorite News<\/title>\n<meta name=\"robots\" content=\"index, follow, max-snippet:-1, max-image-preview:large, max-video-preview:-1\" \/>\n<link rel=\"canonical\" href=\"https:\/\/favorite-news.com\/pt\/nao-tem-emenda-psd-e-bloco-criticam-relatorio-do-novo-banco-zap\/\" \/>\n<meta property=\"og:locale\" content=\"pt_PT\" \/>\n<meta property=\"og:type\" content=\"article\" \/>\n<meta property=\"og:title\" content=\"&quot;N\u00e3o tem emenda.&quot; PSD e Bloco criticam relat\u00f3rio do Novo Banco - ZAP - Favorite News\" \/>\n<meta property=\"og:description\" content=\"Ant\u00f3nio Cotrim \/ LusaOs deputados Duarte Pacheco e Duarte Marques (PSD) O Bloco de Esquerda defende que a vers\u00e3o entregue do relat\u00f3rio da comiss\u00e3o do Novo Banco, redigida por um deputado do PS, tem uma \u201cparcialidade evidente\u201d a favor do Governo. O PSD diz que \u201cn\u00e3o tem emenda\u201d. O Bloco de Esquerda entende que a [&hellip;]\" \/>\n<meta property=\"og:url\" content=\"https:\/\/favorite-news.com\/pt\/nao-tem-emenda-psd-e-bloco-criticam-relatorio-do-novo-banco-zap\/\" \/>\n<meta property=\"og:site_name\" content=\"Favorite News\" \/>\n<meta property=\"article:published_time\" content=\"2021-07-23T22:00:09+00:00\" \/>\n<meta property=\"article:modified_time\" content=\"2021-07-23T22:00:13+00:00\" \/>\n<meta property=\"og:image\" content=\"https:\/\/favorite-news.com\/pt\/wp-content\/uploads\/sites\/2\/2021\/07\/Nao-tem-emenda-PSD-e-Bloco-criticam-relatorio-do-Novo.jpg\" \/>\n\t<meta property=\"og:image:width\" content=\"1200\" \/>\n\t<meta property=\"og:image:height\" content=\"800\" \/>\n\t<meta property=\"og:image:type\" content=\"image\/jpeg\" \/>\n<meta name=\"author\" content=\"favorite-news\" \/>\n<meta name=\"twitter:card\" content=\"summary_large_image\" \/>\n<meta name=\"twitter:label1\" content=\"Escrito por\" \/>\n\t<meta name=\"twitter:data1\" content=\"favorite-news\" \/>\n\t<meta name=\"twitter:label2\" content=\"Tempo estimado de leitura\" \/>\n\t<meta name=\"twitter:data2\" content=\"3 minutos\" \/>\n<script type=\"application\/ld+json\" class=\"yoast-schema-graph\">{\"@context\":\"https:\\\/\\\/schema.org\",\"@graph\":[{\"@type\":\"Article\",\"@id\":\"https:\\\/\\\/favorite-news.com\\\/pt\\\/nao-tem-emenda-psd-e-bloco-criticam-relatorio-do-novo-banco-zap\\\/#article\",\"isPartOf\":{\"@id\":\"https:\\\/\\\/favorite-news.com\\\/pt\\\/nao-tem-emenda-psd-e-bloco-criticam-relatorio-do-novo-banco-zap\\\/\"},\"author\":{\"name\":\"favorite-news\",\"@id\":\"https:\\\/\\\/favorite-news.com\\\/pt\\\/#\\\/schema\\\/person\\\/b91573b717dcfa5e4696032a9d28d3e8\"},\"headline\":\"&#8220;N\u00e3o tem emenda.&#8221; PSD e Bloco criticam relat\u00f3rio do Novo Banco &#8211; ZAP\",\"datePublished\":\"2021-07-23T22:00:09+00:00\",\"dateModified\":\"2021-07-23T22:00:13+00:00\",\"mainEntityOfPage\":{\"@id\":\"https:\\\/\\\/favorite-news.com\\\/pt\\\/nao-tem-emenda-psd-e-bloco-criticam-relatorio-do-novo-banco-zap\\\/\"},\"wordCount\":605,\"commentCount\":0,\"image\":{\"@id\":\"https:\\\/\\\/favorite-news.com\\\/pt\\\/nao-tem-emenda-psd-e-bloco-criticam-relatorio-do-novo-banco-zap\\\/#primaryimage\"},\"thumbnailUrl\":\"https:\\\/\\\/favorite-news.com\\\/pt\\\/wp-content\\\/uploads\\\/sites\\\/2\\\/2021\\\/07\\\/Nao-tem-emenda-PSD-e-Bloco-criticam-relatorio-do-Novo.jpg\",\"articleSection\":[\"NOT\u00cdCIAS FINANCEIRAS\"],\"inLanguage\":\"pt-PT\",\"potentialAction\":[{\"@type\":\"CommentAction\",\"name\":\"Comment\",\"target\":[\"https:\\\/\\\/favorite-news.com\\\/pt\\\/nao-tem-emenda-psd-e-bloco-criticam-relatorio-do-novo-banco-zap\\\/#respond\"]}]},{\"@type\":\"WebPage\",\"@id\":\"https:\\\/\\\/favorite-news.com\\\/pt\\\/nao-tem-emenda-psd-e-bloco-criticam-relatorio-do-novo-banco-zap\\\/\",\"url\":\"https:\\\/\\\/favorite-news.com\\\/pt\\\/nao-tem-emenda-psd-e-bloco-criticam-relatorio-do-novo-banco-zap\\\/\",\"name\":\"\\\"N\u00e3o tem emenda.\\\" PSD e Bloco criticam relat\u00f3rio do Novo Banco - ZAP - Favorite News\",\"isPartOf\":{\"@id\":\"https:\\\/\\\/favorite-news.com\\\/pt\\\/#website\"},\"primaryImageOfPage\":{\"@id\":\"https:\\\/\\\/favorite-news.com\\\/pt\\\/nao-tem-emenda-psd-e-bloco-criticam-relatorio-do-novo-banco-zap\\\/#primaryimage\"},\"image\":{\"@id\":\"https:\\\/\\\/favorite-news.com\\\/pt\\\/nao-tem-emenda-psd-e-bloco-criticam-relatorio-do-novo-banco-zap\\\/#primaryimage\"},\"thumbnailUrl\":\"https:\\\/\\\/favorite-news.com\\\/pt\\\/wp-content\\\/uploads\\\/sites\\\/2\\\/2021\\\/07\\\/Nao-tem-emenda-PSD-e-Bloco-criticam-relatorio-do-Novo.jpg\",\"datePublished\":\"2021-07-23T22:00:09+00:00\",\"dateModified\":\"2021-07-23T22:00:13+00:00\",\"author\":{\"@id\":\"https:\\\/\\\/favorite-news.com\\\/pt\\\/#\\\/schema\\\/person\\\/b91573b717dcfa5e4696032a9d28d3e8\"},\"breadcrumb\":{\"@id\":\"https:\\\/\\\/favorite-news.com\\\/pt\\\/nao-tem-emenda-psd-e-bloco-criticam-relatorio-do-novo-banco-zap\\\/#breadcrumb\"},\"inLanguage\":\"pt-PT\",\"potentialAction\":[{\"@type\":\"ReadAction\",\"target\":[\"https:\\\/\\\/favorite-news.com\\\/pt\\\/nao-tem-emenda-psd-e-bloco-criticam-relatorio-do-novo-banco-zap\\\/\"]}]},{\"@type\":\"ImageObject\",\"inLanguage\":\"pt-PT\",\"@id\":\"https:\\\/\\\/favorite-news.com\\\/pt\\\/nao-tem-emenda-psd-e-bloco-criticam-relatorio-do-novo-banco-zap\\\/#primaryimage\",\"url\":\"https:\\\/\\\/favorite-news.com\\\/pt\\\/wp-content\\\/uploads\\\/sites\\\/2\\\/2021\\\/07\\\/Nao-tem-emenda-PSD-e-Bloco-criticam-relatorio-do-Novo.jpg\",\"contentUrl\":\"https:\\\/\\\/favorite-news.com\\\/pt\\\/wp-content\\\/uploads\\\/sites\\\/2\\\/2021\\\/07\\\/Nao-tem-emenda-PSD-e-Bloco-criticam-relatorio-do-Novo.jpg\",\"width\":1200,\"height\":800,\"caption\":\"\\\"N\u00e3o tem emenda.\\\" PSD e Bloco criticam relat\u00f3rio do Novo Banco - ZAP\"},{\"@type\":\"BreadcrumbList\",\"@id\":\"https:\\\/\\\/favorite-news.com\\\/pt\\\/nao-tem-emenda-psd-e-bloco-criticam-relatorio-do-novo-banco-zap\\\/#breadcrumb\",\"itemListElement\":[{\"@type\":\"ListItem\",\"position\":1,\"name\":\"Home\",\"item\":\"https:\\\/\\\/favorite-news.com\\\/pt\\\/\"},{\"@type\":\"ListItem\",\"position\":2,\"name\":\"&#8220;N\u00e3o tem emenda.&#8221; PSD e Bloco criticam relat\u00f3rio do Novo Banco &#8211; ZAP\"}]},{\"@type\":\"WebSite\",\"@id\":\"https:\\\/\\\/favorite-news.com\\\/pt\\\/#website\",\"url\":\"https:\\\/\\\/favorite-news.com\\\/pt\\\/\",\"name\":\"Favorite News\",\"description\":\"Favorite News Portugal\",\"potentialAction\":[{\"@type\":\"SearchAction\",\"target\":{\"@type\":\"EntryPoint\",\"urlTemplate\":\"https:\\\/\\\/favorite-news.com\\\/pt\\\/?s={search_term_string}\"},\"query-input\":{\"@type\":\"PropertyValueSpecification\",\"valueRequired\":true,\"valueName\":\"search_term_string\"}}],\"inLanguage\":\"pt-PT\"},{\"@type\":\"Person\",\"@id\":\"https:\\\/\\\/favorite-news.com\\\/pt\\\/#\\\/schema\\\/person\\\/b91573b717dcfa5e4696032a9d28d3e8\",\"name\":\"favorite-news\",\"image\":{\"@type\":\"ImageObject\",\"inLanguage\":\"pt-PT\",\"@id\":\"https:\\\/\\\/secure.gravatar.com\\\/avatar\\\/6c5a5cb12b74e9d517ee91cf570335b7d16177f1977cc91db161adfa435945a7?s=96&d=mm&r=g\",\"url\":\"https:\\\/\\\/secure.gravatar.com\\\/avatar\\\/6c5a5cb12b74e9d517ee91cf570335b7d16177f1977cc91db161adfa435945a7?s=96&d=mm&r=g\",\"contentUrl\":\"https:\\\/\\\/secure.gravatar.com\\\/avatar\\\/6c5a5cb12b74e9d517ee91cf570335b7d16177f1977cc91db161adfa435945a7?s=96&d=mm&r=g\",\"caption\":\"favorite-news\"},\"url\":\"https:\\\/\\\/favorite-news.com\\\/pt\\\/author\\\/pt\\\/\"}]}<\/script>\n<!-- \/ Yoast SEO plugin. -->","yoast_head_json":{"title":"\"N\u00e3o tem emenda.\" PSD e Bloco criticam relat\u00f3rio do Novo Banco - ZAP - Favorite News","robots":{"index":"index","follow":"follow","max-snippet":"max-snippet:-1","max-image-preview":"max-image-preview:large","max-video-preview":"max-video-preview:-1"},"canonical":"https:\/\/favorite-news.com\/pt\/nao-tem-emenda-psd-e-bloco-criticam-relatorio-do-novo-banco-zap\/","og_locale":"pt_PT","og_type":"article","og_title":"\"N\u00e3o tem emenda.\" PSD e Bloco criticam relat\u00f3rio do Novo Banco - ZAP - Favorite News","og_description":"Ant\u00f3nio Cotrim \/ LusaOs deputados Duarte Pacheco e Duarte Marques (PSD) O Bloco de Esquerda defende que a vers\u00e3o entregue do relat\u00f3rio da comiss\u00e3o do Novo Banco, redigida por um deputado do PS, tem uma \u201cparcialidade evidente\u201d a favor do Governo. O PSD diz que \u201cn\u00e3o tem emenda\u201d. O Bloco de Esquerda entende que a [&hellip;]","og_url":"https:\/\/favorite-news.com\/pt\/nao-tem-emenda-psd-e-bloco-criticam-relatorio-do-novo-banco-zap\/","og_site_name":"Favorite News","article_published_time":"2021-07-23T22:00:09+00:00","article_modified_time":"2021-07-23T22:00:13+00:00","og_image":[{"width":1200,"height":800,"url":"https:\/\/favorite-news.com\/pt\/wp-content\/uploads\/sites\/2\/2021\/07\/Nao-tem-emenda-PSD-e-Bloco-criticam-relatorio-do-Novo.jpg","type":"image\/jpeg"}],"author":"favorite-news","twitter_card":"summary_large_image","twitter_misc":{"Escrito por":"favorite-news","Tempo estimado de leitura":"3 minutos"},"schema":{"@context":"https:\/\/schema.org","@graph":[{"@type":"Article","@id":"https:\/\/favorite-news.com\/pt\/nao-tem-emenda-psd-e-bloco-criticam-relatorio-do-novo-banco-zap\/#article","isPartOf":{"@id":"https:\/\/favorite-news.com\/pt\/nao-tem-emenda-psd-e-bloco-criticam-relatorio-do-novo-banco-zap\/"},"author":{"name":"favorite-news","@id":"https:\/\/favorite-news.com\/pt\/#\/schema\/person\/b91573b717dcfa5e4696032a9d28d3e8"},"headline":"&#8220;N\u00e3o tem emenda.&#8221; PSD e Bloco criticam relat\u00f3rio do Novo Banco &#8211; ZAP","datePublished":"2021-07-23T22:00:09+00:00","dateModified":"2021-07-23T22:00:13+00:00","mainEntityOfPage":{"@id":"https:\/\/favorite-news.com\/pt\/nao-tem-emenda-psd-e-bloco-criticam-relatorio-do-novo-banco-zap\/"},"wordCount":605,"commentCount":0,"image":{"@id":"https:\/\/favorite-news.com\/pt\/nao-tem-emenda-psd-e-bloco-criticam-relatorio-do-novo-banco-zap\/#primaryimage"},"thumbnailUrl":"https:\/\/favorite-news.com\/pt\/wp-content\/uploads\/sites\/2\/2021\/07\/Nao-tem-emenda-PSD-e-Bloco-criticam-relatorio-do-Novo.jpg","articleSection":["NOT\u00cdCIAS FINANCEIRAS"],"inLanguage":"pt-PT","potentialAction":[{"@type":"CommentAction","name":"Comment","target":["https:\/\/favorite-news.com\/pt\/nao-tem-emenda-psd-e-bloco-criticam-relatorio-do-novo-banco-zap\/#respond"]}]},{"@type":"WebPage","@id":"https:\/\/favorite-news.com\/pt\/nao-tem-emenda-psd-e-bloco-criticam-relatorio-do-novo-banco-zap\/","url":"https:\/\/favorite-news.com\/pt\/nao-tem-emenda-psd-e-bloco-criticam-relatorio-do-novo-banco-zap\/","name":"\"N\u00e3o tem emenda.\" PSD e Bloco criticam relat\u00f3rio do Novo Banco - ZAP - Favorite News","isPartOf":{"@id":"https:\/\/favorite-news.com\/pt\/#website"},"primaryImageOfPage":{"@id":"https:\/\/favorite-news.com\/pt\/nao-tem-emenda-psd-e-bloco-criticam-relatorio-do-novo-banco-zap\/#primaryimage"},"image":{"@id":"https:\/\/favorite-news.com\/pt\/nao-tem-emenda-psd-e-bloco-criticam-relatorio-do-novo-banco-zap\/#primaryimage"},"thumbnailUrl":"https:\/\/favorite-news.com\/pt\/wp-content\/uploads\/sites\/2\/2021\/07\/Nao-tem-emenda-PSD-e-Bloco-criticam-relatorio-do-Novo.jpg","datePublished":"2021-07-23T22:00:09+00:00","dateModified":"2021-07-23T22:00:13+00:00","author":{"@id":"https:\/\/favorite-news.com\/pt\/#\/schema\/person\/b91573b717dcfa5e4696032a9d28d3e8"},"breadcrumb":{"@id":"https:\/\/favorite-news.com\/pt\/nao-tem-emenda-psd-e-bloco-criticam-relatorio-do-novo-banco-zap\/#breadcrumb"},"inLanguage":"pt-PT","potentialAction":[{"@type":"ReadAction","target":["https:\/\/favorite-news.com\/pt\/nao-tem-emenda-psd-e-bloco-criticam-relatorio-do-novo-banco-zap\/"]}]},{"@type":"ImageObject","inLanguage":"pt-PT","@id":"https:\/\/favorite-news.com\/pt\/nao-tem-emenda-psd-e-bloco-criticam-relatorio-do-novo-banco-zap\/#primaryimage","url":"https:\/\/favorite-news.com\/pt\/wp-content\/uploads\/sites\/2\/2021\/07\/Nao-tem-emenda-PSD-e-Bloco-criticam-relatorio-do-Novo.jpg","contentUrl":"https:\/\/favorite-news.com\/pt\/wp-content\/uploads\/sites\/2\/2021\/07\/Nao-tem-emenda-PSD-e-Bloco-criticam-relatorio-do-Novo.jpg","width":1200,"height":800,"caption":"\"N\u00e3o tem emenda.\" PSD e Bloco criticam relat\u00f3rio do Novo Banco - ZAP"},{"@type":"BreadcrumbList","@id":"https:\/\/favorite-news.com\/pt\/nao-tem-emenda-psd-e-bloco-criticam-relatorio-do-novo-banco-zap\/#breadcrumb","itemListElement":[{"@type":"ListItem","position":1,"name":"Home","item":"https:\/\/favorite-news.com\/pt\/"},{"@type":"ListItem","position":2,"name":"&#8220;N\u00e3o tem emenda.&#8221; PSD e Bloco criticam relat\u00f3rio do Novo Banco &#8211; ZAP"}]},{"@type":"WebSite","@id":"https:\/\/favorite-news.com\/pt\/#website","url":"https:\/\/favorite-news.com\/pt\/","name":"Favorite News","description":"Favorite News Portugal","potentialAction":[{"@type":"SearchAction","target":{"@type":"EntryPoint","urlTemplate":"https:\/\/favorite-news.com\/pt\/?s={search_term_string}"},"query-input":{"@type":"PropertyValueSpecification","valueRequired":true,"valueName":"search_term_string"}}],"inLanguage":"pt-PT"},{"@type":"Person","@id":"https:\/\/favorite-news.com\/pt\/#\/schema\/person\/b91573b717dcfa5e4696032a9d28d3e8","name":"favorite-news","image":{"@type":"ImageObject","inLanguage":"pt-PT","@id":"https:\/\/secure.gravatar.com\/avatar\/6c5a5cb12b74e9d517ee91cf570335b7d16177f1977cc91db161adfa435945a7?s=96&d=mm&r=g","url":"https:\/\/secure.gravatar.com\/avatar\/6c5a5cb12b74e9d517ee91cf570335b7d16177f1977cc91db161adfa435945a7?s=96&d=mm&r=g","contentUrl":"https:\/\/secure.gravatar.com\/avatar\/6c5a5cb12b74e9d517ee91cf570335b7d16177f1977cc91db161adfa435945a7?s=96&d=mm&r=g","caption":"favorite-news"},"url":"https:\/\/favorite-news.com\/pt\/author\/pt\/"}]}},"_links":{"self":[{"href":"https:\/\/favorite-news.com\/pt\/wp-json\/wp\/v2\/posts\/10868","targetHints":{"allow":["GET"]}}],"collection":[{"href":"https:\/\/favorite-news.com\/pt\/wp-json\/wp\/v2\/posts"}],"about":[{"href":"https:\/\/favorite-news.com\/pt\/wp-json\/wp\/v2\/types\/post"}],"author":[{"embeddable":true,"href":"https:\/\/favorite-news.com\/pt\/wp-json\/wp\/v2\/users\/2"}],"replies":[{"embeddable":true,"href":"https:\/\/favorite-news.com\/pt\/wp-json\/wp\/v2\/comments?post=10868"}],"version-history":[{"count":1,"href":"https:\/\/favorite-news.com\/pt\/wp-json\/wp\/v2\/posts\/10868\/revisions"}],"predecessor-version":[{"id":10870,"href":"https:\/\/favorite-news.com\/pt\/wp-json\/wp\/v2\/posts\/10868\/revisions\/10870"}],"wp:featuredmedia":[{"embeddable":true,"href":"https:\/\/favorite-news.com\/pt\/wp-json\/wp\/v2\/media\/10869"}],"wp:attachment":[{"href":"https:\/\/favorite-news.com\/pt\/wp-json\/wp\/v2\/media?parent=10868"}],"wp:term":[{"taxonomy":"category","embeddable":true,"href":"https:\/\/favorite-news.com\/pt\/wp-json\/wp\/v2\/categories?post=10868"},{"taxonomy":"post_tag","embeddable":true,"href":"https:\/\/favorite-news.com\/pt\/wp-json\/wp\/v2\/tags?post=10868"}],"curies":[{"name":"wp","href":"https:\/\/api.w.org\/{rel}","templated":true}]}}