{"id":10863,"date":"2021-07-23T12:52:36","date_gmt":"2021-07-23T09:52:36","guid":{"rendered":"https:\/\/favorite-news.com\/pt\/governo-prepara-revolucao-na-lei-do-trabalho-temporario-zap\/"},"modified":"2021-07-23T12:52:39","modified_gmt":"2021-07-23T09:52:39","slug":"governo-prepara-revolucao-na-lei-do-trabalho-temporario-zap","status":"publish","type":"post","link":"https:\/\/favorite-news.com\/pt\/governo-prepara-revolucao-na-lei-do-trabalho-temporario-zap\/","title":{"rendered":"Governo prepara revolu\u00e7\u00e3o na lei do trabalho tempor\u00e1rio &#8211; ZAP"},"content":{"rendered":"<p>Tiago Petinga \/ LusaA ministra do Trabalho, Solidariedade e Seguran\u00e7a Social, Ana Mendes Godinho<br \/>\nO Governo est\u00e1 a preparar uma revolu\u00e7\u00e3o nas regras do trabalho tempor\u00e1rio, principalmente ap\u00f3s a pol\u00e9mica com as condi\u00e7\u00f5es dos imigrantes em Odemira.<\/p>\n<p>Em maio, quando Ant\u00f3nio Costa se recandidatou a secret\u00e1rio-geral do PS, assumiu o compromisso de rever a legisla\u00e7\u00e3o laboral. A revis\u00e3o do C\u00f3digo do Trabalho ter\u00e1 como objetivo \u201cregular adequadamente as novas formas de trabalho e assegurar direitos laborais e de prote\u00e7\u00e3o social a estes trabalhadores\u201d, defendeu.<br \/>\nDe acordo com o jornal ECO, j\u00e1 come\u00e7aram a chover propostas para mudar o C\u00f3digo do Trabalho. Os socialistas j\u00e1 aprovaram, na generalidade, v\u00e1rias altera\u00e7\u00f5es propostas pelo PCP. No entanto, ainda falta que estas sejam viabilizadas na discuss\u00e3o na especialidade.<br \/>\nAgora, o pr\u00f3prio Governo apresentou um documento com 64 altera\u00e7\u00f5es para mudar a Lei do Trabalho, com um foco especial no trabalho tempor\u00e1rio.<\/p>\n<p>Uma das propostas visa, por exemplo, terminar com as situa\u00e7\u00f5es em que os trabalhadores mant\u00eam sucessivos contratos tempor\u00e1rios em diferentes empresas que pertencem ao mesmo grupo ou que t\u00eam os mesmos acionistas.<br \/>\nO Governo tamb\u00e9m quer que caso uma empresa recorra a um trabalhador de uma empresa de trabalho tempor\u00e1rio n\u00e3o licenciada, esse trabalhador tenha de passar a integrar os quadros da empresa onde ele presta o servi\u00e7o, conta o ECO.<br \/>\nO Executivo quer ainda regras mais apertadas para as pr\u00f3prias empresas de trabalho tempor\u00e1rio, que ter\u00e3o de ter, por exemplo, uma percentagem de trabalhadores com \u201cv\u00ednculos mais est\u00e1veis\u201d.<br \/>\nEsta revolu\u00e7\u00e3o na lei do trabalho foi despoletada em grande parte devido \u00e0 situa\u00e7\u00e3o prec\u00e1ria dos imigrantes em Odemira. O caso chegou a conhecimento p\u00fablico em maio, com as autoridades a identificarem mais de 100 alojamentos para trabalhadores agr\u00edcolas no concelho, onde imigrantes viviam em situa\u00e7\u00e3o de sobrelota\u00e7\u00e3o ou insalubridade.<br \/>\nMais tarde descobriu-se que Odemira n\u00e3o era um caso isolado e que, em Santar\u00e9m, h\u00e1 situa\u00e7\u00f5es em tudo semelhantes, por exemplo.<br \/>\nO jornal ECO enumera as 12 propostas apresentadas pelo Governo aos sindicatos e patr\u00f5es para mudar as regras do trabalho tempor\u00e1rio, que pode consultar, aqui.<br \/>\n Daniel Costa, ZAP \/\/ <\/p>\n<p>\n<!--noindex--><br \/>\n<a href=\"https:\/\/zap.aeiou.pt\/governo-revolucao-lei-trabalho-temporario-419557\" rel=\"nofollow\">Source link <\/a><br \/>\n<!--\/noindex--><\/p>\n","protected":false},"excerpt":{"rendered":"<p>Tiago Petinga \/ LusaA ministra do Trabalho, Solidariedade e Seguran\u00e7a Social, Ana Mendes Godinho O Governo est\u00e1 a preparar uma revolu\u00e7\u00e3o nas regras do trabalho tempor\u00e1rio, principalmente ap\u00f3s a pol\u00e9mica com as condi\u00e7\u00f5es dos imigrantes em Odemira. Em maio, quando Ant\u00f3nio Costa se recandidatou a secret\u00e1rio-geral do PS, assumiu o compromisso de rever a legisla\u00e7\u00e3o [&hellip;]<\/p>\n","protected":false},"author":2,"featured_media":7820,"comment_status":"open","ping_status":"open","sticky":false,"template":"","format":"standard","meta":{"footnotes":""},"categories":[1],"tags":[],"class_list":["post-10863","post","type-post","status-publish","format-standard","has-post-thumbnail","hentry","category-noticias-financeiras"],"yoast_head":"<!-- This site is optimized with the Yoast SEO plugin v27.4 - https:\/\/yoast.com\/product\/yoast-seo-wordpress\/ -->\n<title>Governo prepara revolu\u00e7\u00e3o na lei do trabalho tempor\u00e1rio - ZAP - Favorite News<\/title>\n<meta name=\"robots\" content=\"index, follow, max-snippet:-1, max-image-preview:large, max-video-preview:-1\" \/>\n<link rel=\"canonical\" href=\"https:\/\/favorite-news.com\/pt\/governo-prepara-revolucao-na-lei-do-trabalho-temporario-zap\/\" \/>\n<meta property=\"og:locale\" content=\"pt_PT\" \/>\n<meta property=\"og:type\" content=\"article\" \/>\n<meta property=\"og:title\" content=\"Governo prepara revolu\u00e7\u00e3o na lei do trabalho tempor\u00e1rio - ZAP - Favorite News\" \/>\n<meta property=\"og:description\" content=\"Tiago Petinga \/ LusaA ministra do Trabalho, Solidariedade e Seguran\u00e7a Social, Ana Mendes Godinho O Governo est\u00e1 a preparar uma revolu\u00e7\u00e3o nas regras do trabalho tempor\u00e1rio, principalmente ap\u00f3s a pol\u00e9mica com as condi\u00e7\u00f5es dos imigrantes em Odemira. Em maio, quando Ant\u00f3nio Costa se recandidatou a secret\u00e1rio-geral do PS, assumiu o compromisso de rever a legisla\u00e7\u00e3o [&hellip;]\" \/>\n<meta property=\"og:url\" content=\"https:\/\/favorite-news.com\/pt\/governo-prepara-revolucao-na-lei-do-trabalho-temporario-zap\/\" \/>\n<meta property=\"og:site_name\" content=\"Favorite News\" \/>\n<meta property=\"article:published_time\" content=\"2021-07-23T09:52:36+00:00\" \/>\n<meta property=\"article:modified_time\" content=\"2021-07-23T09:52:39+00:00\" \/>\n<meta property=\"og:image\" content=\"https:\/\/favorite-news.com\/pt\/wp-content\/uploads\/sites\/2\/2020\/10\/Todas-as-pensoes-mais-baixas-vao-ter-aumento-extra-de.jpg\" \/>\n\t<meta property=\"og:image:width\" content=\"1200\" \/>\n\t<meta property=\"og:image:height\" content=\"800\" \/>\n\t<meta property=\"og:image:type\" content=\"image\/jpeg\" \/>\n<meta name=\"author\" content=\"favorite-news\" \/>\n<meta name=\"twitter:card\" content=\"summary_large_image\" \/>\n<meta name=\"twitter:label1\" content=\"Escrito por\" \/>\n\t<meta name=\"twitter:data1\" content=\"favorite-news\" \/>\n\t<meta name=\"twitter:label2\" content=\"Tempo estimado de leitura\" \/>\n\t<meta name=\"twitter:data2\" content=\"2 minutos\" \/>\n<script type=\"application\/ld+json\" class=\"yoast-schema-graph\">{\"@context\":\"https:\\\/\\\/schema.org\",\"@graph\":[{\"@type\":\"Article\",\"@id\":\"https:\\\/\\\/favorite-news.com\\\/pt\\\/governo-prepara-revolucao-na-lei-do-trabalho-temporario-zap\\\/#article\",\"isPartOf\":{\"@id\":\"https:\\\/\\\/favorite-news.com\\\/pt\\\/governo-prepara-revolucao-na-lei-do-trabalho-temporario-zap\\\/\"},\"author\":{\"name\":\"favorite-news\",\"@id\":\"https:\\\/\\\/favorite-news.com\\\/pt\\\/#\\\/schema\\\/person\\\/b91573b717dcfa5e4696032a9d28d3e8\"},\"headline\":\"Governo prepara revolu\u00e7\u00e3o na lei do trabalho tempor\u00e1rio &#8211; ZAP\",\"datePublished\":\"2021-07-23T09:52:36+00:00\",\"dateModified\":\"2021-07-23T09:52:39+00:00\",\"mainEntityOfPage\":{\"@id\":\"https:\\\/\\\/favorite-news.com\\\/pt\\\/governo-prepara-revolucao-na-lei-do-trabalho-temporario-zap\\\/\"},\"wordCount\":399,\"commentCount\":0,\"image\":{\"@id\":\"https:\\\/\\\/favorite-news.com\\\/pt\\\/governo-prepara-revolucao-na-lei-do-trabalho-temporario-zap\\\/#primaryimage\"},\"thumbnailUrl\":\"https:\\\/\\\/favorite-news.com\\\/pt\\\/wp-content\\\/uploads\\\/sites\\\/2\\\/2020\\\/10\\\/Todas-as-pensoes-mais-baixas-vao-ter-aumento-extra-de.jpg\",\"articleSection\":[\"NOT\u00cdCIAS FINANCEIRAS\"],\"inLanguage\":\"pt-PT\",\"potentialAction\":[{\"@type\":\"CommentAction\",\"name\":\"Comment\",\"target\":[\"https:\\\/\\\/favorite-news.com\\\/pt\\\/governo-prepara-revolucao-na-lei-do-trabalho-temporario-zap\\\/#respond\"]}]},{\"@type\":\"WebPage\",\"@id\":\"https:\\\/\\\/favorite-news.com\\\/pt\\\/governo-prepara-revolucao-na-lei-do-trabalho-temporario-zap\\\/\",\"url\":\"https:\\\/\\\/favorite-news.com\\\/pt\\\/governo-prepara-revolucao-na-lei-do-trabalho-temporario-zap\\\/\",\"name\":\"Governo prepara revolu\u00e7\u00e3o na lei do trabalho tempor\u00e1rio - ZAP - Favorite News\",\"isPartOf\":{\"@id\":\"https:\\\/\\\/favorite-news.com\\\/pt\\\/#website\"},\"primaryImageOfPage\":{\"@id\":\"https:\\\/\\\/favorite-news.com\\\/pt\\\/governo-prepara-revolucao-na-lei-do-trabalho-temporario-zap\\\/#primaryimage\"},\"image\":{\"@id\":\"https:\\\/\\\/favorite-news.com\\\/pt\\\/governo-prepara-revolucao-na-lei-do-trabalho-temporario-zap\\\/#primaryimage\"},\"thumbnailUrl\":\"https:\\\/\\\/favorite-news.com\\\/pt\\\/wp-content\\\/uploads\\\/sites\\\/2\\\/2020\\\/10\\\/Todas-as-pensoes-mais-baixas-vao-ter-aumento-extra-de.jpg\",\"datePublished\":\"2021-07-23T09:52:36+00:00\",\"dateModified\":\"2021-07-23T09:52:39+00:00\",\"author\":{\"@id\":\"https:\\\/\\\/favorite-news.com\\\/pt\\\/#\\\/schema\\\/person\\\/b91573b717dcfa5e4696032a9d28d3e8\"},\"breadcrumb\":{\"@id\":\"https:\\\/\\\/favorite-news.com\\\/pt\\\/governo-prepara-revolucao-na-lei-do-trabalho-temporario-zap\\\/#breadcrumb\"},\"inLanguage\":\"pt-PT\",\"potentialAction\":[{\"@type\":\"ReadAction\",\"target\":[\"https:\\\/\\\/favorite-news.com\\\/pt\\\/governo-prepara-revolucao-na-lei-do-trabalho-temporario-zap\\\/\"]}]},{\"@type\":\"ImageObject\",\"inLanguage\":\"pt-PT\",\"@id\":\"https:\\\/\\\/favorite-news.com\\\/pt\\\/governo-prepara-revolucao-na-lei-do-trabalho-temporario-zap\\\/#primaryimage\",\"url\":\"https:\\\/\\\/favorite-news.com\\\/pt\\\/wp-content\\\/uploads\\\/sites\\\/2\\\/2020\\\/10\\\/Todas-as-pensoes-mais-baixas-vao-ter-aumento-extra-de.jpg\",\"contentUrl\":\"https:\\\/\\\/favorite-news.com\\\/pt\\\/wp-content\\\/uploads\\\/sites\\\/2\\\/2020\\\/10\\\/Todas-as-pensoes-mais-baixas-vao-ter-aumento-extra-de.jpg\",\"width\":1200,\"height\":800,\"caption\":\"Todas as pens\u00f5es mais baixas v\u00e3o ter aumento extra de dez euros\"},{\"@type\":\"BreadcrumbList\",\"@id\":\"https:\\\/\\\/favorite-news.com\\\/pt\\\/governo-prepara-revolucao-na-lei-do-trabalho-temporario-zap\\\/#breadcrumb\",\"itemListElement\":[{\"@type\":\"ListItem\",\"position\":1,\"name\":\"Home\",\"item\":\"https:\\\/\\\/favorite-news.com\\\/pt\\\/\"},{\"@type\":\"ListItem\",\"position\":2,\"name\":\"Governo prepara revolu\u00e7\u00e3o na lei do trabalho tempor\u00e1rio &#8211; ZAP\"}]},{\"@type\":\"WebSite\",\"@id\":\"https:\\\/\\\/favorite-news.com\\\/pt\\\/#website\",\"url\":\"https:\\\/\\\/favorite-news.com\\\/pt\\\/\",\"name\":\"Favorite News\",\"description\":\"Favorite News Portugal\",\"potentialAction\":[{\"@type\":\"SearchAction\",\"target\":{\"@type\":\"EntryPoint\",\"urlTemplate\":\"https:\\\/\\\/favorite-news.com\\\/pt\\\/?s={search_term_string}\"},\"query-input\":{\"@type\":\"PropertyValueSpecification\",\"valueRequired\":true,\"valueName\":\"search_term_string\"}}],\"inLanguage\":\"pt-PT\"},{\"@type\":\"Person\",\"@id\":\"https:\\\/\\\/favorite-news.com\\\/pt\\\/#\\\/schema\\\/person\\\/b91573b717dcfa5e4696032a9d28d3e8\",\"name\":\"favorite-news\",\"image\":{\"@type\":\"ImageObject\",\"inLanguage\":\"pt-PT\",\"@id\":\"https:\\\/\\\/secure.gravatar.com\\\/avatar\\\/6c5a5cb12b74e9d517ee91cf570335b7d16177f1977cc91db161adfa435945a7?s=96&d=mm&r=g\",\"url\":\"https:\\\/\\\/secure.gravatar.com\\\/avatar\\\/6c5a5cb12b74e9d517ee91cf570335b7d16177f1977cc91db161adfa435945a7?s=96&d=mm&r=g\",\"contentUrl\":\"https:\\\/\\\/secure.gravatar.com\\\/avatar\\\/6c5a5cb12b74e9d517ee91cf570335b7d16177f1977cc91db161adfa435945a7?s=96&d=mm&r=g\",\"caption\":\"favorite-news\"},\"url\":\"https:\\\/\\\/favorite-news.com\\\/pt\\\/author\\\/pt\\\/\"}]}<\/script>\n<!-- \/ Yoast SEO plugin. -->","yoast_head_json":{"title":"Governo prepara revolu\u00e7\u00e3o na lei do trabalho tempor\u00e1rio - ZAP - Favorite News","robots":{"index":"index","follow":"follow","max-snippet":"max-snippet:-1","max-image-preview":"max-image-preview:large","max-video-preview":"max-video-preview:-1"},"canonical":"https:\/\/favorite-news.com\/pt\/governo-prepara-revolucao-na-lei-do-trabalho-temporario-zap\/","og_locale":"pt_PT","og_type":"article","og_title":"Governo prepara revolu\u00e7\u00e3o na lei do trabalho tempor\u00e1rio - ZAP - Favorite News","og_description":"Tiago Petinga \/ LusaA ministra do Trabalho, Solidariedade e Seguran\u00e7a Social, Ana Mendes Godinho O Governo est\u00e1 a preparar uma revolu\u00e7\u00e3o nas regras do trabalho tempor\u00e1rio, principalmente ap\u00f3s a pol\u00e9mica com as condi\u00e7\u00f5es dos imigrantes em Odemira. Em maio, quando Ant\u00f3nio Costa se recandidatou a secret\u00e1rio-geral do PS, assumiu o compromisso de rever a legisla\u00e7\u00e3o [&hellip;]","og_url":"https:\/\/favorite-news.com\/pt\/governo-prepara-revolucao-na-lei-do-trabalho-temporario-zap\/","og_site_name":"Favorite News","article_published_time":"2021-07-23T09:52:36+00:00","article_modified_time":"2021-07-23T09:52:39+00:00","og_image":[{"width":1200,"height":800,"url":"https:\/\/favorite-news.com\/pt\/wp-content\/uploads\/sites\/2\/2020\/10\/Todas-as-pensoes-mais-baixas-vao-ter-aumento-extra-de.jpg","type":"image\/jpeg"}],"author":"favorite-news","twitter_card":"summary_large_image","twitter_misc":{"Escrito por":"favorite-news","Tempo estimado de leitura":"2 minutos"},"schema":{"@context":"https:\/\/schema.org","@graph":[{"@type":"Article","@id":"https:\/\/favorite-news.com\/pt\/governo-prepara-revolucao-na-lei-do-trabalho-temporario-zap\/#article","isPartOf":{"@id":"https:\/\/favorite-news.com\/pt\/governo-prepara-revolucao-na-lei-do-trabalho-temporario-zap\/"},"author":{"name":"favorite-news","@id":"https:\/\/favorite-news.com\/pt\/#\/schema\/person\/b91573b717dcfa5e4696032a9d28d3e8"},"headline":"Governo prepara revolu\u00e7\u00e3o na lei do trabalho tempor\u00e1rio &#8211; ZAP","datePublished":"2021-07-23T09:52:36+00:00","dateModified":"2021-07-23T09:52:39+00:00","mainEntityOfPage":{"@id":"https:\/\/favorite-news.com\/pt\/governo-prepara-revolucao-na-lei-do-trabalho-temporario-zap\/"},"wordCount":399,"commentCount":0,"image":{"@id":"https:\/\/favorite-news.com\/pt\/governo-prepara-revolucao-na-lei-do-trabalho-temporario-zap\/#primaryimage"},"thumbnailUrl":"https:\/\/favorite-news.com\/pt\/wp-content\/uploads\/sites\/2\/2020\/10\/Todas-as-pensoes-mais-baixas-vao-ter-aumento-extra-de.jpg","articleSection":["NOT\u00cdCIAS FINANCEIRAS"],"inLanguage":"pt-PT","potentialAction":[{"@type":"CommentAction","name":"Comment","target":["https:\/\/favorite-news.com\/pt\/governo-prepara-revolucao-na-lei-do-trabalho-temporario-zap\/#respond"]}]},{"@type":"WebPage","@id":"https:\/\/favorite-news.com\/pt\/governo-prepara-revolucao-na-lei-do-trabalho-temporario-zap\/","url":"https:\/\/favorite-news.com\/pt\/governo-prepara-revolucao-na-lei-do-trabalho-temporario-zap\/","name":"Governo prepara revolu\u00e7\u00e3o na lei do trabalho tempor\u00e1rio - ZAP - Favorite News","isPartOf":{"@id":"https:\/\/favorite-news.com\/pt\/#website"},"primaryImageOfPage":{"@id":"https:\/\/favorite-news.com\/pt\/governo-prepara-revolucao-na-lei-do-trabalho-temporario-zap\/#primaryimage"},"image":{"@id":"https:\/\/favorite-news.com\/pt\/governo-prepara-revolucao-na-lei-do-trabalho-temporario-zap\/#primaryimage"},"thumbnailUrl":"https:\/\/favorite-news.com\/pt\/wp-content\/uploads\/sites\/2\/2020\/10\/Todas-as-pensoes-mais-baixas-vao-ter-aumento-extra-de.jpg","datePublished":"2021-07-23T09:52:36+00:00","dateModified":"2021-07-23T09:52:39+00:00","author":{"@id":"https:\/\/favorite-news.com\/pt\/#\/schema\/person\/b91573b717dcfa5e4696032a9d28d3e8"},"breadcrumb":{"@id":"https:\/\/favorite-news.com\/pt\/governo-prepara-revolucao-na-lei-do-trabalho-temporario-zap\/#breadcrumb"},"inLanguage":"pt-PT","potentialAction":[{"@type":"ReadAction","target":["https:\/\/favorite-news.com\/pt\/governo-prepara-revolucao-na-lei-do-trabalho-temporario-zap\/"]}]},{"@type":"ImageObject","inLanguage":"pt-PT","@id":"https:\/\/favorite-news.com\/pt\/governo-prepara-revolucao-na-lei-do-trabalho-temporario-zap\/#primaryimage","url":"https:\/\/favorite-news.com\/pt\/wp-content\/uploads\/sites\/2\/2020\/10\/Todas-as-pensoes-mais-baixas-vao-ter-aumento-extra-de.jpg","contentUrl":"https:\/\/favorite-news.com\/pt\/wp-content\/uploads\/sites\/2\/2020\/10\/Todas-as-pensoes-mais-baixas-vao-ter-aumento-extra-de.jpg","width":1200,"height":800,"caption":"Todas as pens\u00f5es mais baixas v\u00e3o ter aumento extra de dez euros"},{"@type":"BreadcrumbList","@id":"https:\/\/favorite-news.com\/pt\/governo-prepara-revolucao-na-lei-do-trabalho-temporario-zap\/#breadcrumb","itemListElement":[{"@type":"ListItem","position":1,"name":"Home","item":"https:\/\/favorite-news.com\/pt\/"},{"@type":"ListItem","position":2,"name":"Governo prepara revolu\u00e7\u00e3o na lei do trabalho tempor\u00e1rio &#8211; ZAP"}]},{"@type":"WebSite","@id":"https:\/\/favorite-news.com\/pt\/#website","url":"https:\/\/favorite-news.com\/pt\/","name":"Favorite News","description":"Favorite News Portugal","potentialAction":[{"@type":"SearchAction","target":{"@type":"EntryPoint","urlTemplate":"https:\/\/favorite-news.com\/pt\/?s={search_term_string}"},"query-input":{"@type":"PropertyValueSpecification","valueRequired":true,"valueName":"search_term_string"}}],"inLanguage":"pt-PT"},{"@type":"Person","@id":"https:\/\/favorite-news.com\/pt\/#\/schema\/person\/b91573b717dcfa5e4696032a9d28d3e8","name":"favorite-news","image":{"@type":"ImageObject","inLanguage":"pt-PT","@id":"https:\/\/secure.gravatar.com\/avatar\/6c5a5cb12b74e9d517ee91cf570335b7d16177f1977cc91db161adfa435945a7?s=96&d=mm&r=g","url":"https:\/\/secure.gravatar.com\/avatar\/6c5a5cb12b74e9d517ee91cf570335b7d16177f1977cc91db161adfa435945a7?s=96&d=mm&r=g","contentUrl":"https:\/\/secure.gravatar.com\/avatar\/6c5a5cb12b74e9d517ee91cf570335b7d16177f1977cc91db161adfa435945a7?s=96&d=mm&r=g","caption":"favorite-news"},"url":"https:\/\/favorite-news.com\/pt\/author\/pt\/"}]}},"_links":{"self":[{"href":"https:\/\/favorite-news.com\/pt\/wp-json\/wp\/v2\/posts\/10863","targetHints":{"allow":["GET"]}}],"collection":[{"href":"https:\/\/favorite-news.com\/pt\/wp-json\/wp\/v2\/posts"}],"about":[{"href":"https:\/\/favorite-news.com\/pt\/wp-json\/wp\/v2\/types\/post"}],"author":[{"embeddable":true,"href":"https:\/\/favorite-news.com\/pt\/wp-json\/wp\/v2\/users\/2"}],"replies":[{"embeddable":true,"href":"https:\/\/favorite-news.com\/pt\/wp-json\/wp\/v2\/comments?post=10863"}],"version-history":[{"count":1,"href":"https:\/\/favorite-news.com\/pt\/wp-json\/wp\/v2\/posts\/10863\/revisions"}],"predecessor-version":[{"id":10864,"href":"https:\/\/favorite-news.com\/pt\/wp-json\/wp\/v2\/posts\/10863\/revisions\/10864"}],"wp:featuredmedia":[{"embeddable":true,"href":"https:\/\/favorite-news.com\/pt\/wp-json\/wp\/v2\/media\/7820"}],"wp:attachment":[{"href":"https:\/\/favorite-news.com\/pt\/wp-json\/wp\/v2\/media?parent=10863"}],"wp:term":[{"taxonomy":"category","embeddable":true,"href":"https:\/\/favorite-news.com\/pt\/wp-json\/wp\/v2\/categories?post=10863"},{"taxonomy":"post_tag","embeddable":true,"href":"https:\/\/favorite-news.com\/pt\/wp-json\/wp\/v2\/tags?post=10863"}],"curies":[{"name":"wp","href":"https:\/\/api.w.org\/{rel}","templated":true}]}}