{"id":10851,"date":"2021-07-22T12:47:07","date_gmt":"2021-07-22T09:47:07","guid":{"rendered":"https:\/\/favorite-news.com\/pt\/costa-acredita-que-portugal-sera-dos-melhores-a-executar-os-fundos-ate-2026\/"},"modified":"2021-07-22T12:47:11","modified_gmt":"2021-07-22T09:47:11","slug":"costa-acredita-que-portugal-sera-dos-melhores-a-executar-os-fundos-ate-2026","status":"publish","type":"post","link":"https:\/\/favorite-news.com\/pt\/costa-acredita-que-portugal-sera-dos-melhores-a-executar-os-fundos-ate-2026\/","title":{"rendered":"Costa acredita que Portugal ser\u00e1 dos melhores a executar os fundos at\u00e9 2026"},"content":{"rendered":"<p>Tony da Silva \/ LusaO primeiro-ministro de Portugal, Ant\u00f3nio Costa (E), a presidente do Comiss\u00e3o Europeia, Ursula von der Leyen (D)<br \/>\nO primeiro-ministro manifestou-se esta quarta-feira confiante de que Portugal estar\u00e1 entre os melhores a executar os fundos do Plano de Recupera\u00e7\u00e3o e Resili\u00eancia (PRR) e defendeu que a parceria com o setor social garante maior coes\u00e3o econ\u00f3mica e territorial.<\/p>\n<p>As convic\u00e7\u00f5es de Ant\u00f3nio Costa foram transmitidas no seu discurso que encerrou a cerim\u00f3nia de assinatura de um protocolo com o setor social no \u00e2mbito do Plano de Recupera\u00e7\u00e3o e Resili\u00eancia (PRR), no Pal\u00e1cio Marqu\u00eas do Alegrete, em Lisboa.<br \/>\nEste compromisso envolve um investimento de 465 milh\u00f5es de euros destinados \u00e0 inf\u00e2ncia, pessoas com defici\u00eancia e envelhecimento.<br \/>\n\u201cEste n\u00e3o \u00e9 um plano do Estado, para o Estado e feito para o Estado. Este \u00e9 mesmo um plano para o conjunto do pa\u00eds\u201d, declarou o l\u00edder do executivo, ap\u00f3s ter recebido rasgados elogios por parte do padre Lino Maia, presidente da Confedera\u00e7\u00e3o Nacional de Institui\u00e7\u00f5es de Solidariedade.<\/p>\n<p>A seguir, Costa devolveu os elogios, dizendo que s\u00e3o mesmo essenciais as Institui\u00e7\u00f5es Particulares de Solidariedade Social (IPSS), as miseric\u00f3rdias, as mutualidades e as cooperativas, porque em todas as \u00e1reas sociais \u00e9 poss\u00edvel identificar \u201cinterven\u00e7\u00f5es que ser\u00e3o mais bem realizadas por estas entidades do que se fossem realizadas pelo Estado\u201d.<br \/>\nNeste contexto, apontou como exemplos as \u00e1reas da sa\u00fade, particularmente em termos de rede de cuidados integrados, ou os cuidados domicili\u00e1rios, assim como ao n\u00edvel da habita\u00e7\u00e3o.<br \/>\nNa habita\u00e7\u00e3o de emerg\u00eancia destacou casos de \u201csitua\u00e7\u00f5es extremas de cidad\u00e3os em grande car\u00eancia\u201d ou a problem\u00e1tica em torno dos refugiados, das v\u00edtimas de viol\u00eancia dom\u00e9stica e das pessoas sem-abrigo.<br \/>\n\u201cA capilaridade destas institui\u00e7\u00f5es, com uma presen\u00e7a seguramente em todos os concelhos, assegura que estes investimentos n\u00e3o ficar\u00e3o concentrados numa determinada zona, mas v\u00e3o distribuir-se pelo conjunto do pa\u00eds. Estas institui\u00e7\u00f5es respondem tamb\u00e9m \u00e0 necessidade de se absorver o desemprego gerado por esta crise, criando-se novas oportunidades de trabalho\u201d, sustentou, reiterando uma posi\u00e7\u00e3o momentos antes defendida pela ministra do Trabalho e da Seguran\u00e7a Social, Ana Mendes Godinho.<br \/>\nAnt\u00f3nio Costa fez depois quest\u00e3o de salientar que, por via deste protocolo com o setor social, os novos postos de trabalho a criar por via dos investimentos a realizar pelo setor social \u201cn\u00e3o ser\u00e3o concentrados nos grandes centros urbanos, mas sim distribu\u00eddos por todo o territ\u00f3rio nacional\u201d.<br \/>\n\u201cAs institui\u00e7\u00f5es do setor social s\u00e3o de uma enorme import\u00e2ncia no emprego, mas s\u00e3o tamb\u00e9m um fator de coes\u00e3o territorial, porque levam estes equipamentos e as oportunidades de desenvolvimento a toda o territ\u00f3rio nacional. N\u00e3o tenho a menor das d\u00favidas em confiar na palavra do padre Lino Maia. Tenho a certeza que \u00e9 gra\u00e7as ao setor social que seremos mesmo os melhores a executar o PRR\u201d, rematou.<\/p>\n<p>\n<!--noindex--><br \/>\n<a href=\"https:\/\/zap.aeiou.pt\/costa-portugal-melhores-executar-prr-419145\" rel=\"nofollow\">Source link <\/a><br \/>\n<!--\/noindex--><\/p>\n","protected":false},"excerpt":{"rendered":"<p>Tony da Silva \/ LusaO primeiro-ministro de Portugal, Ant\u00f3nio Costa (E), a presidente do Comiss\u00e3o Europeia, Ursula von der Leyen (D) O primeiro-ministro manifestou-se esta quarta-feira confiante de que Portugal estar\u00e1 entre os melhores a executar os fundos do Plano de Recupera\u00e7\u00e3o e Resili\u00eancia (PRR) e defendeu que a parceria com o setor social garante [&hellip;]<\/p>\n","protected":false},"author":2,"featured_media":10852,"comment_status":"open","ping_status":"open","sticky":false,"template":"","format":"standard","meta":{"footnotes":""},"categories":[1],"tags":[],"class_list":["post-10851","post","type-post","status-publish","format-standard","has-post-thumbnail","hentry","category-noticias-financeiras"],"yoast_head":"<!-- This site is optimized with the Yoast SEO plugin v27.4 - https:\/\/yoast.com\/product\/yoast-seo-wordpress\/ -->\n<title>Costa acredita que Portugal ser\u00e1 dos melhores a executar os fundos at\u00e9 2026 - Favorite News<\/title>\n<meta name=\"robots\" content=\"index, follow, max-snippet:-1, max-image-preview:large, max-video-preview:-1\" \/>\n<link rel=\"canonical\" href=\"https:\/\/favorite-news.com\/pt\/costa-acredita-que-portugal-sera-dos-melhores-a-executar-os-fundos-ate-2026\/\" \/>\n<meta property=\"og:locale\" content=\"pt_PT\" \/>\n<meta property=\"og:type\" content=\"article\" \/>\n<meta property=\"og:title\" content=\"Costa acredita que Portugal ser\u00e1 dos melhores a executar os fundos at\u00e9 2026 - Favorite News\" \/>\n<meta property=\"og:description\" content=\"Tony da Silva \/ LusaO primeiro-ministro de Portugal, Ant\u00f3nio Costa (E), a presidente do Comiss\u00e3o Europeia, Ursula von der Leyen (D) O primeiro-ministro manifestou-se esta quarta-feira confiante de que Portugal estar\u00e1 entre os melhores a executar os fundos do Plano de Recupera\u00e7\u00e3o e Resili\u00eancia (PRR) e defendeu que a parceria com o setor social garante [&hellip;]\" \/>\n<meta property=\"og:url\" content=\"https:\/\/favorite-news.com\/pt\/costa-acredita-que-portugal-sera-dos-melhores-a-executar-os-fundos-ate-2026\/\" \/>\n<meta property=\"og:site_name\" content=\"Favorite News\" \/>\n<meta property=\"article:published_time\" content=\"2021-07-22T09:47:07+00:00\" \/>\n<meta property=\"article:modified_time\" content=\"2021-07-22T09:47:11+00:00\" \/>\n<meta property=\"og:image\" content=\"https:\/\/favorite-news.com\/pt\/wp-content\/uploads\/sites\/2\/2021\/07\/Costa-acredita-que-Portugal-sera-dos-melhores-a-executar-os.jpg\" \/>\n\t<meta property=\"og:image:width\" content=\"1200\" \/>\n\t<meta property=\"og:image:height\" content=\"800\" \/>\n\t<meta property=\"og:image:type\" content=\"image\/jpeg\" \/>\n<meta name=\"author\" content=\"favorite-news\" \/>\n<meta name=\"twitter:card\" content=\"summary_large_image\" \/>\n<meta name=\"twitter:label1\" content=\"Escrito por\" \/>\n\t<meta name=\"twitter:data1\" content=\"favorite-news\" \/>\n\t<meta name=\"twitter:label2\" content=\"Tempo estimado de leitura\" \/>\n\t<meta name=\"twitter:data2\" content=\"3 minutos\" \/>\n<script type=\"application\/ld+json\" class=\"yoast-schema-graph\">{\"@context\":\"https:\\\/\\\/schema.org\",\"@graph\":[{\"@type\":\"Article\",\"@id\":\"https:\\\/\\\/favorite-news.com\\\/pt\\\/costa-acredita-que-portugal-sera-dos-melhores-a-executar-os-fundos-ate-2026\\\/#article\",\"isPartOf\":{\"@id\":\"https:\\\/\\\/favorite-news.com\\\/pt\\\/costa-acredita-que-portugal-sera-dos-melhores-a-executar-os-fundos-ate-2026\\\/\"},\"author\":{\"name\":\"favorite-news\",\"@id\":\"https:\\\/\\\/favorite-news.com\\\/pt\\\/#\\\/schema\\\/person\\\/b91573b717dcfa5e4696032a9d28d3e8\"},\"headline\":\"Costa acredita que Portugal ser\u00e1 dos melhores a executar os fundos at\u00e9 2026\",\"datePublished\":\"2021-07-22T09:47:07+00:00\",\"dateModified\":\"2021-07-22T09:47:11+00:00\",\"mainEntityOfPage\":{\"@id\":\"https:\\\/\\\/favorite-news.com\\\/pt\\\/costa-acredita-que-portugal-sera-dos-melhores-a-executar-os-fundos-ate-2026\\\/\"},\"wordCount\":527,\"commentCount\":0,\"image\":{\"@id\":\"https:\\\/\\\/favorite-news.com\\\/pt\\\/costa-acredita-que-portugal-sera-dos-melhores-a-executar-os-fundos-ate-2026\\\/#primaryimage\"},\"thumbnailUrl\":\"https:\\\/\\\/favorite-news.com\\\/pt\\\/wp-content\\\/uploads\\\/sites\\\/2\\\/2021\\\/07\\\/Costa-acredita-que-Portugal-sera-dos-melhores-a-executar-os.jpg\",\"articleSection\":[\"NOT\u00cdCIAS FINANCEIRAS\"],\"inLanguage\":\"pt-PT\",\"potentialAction\":[{\"@type\":\"CommentAction\",\"name\":\"Comment\",\"target\":[\"https:\\\/\\\/favorite-news.com\\\/pt\\\/costa-acredita-que-portugal-sera-dos-melhores-a-executar-os-fundos-ate-2026\\\/#respond\"]}]},{\"@type\":\"WebPage\",\"@id\":\"https:\\\/\\\/favorite-news.com\\\/pt\\\/costa-acredita-que-portugal-sera-dos-melhores-a-executar-os-fundos-ate-2026\\\/\",\"url\":\"https:\\\/\\\/favorite-news.com\\\/pt\\\/costa-acredita-que-portugal-sera-dos-melhores-a-executar-os-fundos-ate-2026\\\/\",\"name\":\"Costa acredita que Portugal ser\u00e1 dos melhores a executar os fundos at\u00e9 2026 - Favorite News\",\"isPartOf\":{\"@id\":\"https:\\\/\\\/favorite-news.com\\\/pt\\\/#website\"},\"primaryImageOfPage\":{\"@id\":\"https:\\\/\\\/favorite-news.com\\\/pt\\\/costa-acredita-que-portugal-sera-dos-melhores-a-executar-os-fundos-ate-2026\\\/#primaryimage\"},\"image\":{\"@id\":\"https:\\\/\\\/favorite-news.com\\\/pt\\\/costa-acredita-que-portugal-sera-dos-melhores-a-executar-os-fundos-ate-2026\\\/#primaryimage\"},\"thumbnailUrl\":\"https:\\\/\\\/favorite-news.com\\\/pt\\\/wp-content\\\/uploads\\\/sites\\\/2\\\/2021\\\/07\\\/Costa-acredita-que-Portugal-sera-dos-melhores-a-executar-os.jpg\",\"datePublished\":\"2021-07-22T09:47:07+00:00\",\"dateModified\":\"2021-07-22T09:47:11+00:00\",\"author\":{\"@id\":\"https:\\\/\\\/favorite-news.com\\\/pt\\\/#\\\/schema\\\/person\\\/b91573b717dcfa5e4696032a9d28d3e8\"},\"breadcrumb\":{\"@id\":\"https:\\\/\\\/favorite-news.com\\\/pt\\\/costa-acredita-que-portugal-sera-dos-melhores-a-executar-os-fundos-ate-2026\\\/#breadcrumb\"},\"inLanguage\":\"pt-PT\",\"potentialAction\":[{\"@type\":\"ReadAction\",\"target\":[\"https:\\\/\\\/favorite-news.com\\\/pt\\\/costa-acredita-que-portugal-sera-dos-melhores-a-executar-os-fundos-ate-2026\\\/\"]}]},{\"@type\":\"ImageObject\",\"inLanguage\":\"pt-PT\",\"@id\":\"https:\\\/\\\/favorite-news.com\\\/pt\\\/costa-acredita-que-portugal-sera-dos-melhores-a-executar-os-fundos-ate-2026\\\/#primaryimage\",\"url\":\"https:\\\/\\\/favorite-news.com\\\/pt\\\/wp-content\\\/uploads\\\/sites\\\/2\\\/2021\\\/07\\\/Costa-acredita-que-Portugal-sera-dos-melhores-a-executar-os.jpg\",\"contentUrl\":\"https:\\\/\\\/favorite-news.com\\\/pt\\\/wp-content\\\/uploads\\\/sites\\\/2\\\/2021\\\/07\\\/Costa-acredita-que-Portugal-sera-dos-melhores-a-executar-os.jpg\",\"width\":1200,\"height\":800,\"caption\":\"Costa acredita que Portugal ser\u00e1 dos melhores a executar os fundos at\u00e9 2026\"},{\"@type\":\"BreadcrumbList\",\"@id\":\"https:\\\/\\\/favorite-news.com\\\/pt\\\/costa-acredita-que-portugal-sera-dos-melhores-a-executar-os-fundos-ate-2026\\\/#breadcrumb\",\"itemListElement\":[{\"@type\":\"ListItem\",\"position\":1,\"name\":\"Home\",\"item\":\"https:\\\/\\\/favorite-news.com\\\/pt\\\/\"},{\"@type\":\"ListItem\",\"position\":2,\"name\":\"Costa acredita que Portugal ser\u00e1 dos melhores a executar os fundos at\u00e9 2026\"}]},{\"@type\":\"WebSite\",\"@id\":\"https:\\\/\\\/favorite-news.com\\\/pt\\\/#website\",\"url\":\"https:\\\/\\\/favorite-news.com\\\/pt\\\/\",\"name\":\"Favorite News\",\"description\":\"Favorite News Portugal\",\"potentialAction\":[{\"@type\":\"SearchAction\",\"target\":{\"@type\":\"EntryPoint\",\"urlTemplate\":\"https:\\\/\\\/favorite-news.com\\\/pt\\\/?s={search_term_string}\"},\"query-input\":{\"@type\":\"PropertyValueSpecification\",\"valueRequired\":true,\"valueName\":\"search_term_string\"}}],\"inLanguage\":\"pt-PT\"},{\"@type\":\"Person\",\"@id\":\"https:\\\/\\\/favorite-news.com\\\/pt\\\/#\\\/schema\\\/person\\\/b91573b717dcfa5e4696032a9d28d3e8\",\"name\":\"favorite-news\",\"image\":{\"@type\":\"ImageObject\",\"inLanguage\":\"pt-PT\",\"@id\":\"https:\\\/\\\/secure.gravatar.com\\\/avatar\\\/6c5a5cb12b74e9d517ee91cf570335b7d16177f1977cc91db161adfa435945a7?s=96&d=mm&r=g\",\"url\":\"https:\\\/\\\/secure.gravatar.com\\\/avatar\\\/6c5a5cb12b74e9d517ee91cf570335b7d16177f1977cc91db161adfa435945a7?s=96&d=mm&r=g\",\"contentUrl\":\"https:\\\/\\\/secure.gravatar.com\\\/avatar\\\/6c5a5cb12b74e9d517ee91cf570335b7d16177f1977cc91db161adfa435945a7?s=96&d=mm&r=g\",\"caption\":\"favorite-news\"},\"url\":\"https:\\\/\\\/favorite-news.com\\\/pt\\\/author\\\/pt\\\/\"}]}<\/script>\n<!-- \/ Yoast SEO plugin. -->","yoast_head_json":{"title":"Costa acredita que Portugal ser\u00e1 dos melhores a executar os fundos at\u00e9 2026 - Favorite News","robots":{"index":"index","follow":"follow","max-snippet":"max-snippet:-1","max-image-preview":"max-image-preview:large","max-video-preview":"max-video-preview:-1"},"canonical":"https:\/\/favorite-news.com\/pt\/costa-acredita-que-portugal-sera-dos-melhores-a-executar-os-fundos-ate-2026\/","og_locale":"pt_PT","og_type":"article","og_title":"Costa acredita que Portugal ser\u00e1 dos melhores a executar os fundos at\u00e9 2026 - Favorite News","og_description":"Tony da Silva \/ LusaO primeiro-ministro de Portugal, Ant\u00f3nio Costa (E), a presidente do Comiss\u00e3o Europeia, Ursula von der Leyen (D) O primeiro-ministro manifestou-se esta quarta-feira confiante de que Portugal estar\u00e1 entre os melhores a executar os fundos do Plano de Recupera\u00e7\u00e3o e Resili\u00eancia (PRR) e defendeu que a parceria com o setor social garante [&hellip;]","og_url":"https:\/\/favorite-news.com\/pt\/costa-acredita-que-portugal-sera-dos-melhores-a-executar-os-fundos-ate-2026\/","og_site_name":"Favorite News","article_published_time":"2021-07-22T09:47:07+00:00","article_modified_time":"2021-07-22T09:47:11+00:00","og_image":[{"width":1200,"height":800,"url":"https:\/\/favorite-news.com\/pt\/wp-content\/uploads\/sites\/2\/2021\/07\/Costa-acredita-que-Portugal-sera-dos-melhores-a-executar-os.jpg","type":"image\/jpeg"}],"author":"favorite-news","twitter_card":"summary_large_image","twitter_misc":{"Escrito por":"favorite-news","Tempo estimado de leitura":"3 minutos"},"schema":{"@context":"https:\/\/schema.org","@graph":[{"@type":"Article","@id":"https:\/\/favorite-news.com\/pt\/costa-acredita-que-portugal-sera-dos-melhores-a-executar-os-fundos-ate-2026\/#article","isPartOf":{"@id":"https:\/\/favorite-news.com\/pt\/costa-acredita-que-portugal-sera-dos-melhores-a-executar-os-fundos-ate-2026\/"},"author":{"name":"favorite-news","@id":"https:\/\/favorite-news.com\/pt\/#\/schema\/person\/b91573b717dcfa5e4696032a9d28d3e8"},"headline":"Costa acredita que Portugal ser\u00e1 dos melhores a executar os fundos at\u00e9 2026","datePublished":"2021-07-22T09:47:07+00:00","dateModified":"2021-07-22T09:47:11+00:00","mainEntityOfPage":{"@id":"https:\/\/favorite-news.com\/pt\/costa-acredita-que-portugal-sera-dos-melhores-a-executar-os-fundos-ate-2026\/"},"wordCount":527,"commentCount":0,"image":{"@id":"https:\/\/favorite-news.com\/pt\/costa-acredita-que-portugal-sera-dos-melhores-a-executar-os-fundos-ate-2026\/#primaryimage"},"thumbnailUrl":"https:\/\/favorite-news.com\/pt\/wp-content\/uploads\/sites\/2\/2021\/07\/Costa-acredita-que-Portugal-sera-dos-melhores-a-executar-os.jpg","articleSection":["NOT\u00cdCIAS FINANCEIRAS"],"inLanguage":"pt-PT","potentialAction":[{"@type":"CommentAction","name":"Comment","target":["https:\/\/favorite-news.com\/pt\/costa-acredita-que-portugal-sera-dos-melhores-a-executar-os-fundos-ate-2026\/#respond"]}]},{"@type":"WebPage","@id":"https:\/\/favorite-news.com\/pt\/costa-acredita-que-portugal-sera-dos-melhores-a-executar-os-fundos-ate-2026\/","url":"https:\/\/favorite-news.com\/pt\/costa-acredita-que-portugal-sera-dos-melhores-a-executar-os-fundos-ate-2026\/","name":"Costa acredita que Portugal ser\u00e1 dos melhores a executar os fundos at\u00e9 2026 - Favorite News","isPartOf":{"@id":"https:\/\/favorite-news.com\/pt\/#website"},"primaryImageOfPage":{"@id":"https:\/\/favorite-news.com\/pt\/costa-acredita-que-portugal-sera-dos-melhores-a-executar-os-fundos-ate-2026\/#primaryimage"},"image":{"@id":"https:\/\/favorite-news.com\/pt\/costa-acredita-que-portugal-sera-dos-melhores-a-executar-os-fundos-ate-2026\/#primaryimage"},"thumbnailUrl":"https:\/\/favorite-news.com\/pt\/wp-content\/uploads\/sites\/2\/2021\/07\/Costa-acredita-que-Portugal-sera-dos-melhores-a-executar-os.jpg","datePublished":"2021-07-22T09:47:07+00:00","dateModified":"2021-07-22T09:47:11+00:00","author":{"@id":"https:\/\/favorite-news.com\/pt\/#\/schema\/person\/b91573b717dcfa5e4696032a9d28d3e8"},"breadcrumb":{"@id":"https:\/\/favorite-news.com\/pt\/costa-acredita-que-portugal-sera-dos-melhores-a-executar-os-fundos-ate-2026\/#breadcrumb"},"inLanguage":"pt-PT","potentialAction":[{"@type":"ReadAction","target":["https:\/\/favorite-news.com\/pt\/costa-acredita-que-portugal-sera-dos-melhores-a-executar-os-fundos-ate-2026\/"]}]},{"@type":"ImageObject","inLanguage":"pt-PT","@id":"https:\/\/favorite-news.com\/pt\/costa-acredita-que-portugal-sera-dos-melhores-a-executar-os-fundos-ate-2026\/#primaryimage","url":"https:\/\/favorite-news.com\/pt\/wp-content\/uploads\/sites\/2\/2021\/07\/Costa-acredita-que-Portugal-sera-dos-melhores-a-executar-os.jpg","contentUrl":"https:\/\/favorite-news.com\/pt\/wp-content\/uploads\/sites\/2\/2021\/07\/Costa-acredita-que-Portugal-sera-dos-melhores-a-executar-os.jpg","width":1200,"height":800,"caption":"Costa acredita que Portugal ser\u00e1 dos melhores a executar os fundos at\u00e9 2026"},{"@type":"BreadcrumbList","@id":"https:\/\/favorite-news.com\/pt\/costa-acredita-que-portugal-sera-dos-melhores-a-executar-os-fundos-ate-2026\/#breadcrumb","itemListElement":[{"@type":"ListItem","position":1,"name":"Home","item":"https:\/\/favorite-news.com\/pt\/"},{"@type":"ListItem","position":2,"name":"Costa acredita que Portugal ser\u00e1 dos melhores a executar os fundos at\u00e9 2026"}]},{"@type":"WebSite","@id":"https:\/\/favorite-news.com\/pt\/#website","url":"https:\/\/favorite-news.com\/pt\/","name":"Favorite News","description":"Favorite News Portugal","potentialAction":[{"@type":"SearchAction","target":{"@type":"EntryPoint","urlTemplate":"https:\/\/favorite-news.com\/pt\/?s={search_term_string}"},"query-input":{"@type":"PropertyValueSpecification","valueRequired":true,"valueName":"search_term_string"}}],"inLanguage":"pt-PT"},{"@type":"Person","@id":"https:\/\/favorite-news.com\/pt\/#\/schema\/person\/b91573b717dcfa5e4696032a9d28d3e8","name":"favorite-news","image":{"@type":"ImageObject","inLanguage":"pt-PT","@id":"https:\/\/secure.gravatar.com\/avatar\/6c5a5cb12b74e9d517ee91cf570335b7d16177f1977cc91db161adfa435945a7?s=96&d=mm&r=g","url":"https:\/\/secure.gravatar.com\/avatar\/6c5a5cb12b74e9d517ee91cf570335b7d16177f1977cc91db161adfa435945a7?s=96&d=mm&r=g","contentUrl":"https:\/\/secure.gravatar.com\/avatar\/6c5a5cb12b74e9d517ee91cf570335b7d16177f1977cc91db161adfa435945a7?s=96&d=mm&r=g","caption":"favorite-news"},"url":"https:\/\/favorite-news.com\/pt\/author\/pt\/"}]}},"_links":{"self":[{"href":"https:\/\/favorite-news.com\/pt\/wp-json\/wp\/v2\/posts\/10851","targetHints":{"allow":["GET"]}}],"collection":[{"href":"https:\/\/favorite-news.com\/pt\/wp-json\/wp\/v2\/posts"}],"about":[{"href":"https:\/\/favorite-news.com\/pt\/wp-json\/wp\/v2\/types\/post"}],"author":[{"embeddable":true,"href":"https:\/\/favorite-news.com\/pt\/wp-json\/wp\/v2\/users\/2"}],"replies":[{"embeddable":true,"href":"https:\/\/favorite-news.com\/pt\/wp-json\/wp\/v2\/comments?post=10851"}],"version-history":[{"count":1,"href":"https:\/\/favorite-news.com\/pt\/wp-json\/wp\/v2\/posts\/10851\/revisions"}],"predecessor-version":[{"id":10853,"href":"https:\/\/favorite-news.com\/pt\/wp-json\/wp\/v2\/posts\/10851\/revisions\/10853"}],"wp:featuredmedia":[{"embeddable":true,"href":"https:\/\/favorite-news.com\/pt\/wp-json\/wp\/v2\/media\/10852"}],"wp:attachment":[{"href":"https:\/\/favorite-news.com\/pt\/wp-json\/wp\/v2\/media?parent=10851"}],"wp:term":[{"taxonomy":"category","embeddable":true,"href":"https:\/\/favorite-news.com\/pt\/wp-json\/wp\/v2\/categories?post=10851"},{"taxonomy":"post_tag","embeddable":true,"href":"https:\/\/favorite-news.com\/pt\/wp-json\/wp\/v2\/tags?post=10851"}],"curies":[{"name":"wp","href":"https:\/\/api.w.org\/{rel}","templated":true}]}}