{"id":10845,"date":"2021-07-22T00:45:07","date_gmt":"2021-07-21T21:45:07","guid":{"rendered":"https:\/\/favorite-news.com\/pt\/tap-vai-pagar-subsidios-de-ferias-e-salarios-em-atraso-aos-trabalhadores-da-groundforce-zap\/"},"modified":"2021-07-22T00:45:11","modified_gmt":"2021-07-21T21:45:11","slug":"tap-vai-pagar-subsidios-de-ferias-e-salarios-em-atraso-aos-trabalhadores-da-groundforce-zap","status":"publish","type":"post","link":"https:\/\/favorite-news.com\/pt\/tap-vai-pagar-subsidios-de-ferias-e-salarios-em-atraso-aos-trabalhadores-da-groundforce-zap\/","title":{"rendered":"TAP vai pagar subs\u00eddios de f\u00e9rias e sal\u00e1rios em atraso aos trabalhadores da Groundforce &#8211; ZAP"},"content":{"rendered":"<p>Ant\u00f3nio Cotrim \/ LusaTrabalhadores da Groundforce concentrados junto ao Minist\u00e9rio das Infraestruturas, em Lisboa.<br \/>\nO Minist\u00e9rio das Infraestruturas e da Habita\u00e7\u00e3o revelou, em comunicado, que a TAP vai pagar os subs\u00eddios de f\u00e9rias e os sal\u00e1rios em atraso dos trabalhadores da Groundforce.<\/p>\n<p>\u201cFoi comunicado hoje, em reuni\u00e3o com sindicatos da Groundforce, que a TAP vai proceder ao pagamento do valor correspondente ao subs\u00eddio de f\u00e9rias e \u00e0s anuidades em atraso diretamente aos trabalhadores da Groundforce\u201d, l\u00ea-se num comunicado do Minist\u00e9rio das Infraestruturas, enviado \u00e0s reda\u00e7\u00f5es e citado pela TSF.<br \/>\nA mesma nota informa ainda que esta \u201cfoi a solu\u00e7\u00e3o encontrada para ultrapassar a recusa na semana passada da administra\u00e7\u00e3o da Groundforce em aceitar a transfer\u00eancia da TAP que permitiria o pagamento aos trabalhadores do subs\u00eddio que lhes era devido\u201d.<br \/>\n\u201cAo mesmo tempo, a TAP vai abreviar o pagamento definido contratualmente para saldar a fatura relativa a servi\u00e7os prestados em junho, garantindo que a administra\u00e7\u00e3o da Groundforce tem liquidez suficiente para pagar integral e atempadamente os sal\u00e1rios dos trabalhadores relativos ao m\u00eas de julho\u201d, explica o minist\u00e9rio de Pedro Nuno Santos.<\/p>\n<p>O Governo acredita que a venda por parte do Montepio das a\u00e7\u00f5es da Pasogal, acionista maiorit\u00e1rio da Groundforce, vai ter \u201cum desfecho positivo nos pr\u00f3ximos dias\u201d.<br \/>\n\u201cNo entanto, caso essa venda n\u00e3o se concretize muito em breve, o Governo avan\u00e7ar\u00e1 de imediato com as a\u00e7\u00f5es necess\u00e1rias para garantir a mudan\u00e7a acionista indispens\u00e1vel para a viabiliza\u00e7\u00e3o da empresa\u201d, pode ler-se no comunicado.<br \/>\nEssa altera\u00e7\u00e3o \u201cpermitir\u00e1 tamb\u00e9m cumprir com o que \u00e9 devido aos trabalhadores, nomeadamente, em mat\u00e9ria de progress\u00f5es na carreira\u201d.<br \/>\n ZAP \/\/ <\/p>\n<p>\n<!--noindex--><br \/>\n<a href=\"https:\/\/zap.aeiou.pt\/tap-vai-pagar-subsidios-de-ferias-e-salarios-em-atraso-aos-trabalhadores-da-groundforce-419225\" rel=\"nofollow\">Source link <\/a><br \/>\n<!--\/noindex--><\/p>\n","protected":false},"excerpt":{"rendered":"<p>Ant\u00f3nio Cotrim \/ LusaTrabalhadores da Groundforce concentrados junto ao Minist\u00e9rio das Infraestruturas, em Lisboa. O Minist\u00e9rio das Infraestruturas e da Habita\u00e7\u00e3o revelou, em comunicado, que a TAP vai pagar os subs\u00eddios de f\u00e9rias e os sal\u00e1rios em atraso dos trabalhadores da Groundforce. \u201cFoi comunicado hoje, em reuni\u00e3o com sindicatos da Groundforce, que a TAP vai [&hellip;]<\/p>\n","protected":false},"author":2,"featured_media":10846,"comment_status":"open","ping_status":"open","sticky":false,"template":"","format":"standard","meta":{"footnotes":""},"categories":[1],"tags":[],"class_list":["post-10845","post","type-post","status-publish","format-standard","has-post-thumbnail","hentry","category-noticias-financeiras"],"yoast_head":"<!-- This site is optimized with the Yoast SEO plugin v27.4 - https:\/\/yoast.com\/product\/yoast-seo-wordpress\/ -->\n<title>TAP vai pagar subs\u00eddios de f\u00e9rias e sal\u00e1rios em atraso aos trabalhadores da Groundforce - ZAP - Favorite News<\/title>\n<meta name=\"robots\" content=\"index, follow, max-snippet:-1, max-image-preview:large, max-video-preview:-1\" \/>\n<link rel=\"canonical\" href=\"https:\/\/favorite-news.com\/pt\/tap-vai-pagar-subsidios-de-ferias-e-salarios-em-atraso-aos-trabalhadores-da-groundforce-zap\/\" \/>\n<meta property=\"og:locale\" content=\"pt_PT\" \/>\n<meta property=\"og:type\" content=\"article\" \/>\n<meta property=\"og:title\" content=\"TAP vai pagar subs\u00eddios de f\u00e9rias e sal\u00e1rios em atraso aos trabalhadores da Groundforce - ZAP - Favorite News\" \/>\n<meta property=\"og:description\" content=\"Ant\u00f3nio Cotrim \/ LusaTrabalhadores da Groundforce concentrados junto ao Minist\u00e9rio das Infraestruturas, em Lisboa. O Minist\u00e9rio das Infraestruturas e da Habita\u00e7\u00e3o revelou, em comunicado, que a TAP vai pagar os subs\u00eddios de f\u00e9rias e os sal\u00e1rios em atraso dos trabalhadores da Groundforce. \u201cFoi comunicado hoje, em reuni\u00e3o com sindicatos da Groundforce, que a TAP vai [&hellip;]\" \/>\n<meta property=\"og:url\" content=\"https:\/\/favorite-news.com\/pt\/tap-vai-pagar-subsidios-de-ferias-e-salarios-em-atraso-aos-trabalhadores-da-groundforce-zap\/\" \/>\n<meta property=\"og:site_name\" content=\"Favorite News\" \/>\n<meta property=\"article:published_time\" content=\"2021-07-21T21:45:07+00:00\" \/>\n<meta property=\"article:modified_time\" content=\"2021-07-21T21:45:11+00:00\" \/>\n<meta property=\"og:image\" content=\"https:\/\/favorite-news.com\/pt\/wp-content\/uploads\/sites\/2\/2021\/07\/TAP-vai-pagar-subsidios-de-ferias-e-salarios-em-atraso.jpg\" \/>\n\t<meta property=\"og:image:width\" content=\"1200\" \/>\n\t<meta property=\"og:image:height\" content=\"800\" \/>\n\t<meta property=\"og:image:type\" content=\"image\/jpeg\" \/>\n<meta name=\"author\" content=\"favorite-news\" \/>\n<meta name=\"twitter:card\" content=\"summary_large_image\" \/>\n<meta name=\"twitter:label1\" content=\"Escrito por\" \/>\n\t<meta name=\"twitter:data1\" content=\"favorite-news\" \/>\n\t<meta name=\"twitter:label2\" content=\"Tempo estimado de leitura\" \/>\n\t<meta name=\"twitter:data2\" content=\"1 minuto\" \/>\n<script type=\"application\/ld+json\" class=\"yoast-schema-graph\">{\"@context\":\"https:\\\/\\\/schema.org\",\"@graph\":[{\"@type\":\"Article\",\"@id\":\"https:\\\/\\\/favorite-news.com\\\/pt\\\/tap-vai-pagar-subsidios-de-ferias-e-salarios-em-atraso-aos-trabalhadores-da-groundforce-zap\\\/#article\",\"isPartOf\":{\"@id\":\"https:\\\/\\\/favorite-news.com\\\/pt\\\/tap-vai-pagar-subsidios-de-ferias-e-salarios-em-atraso-aos-trabalhadores-da-groundforce-zap\\\/\"},\"author\":{\"name\":\"favorite-news\",\"@id\":\"https:\\\/\\\/favorite-news.com\\\/pt\\\/#\\\/schema\\\/person\\\/b91573b717dcfa5e4696032a9d28d3e8\"},\"headline\":\"TAP vai pagar subs\u00eddios de f\u00e9rias e sal\u00e1rios em atraso aos trabalhadores da Groundforce &#8211; ZAP\",\"datePublished\":\"2021-07-21T21:45:07+00:00\",\"dateModified\":\"2021-07-21T21:45:11+00:00\",\"mainEntityOfPage\":{\"@id\":\"https:\\\/\\\/favorite-news.com\\\/pt\\\/tap-vai-pagar-subsidios-de-ferias-e-salarios-em-atraso-aos-trabalhadores-da-groundforce-zap\\\/\"},\"wordCount\":316,\"commentCount\":0,\"image\":{\"@id\":\"https:\\\/\\\/favorite-news.com\\\/pt\\\/tap-vai-pagar-subsidios-de-ferias-e-salarios-em-atraso-aos-trabalhadores-da-groundforce-zap\\\/#primaryimage\"},\"thumbnailUrl\":\"https:\\\/\\\/favorite-news.com\\\/pt\\\/wp-content\\\/uploads\\\/sites\\\/2\\\/2021\\\/07\\\/TAP-vai-pagar-subsidios-de-ferias-e-salarios-em-atraso.jpg\",\"articleSection\":[\"NOT\u00cdCIAS FINANCEIRAS\"],\"inLanguage\":\"pt-PT\",\"potentialAction\":[{\"@type\":\"CommentAction\",\"name\":\"Comment\",\"target\":[\"https:\\\/\\\/favorite-news.com\\\/pt\\\/tap-vai-pagar-subsidios-de-ferias-e-salarios-em-atraso-aos-trabalhadores-da-groundforce-zap\\\/#respond\"]}]},{\"@type\":\"WebPage\",\"@id\":\"https:\\\/\\\/favorite-news.com\\\/pt\\\/tap-vai-pagar-subsidios-de-ferias-e-salarios-em-atraso-aos-trabalhadores-da-groundforce-zap\\\/\",\"url\":\"https:\\\/\\\/favorite-news.com\\\/pt\\\/tap-vai-pagar-subsidios-de-ferias-e-salarios-em-atraso-aos-trabalhadores-da-groundforce-zap\\\/\",\"name\":\"TAP vai pagar subs\u00eddios de f\u00e9rias e sal\u00e1rios em atraso aos trabalhadores da Groundforce - ZAP - Favorite News\",\"isPartOf\":{\"@id\":\"https:\\\/\\\/favorite-news.com\\\/pt\\\/#website\"},\"primaryImageOfPage\":{\"@id\":\"https:\\\/\\\/favorite-news.com\\\/pt\\\/tap-vai-pagar-subsidios-de-ferias-e-salarios-em-atraso-aos-trabalhadores-da-groundforce-zap\\\/#primaryimage\"},\"image\":{\"@id\":\"https:\\\/\\\/favorite-news.com\\\/pt\\\/tap-vai-pagar-subsidios-de-ferias-e-salarios-em-atraso-aos-trabalhadores-da-groundforce-zap\\\/#primaryimage\"},\"thumbnailUrl\":\"https:\\\/\\\/favorite-news.com\\\/pt\\\/wp-content\\\/uploads\\\/sites\\\/2\\\/2021\\\/07\\\/TAP-vai-pagar-subsidios-de-ferias-e-salarios-em-atraso.jpg\",\"datePublished\":\"2021-07-21T21:45:07+00:00\",\"dateModified\":\"2021-07-21T21:45:11+00:00\",\"author\":{\"@id\":\"https:\\\/\\\/favorite-news.com\\\/pt\\\/#\\\/schema\\\/person\\\/b91573b717dcfa5e4696032a9d28d3e8\"},\"breadcrumb\":{\"@id\":\"https:\\\/\\\/favorite-news.com\\\/pt\\\/tap-vai-pagar-subsidios-de-ferias-e-salarios-em-atraso-aos-trabalhadores-da-groundforce-zap\\\/#breadcrumb\"},\"inLanguage\":\"pt-PT\",\"potentialAction\":[{\"@type\":\"ReadAction\",\"target\":[\"https:\\\/\\\/favorite-news.com\\\/pt\\\/tap-vai-pagar-subsidios-de-ferias-e-salarios-em-atraso-aos-trabalhadores-da-groundforce-zap\\\/\"]}]},{\"@type\":\"ImageObject\",\"inLanguage\":\"pt-PT\",\"@id\":\"https:\\\/\\\/favorite-news.com\\\/pt\\\/tap-vai-pagar-subsidios-de-ferias-e-salarios-em-atraso-aos-trabalhadores-da-groundforce-zap\\\/#primaryimage\",\"url\":\"https:\\\/\\\/favorite-news.com\\\/pt\\\/wp-content\\\/uploads\\\/sites\\\/2\\\/2021\\\/07\\\/TAP-vai-pagar-subsidios-de-ferias-e-salarios-em-atraso.jpg\",\"contentUrl\":\"https:\\\/\\\/favorite-news.com\\\/pt\\\/wp-content\\\/uploads\\\/sites\\\/2\\\/2021\\\/07\\\/TAP-vai-pagar-subsidios-de-ferias-e-salarios-em-atraso.jpg\",\"width\":1200,\"height\":800,\"caption\":\"TAP vai pagar subs\u00eddios de f\u00e9rias e sal\u00e1rios em atraso aos trabalhadores da Groundforce - ZAP\"},{\"@type\":\"BreadcrumbList\",\"@id\":\"https:\\\/\\\/favorite-news.com\\\/pt\\\/tap-vai-pagar-subsidios-de-ferias-e-salarios-em-atraso-aos-trabalhadores-da-groundforce-zap\\\/#breadcrumb\",\"itemListElement\":[{\"@type\":\"ListItem\",\"position\":1,\"name\":\"Home\",\"item\":\"https:\\\/\\\/favorite-news.com\\\/pt\\\/\"},{\"@type\":\"ListItem\",\"position\":2,\"name\":\"TAP vai pagar subs\u00eddios de f\u00e9rias e sal\u00e1rios em atraso aos trabalhadores da Groundforce &#8211; ZAP\"}]},{\"@type\":\"WebSite\",\"@id\":\"https:\\\/\\\/favorite-news.com\\\/pt\\\/#website\",\"url\":\"https:\\\/\\\/favorite-news.com\\\/pt\\\/\",\"name\":\"Favorite News\",\"description\":\"Favorite News Portugal\",\"potentialAction\":[{\"@type\":\"SearchAction\",\"target\":{\"@type\":\"EntryPoint\",\"urlTemplate\":\"https:\\\/\\\/favorite-news.com\\\/pt\\\/?s={search_term_string}\"},\"query-input\":{\"@type\":\"PropertyValueSpecification\",\"valueRequired\":true,\"valueName\":\"search_term_string\"}}],\"inLanguage\":\"pt-PT\"},{\"@type\":\"Person\",\"@id\":\"https:\\\/\\\/favorite-news.com\\\/pt\\\/#\\\/schema\\\/person\\\/b91573b717dcfa5e4696032a9d28d3e8\",\"name\":\"favorite-news\",\"image\":{\"@type\":\"ImageObject\",\"inLanguage\":\"pt-PT\",\"@id\":\"https:\\\/\\\/secure.gravatar.com\\\/avatar\\\/6c5a5cb12b74e9d517ee91cf570335b7d16177f1977cc91db161adfa435945a7?s=96&d=mm&r=g\",\"url\":\"https:\\\/\\\/secure.gravatar.com\\\/avatar\\\/6c5a5cb12b74e9d517ee91cf570335b7d16177f1977cc91db161adfa435945a7?s=96&d=mm&r=g\",\"contentUrl\":\"https:\\\/\\\/secure.gravatar.com\\\/avatar\\\/6c5a5cb12b74e9d517ee91cf570335b7d16177f1977cc91db161adfa435945a7?s=96&d=mm&r=g\",\"caption\":\"favorite-news\"},\"url\":\"https:\\\/\\\/favorite-news.com\\\/pt\\\/author\\\/pt\\\/\"}]}<\/script>\n<!-- \/ Yoast SEO plugin. -->","yoast_head_json":{"title":"TAP vai pagar subs\u00eddios de f\u00e9rias e sal\u00e1rios em atraso aos trabalhadores da Groundforce - ZAP - Favorite News","robots":{"index":"index","follow":"follow","max-snippet":"max-snippet:-1","max-image-preview":"max-image-preview:large","max-video-preview":"max-video-preview:-1"},"canonical":"https:\/\/favorite-news.com\/pt\/tap-vai-pagar-subsidios-de-ferias-e-salarios-em-atraso-aos-trabalhadores-da-groundforce-zap\/","og_locale":"pt_PT","og_type":"article","og_title":"TAP vai pagar subs\u00eddios de f\u00e9rias e sal\u00e1rios em atraso aos trabalhadores da Groundforce - ZAP - Favorite News","og_description":"Ant\u00f3nio Cotrim \/ LusaTrabalhadores da Groundforce concentrados junto ao Minist\u00e9rio das Infraestruturas, em Lisboa. O Minist\u00e9rio das Infraestruturas e da Habita\u00e7\u00e3o revelou, em comunicado, que a TAP vai pagar os subs\u00eddios de f\u00e9rias e os sal\u00e1rios em atraso dos trabalhadores da Groundforce. \u201cFoi comunicado hoje, em reuni\u00e3o com sindicatos da Groundforce, que a TAP vai [&hellip;]","og_url":"https:\/\/favorite-news.com\/pt\/tap-vai-pagar-subsidios-de-ferias-e-salarios-em-atraso-aos-trabalhadores-da-groundforce-zap\/","og_site_name":"Favorite News","article_published_time":"2021-07-21T21:45:07+00:00","article_modified_time":"2021-07-21T21:45:11+00:00","og_image":[{"width":1200,"height":800,"url":"https:\/\/favorite-news.com\/pt\/wp-content\/uploads\/sites\/2\/2021\/07\/TAP-vai-pagar-subsidios-de-ferias-e-salarios-em-atraso.jpg","type":"image\/jpeg"}],"author":"favorite-news","twitter_card":"summary_large_image","twitter_misc":{"Escrito por":"favorite-news","Tempo estimado de leitura":"1 minuto"},"schema":{"@context":"https:\/\/schema.org","@graph":[{"@type":"Article","@id":"https:\/\/favorite-news.com\/pt\/tap-vai-pagar-subsidios-de-ferias-e-salarios-em-atraso-aos-trabalhadores-da-groundforce-zap\/#article","isPartOf":{"@id":"https:\/\/favorite-news.com\/pt\/tap-vai-pagar-subsidios-de-ferias-e-salarios-em-atraso-aos-trabalhadores-da-groundforce-zap\/"},"author":{"name":"favorite-news","@id":"https:\/\/favorite-news.com\/pt\/#\/schema\/person\/b91573b717dcfa5e4696032a9d28d3e8"},"headline":"TAP vai pagar subs\u00eddios de f\u00e9rias e sal\u00e1rios em atraso aos trabalhadores da Groundforce &#8211; ZAP","datePublished":"2021-07-21T21:45:07+00:00","dateModified":"2021-07-21T21:45:11+00:00","mainEntityOfPage":{"@id":"https:\/\/favorite-news.com\/pt\/tap-vai-pagar-subsidios-de-ferias-e-salarios-em-atraso-aos-trabalhadores-da-groundforce-zap\/"},"wordCount":316,"commentCount":0,"image":{"@id":"https:\/\/favorite-news.com\/pt\/tap-vai-pagar-subsidios-de-ferias-e-salarios-em-atraso-aos-trabalhadores-da-groundforce-zap\/#primaryimage"},"thumbnailUrl":"https:\/\/favorite-news.com\/pt\/wp-content\/uploads\/sites\/2\/2021\/07\/TAP-vai-pagar-subsidios-de-ferias-e-salarios-em-atraso.jpg","articleSection":["NOT\u00cdCIAS FINANCEIRAS"],"inLanguage":"pt-PT","potentialAction":[{"@type":"CommentAction","name":"Comment","target":["https:\/\/favorite-news.com\/pt\/tap-vai-pagar-subsidios-de-ferias-e-salarios-em-atraso-aos-trabalhadores-da-groundforce-zap\/#respond"]}]},{"@type":"WebPage","@id":"https:\/\/favorite-news.com\/pt\/tap-vai-pagar-subsidios-de-ferias-e-salarios-em-atraso-aos-trabalhadores-da-groundforce-zap\/","url":"https:\/\/favorite-news.com\/pt\/tap-vai-pagar-subsidios-de-ferias-e-salarios-em-atraso-aos-trabalhadores-da-groundforce-zap\/","name":"TAP vai pagar subs\u00eddios de f\u00e9rias e sal\u00e1rios em atraso aos trabalhadores da Groundforce - ZAP - Favorite News","isPartOf":{"@id":"https:\/\/favorite-news.com\/pt\/#website"},"primaryImageOfPage":{"@id":"https:\/\/favorite-news.com\/pt\/tap-vai-pagar-subsidios-de-ferias-e-salarios-em-atraso-aos-trabalhadores-da-groundforce-zap\/#primaryimage"},"image":{"@id":"https:\/\/favorite-news.com\/pt\/tap-vai-pagar-subsidios-de-ferias-e-salarios-em-atraso-aos-trabalhadores-da-groundforce-zap\/#primaryimage"},"thumbnailUrl":"https:\/\/favorite-news.com\/pt\/wp-content\/uploads\/sites\/2\/2021\/07\/TAP-vai-pagar-subsidios-de-ferias-e-salarios-em-atraso.jpg","datePublished":"2021-07-21T21:45:07+00:00","dateModified":"2021-07-21T21:45:11+00:00","author":{"@id":"https:\/\/favorite-news.com\/pt\/#\/schema\/person\/b91573b717dcfa5e4696032a9d28d3e8"},"breadcrumb":{"@id":"https:\/\/favorite-news.com\/pt\/tap-vai-pagar-subsidios-de-ferias-e-salarios-em-atraso-aos-trabalhadores-da-groundforce-zap\/#breadcrumb"},"inLanguage":"pt-PT","potentialAction":[{"@type":"ReadAction","target":["https:\/\/favorite-news.com\/pt\/tap-vai-pagar-subsidios-de-ferias-e-salarios-em-atraso-aos-trabalhadores-da-groundforce-zap\/"]}]},{"@type":"ImageObject","inLanguage":"pt-PT","@id":"https:\/\/favorite-news.com\/pt\/tap-vai-pagar-subsidios-de-ferias-e-salarios-em-atraso-aos-trabalhadores-da-groundforce-zap\/#primaryimage","url":"https:\/\/favorite-news.com\/pt\/wp-content\/uploads\/sites\/2\/2021\/07\/TAP-vai-pagar-subsidios-de-ferias-e-salarios-em-atraso.jpg","contentUrl":"https:\/\/favorite-news.com\/pt\/wp-content\/uploads\/sites\/2\/2021\/07\/TAP-vai-pagar-subsidios-de-ferias-e-salarios-em-atraso.jpg","width":1200,"height":800,"caption":"TAP vai pagar subs\u00eddios de f\u00e9rias e sal\u00e1rios em atraso aos trabalhadores da Groundforce - ZAP"},{"@type":"BreadcrumbList","@id":"https:\/\/favorite-news.com\/pt\/tap-vai-pagar-subsidios-de-ferias-e-salarios-em-atraso-aos-trabalhadores-da-groundforce-zap\/#breadcrumb","itemListElement":[{"@type":"ListItem","position":1,"name":"Home","item":"https:\/\/favorite-news.com\/pt\/"},{"@type":"ListItem","position":2,"name":"TAP vai pagar subs\u00eddios de f\u00e9rias e sal\u00e1rios em atraso aos trabalhadores da Groundforce &#8211; ZAP"}]},{"@type":"WebSite","@id":"https:\/\/favorite-news.com\/pt\/#website","url":"https:\/\/favorite-news.com\/pt\/","name":"Favorite News","description":"Favorite News Portugal","potentialAction":[{"@type":"SearchAction","target":{"@type":"EntryPoint","urlTemplate":"https:\/\/favorite-news.com\/pt\/?s={search_term_string}"},"query-input":{"@type":"PropertyValueSpecification","valueRequired":true,"valueName":"search_term_string"}}],"inLanguage":"pt-PT"},{"@type":"Person","@id":"https:\/\/favorite-news.com\/pt\/#\/schema\/person\/b91573b717dcfa5e4696032a9d28d3e8","name":"favorite-news","image":{"@type":"ImageObject","inLanguage":"pt-PT","@id":"https:\/\/secure.gravatar.com\/avatar\/6c5a5cb12b74e9d517ee91cf570335b7d16177f1977cc91db161adfa435945a7?s=96&d=mm&r=g","url":"https:\/\/secure.gravatar.com\/avatar\/6c5a5cb12b74e9d517ee91cf570335b7d16177f1977cc91db161adfa435945a7?s=96&d=mm&r=g","contentUrl":"https:\/\/secure.gravatar.com\/avatar\/6c5a5cb12b74e9d517ee91cf570335b7d16177f1977cc91db161adfa435945a7?s=96&d=mm&r=g","caption":"favorite-news"},"url":"https:\/\/favorite-news.com\/pt\/author\/pt\/"}]}},"_links":{"self":[{"href":"https:\/\/favorite-news.com\/pt\/wp-json\/wp\/v2\/posts\/10845","targetHints":{"allow":["GET"]}}],"collection":[{"href":"https:\/\/favorite-news.com\/pt\/wp-json\/wp\/v2\/posts"}],"about":[{"href":"https:\/\/favorite-news.com\/pt\/wp-json\/wp\/v2\/types\/post"}],"author":[{"embeddable":true,"href":"https:\/\/favorite-news.com\/pt\/wp-json\/wp\/v2\/users\/2"}],"replies":[{"embeddable":true,"href":"https:\/\/favorite-news.com\/pt\/wp-json\/wp\/v2\/comments?post=10845"}],"version-history":[{"count":1,"href":"https:\/\/favorite-news.com\/pt\/wp-json\/wp\/v2\/posts\/10845\/revisions"}],"predecessor-version":[{"id":10847,"href":"https:\/\/favorite-news.com\/pt\/wp-json\/wp\/v2\/posts\/10845\/revisions\/10847"}],"wp:featuredmedia":[{"embeddable":true,"href":"https:\/\/favorite-news.com\/pt\/wp-json\/wp\/v2\/media\/10846"}],"wp:attachment":[{"href":"https:\/\/favorite-news.com\/pt\/wp-json\/wp\/v2\/media?parent=10845"}],"wp:term":[{"taxonomy":"category","embeddable":true,"href":"https:\/\/favorite-news.com\/pt\/wp-json\/wp\/v2\/categories?post=10845"},{"taxonomy":"post_tag","embeddable":true,"href":"https:\/\/favorite-news.com\/pt\/wp-json\/wp\/v2\/tags?post=10845"}],"curies":[{"name":"wp","href":"https:\/\/api.w.org\/{rel}","templated":true}]}}