{"id":10840,"date":"2021-07-21T12:41:50","date_gmt":"2021-07-21T09:41:50","guid":{"rendered":"https:\/\/favorite-news.com\/pt\/ex-ceo-da-groundforce-integra-grupo-que-fez-oferta-ao-montepio\/"},"modified":"2021-07-21T12:41:52","modified_gmt":"2021-07-21T09:41:52","slug":"ex-ceo-da-groundforce-integra-grupo-que-fez-oferta-ao-montepio","status":"publish","type":"post","link":"https:\/\/favorite-news.com\/pt\/ex-ceo-da-groundforce-integra-grupo-que-fez-oferta-ao-montepio\/","title":{"rendered":"Ex-CEO da Groundforce integra grupo que fez oferta ao Montepio"},"content":{"rendered":"<p>(dr) Groundforce<br \/>\nO antigo presidente executivo da Groundforce integra um grupo que fez uma oferta pelas a\u00e7\u00f5es da empresa de handling ao Montepio, mantendo o interesse na empresa.<\/p>\n<p>\u201cEst\u00e1 um processo a decorrer e eu entendo que todas as partes est\u00e3o focadas em que exista um player internacional\u201d, indicou  Paulo Neto Leite, em declara\u00e7\u00f5es \u00e0 ag\u00eancia Lusa.<br \/>\n\u201cDesde o momento em que sa\u00ed da Groundforce que mantive e mostrei interesse, porque acredito na empresa, nos trabalhadores e acredito que as coisas t\u00eam que ter uma solu\u00e7\u00e3o que passe por n\u00e3o usar os trabalhadores como plataforma de press\u00e3o\u201d, referiu, acrescentando que participou numa \u201cproposta robusta\u201d \u00e0 compra das ac\u00e7\u00f5es, sem revelar quem s\u00e3o os parceiros.<br \/>\nO jornal online ECO avan\u00e7ou, esta ter\u00e7a-feira, que o Montepio tomou controlo da Groundforce, depois de o tribunal ter considerado \u201cimprocedente\u201d uma provid\u00eancia interposta por Alfredo Casimiro, da Pasogal, para impedir este controlo.<\/p>\n<p>Desta forma, o banco, que tinha contratado o Bison Bank para organizar um leil\u00e3o das a\u00e7\u00f5es detidas pelo empres\u00e1rio e que est\u00e3o penhoradas, j\u00e1 pode vend\u00ea-las. O mesmo jornal digital adianta que o banco de investimento j\u00e1 recebeu propostas n\u00e3o vinculativas e que \u00e9 quase certo que ser\u00e1 um operador europeu a ficar com elas, estando na calha a Swissport ou a Aviapartner.<\/p>\n<p>Ontem \u00e0 tarde, o ministro das Infraestruturas, Pedro Nuno Santos, disse no Parlamento que o Estado e a TAP ir\u00e3o assegurar uma solu\u00e7\u00e3o para a Groundforce, mesmo que falhe este processo de venda das ac\u00e7\u00f5es da empresa a cargo do Montepio.<br \/>\n\u201cEstamos a acompanhar e temos a expectativa de que o processo de venda por quem tem o direito de vender seja conclu\u00eddo com sucesso e isso significaria a entrada de um s\u00f3cio com capacidade financeira para podermos iniciar uma vida de estabilidade\u201d, referiu.<br \/>\nNo entanto, \u201cse o Montepio n\u00e3o conseguir proceder \u00e0 venda, o Estado ou a TAP encontrar\u00e3o uma solu\u00e7\u00e3o\u201d, garantiu o governante.<br \/>\nPara Paulo Neto Leite, a exist\u00eancia desta solu\u00e7\u00e3o do Governo \u00e9 algo \u201cexcelente\u201d. \u201cA TAP precisa da Groundforce, o turismo precisa da Groundforce e o PIB precisa da Groundforce\u201d, salientou.<br \/>\n\u201cN\u00e3o podemos estar ref\u00e9ns da opini\u00e3o e dos desejos de uma pessoa que nuns dias quer uma coisa e noutros quer outra\u201d, referiu, indicando que as declara\u00e7\u00f5es de Pedro Nuno Santos mostram que \u201ch\u00e1 varias op\u00e7\u00f5es\u201d.<br \/>\nQuanto \u00e0s d\u00edvidas que a empresa tem para com a ANA, que j\u00e1 motivaram a gestora a avisar que poder\u00e1 avan\u00e7ar com a revoga\u00e7\u00e3o de licen\u00e7as, Paulo Neto Leite disse que \u201cuma empresa n\u00e3o pode sobreviver apenas pagando sal\u00e1rios, os fornecedores tamb\u00e9m t\u00eam eles pr\u00f3prios sal\u00e1rios para pagar, tem de haver um enquadramento para que a empresa tenha viabilidade\u201d.<br \/>\nPor\u00e9m, esta ter\u00e7a-feira, o ministro das Infraestruturas voltou a afastar a hip\u00f3tese de nacionalizar a Groundforce. \u201cA nacionaliza\u00e7\u00e3o n\u00e3o era e continua a n\u00e3o ser hoje uma boa op\u00e7\u00e3o\u201c, sublinhou.<br \/>\nA Groundforce \u00e9 detida em 50,1% pela Pasogal e em 49,9% pelo grupo TAP, que, em 2020, passou a ser detido em 72,5% pelo Estado portugu\u00eas.<\/p>\n<p>\n<!--noindex--><br \/>\n<a href=\"https:\/\/zap.aeiou.pt\/ex-ceo-groundforce-integra-grupo-oferta-montepio-418973\" rel=\"nofollow\">Source link <\/a><br \/>\n<!--\/noindex--><\/p>\n","protected":false},"excerpt":{"rendered":"<p>(dr) Groundforce O antigo presidente executivo da Groundforce integra um grupo que fez uma oferta pelas a\u00e7\u00f5es da empresa de handling ao Montepio, mantendo o interesse na empresa. \u201cEst\u00e1 um processo a decorrer e eu entendo que todas as partes est\u00e3o focadas em que exista um player internacional\u201d, indicou Paulo Neto Leite, em declara\u00e7\u00f5es \u00e0 [&hellip;]<\/p>\n","protected":false},"author":2,"featured_media":9508,"comment_status":"open","ping_status":"open","sticky":false,"template":"","format":"standard","meta":{"footnotes":""},"categories":[1],"tags":[],"class_list":["post-10840","post","type-post","status-publish","format-standard","has-post-thumbnail","hentry","category-noticias-financeiras"],"yoast_head":"<!-- This site is optimized with the Yoast SEO plugin v27.4 - https:\/\/yoast.com\/product\/yoast-seo-wordpress\/ -->\n<title>Ex-CEO da Groundforce integra grupo que fez oferta ao Montepio - Favorite News<\/title>\n<meta name=\"robots\" content=\"index, follow, max-snippet:-1, max-image-preview:large, max-video-preview:-1\" \/>\n<link rel=\"canonical\" href=\"https:\/\/favorite-news.com\/pt\/ex-ceo-da-groundforce-integra-grupo-que-fez-oferta-ao-montepio\/\" \/>\n<meta property=\"og:locale\" content=\"pt_PT\" \/>\n<meta property=\"og:type\" content=\"article\" \/>\n<meta property=\"og:title\" content=\"Ex-CEO da Groundforce integra grupo que fez oferta ao Montepio - Favorite News\" \/>\n<meta property=\"og:description\" content=\"(dr) Groundforce O antigo presidente executivo da Groundforce integra um grupo que fez uma oferta pelas a\u00e7\u00f5es da empresa de handling ao Montepio, mantendo o interesse na empresa. \u201cEst\u00e1 um processo a decorrer e eu entendo que todas as partes est\u00e3o focadas em que exista um player internacional\u201d, indicou Paulo Neto Leite, em declara\u00e7\u00f5es \u00e0 [&hellip;]\" \/>\n<meta property=\"og:url\" content=\"https:\/\/favorite-news.com\/pt\/ex-ceo-da-groundforce-integra-grupo-que-fez-oferta-ao-montepio\/\" \/>\n<meta property=\"og:site_name\" content=\"Favorite News\" \/>\n<meta property=\"article:published_time\" content=\"2021-07-21T09:41:50+00:00\" \/>\n<meta property=\"article:modified_time\" content=\"2021-07-21T09:41:52+00:00\" \/>\n<meta property=\"og:image\" content=\"https:\/\/favorite-news.com\/pt\/wp-content\/uploads\/sites\/2\/2021\/03\/Ja-ha-interessados-na-compra-da-maioria-do-capital-da.jpg\" \/>\n\t<meta property=\"og:image:width\" content=\"1500\" \/>\n\t<meta property=\"og:image:height\" content=\"1000\" \/>\n\t<meta property=\"og:image:type\" content=\"image\/jpeg\" \/>\n<meta name=\"author\" content=\"favorite-news\" \/>\n<meta name=\"twitter:card\" content=\"summary_large_image\" \/>\n<meta name=\"twitter:label1\" content=\"Escrito por\" \/>\n\t<meta name=\"twitter:data1\" content=\"favorite-news\" \/>\n\t<meta name=\"twitter:label2\" content=\"Tempo estimado de leitura\" \/>\n\t<meta name=\"twitter:data2\" content=\"3 minutos\" \/>\n<script type=\"application\/ld+json\" class=\"yoast-schema-graph\">{\"@context\":\"https:\\\/\\\/schema.org\",\"@graph\":[{\"@type\":\"Article\",\"@id\":\"https:\\\/\\\/favorite-news.com\\\/pt\\\/ex-ceo-da-groundforce-integra-grupo-que-fez-oferta-ao-montepio\\\/#article\",\"isPartOf\":{\"@id\":\"https:\\\/\\\/favorite-news.com\\\/pt\\\/ex-ceo-da-groundforce-integra-grupo-que-fez-oferta-ao-montepio\\\/\"},\"author\":{\"name\":\"favorite-news\",\"@id\":\"https:\\\/\\\/favorite-news.com\\\/pt\\\/#\\\/schema\\\/person\\\/b91573b717dcfa5e4696032a9d28d3e8\"},\"headline\":\"Ex-CEO da Groundforce integra grupo que fez oferta ao Montepio\",\"datePublished\":\"2021-07-21T09:41:50+00:00\",\"dateModified\":\"2021-07-21T09:41:52+00:00\",\"mainEntityOfPage\":{\"@id\":\"https:\\\/\\\/favorite-news.com\\\/pt\\\/ex-ceo-da-groundforce-integra-grupo-que-fez-oferta-ao-montepio\\\/\"},\"wordCount\":549,\"commentCount\":0,\"image\":{\"@id\":\"https:\\\/\\\/favorite-news.com\\\/pt\\\/ex-ceo-da-groundforce-integra-grupo-que-fez-oferta-ao-montepio\\\/#primaryimage\"},\"thumbnailUrl\":\"https:\\\/\\\/favorite-news.com\\\/pt\\\/wp-content\\\/uploads\\\/sites\\\/2\\\/2021\\\/03\\\/Ja-ha-interessados-na-compra-da-maioria-do-capital-da.jpg\",\"articleSection\":[\"NOT\u00cdCIAS FINANCEIRAS\"],\"inLanguage\":\"pt-PT\",\"potentialAction\":[{\"@type\":\"CommentAction\",\"name\":\"Comment\",\"target\":[\"https:\\\/\\\/favorite-news.com\\\/pt\\\/ex-ceo-da-groundforce-integra-grupo-que-fez-oferta-ao-montepio\\\/#respond\"]}]},{\"@type\":\"WebPage\",\"@id\":\"https:\\\/\\\/favorite-news.com\\\/pt\\\/ex-ceo-da-groundforce-integra-grupo-que-fez-oferta-ao-montepio\\\/\",\"url\":\"https:\\\/\\\/favorite-news.com\\\/pt\\\/ex-ceo-da-groundforce-integra-grupo-que-fez-oferta-ao-montepio\\\/\",\"name\":\"Ex-CEO da Groundforce integra grupo que fez oferta ao Montepio - Favorite News\",\"isPartOf\":{\"@id\":\"https:\\\/\\\/favorite-news.com\\\/pt\\\/#website\"},\"primaryImageOfPage\":{\"@id\":\"https:\\\/\\\/favorite-news.com\\\/pt\\\/ex-ceo-da-groundforce-integra-grupo-que-fez-oferta-ao-montepio\\\/#primaryimage\"},\"image\":{\"@id\":\"https:\\\/\\\/favorite-news.com\\\/pt\\\/ex-ceo-da-groundforce-integra-grupo-que-fez-oferta-ao-montepio\\\/#primaryimage\"},\"thumbnailUrl\":\"https:\\\/\\\/favorite-news.com\\\/pt\\\/wp-content\\\/uploads\\\/sites\\\/2\\\/2021\\\/03\\\/Ja-ha-interessados-na-compra-da-maioria-do-capital-da.jpg\",\"datePublished\":\"2021-07-21T09:41:50+00:00\",\"dateModified\":\"2021-07-21T09:41:52+00:00\",\"author\":{\"@id\":\"https:\\\/\\\/favorite-news.com\\\/pt\\\/#\\\/schema\\\/person\\\/b91573b717dcfa5e4696032a9d28d3e8\"},\"breadcrumb\":{\"@id\":\"https:\\\/\\\/favorite-news.com\\\/pt\\\/ex-ceo-da-groundforce-integra-grupo-que-fez-oferta-ao-montepio\\\/#breadcrumb\"},\"inLanguage\":\"pt-PT\",\"potentialAction\":[{\"@type\":\"ReadAction\",\"target\":[\"https:\\\/\\\/favorite-news.com\\\/pt\\\/ex-ceo-da-groundforce-integra-grupo-que-fez-oferta-ao-montepio\\\/\"]}]},{\"@type\":\"ImageObject\",\"inLanguage\":\"pt-PT\",\"@id\":\"https:\\\/\\\/favorite-news.com\\\/pt\\\/ex-ceo-da-groundforce-integra-grupo-que-fez-oferta-ao-montepio\\\/#primaryimage\",\"url\":\"https:\\\/\\\/favorite-news.com\\\/pt\\\/wp-content\\\/uploads\\\/sites\\\/2\\\/2021\\\/03\\\/Ja-ha-interessados-na-compra-da-maioria-do-capital-da.jpg\",\"contentUrl\":\"https:\\\/\\\/favorite-news.com\\\/pt\\\/wp-content\\\/uploads\\\/sites\\\/2\\\/2021\\\/03\\\/Ja-ha-interessados-na-compra-da-maioria-do-capital-da.jpg\",\"width\":1500,\"height\":1000,\"caption\":\"J\u00e1 h\u00e1 interessados na compra da maioria do capital da Groundforce - ZAP\"},{\"@type\":\"BreadcrumbList\",\"@id\":\"https:\\\/\\\/favorite-news.com\\\/pt\\\/ex-ceo-da-groundforce-integra-grupo-que-fez-oferta-ao-montepio\\\/#breadcrumb\",\"itemListElement\":[{\"@type\":\"ListItem\",\"position\":1,\"name\":\"Home\",\"item\":\"https:\\\/\\\/favorite-news.com\\\/pt\\\/\"},{\"@type\":\"ListItem\",\"position\":2,\"name\":\"Ex-CEO da Groundforce integra grupo que fez oferta ao Montepio\"}]},{\"@type\":\"WebSite\",\"@id\":\"https:\\\/\\\/favorite-news.com\\\/pt\\\/#website\",\"url\":\"https:\\\/\\\/favorite-news.com\\\/pt\\\/\",\"name\":\"Favorite News\",\"description\":\"Favorite News Portugal\",\"potentialAction\":[{\"@type\":\"SearchAction\",\"target\":{\"@type\":\"EntryPoint\",\"urlTemplate\":\"https:\\\/\\\/favorite-news.com\\\/pt\\\/?s={search_term_string}\"},\"query-input\":{\"@type\":\"PropertyValueSpecification\",\"valueRequired\":true,\"valueName\":\"search_term_string\"}}],\"inLanguage\":\"pt-PT\"},{\"@type\":\"Person\",\"@id\":\"https:\\\/\\\/favorite-news.com\\\/pt\\\/#\\\/schema\\\/person\\\/b91573b717dcfa5e4696032a9d28d3e8\",\"name\":\"favorite-news\",\"image\":{\"@type\":\"ImageObject\",\"inLanguage\":\"pt-PT\",\"@id\":\"https:\\\/\\\/secure.gravatar.com\\\/avatar\\\/6c5a5cb12b74e9d517ee91cf570335b7d16177f1977cc91db161adfa435945a7?s=96&d=mm&r=g\",\"url\":\"https:\\\/\\\/secure.gravatar.com\\\/avatar\\\/6c5a5cb12b74e9d517ee91cf570335b7d16177f1977cc91db161adfa435945a7?s=96&d=mm&r=g\",\"contentUrl\":\"https:\\\/\\\/secure.gravatar.com\\\/avatar\\\/6c5a5cb12b74e9d517ee91cf570335b7d16177f1977cc91db161adfa435945a7?s=96&d=mm&r=g\",\"caption\":\"favorite-news\"},\"url\":\"https:\\\/\\\/favorite-news.com\\\/pt\\\/author\\\/pt\\\/\"}]}<\/script>\n<!-- \/ Yoast SEO plugin. -->","yoast_head_json":{"title":"Ex-CEO da Groundforce integra grupo que fez oferta ao Montepio - Favorite News","robots":{"index":"index","follow":"follow","max-snippet":"max-snippet:-1","max-image-preview":"max-image-preview:large","max-video-preview":"max-video-preview:-1"},"canonical":"https:\/\/favorite-news.com\/pt\/ex-ceo-da-groundforce-integra-grupo-que-fez-oferta-ao-montepio\/","og_locale":"pt_PT","og_type":"article","og_title":"Ex-CEO da Groundforce integra grupo que fez oferta ao Montepio - Favorite News","og_description":"(dr) Groundforce O antigo presidente executivo da Groundforce integra um grupo que fez uma oferta pelas a\u00e7\u00f5es da empresa de handling ao Montepio, mantendo o interesse na empresa. \u201cEst\u00e1 um processo a decorrer e eu entendo que todas as partes est\u00e3o focadas em que exista um player internacional\u201d, indicou Paulo Neto Leite, em declara\u00e7\u00f5es \u00e0 [&hellip;]","og_url":"https:\/\/favorite-news.com\/pt\/ex-ceo-da-groundforce-integra-grupo-que-fez-oferta-ao-montepio\/","og_site_name":"Favorite News","article_published_time":"2021-07-21T09:41:50+00:00","article_modified_time":"2021-07-21T09:41:52+00:00","og_image":[{"width":1500,"height":1000,"url":"https:\/\/favorite-news.com\/pt\/wp-content\/uploads\/sites\/2\/2021\/03\/Ja-ha-interessados-na-compra-da-maioria-do-capital-da.jpg","type":"image\/jpeg"}],"author":"favorite-news","twitter_card":"summary_large_image","twitter_misc":{"Escrito por":"favorite-news","Tempo estimado de leitura":"3 minutos"},"schema":{"@context":"https:\/\/schema.org","@graph":[{"@type":"Article","@id":"https:\/\/favorite-news.com\/pt\/ex-ceo-da-groundforce-integra-grupo-que-fez-oferta-ao-montepio\/#article","isPartOf":{"@id":"https:\/\/favorite-news.com\/pt\/ex-ceo-da-groundforce-integra-grupo-que-fez-oferta-ao-montepio\/"},"author":{"name":"favorite-news","@id":"https:\/\/favorite-news.com\/pt\/#\/schema\/person\/b91573b717dcfa5e4696032a9d28d3e8"},"headline":"Ex-CEO da Groundforce integra grupo que fez oferta ao Montepio","datePublished":"2021-07-21T09:41:50+00:00","dateModified":"2021-07-21T09:41:52+00:00","mainEntityOfPage":{"@id":"https:\/\/favorite-news.com\/pt\/ex-ceo-da-groundforce-integra-grupo-que-fez-oferta-ao-montepio\/"},"wordCount":549,"commentCount":0,"image":{"@id":"https:\/\/favorite-news.com\/pt\/ex-ceo-da-groundforce-integra-grupo-que-fez-oferta-ao-montepio\/#primaryimage"},"thumbnailUrl":"https:\/\/favorite-news.com\/pt\/wp-content\/uploads\/sites\/2\/2021\/03\/Ja-ha-interessados-na-compra-da-maioria-do-capital-da.jpg","articleSection":["NOT\u00cdCIAS FINANCEIRAS"],"inLanguage":"pt-PT","potentialAction":[{"@type":"CommentAction","name":"Comment","target":["https:\/\/favorite-news.com\/pt\/ex-ceo-da-groundforce-integra-grupo-que-fez-oferta-ao-montepio\/#respond"]}]},{"@type":"WebPage","@id":"https:\/\/favorite-news.com\/pt\/ex-ceo-da-groundforce-integra-grupo-que-fez-oferta-ao-montepio\/","url":"https:\/\/favorite-news.com\/pt\/ex-ceo-da-groundforce-integra-grupo-que-fez-oferta-ao-montepio\/","name":"Ex-CEO da Groundforce integra grupo que fez oferta ao Montepio - Favorite News","isPartOf":{"@id":"https:\/\/favorite-news.com\/pt\/#website"},"primaryImageOfPage":{"@id":"https:\/\/favorite-news.com\/pt\/ex-ceo-da-groundforce-integra-grupo-que-fez-oferta-ao-montepio\/#primaryimage"},"image":{"@id":"https:\/\/favorite-news.com\/pt\/ex-ceo-da-groundforce-integra-grupo-que-fez-oferta-ao-montepio\/#primaryimage"},"thumbnailUrl":"https:\/\/favorite-news.com\/pt\/wp-content\/uploads\/sites\/2\/2021\/03\/Ja-ha-interessados-na-compra-da-maioria-do-capital-da.jpg","datePublished":"2021-07-21T09:41:50+00:00","dateModified":"2021-07-21T09:41:52+00:00","author":{"@id":"https:\/\/favorite-news.com\/pt\/#\/schema\/person\/b91573b717dcfa5e4696032a9d28d3e8"},"breadcrumb":{"@id":"https:\/\/favorite-news.com\/pt\/ex-ceo-da-groundforce-integra-grupo-que-fez-oferta-ao-montepio\/#breadcrumb"},"inLanguage":"pt-PT","potentialAction":[{"@type":"ReadAction","target":["https:\/\/favorite-news.com\/pt\/ex-ceo-da-groundforce-integra-grupo-que-fez-oferta-ao-montepio\/"]}]},{"@type":"ImageObject","inLanguage":"pt-PT","@id":"https:\/\/favorite-news.com\/pt\/ex-ceo-da-groundforce-integra-grupo-que-fez-oferta-ao-montepio\/#primaryimage","url":"https:\/\/favorite-news.com\/pt\/wp-content\/uploads\/sites\/2\/2021\/03\/Ja-ha-interessados-na-compra-da-maioria-do-capital-da.jpg","contentUrl":"https:\/\/favorite-news.com\/pt\/wp-content\/uploads\/sites\/2\/2021\/03\/Ja-ha-interessados-na-compra-da-maioria-do-capital-da.jpg","width":1500,"height":1000,"caption":"J\u00e1 h\u00e1 interessados na compra da maioria do capital da Groundforce - ZAP"},{"@type":"BreadcrumbList","@id":"https:\/\/favorite-news.com\/pt\/ex-ceo-da-groundforce-integra-grupo-que-fez-oferta-ao-montepio\/#breadcrumb","itemListElement":[{"@type":"ListItem","position":1,"name":"Home","item":"https:\/\/favorite-news.com\/pt\/"},{"@type":"ListItem","position":2,"name":"Ex-CEO da Groundforce integra grupo que fez oferta ao Montepio"}]},{"@type":"WebSite","@id":"https:\/\/favorite-news.com\/pt\/#website","url":"https:\/\/favorite-news.com\/pt\/","name":"Favorite News","description":"Favorite News Portugal","potentialAction":[{"@type":"SearchAction","target":{"@type":"EntryPoint","urlTemplate":"https:\/\/favorite-news.com\/pt\/?s={search_term_string}"},"query-input":{"@type":"PropertyValueSpecification","valueRequired":true,"valueName":"search_term_string"}}],"inLanguage":"pt-PT"},{"@type":"Person","@id":"https:\/\/favorite-news.com\/pt\/#\/schema\/person\/b91573b717dcfa5e4696032a9d28d3e8","name":"favorite-news","image":{"@type":"ImageObject","inLanguage":"pt-PT","@id":"https:\/\/secure.gravatar.com\/avatar\/6c5a5cb12b74e9d517ee91cf570335b7d16177f1977cc91db161adfa435945a7?s=96&d=mm&r=g","url":"https:\/\/secure.gravatar.com\/avatar\/6c5a5cb12b74e9d517ee91cf570335b7d16177f1977cc91db161adfa435945a7?s=96&d=mm&r=g","contentUrl":"https:\/\/secure.gravatar.com\/avatar\/6c5a5cb12b74e9d517ee91cf570335b7d16177f1977cc91db161adfa435945a7?s=96&d=mm&r=g","caption":"favorite-news"},"url":"https:\/\/favorite-news.com\/pt\/author\/pt\/"}]}},"_links":{"self":[{"href":"https:\/\/favorite-news.com\/pt\/wp-json\/wp\/v2\/posts\/10840","targetHints":{"allow":["GET"]}}],"collection":[{"href":"https:\/\/favorite-news.com\/pt\/wp-json\/wp\/v2\/posts"}],"about":[{"href":"https:\/\/favorite-news.com\/pt\/wp-json\/wp\/v2\/types\/post"}],"author":[{"embeddable":true,"href":"https:\/\/favorite-news.com\/pt\/wp-json\/wp\/v2\/users\/2"}],"replies":[{"embeddable":true,"href":"https:\/\/favorite-news.com\/pt\/wp-json\/wp\/v2\/comments?post=10840"}],"version-history":[{"count":1,"href":"https:\/\/favorite-news.com\/pt\/wp-json\/wp\/v2\/posts\/10840\/revisions"}],"predecessor-version":[{"id":10841,"href":"https:\/\/favorite-news.com\/pt\/wp-json\/wp\/v2\/posts\/10840\/revisions\/10841"}],"wp:featuredmedia":[{"embeddable":true,"href":"https:\/\/favorite-news.com\/pt\/wp-json\/wp\/v2\/media\/9508"}],"wp:attachment":[{"href":"https:\/\/favorite-news.com\/pt\/wp-json\/wp\/v2\/media?parent=10840"}],"wp:term":[{"taxonomy":"category","embeddable":true,"href":"https:\/\/favorite-news.com\/pt\/wp-json\/wp\/v2\/categories?post=10840"},{"taxonomy":"post_tag","embeddable":true,"href":"https:\/\/favorite-news.com\/pt\/wp-json\/wp\/v2\/tags?post=10840"}],"curies":[{"name":"wp","href":"https:\/\/api.w.org\/{rel}","templated":true}]}}