{"id":10830,"date":"2021-07-20T12:33:40","date_gmt":"2021-07-20T09:33:40","guid":{"rendered":"https:\/\/favorite-news.com\/pt\/dividas-da-groundforce-a-ana-ultrapassam-os-13m-montepio-passa-a-principal-acionista\/"},"modified":"2021-07-20T12:33:42","modified_gmt":"2021-07-20T09:33:42","slug":"dividas-da-groundforce-a-ana-ultrapassam-os-13m-montepio-passa-a-principal-acionista","status":"publish","type":"post","link":"https:\/\/favorite-news.com\/pt\/dividas-da-groundforce-a-ana-ultrapassam-os-13m-montepio-passa-a-principal-acionista\/","title":{"rendered":"D\u00edvidas da Groundforce \u00e0 ANA ultrapassam os 13M. Montepio passa a principal acionista"},"content":{"rendered":"<p>Eric Salard \/ Wikimedia<br \/>\nA Groundforce acumula, desde mar\u00e7o de 2020, uma d\u00edvida de 13 milh\u00f5es de euros \u00e0 ANA \u2013 Aeroportos de Portugal em taxas de ocupa\u00e7\u00e3o em todos os aeroportos da rede nacional.<\/p>\n<p>\u201cA Groundforce ocupa espa\u00e7os de dom\u00ednio p\u00fablico aeroportu\u00e1rio pelos quais s\u00e3o devidas taxas conforme legisla\u00e7\u00e3o em vigor\u201d, explicou fonte oficial da gestora \u00e0 ag\u00eancia Lusa, recordando que \u201ca ocupa\u00e7\u00e3o destes espa\u00e7os est\u00e1 sujeita a licen\u00e7a\u201d.<br \/>\n\u201cDevido ao n\u00e3o-pagamento desde mar\u00e7o de 2020, e ap\u00f3s esgotadas todas as vias para recebimento dos valores em d\u00edvida em todos aeroportos da rede ANA, superiores a 13\u00a0milh\u00f5es de euros, a ANA v\u00ea-se obrigada a tomar medidas legalmente previstas, com vista \u00e0 regulariza\u00e7\u00e3o da situa\u00e7\u00e3o\u201d, indicou a mesma fonte.<br \/>\n\u201cNeste sentido, atuando de forma progressiva, a ANA confirma que enviou no dia 7 de julho uma proposta de delibera\u00e7\u00e3o para revoga\u00e7\u00e3o da licen\u00e7a de ocupa\u00e7\u00e3o dos espa\u00e7os, nos aeroportos de Faro e da Madeira, sobre a qual ainda aguarda resposta por parte da Groundforce\u201d, referiu a mesma fonte.<\/p>\n<p>Esta segunda-feira, a Lusa j\u00e1 tinha noticiado que a ANA vai avan\u00e7ar com a revoga\u00e7\u00e3o de uma licen\u00e7a de ocupa\u00e7\u00e3o da Groundforce, alegando que a empresa de handling deve 769,6\u00a0mil euros em taxas de ocupa\u00e7\u00e3o.<\/p>\n<p>Entretanto, o jornal online ECO avan\u00e7a, esta ter\u00e7a-feira, que o\u00a0ju\u00edzo central c\u00edvel de Lisboa considerou \u201cimprocedente\u201d uma provid\u00eancia cautelar interposta pelo dono da Pasogal, Alfredo Casimiro, para impedir o Montepio de controlar a Groundforce.<br \/>\nDesta forma, o banco, que tinha contratado o Bison Bank para organizar um leil\u00e3o das a\u00e7\u00f5es detidas pelo empres\u00e1rio e que est\u00e3o penhoradas, j\u00e1 poder\u00e1 vend\u00ea-las. O mesmo jornal digital adianta que o banco de investimento j\u00e1 recebeu propostas n\u00e3o vinculativas e que \u00e9 quase certo que ser\u00e1 um operador europeu a ficar com elas, estando na calha a Swissport ou a Aviapartner.<br \/>\nTal como recorda o ECO, este \u00e9 um processo que se tornou ainda mais urgente, depois de um fim-de-semana em que mais de metade dos voos previstos foram cancelados por causa da greve dos trabalhadores da empresa de handling.<br \/>\nEsta segunda-feira, o Presidente da Rep\u00fablica criticou a Groundforce, considerando que tem havido \u201cobstina\u00e7\u00e3o\u201d por parte da empresa em geral e de alguns respons\u00e1veis em particular, mas declarou-se confiante de que o Governo encontrar\u00e1 uma solu\u00e7\u00e3o em breve.<br \/>\n\u201cNaturalmente que me preocupa a posi\u00e7\u00e3o, a obstina\u00e7\u00e3o que tem havido da Groundforce em geral, e em particular de alguns dos respons\u00e1veis da Groundforce, porque est\u00e3o a prejudicar o pa\u00eds\u201d, afirmou Marcelo Rebelo de Sousa.<br \/>\n\u201cTenho a certeza de que o Governo est\u00e1 a fazer tudo o que pode, mas h\u00e1 coisas que demoram tempo a p\u00f4r de p\u00e9. Vamos ver, vamos esperar mais uns dias\u201d, acrescentou.<br \/>\n\u201cCompreendo o que o Governo est\u00e1 a fazer, permanentemente, para encontrar uma solu\u00e7\u00e3o. J\u00e1 foram tentadas v\u00e1rias vias. Tenho pena que a Groundforce n\u00e3o tenha facilitado e, dentro dela, alguns respons\u00e1veis da Groundforce n\u00e3o tenham facilitado isso. Mas tenho a certeza de que muito brevemente o Governo encontrar\u00e1 uma solu\u00e7\u00e3o que permita desbloquear o que est\u00e1 a ser muito mau para o turismo nacional\u201d, declarou.<br \/>\nA Groundforce \u00e9 detida em 50,1% pela Pasogal e em 49,9% pelo grupo TAP, que, em 2020, passou a ser detido em 72,5% pelo Estado portugu\u00eas.<\/p>\n<p>\n<!--noindex--><br \/>\n<a href=\"https:\/\/zap.aeiou.pt\/dividas-groundforce-ana-13-milhoes-418636\" rel=\"nofollow\">Source link <\/a><br \/>\n<!--\/noindex--><\/p>\n","protected":false},"excerpt":{"rendered":"<p>Eric Salard \/ Wikimedia A Groundforce acumula, desde mar\u00e7o de 2020, uma d\u00edvida de 13 milh\u00f5es de euros \u00e0 ANA \u2013 Aeroportos de Portugal em taxas de ocupa\u00e7\u00e3o em todos os aeroportos da rede nacional. \u201cA Groundforce ocupa espa\u00e7os de dom\u00ednio p\u00fablico aeroportu\u00e1rio pelos quais s\u00e3o devidas taxas conforme legisla\u00e7\u00e3o em vigor\u201d, explicou fonte oficial [&hellip;]<\/p>\n","protected":false},"author":2,"featured_media":9198,"comment_status":"open","ping_status":"open","sticky":false,"template":"","format":"standard","meta":{"footnotes":""},"categories":[1],"tags":[],"class_list":["post-10830","post","type-post","status-publish","format-standard","has-post-thumbnail","hentry","category-noticias-financeiras"],"yoast_head":"<!-- This site is optimized with the Yoast SEO plugin v27.4 - https:\/\/yoast.com\/product\/yoast-seo-wordpress\/ -->\n<title>D\u00edvidas da Groundforce \u00e0 ANA ultrapassam os 13M. Montepio passa a principal acionista - Favorite News<\/title>\n<meta name=\"robots\" content=\"index, follow, max-snippet:-1, max-image-preview:large, max-video-preview:-1\" \/>\n<link rel=\"canonical\" href=\"https:\/\/favorite-news.com\/pt\/dividas-da-groundforce-a-ana-ultrapassam-os-13m-montepio-passa-a-principal-acionista\/\" \/>\n<meta property=\"og:locale\" content=\"pt_PT\" \/>\n<meta property=\"og:type\" content=\"article\" \/>\n<meta property=\"og:title\" content=\"D\u00edvidas da Groundforce \u00e0 ANA ultrapassam os 13M. Montepio passa a principal acionista - Favorite News\" \/>\n<meta property=\"og:description\" content=\"Eric Salard \/ Wikimedia A Groundforce acumula, desde mar\u00e7o de 2020, uma d\u00edvida de 13 milh\u00f5es de euros \u00e0 ANA \u2013 Aeroportos de Portugal em taxas de ocupa\u00e7\u00e3o em todos os aeroportos da rede nacional. \u201cA Groundforce ocupa espa\u00e7os de dom\u00ednio p\u00fablico aeroportu\u00e1rio pelos quais s\u00e3o devidas taxas conforme legisla\u00e7\u00e3o em vigor\u201d, explicou fonte oficial [&hellip;]\" \/>\n<meta property=\"og:url\" content=\"https:\/\/favorite-news.com\/pt\/dividas-da-groundforce-a-ana-ultrapassam-os-13m-montepio-passa-a-principal-acionista\/\" \/>\n<meta property=\"og:site_name\" content=\"Favorite News\" \/>\n<meta property=\"article:published_time\" content=\"2021-07-20T09:33:40+00:00\" \/>\n<meta property=\"article:modified_time\" content=\"2021-07-20T09:33:42+00:00\" \/>\n<meta property=\"og:image\" content=\"https:\/\/favorite-news.com\/pt\/wp-content\/uploads\/sites\/2\/2021\/03\/TAP-propoe-adiantar-dois-milhoes-a-Groundforce-em-troca-da.jpg\" \/>\n\t<meta property=\"og:image:width\" content=\"1024\" \/>\n\t<meta property=\"og:image:height\" content=\"683\" \/>\n\t<meta property=\"og:image:type\" content=\"image\/jpeg\" \/>\n<meta name=\"author\" content=\"favorite-news\" \/>\n<meta name=\"twitter:card\" content=\"summary_large_image\" \/>\n<meta name=\"twitter:label1\" content=\"Escrito por\" \/>\n\t<meta name=\"twitter:data1\" content=\"favorite-news\" \/>\n\t<meta name=\"twitter:label2\" content=\"Tempo estimado de leitura\" \/>\n\t<meta name=\"twitter:data2\" content=\"3 minutos\" \/>\n<script type=\"application\/ld+json\" class=\"yoast-schema-graph\">{\"@context\":\"https:\\\/\\\/schema.org\",\"@graph\":[{\"@type\":\"Article\",\"@id\":\"https:\\\/\\\/favorite-news.com\\\/pt\\\/dividas-da-groundforce-a-ana-ultrapassam-os-13m-montepio-passa-a-principal-acionista\\\/#article\",\"isPartOf\":{\"@id\":\"https:\\\/\\\/favorite-news.com\\\/pt\\\/dividas-da-groundforce-a-ana-ultrapassam-os-13m-montepio-passa-a-principal-acionista\\\/\"},\"author\":{\"name\":\"favorite-news\",\"@id\":\"https:\\\/\\\/favorite-news.com\\\/pt\\\/#\\\/schema\\\/person\\\/b91573b717dcfa5e4696032a9d28d3e8\"},\"headline\":\"D\u00edvidas da Groundforce \u00e0 ANA ultrapassam os 13M. Montepio passa a principal acionista\",\"datePublished\":\"2021-07-20T09:33:40+00:00\",\"dateModified\":\"2021-07-20T09:33:42+00:00\",\"mainEntityOfPage\":{\"@id\":\"https:\\\/\\\/favorite-news.com\\\/pt\\\/dividas-da-groundforce-a-ana-ultrapassam-os-13m-montepio-passa-a-principal-acionista\\\/\"},\"wordCount\":595,\"commentCount\":0,\"image\":{\"@id\":\"https:\\\/\\\/favorite-news.com\\\/pt\\\/dividas-da-groundforce-a-ana-ultrapassam-os-13m-montepio-passa-a-principal-acionista\\\/#primaryimage\"},\"thumbnailUrl\":\"https:\\\/\\\/favorite-news.com\\\/pt\\\/wp-content\\\/uploads\\\/sites\\\/2\\\/2021\\\/03\\\/TAP-propoe-adiantar-dois-milhoes-a-Groundforce-em-troca-da.jpg\",\"articleSection\":[\"NOT\u00cdCIAS FINANCEIRAS\"],\"inLanguage\":\"pt-PT\",\"potentialAction\":[{\"@type\":\"CommentAction\",\"name\":\"Comment\",\"target\":[\"https:\\\/\\\/favorite-news.com\\\/pt\\\/dividas-da-groundforce-a-ana-ultrapassam-os-13m-montepio-passa-a-principal-acionista\\\/#respond\"]}]},{\"@type\":\"WebPage\",\"@id\":\"https:\\\/\\\/favorite-news.com\\\/pt\\\/dividas-da-groundforce-a-ana-ultrapassam-os-13m-montepio-passa-a-principal-acionista\\\/\",\"url\":\"https:\\\/\\\/favorite-news.com\\\/pt\\\/dividas-da-groundforce-a-ana-ultrapassam-os-13m-montepio-passa-a-principal-acionista\\\/\",\"name\":\"D\u00edvidas da Groundforce \u00e0 ANA ultrapassam os 13M. Montepio passa a principal acionista - Favorite News\",\"isPartOf\":{\"@id\":\"https:\\\/\\\/favorite-news.com\\\/pt\\\/#website\"},\"primaryImageOfPage\":{\"@id\":\"https:\\\/\\\/favorite-news.com\\\/pt\\\/dividas-da-groundforce-a-ana-ultrapassam-os-13m-montepio-passa-a-principal-acionista\\\/#primaryimage\"},\"image\":{\"@id\":\"https:\\\/\\\/favorite-news.com\\\/pt\\\/dividas-da-groundforce-a-ana-ultrapassam-os-13m-montepio-passa-a-principal-acionista\\\/#primaryimage\"},\"thumbnailUrl\":\"https:\\\/\\\/favorite-news.com\\\/pt\\\/wp-content\\\/uploads\\\/sites\\\/2\\\/2021\\\/03\\\/TAP-propoe-adiantar-dois-milhoes-a-Groundforce-em-troca-da.jpg\",\"datePublished\":\"2021-07-20T09:33:40+00:00\",\"dateModified\":\"2021-07-20T09:33:42+00:00\",\"author\":{\"@id\":\"https:\\\/\\\/favorite-news.com\\\/pt\\\/#\\\/schema\\\/person\\\/b91573b717dcfa5e4696032a9d28d3e8\"},\"breadcrumb\":{\"@id\":\"https:\\\/\\\/favorite-news.com\\\/pt\\\/dividas-da-groundforce-a-ana-ultrapassam-os-13m-montepio-passa-a-principal-acionista\\\/#breadcrumb\"},\"inLanguage\":\"pt-PT\",\"potentialAction\":[{\"@type\":\"ReadAction\",\"target\":[\"https:\\\/\\\/favorite-news.com\\\/pt\\\/dividas-da-groundforce-a-ana-ultrapassam-os-13m-montepio-passa-a-principal-acionista\\\/\"]}]},{\"@type\":\"ImageObject\",\"inLanguage\":\"pt-PT\",\"@id\":\"https:\\\/\\\/favorite-news.com\\\/pt\\\/dividas-da-groundforce-a-ana-ultrapassam-os-13m-montepio-passa-a-principal-acionista\\\/#primaryimage\",\"url\":\"https:\\\/\\\/favorite-news.com\\\/pt\\\/wp-content\\\/uploads\\\/sites\\\/2\\\/2021\\\/03\\\/TAP-propoe-adiantar-dois-milhoes-a-Groundforce-em-troca-da.jpg\",\"contentUrl\":\"https:\\\/\\\/favorite-news.com\\\/pt\\\/wp-content\\\/uploads\\\/sites\\\/2\\\/2021\\\/03\\\/TAP-propoe-adiantar-dois-milhoes-a-Groundforce-em-troca-da.jpg\",\"width\":1024,\"height\":683,\"caption\":\"TAP prop\u00f5e adiantar dois milh\u00f5es \u00e0 Groundforce em troca da penhora da participa\u00e7\u00e3o da Pasogal - ZAP\"},{\"@type\":\"BreadcrumbList\",\"@id\":\"https:\\\/\\\/favorite-news.com\\\/pt\\\/dividas-da-groundforce-a-ana-ultrapassam-os-13m-montepio-passa-a-principal-acionista\\\/#breadcrumb\",\"itemListElement\":[{\"@type\":\"ListItem\",\"position\":1,\"name\":\"Home\",\"item\":\"https:\\\/\\\/favorite-news.com\\\/pt\\\/\"},{\"@type\":\"ListItem\",\"position\":2,\"name\":\"D\u00edvidas da Groundforce \u00e0 ANA ultrapassam os 13M. Montepio passa a principal acionista\"}]},{\"@type\":\"WebSite\",\"@id\":\"https:\\\/\\\/favorite-news.com\\\/pt\\\/#website\",\"url\":\"https:\\\/\\\/favorite-news.com\\\/pt\\\/\",\"name\":\"Favorite News\",\"description\":\"Favorite News Portugal\",\"potentialAction\":[{\"@type\":\"SearchAction\",\"target\":{\"@type\":\"EntryPoint\",\"urlTemplate\":\"https:\\\/\\\/favorite-news.com\\\/pt\\\/?s={search_term_string}\"},\"query-input\":{\"@type\":\"PropertyValueSpecification\",\"valueRequired\":true,\"valueName\":\"search_term_string\"}}],\"inLanguage\":\"pt-PT\"},{\"@type\":\"Person\",\"@id\":\"https:\\\/\\\/favorite-news.com\\\/pt\\\/#\\\/schema\\\/person\\\/b91573b717dcfa5e4696032a9d28d3e8\",\"name\":\"favorite-news\",\"image\":{\"@type\":\"ImageObject\",\"inLanguage\":\"pt-PT\",\"@id\":\"https:\\\/\\\/secure.gravatar.com\\\/avatar\\\/6c5a5cb12b74e9d517ee91cf570335b7d16177f1977cc91db161adfa435945a7?s=96&d=mm&r=g\",\"url\":\"https:\\\/\\\/secure.gravatar.com\\\/avatar\\\/6c5a5cb12b74e9d517ee91cf570335b7d16177f1977cc91db161adfa435945a7?s=96&d=mm&r=g\",\"contentUrl\":\"https:\\\/\\\/secure.gravatar.com\\\/avatar\\\/6c5a5cb12b74e9d517ee91cf570335b7d16177f1977cc91db161adfa435945a7?s=96&d=mm&r=g\",\"caption\":\"favorite-news\"},\"url\":\"https:\\\/\\\/favorite-news.com\\\/pt\\\/author\\\/pt\\\/\"}]}<\/script>\n<!-- \/ Yoast SEO plugin. -->","yoast_head_json":{"title":"D\u00edvidas da Groundforce \u00e0 ANA ultrapassam os 13M. Montepio passa a principal acionista - Favorite News","robots":{"index":"index","follow":"follow","max-snippet":"max-snippet:-1","max-image-preview":"max-image-preview:large","max-video-preview":"max-video-preview:-1"},"canonical":"https:\/\/favorite-news.com\/pt\/dividas-da-groundforce-a-ana-ultrapassam-os-13m-montepio-passa-a-principal-acionista\/","og_locale":"pt_PT","og_type":"article","og_title":"D\u00edvidas da Groundforce \u00e0 ANA ultrapassam os 13M. Montepio passa a principal acionista - Favorite News","og_description":"Eric Salard \/ Wikimedia A Groundforce acumula, desde mar\u00e7o de 2020, uma d\u00edvida de 13 milh\u00f5es de euros \u00e0 ANA \u2013 Aeroportos de Portugal em taxas de ocupa\u00e7\u00e3o em todos os aeroportos da rede nacional. \u201cA Groundforce ocupa espa\u00e7os de dom\u00ednio p\u00fablico aeroportu\u00e1rio pelos quais s\u00e3o devidas taxas conforme legisla\u00e7\u00e3o em vigor\u201d, explicou fonte oficial [&hellip;]","og_url":"https:\/\/favorite-news.com\/pt\/dividas-da-groundforce-a-ana-ultrapassam-os-13m-montepio-passa-a-principal-acionista\/","og_site_name":"Favorite News","article_published_time":"2021-07-20T09:33:40+00:00","article_modified_time":"2021-07-20T09:33:42+00:00","og_image":[{"width":1024,"height":683,"url":"https:\/\/favorite-news.com\/pt\/wp-content\/uploads\/sites\/2\/2021\/03\/TAP-propoe-adiantar-dois-milhoes-a-Groundforce-em-troca-da.jpg","type":"image\/jpeg"}],"author":"favorite-news","twitter_card":"summary_large_image","twitter_misc":{"Escrito por":"favorite-news","Tempo estimado de leitura":"3 minutos"},"schema":{"@context":"https:\/\/schema.org","@graph":[{"@type":"Article","@id":"https:\/\/favorite-news.com\/pt\/dividas-da-groundforce-a-ana-ultrapassam-os-13m-montepio-passa-a-principal-acionista\/#article","isPartOf":{"@id":"https:\/\/favorite-news.com\/pt\/dividas-da-groundforce-a-ana-ultrapassam-os-13m-montepio-passa-a-principal-acionista\/"},"author":{"name":"favorite-news","@id":"https:\/\/favorite-news.com\/pt\/#\/schema\/person\/b91573b717dcfa5e4696032a9d28d3e8"},"headline":"D\u00edvidas da Groundforce \u00e0 ANA ultrapassam os 13M. Montepio passa a principal acionista","datePublished":"2021-07-20T09:33:40+00:00","dateModified":"2021-07-20T09:33:42+00:00","mainEntityOfPage":{"@id":"https:\/\/favorite-news.com\/pt\/dividas-da-groundforce-a-ana-ultrapassam-os-13m-montepio-passa-a-principal-acionista\/"},"wordCount":595,"commentCount":0,"image":{"@id":"https:\/\/favorite-news.com\/pt\/dividas-da-groundforce-a-ana-ultrapassam-os-13m-montepio-passa-a-principal-acionista\/#primaryimage"},"thumbnailUrl":"https:\/\/favorite-news.com\/pt\/wp-content\/uploads\/sites\/2\/2021\/03\/TAP-propoe-adiantar-dois-milhoes-a-Groundforce-em-troca-da.jpg","articleSection":["NOT\u00cdCIAS FINANCEIRAS"],"inLanguage":"pt-PT","potentialAction":[{"@type":"CommentAction","name":"Comment","target":["https:\/\/favorite-news.com\/pt\/dividas-da-groundforce-a-ana-ultrapassam-os-13m-montepio-passa-a-principal-acionista\/#respond"]}]},{"@type":"WebPage","@id":"https:\/\/favorite-news.com\/pt\/dividas-da-groundforce-a-ana-ultrapassam-os-13m-montepio-passa-a-principal-acionista\/","url":"https:\/\/favorite-news.com\/pt\/dividas-da-groundforce-a-ana-ultrapassam-os-13m-montepio-passa-a-principal-acionista\/","name":"D\u00edvidas da Groundforce \u00e0 ANA ultrapassam os 13M. Montepio passa a principal acionista - Favorite News","isPartOf":{"@id":"https:\/\/favorite-news.com\/pt\/#website"},"primaryImageOfPage":{"@id":"https:\/\/favorite-news.com\/pt\/dividas-da-groundforce-a-ana-ultrapassam-os-13m-montepio-passa-a-principal-acionista\/#primaryimage"},"image":{"@id":"https:\/\/favorite-news.com\/pt\/dividas-da-groundforce-a-ana-ultrapassam-os-13m-montepio-passa-a-principal-acionista\/#primaryimage"},"thumbnailUrl":"https:\/\/favorite-news.com\/pt\/wp-content\/uploads\/sites\/2\/2021\/03\/TAP-propoe-adiantar-dois-milhoes-a-Groundforce-em-troca-da.jpg","datePublished":"2021-07-20T09:33:40+00:00","dateModified":"2021-07-20T09:33:42+00:00","author":{"@id":"https:\/\/favorite-news.com\/pt\/#\/schema\/person\/b91573b717dcfa5e4696032a9d28d3e8"},"breadcrumb":{"@id":"https:\/\/favorite-news.com\/pt\/dividas-da-groundforce-a-ana-ultrapassam-os-13m-montepio-passa-a-principal-acionista\/#breadcrumb"},"inLanguage":"pt-PT","potentialAction":[{"@type":"ReadAction","target":["https:\/\/favorite-news.com\/pt\/dividas-da-groundforce-a-ana-ultrapassam-os-13m-montepio-passa-a-principal-acionista\/"]}]},{"@type":"ImageObject","inLanguage":"pt-PT","@id":"https:\/\/favorite-news.com\/pt\/dividas-da-groundforce-a-ana-ultrapassam-os-13m-montepio-passa-a-principal-acionista\/#primaryimage","url":"https:\/\/favorite-news.com\/pt\/wp-content\/uploads\/sites\/2\/2021\/03\/TAP-propoe-adiantar-dois-milhoes-a-Groundforce-em-troca-da.jpg","contentUrl":"https:\/\/favorite-news.com\/pt\/wp-content\/uploads\/sites\/2\/2021\/03\/TAP-propoe-adiantar-dois-milhoes-a-Groundforce-em-troca-da.jpg","width":1024,"height":683,"caption":"TAP prop\u00f5e adiantar dois milh\u00f5es \u00e0 Groundforce em troca da penhora da participa\u00e7\u00e3o da Pasogal - ZAP"},{"@type":"BreadcrumbList","@id":"https:\/\/favorite-news.com\/pt\/dividas-da-groundforce-a-ana-ultrapassam-os-13m-montepio-passa-a-principal-acionista\/#breadcrumb","itemListElement":[{"@type":"ListItem","position":1,"name":"Home","item":"https:\/\/favorite-news.com\/pt\/"},{"@type":"ListItem","position":2,"name":"D\u00edvidas da Groundforce \u00e0 ANA ultrapassam os 13M. Montepio passa a principal acionista"}]},{"@type":"WebSite","@id":"https:\/\/favorite-news.com\/pt\/#website","url":"https:\/\/favorite-news.com\/pt\/","name":"Favorite News","description":"Favorite News Portugal","potentialAction":[{"@type":"SearchAction","target":{"@type":"EntryPoint","urlTemplate":"https:\/\/favorite-news.com\/pt\/?s={search_term_string}"},"query-input":{"@type":"PropertyValueSpecification","valueRequired":true,"valueName":"search_term_string"}}],"inLanguage":"pt-PT"},{"@type":"Person","@id":"https:\/\/favorite-news.com\/pt\/#\/schema\/person\/b91573b717dcfa5e4696032a9d28d3e8","name":"favorite-news","image":{"@type":"ImageObject","inLanguage":"pt-PT","@id":"https:\/\/secure.gravatar.com\/avatar\/6c5a5cb12b74e9d517ee91cf570335b7d16177f1977cc91db161adfa435945a7?s=96&d=mm&r=g","url":"https:\/\/secure.gravatar.com\/avatar\/6c5a5cb12b74e9d517ee91cf570335b7d16177f1977cc91db161adfa435945a7?s=96&d=mm&r=g","contentUrl":"https:\/\/secure.gravatar.com\/avatar\/6c5a5cb12b74e9d517ee91cf570335b7d16177f1977cc91db161adfa435945a7?s=96&d=mm&r=g","caption":"favorite-news"},"url":"https:\/\/favorite-news.com\/pt\/author\/pt\/"}]}},"_links":{"self":[{"href":"https:\/\/favorite-news.com\/pt\/wp-json\/wp\/v2\/posts\/10830","targetHints":{"allow":["GET"]}}],"collection":[{"href":"https:\/\/favorite-news.com\/pt\/wp-json\/wp\/v2\/posts"}],"about":[{"href":"https:\/\/favorite-news.com\/pt\/wp-json\/wp\/v2\/types\/post"}],"author":[{"embeddable":true,"href":"https:\/\/favorite-news.com\/pt\/wp-json\/wp\/v2\/users\/2"}],"replies":[{"embeddable":true,"href":"https:\/\/favorite-news.com\/pt\/wp-json\/wp\/v2\/comments?post=10830"}],"version-history":[{"count":1,"href":"https:\/\/favorite-news.com\/pt\/wp-json\/wp\/v2\/posts\/10830\/revisions"}],"predecessor-version":[{"id":10831,"href":"https:\/\/favorite-news.com\/pt\/wp-json\/wp\/v2\/posts\/10830\/revisions\/10831"}],"wp:featuredmedia":[{"embeddable":true,"href":"https:\/\/favorite-news.com\/pt\/wp-json\/wp\/v2\/media\/9198"}],"wp:attachment":[{"href":"https:\/\/favorite-news.com\/pt\/wp-json\/wp\/v2\/media?parent=10830"}],"wp:term":[{"taxonomy":"category","embeddable":true,"href":"https:\/\/favorite-news.com\/pt\/wp-json\/wp\/v2\/categories?post=10830"},{"taxonomy":"post_tag","embeddable":true,"href":"https:\/\/favorite-news.com\/pt\/wp-json\/wp\/v2\/tags?post=10830"}],"curies":[{"name":"wp","href":"https:\/\/api.w.org\/{rel}","templated":true}]}}