{"id":10824,"date":"2021-07-20T00:32:11","date_gmt":"2021-07-19T21:32:11","guid":{"rendered":"https:\/\/favorite-news.com\/pt\/ana-diz-que-groundforce-deve-7696-mil-euros-e-avanca-com-revogacao-de-licenca\/"},"modified":"2021-07-20T00:32:14","modified_gmt":"2021-07-19T21:32:14","slug":"ana-diz-que-groundforce-deve-7696-mil-euros-e-avanca-com-revogacao-de-licenca","status":"publish","type":"post","link":"https:\/\/favorite-news.com\/pt\/ana-diz-que-groundforce-deve-7696-mil-euros-e-avanca-com-revogacao-de-licenca\/","title":{"rendered":"ANA diz que Groundforce deve 769,6 mil euros e avan\u00e7a com revoga\u00e7\u00e3o de licen\u00e7a"},"content":{"rendered":"<p>uggboy \/ Flickr<br \/>\nA ANA vai avan\u00e7ar com a revoga\u00e7\u00e3o de uma licen\u00e7a de ocupa\u00e7\u00e3o da Groundforce, alegando que esta deve 769,6 mil euros em taxas de ocupa\u00e7\u00e3o.<\/p>\n<p>A ANA \u2013 Aeroportos de Portugal vai avan\u00e7ar com a revoga\u00e7\u00e3o de uma licen\u00e7a de ocupa\u00e7\u00e3o da Groundforce, alegando que a empresa de handling deve 769,6 mil euros em taxas de ocupa\u00e7\u00e3o, segundo um documento a que a Lusa teve acesso.<br \/>\nNeste projeto de delibera\u00e7\u00e3o da Comiss\u00e3o Executiva da ANA, o grupo explica que, enquanto concession\u00e1rio do servi\u00e7o p\u00fablico aeroportu\u00e1rio, est\u00e1 a seu cargo \u201co licenciamento da ocupa\u00e7\u00e3o e do exerc\u00edcio de atividades e servi\u00e7os em bens do dom\u00ednio aeroportu\u00e1rio inclu\u00eddos no \u00e2mbito da concess\u00e3o\u201d, assim como de todos os atos que dizem respeito \u201c\u00e0 execu\u00e7\u00e3o, \u00e0 modifica\u00e7\u00e3o e extin\u00e7\u00e3o de licen\u00e7as\u201d.<br \/>\nA ANA recorda depois, no documento assinado pelos presidente e vogal da Comiss\u00e3o Executiva, Thierry Ligonni\u00e8re e Francisco Vieira Pita, que lhe cabe cobrar as respetivas taxas neste \u00e2mbito, incluindo uma de ocupa\u00e7\u00e3o.<\/p>\n<p>Assim, diz a gestora, a SPdH (Groundforce) \u201cencontra-se licenciada para o exerc\u00edcio de atividade de assist\u00eancia em escala nos aeroportos da ANA S.A., nomeadamente no aeroporto de Faro\u201d.<br \/>\nDe acordo com a ANA, a licen\u00e7a em causa come\u00e7ou em 1 de janeiro de 2017 e termina em 31 de dezembro deste ano e por esta licen\u00e7a a Groundforce tem de pagar uma taxa de ocupa\u00e7\u00e3o.<br \/>\n\u201c\u00c0 data [29 de junho], encontra-se em d\u00edvida, para com a ANA S.A., a t\u00edtulo de taxa de ocupa\u00e7\u00e3o, o valor total de 769.669,31 euros\u201d, garante, apontando para faturas que \u201cintegram valores devidos no \u00e2mbito da presente ocupa\u00e7\u00e3o e de outras ocupa\u00e7\u00f5es da SPdH, nos aeroportos da rede ANA\u201d.<br \/>\nA concession\u00e1ria considera assim que \u201cse verifica um incumprimento reiterado das obriga\u00e7\u00f5es a que a SPdH se encontra adstrita, enquanto titular da licen\u00e7a de ocupa\u00e7\u00e3o\u201d em causa.<br \/>\nPor isso, a Comiss\u00e3o Executiva da ANA deliberou \u201crevogar a licen\u00e7a de ocupa\u00e7\u00e3o 7460\/2006\/AM, com efeitos a partir da delibera\u00e7\u00e3o final a tomar no \u00e2mbito do procedimento administrativo\u201d, devendo a Groundforce \u201cproceder \u00e0 entrega dos espa\u00e7os afetos \u00e0 referida licen\u00e7a livres e devolutos\u201d, segundo o documento.<br \/>\nA Lusa contactou a Groundforce sobre esta quest\u00e3o, mas a empresa n\u00e3o quis fazer coment\u00e1rios.<br \/>\nPCP exorta Governo a nacionalizar Groundforce<br \/>\nEsta segunda-feira, o PCP exortou o Governo a \u201cresolver de imediato\u201d a situa\u00e7\u00e3o da Groundforce atrav\u00e9s da nacionaliza\u00e7\u00e3o da empresa de handling, \u201clibertando-a da chantagem do acionista privado\u201d e garantindo o pagamento dos sal\u00e1rios dos trabalhadores.<br \/>\nEm comunicado, o PCP explicitou que \u201cdesde h\u00e1 mais de um ano\u201d que os funcion\u00e1rios da Groundforce est\u00e3o a viver uma \u201csitua\u00e7\u00e3o de profunda instabilidade\u201d.<br \/>\nOs comunistas recordaram que j\u00e1 tinham proposto a nacionaliza\u00e7\u00e3o da empresa de handling como \u00fanica maneira de \u201cultrapassar a presente crise\u201d, mas \u201co Governo do PS n\u00e3o quis seguir esse caminho, preferindo deixar a empresa entregue ao capitalista a quem um anterior governo oferecera 50,1%\u201d das a\u00e7\u00f5es.<br \/>\n\u201cO Governo tem todos os instrumentos para resolver de imediato esta situa\u00e7\u00e3o. Atrav\u00e9s da nacionaliza\u00e7\u00e3o da Groundforce, libertando-a da chantagem do acionista privado que tenta salvar-se \u00e0 custa dos trabalhadores, da TAP e da economia nacional. \u00c9 isso que se exige\u201d, sublinhou o partido.<br \/>\nAlfredo Casimiro, no entender do PCP, mostrou-se desde o in\u00edcio \u201ccompletamente incapaz\u201d de dirigir a Groundforce.<br \/>\n\u201cAo longo do \u00faltimo ano ficou perfeitamente demonstrado que quer o Governo quer a TAP n\u00e3o quiseram resolver a situa\u00e7\u00e3o da Groundforce pois a sua prioridade era manter a fragilidade destes trabalhadores para conseguir impor uma redu\u00e7\u00e3o salarial de cerca de 30%\u201d, sustentaram os comunistas.<\/p>\n<p>\n<!--noindex--><br \/>\n<a href=\"https:\/\/zap.aeiou.pt\/ana-groundforce-deve-7696-mil-euros-418624\" rel=\"nofollow\">Source link <\/a><br \/>\n<!--\/noindex--><\/p>\n","protected":false},"excerpt":{"rendered":"<p>uggboy \/ Flickr A ANA vai avan\u00e7ar com a revoga\u00e7\u00e3o de uma licen\u00e7a de ocupa\u00e7\u00e3o da Groundforce, alegando que esta deve 769,6 mil euros em taxas de ocupa\u00e7\u00e3o. A ANA \u2013 Aeroportos de Portugal vai avan\u00e7ar com a revoga\u00e7\u00e3o de uma licen\u00e7a de ocupa\u00e7\u00e3o da Groundforce, alegando que a empresa de handling deve 769,6 mil [&hellip;]<\/p>\n","protected":false},"author":2,"featured_media":10825,"comment_status":"open","ping_status":"open","sticky":false,"template":"","format":"standard","meta":{"footnotes":""},"categories":[1],"tags":[],"class_list":["post-10824","post","type-post","status-publish","format-standard","has-post-thumbnail","hentry","category-noticias-financeiras"],"yoast_head":"<!-- This site is optimized with the Yoast SEO plugin v27.4 - https:\/\/yoast.com\/product\/yoast-seo-wordpress\/ -->\n<title>ANA diz que Groundforce deve 769,6 mil euros e avan\u00e7a com revoga\u00e7\u00e3o de licen\u00e7a - Favorite News<\/title>\n<meta name=\"robots\" content=\"index, follow, max-snippet:-1, max-image-preview:large, max-video-preview:-1\" \/>\n<link rel=\"canonical\" href=\"https:\/\/favorite-news.com\/pt\/ana-diz-que-groundforce-deve-7696-mil-euros-e-avanca-com-revogacao-de-licenca\/\" \/>\n<meta property=\"og:locale\" content=\"pt_PT\" \/>\n<meta property=\"og:type\" content=\"article\" \/>\n<meta property=\"og:title\" content=\"ANA diz que Groundforce deve 769,6 mil euros e avan\u00e7a com revoga\u00e7\u00e3o de licen\u00e7a - Favorite News\" \/>\n<meta property=\"og:description\" content=\"uggboy \/ Flickr A ANA vai avan\u00e7ar com a revoga\u00e7\u00e3o de uma licen\u00e7a de ocupa\u00e7\u00e3o da Groundforce, alegando que esta deve 769,6 mil euros em taxas de ocupa\u00e7\u00e3o. A ANA \u2013 Aeroportos de Portugal vai avan\u00e7ar com a revoga\u00e7\u00e3o de uma licen\u00e7a de ocupa\u00e7\u00e3o da Groundforce, alegando que a empresa de handling deve 769,6 mil [&hellip;]\" \/>\n<meta property=\"og:url\" content=\"https:\/\/favorite-news.com\/pt\/ana-diz-que-groundforce-deve-7696-mil-euros-e-avanca-com-revogacao-de-licenca\/\" \/>\n<meta property=\"og:site_name\" content=\"Favorite News\" \/>\n<meta property=\"article:published_time\" content=\"2021-07-19T21:32:11+00:00\" \/>\n<meta property=\"article:modified_time\" content=\"2021-07-19T21:32:14+00:00\" \/>\n<meta property=\"og:image\" content=\"https:\/\/favorite-news.com\/pt\/wp-content\/uploads\/sites\/2\/2021\/07\/ANA-diz-que-Groundforce-deve-7696-mil-euros-e-avanca.jpg\" \/>\n\t<meta property=\"og:image:width\" content=\"1024\" \/>\n\t<meta property=\"og:image:height\" content=\"684\" \/>\n\t<meta property=\"og:image:type\" content=\"image\/jpeg\" \/>\n<meta name=\"author\" content=\"favorite-news\" \/>\n<meta name=\"twitter:card\" content=\"summary_large_image\" \/>\n<meta name=\"twitter:label1\" content=\"Escrito por\" \/>\n\t<meta name=\"twitter:data1\" content=\"favorite-news\" \/>\n\t<meta name=\"twitter:label2\" content=\"Tempo estimado de leitura\" \/>\n\t<meta name=\"twitter:data2\" content=\"3 minutos\" \/>\n<script type=\"application\/ld+json\" class=\"yoast-schema-graph\">{\"@context\":\"https:\\\/\\\/schema.org\",\"@graph\":[{\"@type\":\"Article\",\"@id\":\"https:\\\/\\\/favorite-news.com\\\/pt\\\/ana-diz-que-groundforce-deve-7696-mil-euros-e-avanca-com-revogacao-de-licenca\\\/#article\",\"isPartOf\":{\"@id\":\"https:\\\/\\\/favorite-news.com\\\/pt\\\/ana-diz-que-groundforce-deve-7696-mil-euros-e-avanca-com-revogacao-de-licenca\\\/\"},\"author\":{\"name\":\"favorite-news\",\"@id\":\"https:\\\/\\\/favorite-news.com\\\/pt\\\/#\\\/schema\\\/person\\\/b91573b717dcfa5e4696032a9d28d3e8\"},\"headline\":\"ANA diz que Groundforce deve 769,6 mil euros e avan\u00e7a com revoga\u00e7\u00e3o de licen\u00e7a\",\"datePublished\":\"2021-07-19T21:32:11+00:00\",\"dateModified\":\"2021-07-19T21:32:14+00:00\",\"mainEntityOfPage\":{\"@id\":\"https:\\\/\\\/favorite-news.com\\\/pt\\\/ana-diz-que-groundforce-deve-7696-mil-euros-e-avanca-com-revogacao-de-licenca\\\/\"},\"wordCount\":657,\"commentCount\":0,\"image\":{\"@id\":\"https:\\\/\\\/favorite-news.com\\\/pt\\\/ana-diz-que-groundforce-deve-7696-mil-euros-e-avanca-com-revogacao-de-licenca\\\/#primaryimage\"},\"thumbnailUrl\":\"https:\\\/\\\/favorite-news.com\\\/pt\\\/wp-content\\\/uploads\\\/sites\\\/2\\\/2021\\\/07\\\/ANA-diz-que-Groundforce-deve-7696-mil-euros-e-avanca.jpg\",\"articleSection\":[\"NOT\u00cdCIAS FINANCEIRAS\"],\"inLanguage\":\"pt-PT\",\"potentialAction\":[{\"@type\":\"CommentAction\",\"name\":\"Comment\",\"target\":[\"https:\\\/\\\/favorite-news.com\\\/pt\\\/ana-diz-que-groundforce-deve-7696-mil-euros-e-avanca-com-revogacao-de-licenca\\\/#respond\"]}]},{\"@type\":\"WebPage\",\"@id\":\"https:\\\/\\\/favorite-news.com\\\/pt\\\/ana-diz-que-groundforce-deve-7696-mil-euros-e-avanca-com-revogacao-de-licenca\\\/\",\"url\":\"https:\\\/\\\/favorite-news.com\\\/pt\\\/ana-diz-que-groundforce-deve-7696-mil-euros-e-avanca-com-revogacao-de-licenca\\\/\",\"name\":\"ANA diz que Groundforce deve 769,6 mil euros e avan\u00e7a com revoga\u00e7\u00e3o de licen\u00e7a - Favorite News\",\"isPartOf\":{\"@id\":\"https:\\\/\\\/favorite-news.com\\\/pt\\\/#website\"},\"primaryImageOfPage\":{\"@id\":\"https:\\\/\\\/favorite-news.com\\\/pt\\\/ana-diz-que-groundforce-deve-7696-mil-euros-e-avanca-com-revogacao-de-licenca\\\/#primaryimage\"},\"image\":{\"@id\":\"https:\\\/\\\/favorite-news.com\\\/pt\\\/ana-diz-que-groundforce-deve-7696-mil-euros-e-avanca-com-revogacao-de-licenca\\\/#primaryimage\"},\"thumbnailUrl\":\"https:\\\/\\\/favorite-news.com\\\/pt\\\/wp-content\\\/uploads\\\/sites\\\/2\\\/2021\\\/07\\\/ANA-diz-que-Groundforce-deve-7696-mil-euros-e-avanca.jpg\",\"datePublished\":\"2021-07-19T21:32:11+00:00\",\"dateModified\":\"2021-07-19T21:32:14+00:00\",\"author\":{\"@id\":\"https:\\\/\\\/favorite-news.com\\\/pt\\\/#\\\/schema\\\/person\\\/b91573b717dcfa5e4696032a9d28d3e8\"},\"breadcrumb\":{\"@id\":\"https:\\\/\\\/favorite-news.com\\\/pt\\\/ana-diz-que-groundforce-deve-7696-mil-euros-e-avanca-com-revogacao-de-licenca\\\/#breadcrumb\"},\"inLanguage\":\"pt-PT\",\"potentialAction\":[{\"@type\":\"ReadAction\",\"target\":[\"https:\\\/\\\/favorite-news.com\\\/pt\\\/ana-diz-que-groundforce-deve-7696-mil-euros-e-avanca-com-revogacao-de-licenca\\\/\"]}]},{\"@type\":\"ImageObject\",\"inLanguage\":\"pt-PT\",\"@id\":\"https:\\\/\\\/favorite-news.com\\\/pt\\\/ana-diz-que-groundforce-deve-7696-mil-euros-e-avanca-com-revogacao-de-licenca\\\/#primaryimage\",\"url\":\"https:\\\/\\\/favorite-news.com\\\/pt\\\/wp-content\\\/uploads\\\/sites\\\/2\\\/2021\\\/07\\\/ANA-diz-que-Groundforce-deve-7696-mil-euros-e-avanca.jpg\",\"contentUrl\":\"https:\\\/\\\/favorite-news.com\\\/pt\\\/wp-content\\\/uploads\\\/sites\\\/2\\\/2021\\\/07\\\/ANA-diz-que-Groundforce-deve-7696-mil-euros-e-avanca.jpg\",\"width\":1024,\"height\":684,\"caption\":\"ANA diz que Groundforce deve 769,6 mil euros e avan\u00e7a com revoga\u00e7\u00e3o de licen\u00e7a\"},{\"@type\":\"BreadcrumbList\",\"@id\":\"https:\\\/\\\/favorite-news.com\\\/pt\\\/ana-diz-que-groundforce-deve-7696-mil-euros-e-avanca-com-revogacao-de-licenca\\\/#breadcrumb\",\"itemListElement\":[{\"@type\":\"ListItem\",\"position\":1,\"name\":\"Home\",\"item\":\"https:\\\/\\\/favorite-news.com\\\/pt\\\/\"},{\"@type\":\"ListItem\",\"position\":2,\"name\":\"ANA diz que Groundforce deve 769,6 mil euros e avan\u00e7a com revoga\u00e7\u00e3o de licen\u00e7a\"}]},{\"@type\":\"WebSite\",\"@id\":\"https:\\\/\\\/favorite-news.com\\\/pt\\\/#website\",\"url\":\"https:\\\/\\\/favorite-news.com\\\/pt\\\/\",\"name\":\"Favorite News\",\"description\":\"Favorite News Portugal\",\"potentialAction\":[{\"@type\":\"SearchAction\",\"target\":{\"@type\":\"EntryPoint\",\"urlTemplate\":\"https:\\\/\\\/favorite-news.com\\\/pt\\\/?s={search_term_string}\"},\"query-input\":{\"@type\":\"PropertyValueSpecification\",\"valueRequired\":true,\"valueName\":\"search_term_string\"}}],\"inLanguage\":\"pt-PT\"},{\"@type\":\"Person\",\"@id\":\"https:\\\/\\\/favorite-news.com\\\/pt\\\/#\\\/schema\\\/person\\\/b91573b717dcfa5e4696032a9d28d3e8\",\"name\":\"favorite-news\",\"image\":{\"@type\":\"ImageObject\",\"inLanguage\":\"pt-PT\",\"@id\":\"https:\\\/\\\/secure.gravatar.com\\\/avatar\\\/6c5a5cb12b74e9d517ee91cf570335b7d16177f1977cc91db161adfa435945a7?s=96&d=mm&r=g\",\"url\":\"https:\\\/\\\/secure.gravatar.com\\\/avatar\\\/6c5a5cb12b74e9d517ee91cf570335b7d16177f1977cc91db161adfa435945a7?s=96&d=mm&r=g\",\"contentUrl\":\"https:\\\/\\\/secure.gravatar.com\\\/avatar\\\/6c5a5cb12b74e9d517ee91cf570335b7d16177f1977cc91db161adfa435945a7?s=96&d=mm&r=g\",\"caption\":\"favorite-news\"},\"url\":\"https:\\\/\\\/favorite-news.com\\\/pt\\\/author\\\/pt\\\/\"}]}<\/script>\n<!-- \/ Yoast SEO plugin. -->","yoast_head_json":{"title":"ANA diz que Groundforce deve 769,6 mil euros e avan\u00e7a com revoga\u00e7\u00e3o de licen\u00e7a - Favorite News","robots":{"index":"index","follow":"follow","max-snippet":"max-snippet:-1","max-image-preview":"max-image-preview:large","max-video-preview":"max-video-preview:-1"},"canonical":"https:\/\/favorite-news.com\/pt\/ana-diz-que-groundforce-deve-7696-mil-euros-e-avanca-com-revogacao-de-licenca\/","og_locale":"pt_PT","og_type":"article","og_title":"ANA diz que Groundforce deve 769,6 mil euros e avan\u00e7a com revoga\u00e7\u00e3o de licen\u00e7a - Favorite News","og_description":"uggboy \/ Flickr A ANA vai avan\u00e7ar com a revoga\u00e7\u00e3o de uma licen\u00e7a de ocupa\u00e7\u00e3o da Groundforce, alegando que esta deve 769,6 mil euros em taxas de ocupa\u00e7\u00e3o. A ANA \u2013 Aeroportos de Portugal vai avan\u00e7ar com a revoga\u00e7\u00e3o de uma licen\u00e7a de ocupa\u00e7\u00e3o da Groundforce, alegando que a empresa de handling deve 769,6 mil [&hellip;]","og_url":"https:\/\/favorite-news.com\/pt\/ana-diz-que-groundforce-deve-7696-mil-euros-e-avanca-com-revogacao-de-licenca\/","og_site_name":"Favorite News","article_published_time":"2021-07-19T21:32:11+00:00","article_modified_time":"2021-07-19T21:32:14+00:00","og_image":[{"width":1024,"height":684,"url":"https:\/\/favorite-news.com\/pt\/wp-content\/uploads\/sites\/2\/2021\/07\/ANA-diz-que-Groundforce-deve-7696-mil-euros-e-avanca.jpg","type":"image\/jpeg"}],"author":"favorite-news","twitter_card":"summary_large_image","twitter_misc":{"Escrito por":"favorite-news","Tempo estimado de leitura":"3 minutos"},"schema":{"@context":"https:\/\/schema.org","@graph":[{"@type":"Article","@id":"https:\/\/favorite-news.com\/pt\/ana-diz-que-groundforce-deve-7696-mil-euros-e-avanca-com-revogacao-de-licenca\/#article","isPartOf":{"@id":"https:\/\/favorite-news.com\/pt\/ana-diz-que-groundforce-deve-7696-mil-euros-e-avanca-com-revogacao-de-licenca\/"},"author":{"name":"favorite-news","@id":"https:\/\/favorite-news.com\/pt\/#\/schema\/person\/b91573b717dcfa5e4696032a9d28d3e8"},"headline":"ANA diz que Groundforce deve 769,6 mil euros e avan\u00e7a com revoga\u00e7\u00e3o de licen\u00e7a","datePublished":"2021-07-19T21:32:11+00:00","dateModified":"2021-07-19T21:32:14+00:00","mainEntityOfPage":{"@id":"https:\/\/favorite-news.com\/pt\/ana-diz-que-groundforce-deve-7696-mil-euros-e-avanca-com-revogacao-de-licenca\/"},"wordCount":657,"commentCount":0,"image":{"@id":"https:\/\/favorite-news.com\/pt\/ana-diz-que-groundforce-deve-7696-mil-euros-e-avanca-com-revogacao-de-licenca\/#primaryimage"},"thumbnailUrl":"https:\/\/favorite-news.com\/pt\/wp-content\/uploads\/sites\/2\/2021\/07\/ANA-diz-que-Groundforce-deve-7696-mil-euros-e-avanca.jpg","articleSection":["NOT\u00cdCIAS FINANCEIRAS"],"inLanguage":"pt-PT","potentialAction":[{"@type":"CommentAction","name":"Comment","target":["https:\/\/favorite-news.com\/pt\/ana-diz-que-groundforce-deve-7696-mil-euros-e-avanca-com-revogacao-de-licenca\/#respond"]}]},{"@type":"WebPage","@id":"https:\/\/favorite-news.com\/pt\/ana-diz-que-groundforce-deve-7696-mil-euros-e-avanca-com-revogacao-de-licenca\/","url":"https:\/\/favorite-news.com\/pt\/ana-diz-que-groundforce-deve-7696-mil-euros-e-avanca-com-revogacao-de-licenca\/","name":"ANA diz que Groundforce deve 769,6 mil euros e avan\u00e7a com revoga\u00e7\u00e3o de licen\u00e7a - Favorite News","isPartOf":{"@id":"https:\/\/favorite-news.com\/pt\/#website"},"primaryImageOfPage":{"@id":"https:\/\/favorite-news.com\/pt\/ana-diz-que-groundforce-deve-7696-mil-euros-e-avanca-com-revogacao-de-licenca\/#primaryimage"},"image":{"@id":"https:\/\/favorite-news.com\/pt\/ana-diz-que-groundforce-deve-7696-mil-euros-e-avanca-com-revogacao-de-licenca\/#primaryimage"},"thumbnailUrl":"https:\/\/favorite-news.com\/pt\/wp-content\/uploads\/sites\/2\/2021\/07\/ANA-diz-que-Groundforce-deve-7696-mil-euros-e-avanca.jpg","datePublished":"2021-07-19T21:32:11+00:00","dateModified":"2021-07-19T21:32:14+00:00","author":{"@id":"https:\/\/favorite-news.com\/pt\/#\/schema\/person\/b91573b717dcfa5e4696032a9d28d3e8"},"breadcrumb":{"@id":"https:\/\/favorite-news.com\/pt\/ana-diz-que-groundforce-deve-7696-mil-euros-e-avanca-com-revogacao-de-licenca\/#breadcrumb"},"inLanguage":"pt-PT","potentialAction":[{"@type":"ReadAction","target":["https:\/\/favorite-news.com\/pt\/ana-diz-que-groundforce-deve-7696-mil-euros-e-avanca-com-revogacao-de-licenca\/"]}]},{"@type":"ImageObject","inLanguage":"pt-PT","@id":"https:\/\/favorite-news.com\/pt\/ana-diz-que-groundforce-deve-7696-mil-euros-e-avanca-com-revogacao-de-licenca\/#primaryimage","url":"https:\/\/favorite-news.com\/pt\/wp-content\/uploads\/sites\/2\/2021\/07\/ANA-diz-que-Groundforce-deve-7696-mil-euros-e-avanca.jpg","contentUrl":"https:\/\/favorite-news.com\/pt\/wp-content\/uploads\/sites\/2\/2021\/07\/ANA-diz-que-Groundforce-deve-7696-mil-euros-e-avanca.jpg","width":1024,"height":684,"caption":"ANA diz que Groundforce deve 769,6 mil euros e avan\u00e7a com revoga\u00e7\u00e3o de licen\u00e7a"},{"@type":"BreadcrumbList","@id":"https:\/\/favorite-news.com\/pt\/ana-diz-que-groundforce-deve-7696-mil-euros-e-avanca-com-revogacao-de-licenca\/#breadcrumb","itemListElement":[{"@type":"ListItem","position":1,"name":"Home","item":"https:\/\/favorite-news.com\/pt\/"},{"@type":"ListItem","position":2,"name":"ANA diz que Groundforce deve 769,6 mil euros e avan\u00e7a com revoga\u00e7\u00e3o de licen\u00e7a"}]},{"@type":"WebSite","@id":"https:\/\/favorite-news.com\/pt\/#website","url":"https:\/\/favorite-news.com\/pt\/","name":"Favorite News","description":"Favorite News Portugal","potentialAction":[{"@type":"SearchAction","target":{"@type":"EntryPoint","urlTemplate":"https:\/\/favorite-news.com\/pt\/?s={search_term_string}"},"query-input":{"@type":"PropertyValueSpecification","valueRequired":true,"valueName":"search_term_string"}}],"inLanguage":"pt-PT"},{"@type":"Person","@id":"https:\/\/favorite-news.com\/pt\/#\/schema\/person\/b91573b717dcfa5e4696032a9d28d3e8","name":"favorite-news","image":{"@type":"ImageObject","inLanguage":"pt-PT","@id":"https:\/\/secure.gravatar.com\/avatar\/6c5a5cb12b74e9d517ee91cf570335b7d16177f1977cc91db161adfa435945a7?s=96&d=mm&r=g","url":"https:\/\/secure.gravatar.com\/avatar\/6c5a5cb12b74e9d517ee91cf570335b7d16177f1977cc91db161adfa435945a7?s=96&d=mm&r=g","contentUrl":"https:\/\/secure.gravatar.com\/avatar\/6c5a5cb12b74e9d517ee91cf570335b7d16177f1977cc91db161adfa435945a7?s=96&d=mm&r=g","caption":"favorite-news"},"url":"https:\/\/favorite-news.com\/pt\/author\/pt\/"}]}},"_links":{"self":[{"href":"https:\/\/favorite-news.com\/pt\/wp-json\/wp\/v2\/posts\/10824","targetHints":{"allow":["GET"]}}],"collection":[{"href":"https:\/\/favorite-news.com\/pt\/wp-json\/wp\/v2\/posts"}],"about":[{"href":"https:\/\/favorite-news.com\/pt\/wp-json\/wp\/v2\/types\/post"}],"author":[{"embeddable":true,"href":"https:\/\/favorite-news.com\/pt\/wp-json\/wp\/v2\/users\/2"}],"replies":[{"embeddable":true,"href":"https:\/\/favorite-news.com\/pt\/wp-json\/wp\/v2\/comments?post=10824"}],"version-history":[{"count":1,"href":"https:\/\/favorite-news.com\/pt\/wp-json\/wp\/v2\/posts\/10824\/revisions"}],"predecessor-version":[{"id":10826,"href":"https:\/\/favorite-news.com\/pt\/wp-json\/wp\/v2\/posts\/10824\/revisions\/10826"}],"wp:featuredmedia":[{"embeddable":true,"href":"https:\/\/favorite-news.com\/pt\/wp-json\/wp\/v2\/media\/10825"}],"wp:attachment":[{"href":"https:\/\/favorite-news.com\/pt\/wp-json\/wp\/v2\/media?parent=10824"}],"wp:term":[{"taxonomy":"category","embeddable":true,"href":"https:\/\/favorite-news.com\/pt\/wp-json\/wp\/v2\/categories?post=10824"},{"taxonomy":"post_tag","embeddable":true,"href":"https:\/\/favorite-news.com\/pt\/wp-json\/wp\/v2\/tags?post=10824"}],"curies":[{"name":"wp","href":"https:\/\/api.w.org\/{rel}","templated":true}]}}