{"id":10818,"date":"2021-07-19T12:27:36","date_gmt":"2021-07-19T09:27:36","guid":{"rendered":"https:\/\/favorite-news.com\/pt\/tap-diz-que-nao-tem-quaisquer-pagamentos-em-atraso-a-groundforce\/"},"modified":"2021-07-19T12:27:39","modified_gmt":"2021-07-19T09:27:39","slug":"tap-diz-que-nao-tem-quaisquer-pagamentos-em-atraso-a-groundforce","status":"publish","type":"post","link":"https:\/\/favorite-news.com\/pt\/tap-diz-que-nao-tem-quaisquer-pagamentos-em-atraso-a-groundforce\/","title":{"rendered":"TAP diz que n\u00e3o tem \u201cquaisquer pagamentos em atraso\u201d \u00e0 Groundforce"},"content":{"rendered":"<p>islandis \/ Flickr<br \/>\nA TAP garantiu hoje que n\u00e3o tem quaisquer pagamentos em atraso \u00e0 Groundforce, depois de a empresa de handling ter acusado a companhia a\u00e9rea de uma d\u00edvida de 12 milh\u00f5es por servi\u00e7os j\u00e1 prestados.<\/p>\n<p>A greve dos trabalhadores da Groundforce este fim de semana provocou at\u00e9 \u00e0s 20:30 de s\u00e1bado, segundo a ANA \u2013 Aeroportos de Portugal, o cancelamento de 242 voos no aeroporto de Lisboa, 18 no aeroporto do Porto, seis em Faro, seis na Madeira e quatro no Porto Santo.<br \/>\nEm comunicado divulgado ao fim da tarde de s\u00e1bado, a Groundforce afirmou que \u201cbastaria que a TAP pagasse o valor em d\u00edvida pelos servi\u00e7os j\u00e1 prestados para que os sal\u00e1rios fossem regularizados\u201d, apontando \u201c12 milh\u00f5es de euros de fatura\u00e7\u00e3o emitida\u201d e n\u00e3o paga.<br \/>\n\u201cA TAP reitera que lamenta muito o transtorno que esta greve est\u00e1 a ter na vida dos seus clientes, ao provocar uma grande disrup\u00e7\u00e3o na opera\u00e7\u00e3o da companhia. Reitera tamb\u00e9m que tudo fez ao seu alcance para evitar esta situa\u00e7\u00e3o e que n\u00e3o est\u00e3o em atraso quaisquer pagamentos \u00e0 empresa de handling\u201d, disse \u00e0 Lusa fonte oficial da companhia a\u00e9rea.<\/p>\n<p>S\u00e1bado foi o primeiro dia da greve convocada pelo Sindicato dos T\u00e9cnicos de Handling de Aeroportos (STHA), como protesto pela \u201csitua\u00e7\u00e3o de instabilidade insustent\u00e1vel, no que concerne ao pagamento pontual dos sal\u00e1rios e outras componentes pecuni\u00e1rias\u201d que os trabalhadores da Groundforce enfrentam desde fevereiro de 2021.<br \/>\nA paralisa\u00e7\u00e3o vai prolongar-se hoje e em 31 de julho, 01 e 02 de agosto, o que levou a ANA a alertar para constrangimentos nos aeroportos nacionais, cancelamentos e atrasos nos voos assistidos pela Groundforce, nos aeroportos de Lisboa, Porto, Faro, Funchal e Porto Santo.<br \/>\nAl\u00e9m desta greve, desde o dia 15 de julho que os trabalhadores da Groundforce est\u00e3o tamb\u00e9m a cumprir uma greve \u00e0s horas extraordin\u00e1rias, que se prolonga at\u00e9 \u00e0s 24:00 do dia 31 de outubro de 2021.<br \/>\nA Groundforce \u00e9 detida em 50,1% pela Pasogal e em 49,9% pelo grupo TAP, que, em 2020, passou a ser detido em 72,5% pelo Estado portugu\u00eas.<\/p>\n<p>\n<!--noindex--><br \/>\n<a href=\"https:\/\/zap.aeiou.pt\/tap-nao-pagamentos-atraso-groundforce-418267\" rel=\"nofollow\">Source link <\/a><br \/>\n<!--\/noindex--><\/p>\n","protected":false},"excerpt":{"rendered":"<p>islandis \/ Flickr A TAP garantiu hoje que n\u00e3o tem quaisquer pagamentos em atraso \u00e0 Groundforce, depois de a empresa de handling ter acusado a companhia a\u00e9rea de uma d\u00edvida de 12 milh\u00f5es por servi\u00e7os j\u00e1 prestados. A greve dos trabalhadores da Groundforce este fim de semana provocou at\u00e9 \u00e0s 20:30 de s\u00e1bado, segundo a [&hellip;]<\/p>\n","protected":false},"author":2,"featured_media":10819,"comment_status":"open","ping_status":"open","sticky":false,"template":"","format":"standard","meta":{"footnotes":""},"categories":[1],"tags":[],"class_list":["post-10818","post","type-post","status-publish","format-standard","has-post-thumbnail","hentry","category-noticias-financeiras"],"yoast_head":"<!-- This site is optimized with the Yoast SEO plugin v27.4 - https:\/\/yoast.com\/product\/yoast-seo-wordpress\/ -->\n<title>TAP diz que n\u00e3o tem \u201cquaisquer pagamentos em atraso\u201d \u00e0 Groundforce - Favorite News<\/title>\n<meta name=\"robots\" content=\"index, follow, max-snippet:-1, max-image-preview:large, max-video-preview:-1\" \/>\n<link rel=\"canonical\" href=\"https:\/\/favorite-news.com\/pt\/tap-diz-que-nao-tem-quaisquer-pagamentos-em-atraso-a-groundforce\/\" \/>\n<meta property=\"og:locale\" content=\"pt_PT\" \/>\n<meta property=\"og:type\" content=\"article\" \/>\n<meta property=\"og:title\" content=\"TAP diz que n\u00e3o tem \u201cquaisquer pagamentos em atraso\u201d \u00e0 Groundforce - Favorite News\" \/>\n<meta property=\"og:description\" content=\"islandis \/ Flickr A TAP garantiu hoje que n\u00e3o tem quaisquer pagamentos em atraso \u00e0 Groundforce, depois de a empresa de handling ter acusado a companhia a\u00e9rea de uma d\u00edvida de 12 milh\u00f5es por servi\u00e7os j\u00e1 prestados. A greve dos trabalhadores da Groundforce este fim de semana provocou at\u00e9 \u00e0s 20:30 de s\u00e1bado, segundo a [&hellip;]\" \/>\n<meta property=\"og:url\" content=\"https:\/\/favorite-news.com\/pt\/tap-diz-que-nao-tem-quaisquer-pagamentos-em-atraso-a-groundforce\/\" \/>\n<meta property=\"og:site_name\" content=\"Favorite News\" \/>\n<meta property=\"article:published_time\" content=\"2021-07-19T09:27:36+00:00\" \/>\n<meta property=\"article:modified_time\" content=\"2021-07-19T09:27:39+00:00\" \/>\n<meta property=\"og:image\" content=\"https:\/\/favorite-news.com\/pt\/wp-content\/uploads\/sites\/2\/2021\/07\/TAP-diz-que-nao-tem-quaisquer-pagamentos-em-atraso-a.jpg\" \/>\n\t<meta property=\"og:image:width\" content=\"1024\" \/>\n\t<meta property=\"og:image:height\" content=\"683\" \/>\n\t<meta property=\"og:image:type\" content=\"image\/jpeg\" \/>\n<meta name=\"author\" content=\"favorite-news\" \/>\n<meta name=\"twitter:card\" content=\"summary_large_image\" \/>\n<meta name=\"twitter:label1\" content=\"Escrito por\" \/>\n\t<meta name=\"twitter:data1\" content=\"favorite-news\" \/>\n\t<meta name=\"twitter:label2\" content=\"Tempo estimado de leitura\" \/>\n\t<meta name=\"twitter:data2\" content=\"2 minutos\" \/>\n<script type=\"application\/ld+json\" class=\"yoast-schema-graph\">{\"@context\":\"https:\\\/\\\/schema.org\",\"@graph\":[{\"@type\":\"Article\",\"@id\":\"https:\\\/\\\/favorite-news.com\\\/pt\\\/tap-diz-que-nao-tem-quaisquer-pagamentos-em-atraso-a-groundforce\\\/#article\",\"isPartOf\":{\"@id\":\"https:\\\/\\\/favorite-news.com\\\/pt\\\/tap-diz-que-nao-tem-quaisquer-pagamentos-em-atraso-a-groundforce\\\/\"},\"author\":{\"name\":\"favorite-news\",\"@id\":\"https:\\\/\\\/favorite-news.com\\\/pt\\\/#\\\/schema\\\/person\\\/b91573b717dcfa5e4696032a9d28d3e8\"},\"headline\":\"TAP diz que n\u00e3o tem \u201cquaisquer pagamentos em atraso\u201d \u00e0 Groundforce\",\"datePublished\":\"2021-07-19T09:27:36+00:00\",\"dateModified\":\"2021-07-19T09:27:39+00:00\",\"mainEntityOfPage\":{\"@id\":\"https:\\\/\\\/favorite-news.com\\\/pt\\\/tap-diz-que-nao-tem-quaisquer-pagamentos-em-atraso-a-groundforce\\\/\"},\"wordCount\":363,\"commentCount\":0,\"image\":{\"@id\":\"https:\\\/\\\/favorite-news.com\\\/pt\\\/tap-diz-que-nao-tem-quaisquer-pagamentos-em-atraso-a-groundforce\\\/#primaryimage\"},\"thumbnailUrl\":\"https:\\\/\\\/favorite-news.com\\\/pt\\\/wp-content\\\/uploads\\\/sites\\\/2\\\/2021\\\/07\\\/TAP-diz-que-nao-tem-quaisquer-pagamentos-em-atraso-a.jpg\",\"articleSection\":[\"NOT\u00cdCIAS FINANCEIRAS\"],\"inLanguage\":\"pt-PT\",\"potentialAction\":[{\"@type\":\"CommentAction\",\"name\":\"Comment\",\"target\":[\"https:\\\/\\\/favorite-news.com\\\/pt\\\/tap-diz-que-nao-tem-quaisquer-pagamentos-em-atraso-a-groundforce\\\/#respond\"]}]},{\"@type\":\"WebPage\",\"@id\":\"https:\\\/\\\/favorite-news.com\\\/pt\\\/tap-diz-que-nao-tem-quaisquer-pagamentos-em-atraso-a-groundforce\\\/\",\"url\":\"https:\\\/\\\/favorite-news.com\\\/pt\\\/tap-diz-que-nao-tem-quaisquer-pagamentos-em-atraso-a-groundforce\\\/\",\"name\":\"TAP diz que n\u00e3o tem \u201cquaisquer pagamentos em atraso\u201d \u00e0 Groundforce - Favorite News\",\"isPartOf\":{\"@id\":\"https:\\\/\\\/favorite-news.com\\\/pt\\\/#website\"},\"primaryImageOfPage\":{\"@id\":\"https:\\\/\\\/favorite-news.com\\\/pt\\\/tap-diz-que-nao-tem-quaisquer-pagamentos-em-atraso-a-groundforce\\\/#primaryimage\"},\"image\":{\"@id\":\"https:\\\/\\\/favorite-news.com\\\/pt\\\/tap-diz-que-nao-tem-quaisquer-pagamentos-em-atraso-a-groundforce\\\/#primaryimage\"},\"thumbnailUrl\":\"https:\\\/\\\/favorite-news.com\\\/pt\\\/wp-content\\\/uploads\\\/sites\\\/2\\\/2021\\\/07\\\/TAP-diz-que-nao-tem-quaisquer-pagamentos-em-atraso-a.jpg\",\"datePublished\":\"2021-07-19T09:27:36+00:00\",\"dateModified\":\"2021-07-19T09:27:39+00:00\",\"author\":{\"@id\":\"https:\\\/\\\/favorite-news.com\\\/pt\\\/#\\\/schema\\\/person\\\/b91573b717dcfa5e4696032a9d28d3e8\"},\"breadcrumb\":{\"@id\":\"https:\\\/\\\/favorite-news.com\\\/pt\\\/tap-diz-que-nao-tem-quaisquer-pagamentos-em-atraso-a-groundforce\\\/#breadcrumb\"},\"inLanguage\":\"pt-PT\",\"potentialAction\":[{\"@type\":\"ReadAction\",\"target\":[\"https:\\\/\\\/favorite-news.com\\\/pt\\\/tap-diz-que-nao-tem-quaisquer-pagamentos-em-atraso-a-groundforce\\\/\"]}]},{\"@type\":\"ImageObject\",\"inLanguage\":\"pt-PT\",\"@id\":\"https:\\\/\\\/favorite-news.com\\\/pt\\\/tap-diz-que-nao-tem-quaisquer-pagamentos-em-atraso-a-groundforce\\\/#primaryimage\",\"url\":\"https:\\\/\\\/favorite-news.com\\\/pt\\\/wp-content\\\/uploads\\\/sites\\\/2\\\/2021\\\/07\\\/TAP-diz-que-nao-tem-quaisquer-pagamentos-em-atraso-a.jpg\",\"contentUrl\":\"https:\\\/\\\/favorite-news.com\\\/pt\\\/wp-content\\\/uploads\\\/sites\\\/2\\\/2021\\\/07\\\/TAP-diz-que-nao-tem-quaisquer-pagamentos-em-atraso-a.jpg\",\"width\":1024,\"height\":683,\"caption\":\"TAP diz que n\u00e3o tem \u201cquaisquer pagamentos em atraso\u201d \u00e0 Groundforce\"},{\"@type\":\"BreadcrumbList\",\"@id\":\"https:\\\/\\\/favorite-news.com\\\/pt\\\/tap-diz-que-nao-tem-quaisquer-pagamentos-em-atraso-a-groundforce\\\/#breadcrumb\",\"itemListElement\":[{\"@type\":\"ListItem\",\"position\":1,\"name\":\"Home\",\"item\":\"https:\\\/\\\/favorite-news.com\\\/pt\\\/\"},{\"@type\":\"ListItem\",\"position\":2,\"name\":\"TAP diz que n\u00e3o tem \u201cquaisquer pagamentos em atraso\u201d \u00e0 Groundforce\"}]},{\"@type\":\"WebSite\",\"@id\":\"https:\\\/\\\/favorite-news.com\\\/pt\\\/#website\",\"url\":\"https:\\\/\\\/favorite-news.com\\\/pt\\\/\",\"name\":\"Favorite News\",\"description\":\"Favorite News Portugal\",\"potentialAction\":[{\"@type\":\"SearchAction\",\"target\":{\"@type\":\"EntryPoint\",\"urlTemplate\":\"https:\\\/\\\/favorite-news.com\\\/pt\\\/?s={search_term_string}\"},\"query-input\":{\"@type\":\"PropertyValueSpecification\",\"valueRequired\":true,\"valueName\":\"search_term_string\"}}],\"inLanguage\":\"pt-PT\"},{\"@type\":\"Person\",\"@id\":\"https:\\\/\\\/favorite-news.com\\\/pt\\\/#\\\/schema\\\/person\\\/b91573b717dcfa5e4696032a9d28d3e8\",\"name\":\"favorite-news\",\"image\":{\"@type\":\"ImageObject\",\"inLanguage\":\"pt-PT\",\"@id\":\"https:\\\/\\\/secure.gravatar.com\\\/avatar\\\/6c5a5cb12b74e9d517ee91cf570335b7d16177f1977cc91db161adfa435945a7?s=96&d=mm&r=g\",\"url\":\"https:\\\/\\\/secure.gravatar.com\\\/avatar\\\/6c5a5cb12b74e9d517ee91cf570335b7d16177f1977cc91db161adfa435945a7?s=96&d=mm&r=g\",\"contentUrl\":\"https:\\\/\\\/secure.gravatar.com\\\/avatar\\\/6c5a5cb12b74e9d517ee91cf570335b7d16177f1977cc91db161adfa435945a7?s=96&d=mm&r=g\",\"caption\":\"favorite-news\"},\"url\":\"https:\\\/\\\/favorite-news.com\\\/pt\\\/author\\\/pt\\\/\"}]}<\/script>\n<!-- \/ Yoast SEO plugin. -->","yoast_head_json":{"title":"TAP diz que n\u00e3o tem \u201cquaisquer pagamentos em atraso\u201d \u00e0 Groundforce - Favorite News","robots":{"index":"index","follow":"follow","max-snippet":"max-snippet:-1","max-image-preview":"max-image-preview:large","max-video-preview":"max-video-preview:-1"},"canonical":"https:\/\/favorite-news.com\/pt\/tap-diz-que-nao-tem-quaisquer-pagamentos-em-atraso-a-groundforce\/","og_locale":"pt_PT","og_type":"article","og_title":"TAP diz que n\u00e3o tem \u201cquaisquer pagamentos em atraso\u201d \u00e0 Groundforce - Favorite News","og_description":"islandis \/ Flickr A TAP garantiu hoje que n\u00e3o tem quaisquer pagamentos em atraso \u00e0 Groundforce, depois de a empresa de handling ter acusado a companhia a\u00e9rea de uma d\u00edvida de 12 milh\u00f5es por servi\u00e7os j\u00e1 prestados. A greve dos trabalhadores da Groundforce este fim de semana provocou at\u00e9 \u00e0s 20:30 de s\u00e1bado, segundo a [&hellip;]","og_url":"https:\/\/favorite-news.com\/pt\/tap-diz-que-nao-tem-quaisquer-pagamentos-em-atraso-a-groundforce\/","og_site_name":"Favorite News","article_published_time":"2021-07-19T09:27:36+00:00","article_modified_time":"2021-07-19T09:27:39+00:00","og_image":[{"width":1024,"height":683,"url":"https:\/\/favorite-news.com\/pt\/wp-content\/uploads\/sites\/2\/2021\/07\/TAP-diz-que-nao-tem-quaisquer-pagamentos-em-atraso-a.jpg","type":"image\/jpeg"}],"author":"favorite-news","twitter_card":"summary_large_image","twitter_misc":{"Escrito por":"favorite-news","Tempo estimado de leitura":"2 minutos"},"schema":{"@context":"https:\/\/schema.org","@graph":[{"@type":"Article","@id":"https:\/\/favorite-news.com\/pt\/tap-diz-que-nao-tem-quaisquer-pagamentos-em-atraso-a-groundforce\/#article","isPartOf":{"@id":"https:\/\/favorite-news.com\/pt\/tap-diz-que-nao-tem-quaisquer-pagamentos-em-atraso-a-groundforce\/"},"author":{"name":"favorite-news","@id":"https:\/\/favorite-news.com\/pt\/#\/schema\/person\/b91573b717dcfa5e4696032a9d28d3e8"},"headline":"TAP diz que n\u00e3o tem \u201cquaisquer pagamentos em atraso\u201d \u00e0 Groundforce","datePublished":"2021-07-19T09:27:36+00:00","dateModified":"2021-07-19T09:27:39+00:00","mainEntityOfPage":{"@id":"https:\/\/favorite-news.com\/pt\/tap-diz-que-nao-tem-quaisquer-pagamentos-em-atraso-a-groundforce\/"},"wordCount":363,"commentCount":0,"image":{"@id":"https:\/\/favorite-news.com\/pt\/tap-diz-que-nao-tem-quaisquer-pagamentos-em-atraso-a-groundforce\/#primaryimage"},"thumbnailUrl":"https:\/\/favorite-news.com\/pt\/wp-content\/uploads\/sites\/2\/2021\/07\/TAP-diz-que-nao-tem-quaisquer-pagamentos-em-atraso-a.jpg","articleSection":["NOT\u00cdCIAS FINANCEIRAS"],"inLanguage":"pt-PT","potentialAction":[{"@type":"CommentAction","name":"Comment","target":["https:\/\/favorite-news.com\/pt\/tap-diz-que-nao-tem-quaisquer-pagamentos-em-atraso-a-groundforce\/#respond"]}]},{"@type":"WebPage","@id":"https:\/\/favorite-news.com\/pt\/tap-diz-que-nao-tem-quaisquer-pagamentos-em-atraso-a-groundforce\/","url":"https:\/\/favorite-news.com\/pt\/tap-diz-que-nao-tem-quaisquer-pagamentos-em-atraso-a-groundforce\/","name":"TAP diz que n\u00e3o tem \u201cquaisquer pagamentos em atraso\u201d \u00e0 Groundforce - Favorite News","isPartOf":{"@id":"https:\/\/favorite-news.com\/pt\/#website"},"primaryImageOfPage":{"@id":"https:\/\/favorite-news.com\/pt\/tap-diz-que-nao-tem-quaisquer-pagamentos-em-atraso-a-groundforce\/#primaryimage"},"image":{"@id":"https:\/\/favorite-news.com\/pt\/tap-diz-que-nao-tem-quaisquer-pagamentos-em-atraso-a-groundforce\/#primaryimage"},"thumbnailUrl":"https:\/\/favorite-news.com\/pt\/wp-content\/uploads\/sites\/2\/2021\/07\/TAP-diz-que-nao-tem-quaisquer-pagamentos-em-atraso-a.jpg","datePublished":"2021-07-19T09:27:36+00:00","dateModified":"2021-07-19T09:27:39+00:00","author":{"@id":"https:\/\/favorite-news.com\/pt\/#\/schema\/person\/b91573b717dcfa5e4696032a9d28d3e8"},"breadcrumb":{"@id":"https:\/\/favorite-news.com\/pt\/tap-diz-que-nao-tem-quaisquer-pagamentos-em-atraso-a-groundforce\/#breadcrumb"},"inLanguage":"pt-PT","potentialAction":[{"@type":"ReadAction","target":["https:\/\/favorite-news.com\/pt\/tap-diz-que-nao-tem-quaisquer-pagamentos-em-atraso-a-groundforce\/"]}]},{"@type":"ImageObject","inLanguage":"pt-PT","@id":"https:\/\/favorite-news.com\/pt\/tap-diz-que-nao-tem-quaisquer-pagamentos-em-atraso-a-groundforce\/#primaryimage","url":"https:\/\/favorite-news.com\/pt\/wp-content\/uploads\/sites\/2\/2021\/07\/TAP-diz-que-nao-tem-quaisquer-pagamentos-em-atraso-a.jpg","contentUrl":"https:\/\/favorite-news.com\/pt\/wp-content\/uploads\/sites\/2\/2021\/07\/TAP-diz-que-nao-tem-quaisquer-pagamentos-em-atraso-a.jpg","width":1024,"height":683,"caption":"TAP diz que n\u00e3o tem \u201cquaisquer pagamentos em atraso\u201d \u00e0 Groundforce"},{"@type":"BreadcrumbList","@id":"https:\/\/favorite-news.com\/pt\/tap-diz-que-nao-tem-quaisquer-pagamentos-em-atraso-a-groundforce\/#breadcrumb","itemListElement":[{"@type":"ListItem","position":1,"name":"Home","item":"https:\/\/favorite-news.com\/pt\/"},{"@type":"ListItem","position":2,"name":"TAP diz que n\u00e3o tem \u201cquaisquer pagamentos em atraso\u201d \u00e0 Groundforce"}]},{"@type":"WebSite","@id":"https:\/\/favorite-news.com\/pt\/#website","url":"https:\/\/favorite-news.com\/pt\/","name":"Favorite News","description":"Favorite News Portugal","potentialAction":[{"@type":"SearchAction","target":{"@type":"EntryPoint","urlTemplate":"https:\/\/favorite-news.com\/pt\/?s={search_term_string}"},"query-input":{"@type":"PropertyValueSpecification","valueRequired":true,"valueName":"search_term_string"}}],"inLanguage":"pt-PT"},{"@type":"Person","@id":"https:\/\/favorite-news.com\/pt\/#\/schema\/person\/b91573b717dcfa5e4696032a9d28d3e8","name":"favorite-news","image":{"@type":"ImageObject","inLanguage":"pt-PT","@id":"https:\/\/secure.gravatar.com\/avatar\/6c5a5cb12b74e9d517ee91cf570335b7d16177f1977cc91db161adfa435945a7?s=96&d=mm&r=g","url":"https:\/\/secure.gravatar.com\/avatar\/6c5a5cb12b74e9d517ee91cf570335b7d16177f1977cc91db161adfa435945a7?s=96&d=mm&r=g","contentUrl":"https:\/\/secure.gravatar.com\/avatar\/6c5a5cb12b74e9d517ee91cf570335b7d16177f1977cc91db161adfa435945a7?s=96&d=mm&r=g","caption":"favorite-news"},"url":"https:\/\/favorite-news.com\/pt\/author\/pt\/"}]}},"_links":{"self":[{"href":"https:\/\/favorite-news.com\/pt\/wp-json\/wp\/v2\/posts\/10818","targetHints":{"allow":["GET"]}}],"collection":[{"href":"https:\/\/favorite-news.com\/pt\/wp-json\/wp\/v2\/posts"}],"about":[{"href":"https:\/\/favorite-news.com\/pt\/wp-json\/wp\/v2\/types\/post"}],"author":[{"embeddable":true,"href":"https:\/\/favorite-news.com\/pt\/wp-json\/wp\/v2\/users\/2"}],"replies":[{"embeddable":true,"href":"https:\/\/favorite-news.com\/pt\/wp-json\/wp\/v2\/comments?post=10818"}],"version-history":[{"count":1,"href":"https:\/\/favorite-news.com\/pt\/wp-json\/wp\/v2\/posts\/10818\/revisions"}],"predecessor-version":[{"id":10820,"href":"https:\/\/favorite-news.com\/pt\/wp-json\/wp\/v2\/posts\/10818\/revisions\/10820"}],"wp:featuredmedia":[{"embeddable":true,"href":"https:\/\/favorite-news.com\/pt\/wp-json\/wp\/v2\/media\/10819"}],"wp:attachment":[{"href":"https:\/\/favorite-news.com\/pt\/wp-json\/wp\/v2\/media?parent=10818"}],"wp:term":[{"taxonomy":"category","embeddable":true,"href":"https:\/\/favorite-news.com\/pt\/wp-json\/wp\/v2\/categories?post=10818"},{"taxonomy":"post_tag","embeddable":true,"href":"https:\/\/favorite-news.com\/pt\/wp-json\/wp\/v2\/tags?post=10818"}],"curies":[{"name":"wp","href":"https:\/\/api.w.org\/{rel}","templated":true}]}}