{"id":10812,"date":"2021-07-19T00:19:08","date_gmt":"2021-07-18T21:19:08","guid":{"rendered":"https:\/\/favorite-news.com\/pt\/opep-e-aliados-acordam-aumentar-producao-de-petroleo-a-partir-de-agosto\/"},"modified":"2021-07-19T00:19:13","modified_gmt":"2021-07-18T21:19:13","slug":"opep-e-aliados-acordam-aumentar-producao-de-petroleo-a-partir-de-agosto","status":"publish","type":"post","link":"https:\/\/favorite-news.com\/pt\/opep-e-aliados-acordam-aumentar-producao-de-petroleo-a-partir-de-agosto\/","title":{"rendered":"OPEP e aliados acordam aumentar produ\u00e7\u00e3o de petr\u00f3leo a partir de agosto"},"content":{"rendered":"<p>Jonathan Cutrer \/ Flickr<br \/>\nA Organiza\u00e7\u00e3o dos Pa\u00edses Exportadores de Petr\u00f3leo (OPEP) e os seus aliados, liderados pela R\u00fassia, concordaram hoje aumentar a produ\u00e7\u00e3o conjunta de forma escalonada nos pr\u00f3ximos cinco meses, a partir de agosto.<\/p>\n<p>Em comunicado, citado pela EFE, o secretariado da OPEP explicou que o aumento da produ\u00e7\u00e3o come\u00e7ar\u00e1 no pr\u00f3ximo m\u00eas de agosto, com um acr\u00e9scimo de 400.000 barris por dia (mbd), a cada m\u00eas, at\u00e9 dezembro.<br \/>\nAdicionalmente, os ministros da alian\u00e7a, conhecida como OPEP+, concordaram em estender at\u00e9 o final de 2022 o corte de produ\u00e7\u00e3o, previsto para abril de 2020, em 9,7 milh\u00f5es de barris di\u00e1rios (mbd), que ser\u00e1 reduzido para 3,8 mbd at\u00e9 dezembro.<br \/>\nCom o corte de abril de 2020, os produtores reagiram ao colapso da procura mundial de petr\u00f3leo, devido \u00e0 crise da pandemia de covid-19, que passou de quase 100 mbd para cerca de 90 mbd.<\/p>\n<p>As negocia\u00e7\u00f5es, com o objetivo de evitar novas press\u00f5es altistas sobre os pre\u00e7os do petr\u00f3leo, que, por sua vez amea\u00e7am o crescimento econ\u00f3mico global, duraram cerca de duas semanas, com uma disputa sobre o n\u00edvel futuro de produ\u00e7\u00e3o de cada membro da OPEP.<br \/>\nEm rela\u00e7\u00e3o ao c\u00e1lculo futuro das quotas de produ\u00e7\u00e3o, a OPEP e a R\u00fassia concordaram em fazer uma pequena revis\u00e3o que beneficiar\u00e1 alguns membros, especificamente R\u00fassia, Ar\u00e1bia Saudita, Emirados \u00c1rabes Unidos, Iraque e Kuwait.<br \/>\nR\u00fassia e Ar\u00e1bia Saudita poder\u00e3o ajustar a sua base de c\u00e1lculo para um eventual ajuste de produ\u00e7\u00e3o em 0,5 milh\u00e3o de barris cada (at\u00e9 11,5 mbd cada) a partir de maio de 2022, enquanto os Emirados far\u00e3o isso em 0,33 mbd, at\u00e9 3,5 mbd.<br \/>\nNo caso do Iraque e Kuwait, essa base de c\u00e1lculo aumenta em 0,15 mbd, cada, para 4,803 mbd (Iraque) e 2,959 mbd (Kuwait).<br \/>\nDe acordo com o comunicado da OPEP, a pr\u00f3xima reuni\u00e3o de ministros da alian\u00e7a est\u00e1 marcada para 01 de setembro.<br \/>\nO n\u00edvel de cumprimento do corte acordado no ano passado ficou em 113% em junho, ou seja, mais do que o acordado.<br \/>\nAp\u00f3s os cinco aumentos mensais da produ\u00e7\u00e3o no restante do ano, os ministros v\u00e3o avaliar novamente a situa\u00e7\u00e3o em dezembro, incluindo o n\u00edvel de cumprimento dos cortes.<\/p>\n<p>\n<!--noindex--><br \/>\n<a href=\"https:\/\/zap.aeiou.pt\/opep-aumentar-producao-petroleo-418286\" rel=\"nofollow\">Source link <\/a><br \/>\n<!--\/noindex--><\/p>\n","protected":false},"excerpt":{"rendered":"<p>Jonathan Cutrer \/ Flickr A Organiza\u00e7\u00e3o dos Pa\u00edses Exportadores de Petr\u00f3leo (OPEP) e os seus aliados, liderados pela R\u00fassia, concordaram hoje aumentar a produ\u00e7\u00e3o conjunta de forma escalonada nos pr\u00f3ximos cinco meses, a partir de agosto. Em comunicado, citado pela EFE, o secretariado da OPEP explicou que o aumento da produ\u00e7\u00e3o come\u00e7ar\u00e1 no pr\u00f3ximo m\u00eas [&hellip;]<\/p>\n","protected":false},"author":2,"featured_media":10813,"comment_status":"open","ping_status":"open","sticky":false,"template":"","format":"standard","meta":{"footnotes":""},"categories":[1],"tags":[],"class_list":["post-10812","post","type-post","status-publish","format-standard","has-post-thumbnail","hentry","category-noticias-financeiras"],"yoast_head":"<!-- This site is optimized with the Yoast SEO plugin v27.4 - https:\/\/yoast.com\/product\/yoast-seo-wordpress\/ -->\n<title>OPEP e aliados acordam aumentar produ\u00e7\u00e3o de petr\u00f3leo a partir de agosto - Favorite News<\/title>\n<meta name=\"robots\" content=\"index, follow, max-snippet:-1, max-image-preview:large, max-video-preview:-1\" \/>\n<link rel=\"canonical\" href=\"https:\/\/favorite-news.com\/pt\/opep-e-aliados-acordam-aumentar-producao-de-petroleo-a-partir-de-agosto\/\" \/>\n<meta property=\"og:locale\" content=\"pt_PT\" \/>\n<meta property=\"og:type\" content=\"article\" \/>\n<meta property=\"og:title\" content=\"OPEP e aliados acordam aumentar produ\u00e7\u00e3o de petr\u00f3leo a partir de agosto - Favorite News\" \/>\n<meta property=\"og:description\" content=\"Jonathan Cutrer \/ Flickr A Organiza\u00e7\u00e3o dos Pa\u00edses Exportadores de Petr\u00f3leo (OPEP) e os seus aliados, liderados pela R\u00fassia, concordaram hoje aumentar a produ\u00e7\u00e3o conjunta de forma escalonada nos pr\u00f3ximos cinco meses, a partir de agosto. Em comunicado, citado pela EFE, o secretariado da OPEP explicou que o aumento da produ\u00e7\u00e3o come\u00e7ar\u00e1 no pr\u00f3ximo m\u00eas [&hellip;]\" \/>\n<meta property=\"og:url\" content=\"https:\/\/favorite-news.com\/pt\/opep-e-aliados-acordam-aumentar-producao-de-petroleo-a-partir-de-agosto\/\" \/>\n<meta property=\"og:site_name\" content=\"Favorite News\" \/>\n<meta property=\"article:published_time\" content=\"2021-07-18T21:19:08+00:00\" \/>\n<meta property=\"article:modified_time\" content=\"2021-07-18T21:19:13+00:00\" \/>\n<meta property=\"og:image\" content=\"https:\/\/favorite-news.com\/pt\/wp-content\/uploads\/sites\/2\/2021\/07\/OPEP-e-aliados-acordam-aumentar-producao-de-petroleo-a-partir.jpg\" \/>\n\t<meta property=\"og:image:width\" content=\"2048\" \/>\n\t<meta property=\"og:image:height\" content=\"1536\" \/>\n\t<meta property=\"og:image:type\" content=\"image\/jpeg\" \/>\n<meta name=\"author\" content=\"favorite-news\" \/>\n<meta name=\"twitter:card\" content=\"summary_large_image\" \/>\n<meta name=\"twitter:label1\" content=\"Escrito por\" \/>\n\t<meta name=\"twitter:data1\" content=\"favorite-news\" \/>\n\t<meta name=\"twitter:label2\" content=\"Tempo estimado de leitura\" \/>\n\t<meta name=\"twitter:data2\" content=\"2 minutos\" \/>\n<script type=\"application\/ld+json\" class=\"yoast-schema-graph\">{\"@context\":\"https:\\\/\\\/schema.org\",\"@graph\":[{\"@type\":\"Article\",\"@id\":\"https:\\\/\\\/favorite-news.com\\\/pt\\\/opep-e-aliados-acordam-aumentar-producao-de-petroleo-a-partir-de-agosto\\\/#article\",\"isPartOf\":{\"@id\":\"https:\\\/\\\/favorite-news.com\\\/pt\\\/opep-e-aliados-acordam-aumentar-producao-de-petroleo-a-partir-de-agosto\\\/\"},\"author\":{\"name\":\"favorite-news\",\"@id\":\"https:\\\/\\\/favorite-news.com\\\/pt\\\/#\\\/schema\\\/person\\\/b91573b717dcfa5e4696032a9d28d3e8\"},\"headline\":\"OPEP e aliados acordam aumentar produ\u00e7\u00e3o de petr\u00f3leo a partir de agosto\",\"datePublished\":\"2021-07-18T21:19:08+00:00\",\"dateModified\":\"2021-07-18T21:19:13+00:00\",\"mainEntityOfPage\":{\"@id\":\"https:\\\/\\\/favorite-news.com\\\/pt\\\/opep-e-aliados-acordam-aumentar-producao-de-petroleo-a-partir-de-agosto\\\/\"},\"wordCount\":404,\"commentCount\":0,\"image\":{\"@id\":\"https:\\\/\\\/favorite-news.com\\\/pt\\\/opep-e-aliados-acordam-aumentar-producao-de-petroleo-a-partir-de-agosto\\\/#primaryimage\"},\"thumbnailUrl\":\"https:\\\/\\\/favorite-news.com\\\/pt\\\/wp-content\\\/uploads\\\/sites\\\/2\\\/2021\\\/07\\\/OPEP-e-aliados-acordam-aumentar-producao-de-petroleo-a-partir.jpg\",\"articleSection\":[\"NOT\u00cdCIAS FINANCEIRAS\"],\"inLanguage\":\"pt-PT\",\"potentialAction\":[{\"@type\":\"CommentAction\",\"name\":\"Comment\",\"target\":[\"https:\\\/\\\/favorite-news.com\\\/pt\\\/opep-e-aliados-acordam-aumentar-producao-de-petroleo-a-partir-de-agosto\\\/#respond\"]}]},{\"@type\":\"WebPage\",\"@id\":\"https:\\\/\\\/favorite-news.com\\\/pt\\\/opep-e-aliados-acordam-aumentar-producao-de-petroleo-a-partir-de-agosto\\\/\",\"url\":\"https:\\\/\\\/favorite-news.com\\\/pt\\\/opep-e-aliados-acordam-aumentar-producao-de-petroleo-a-partir-de-agosto\\\/\",\"name\":\"OPEP e aliados acordam aumentar produ\u00e7\u00e3o de petr\u00f3leo a partir de agosto - Favorite News\",\"isPartOf\":{\"@id\":\"https:\\\/\\\/favorite-news.com\\\/pt\\\/#website\"},\"primaryImageOfPage\":{\"@id\":\"https:\\\/\\\/favorite-news.com\\\/pt\\\/opep-e-aliados-acordam-aumentar-producao-de-petroleo-a-partir-de-agosto\\\/#primaryimage\"},\"image\":{\"@id\":\"https:\\\/\\\/favorite-news.com\\\/pt\\\/opep-e-aliados-acordam-aumentar-producao-de-petroleo-a-partir-de-agosto\\\/#primaryimage\"},\"thumbnailUrl\":\"https:\\\/\\\/favorite-news.com\\\/pt\\\/wp-content\\\/uploads\\\/sites\\\/2\\\/2021\\\/07\\\/OPEP-e-aliados-acordam-aumentar-producao-de-petroleo-a-partir.jpg\",\"datePublished\":\"2021-07-18T21:19:08+00:00\",\"dateModified\":\"2021-07-18T21:19:13+00:00\",\"author\":{\"@id\":\"https:\\\/\\\/favorite-news.com\\\/pt\\\/#\\\/schema\\\/person\\\/b91573b717dcfa5e4696032a9d28d3e8\"},\"breadcrumb\":{\"@id\":\"https:\\\/\\\/favorite-news.com\\\/pt\\\/opep-e-aliados-acordam-aumentar-producao-de-petroleo-a-partir-de-agosto\\\/#breadcrumb\"},\"inLanguage\":\"pt-PT\",\"potentialAction\":[{\"@type\":\"ReadAction\",\"target\":[\"https:\\\/\\\/favorite-news.com\\\/pt\\\/opep-e-aliados-acordam-aumentar-producao-de-petroleo-a-partir-de-agosto\\\/\"]}]},{\"@type\":\"ImageObject\",\"inLanguage\":\"pt-PT\",\"@id\":\"https:\\\/\\\/favorite-news.com\\\/pt\\\/opep-e-aliados-acordam-aumentar-producao-de-petroleo-a-partir-de-agosto\\\/#primaryimage\",\"url\":\"https:\\\/\\\/favorite-news.com\\\/pt\\\/wp-content\\\/uploads\\\/sites\\\/2\\\/2021\\\/07\\\/OPEP-e-aliados-acordam-aumentar-producao-de-petroleo-a-partir.jpg\",\"contentUrl\":\"https:\\\/\\\/favorite-news.com\\\/pt\\\/wp-content\\\/uploads\\\/sites\\\/2\\\/2021\\\/07\\\/OPEP-e-aliados-acordam-aumentar-producao-de-petroleo-a-partir.jpg\",\"width\":2048,\"height\":1536,\"caption\":\"OPEP e aliados acordam aumentar produ\u00e7\u00e3o de petr\u00f3leo a partir de agosto\"},{\"@type\":\"BreadcrumbList\",\"@id\":\"https:\\\/\\\/favorite-news.com\\\/pt\\\/opep-e-aliados-acordam-aumentar-producao-de-petroleo-a-partir-de-agosto\\\/#breadcrumb\",\"itemListElement\":[{\"@type\":\"ListItem\",\"position\":1,\"name\":\"Home\",\"item\":\"https:\\\/\\\/favorite-news.com\\\/pt\\\/\"},{\"@type\":\"ListItem\",\"position\":2,\"name\":\"OPEP e aliados acordam aumentar produ\u00e7\u00e3o de petr\u00f3leo a partir de agosto\"}]},{\"@type\":\"WebSite\",\"@id\":\"https:\\\/\\\/favorite-news.com\\\/pt\\\/#website\",\"url\":\"https:\\\/\\\/favorite-news.com\\\/pt\\\/\",\"name\":\"Favorite News\",\"description\":\"Favorite News Portugal\",\"potentialAction\":[{\"@type\":\"SearchAction\",\"target\":{\"@type\":\"EntryPoint\",\"urlTemplate\":\"https:\\\/\\\/favorite-news.com\\\/pt\\\/?s={search_term_string}\"},\"query-input\":{\"@type\":\"PropertyValueSpecification\",\"valueRequired\":true,\"valueName\":\"search_term_string\"}}],\"inLanguage\":\"pt-PT\"},{\"@type\":\"Person\",\"@id\":\"https:\\\/\\\/favorite-news.com\\\/pt\\\/#\\\/schema\\\/person\\\/b91573b717dcfa5e4696032a9d28d3e8\",\"name\":\"favorite-news\",\"image\":{\"@type\":\"ImageObject\",\"inLanguage\":\"pt-PT\",\"@id\":\"https:\\\/\\\/secure.gravatar.com\\\/avatar\\\/6c5a5cb12b74e9d517ee91cf570335b7d16177f1977cc91db161adfa435945a7?s=96&d=mm&r=g\",\"url\":\"https:\\\/\\\/secure.gravatar.com\\\/avatar\\\/6c5a5cb12b74e9d517ee91cf570335b7d16177f1977cc91db161adfa435945a7?s=96&d=mm&r=g\",\"contentUrl\":\"https:\\\/\\\/secure.gravatar.com\\\/avatar\\\/6c5a5cb12b74e9d517ee91cf570335b7d16177f1977cc91db161adfa435945a7?s=96&d=mm&r=g\",\"caption\":\"favorite-news\"},\"url\":\"https:\\\/\\\/favorite-news.com\\\/pt\\\/author\\\/pt\\\/\"}]}<\/script>\n<!-- \/ Yoast SEO plugin. -->","yoast_head_json":{"title":"OPEP e aliados acordam aumentar produ\u00e7\u00e3o de petr\u00f3leo a partir de agosto - Favorite News","robots":{"index":"index","follow":"follow","max-snippet":"max-snippet:-1","max-image-preview":"max-image-preview:large","max-video-preview":"max-video-preview:-1"},"canonical":"https:\/\/favorite-news.com\/pt\/opep-e-aliados-acordam-aumentar-producao-de-petroleo-a-partir-de-agosto\/","og_locale":"pt_PT","og_type":"article","og_title":"OPEP e aliados acordam aumentar produ\u00e7\u00e3o de petr\u00f3leo a partir de agosto - Favorite News","og_description":"Jonathan Cutrer \/ Flickr A Organiza\u00e7\u00e3o dos Pa\u00edses Exportadores de Petr\u00f3leo (OPEP) e os seus aliados, liderados pela R\u00fassia, concordaram hoje aumentar a produ\u00e7\u00e3o conjunta de forma escalonada nos pr\u00f3ximos cinco meses, a partir de agosto. Em comunicado, citado pela EFE, o secretariado da OPEP explicou que o aumento da produ\u00e7\u00e3o come\u00e7ar\u00e1 no pr\u00f3ximo m\u00eas [&hellip;]","og_url":"https:\/\/favorite-news.com\/pt\/opep-e-aliados-acordam-aumentar-producao-de-petroleo-a-partir-de-agosto\/","og_site_name":"Favorite News","article_published_time":"2021-07-18T21:19:08+00:00","article_modified_time":"2021-07-18T21:19:13+00:00","og_image":[{"width":2048,"height":1536,"url":"https:\/\/favorite-news.com\/pt\/wp-content\/uploads\/sites\/2\/2021\/07\/OPEP-e-aliados-acordam-aumentar-producao-de-petroleo-a-partir.jpg","type":"image\/jpeg"}],"author":"favorite-news","twitter_card":"summary_large_image","twitter_misc":{"Escrito por":"favorite-news","Tempo estimado de leitura":"2 minutos"},"schema":{"@context":"https:\/\/schema.org","@graph":[{"@type":"Article","@id":"https:\/\/favorite-news.com\/pt\/opep-e-aliados-acordam-aumentar-producao-de-petroleo-a-partir-de-agosto\/#article","isPartOf":{"@id":"https:\/\/favorite-news.com\/pt\/opep-e-aliados-acordam-aumentar-producao-de-petroleo-a-partir-de-agosto\/"},"author":{"name":"favorite-news","@id":"https:\/\/favorite-news.com\/pt\/#\/schema\/person\/b91573b717dcfa5e4696032a9d28d3e8"},"headline":"OPEP e aliados acordam aumentar produ\u00e7\u00e3o de petr\u00f3leo a partir de agosto","datePublished":"2021-07-18T21:19:08+00:00","dateModified":"2021-07-18T21:19:13+00:00","mainEntityOfPage":{"@id":"https:\/\/favorite-news.com\/pt\/opep-e-aliados-acordam-aumentar-producao-de-petroleo-a-partir-de-agosto\/"},"wordCount":404,"commentCount":0,"image":{"@id":"https:\/\/favorite-news.com\/pt\/opep-e-aliados-acordam-aumentar-producao-de-petroleo-a-partir-de-agosto\/#primaryimage"},"thumbnailUrl":"https:\/\/favorite-news.com\/pt\/wp-content\/uploads\/sites\/2\/2021\/07\/OPEP-e-aliados-acordam-aumentar-producao-de-petroleo-a-partir.jpg","articleSection":["NOT\u00cdCIAS FINANCEIRAS"],"inLanguage":"pt-PT","potentialAction":[{"@type":"CommentAction","name":"Comment","target":["https:\/\/favorite-news.com\/pt\/opep-e-aliados-acordam-aumentar-producao-de-petroleo-a-partir-de-agosto\/#respond"]}]},{"@type":"WebPage","@id":"https:\/\/favorite-news.com\/pt\/opep-e-aliados-acordam-aumentar-producao-de-petroleo-a-partir-de-agosto\/","url":"https:\/\/favorite-news.com\/pt\/opep-e-aliados-acordam-aumentar-producao-de-petroleo-a-partir-de-agosto\/","name":"OPEP e aliados acordam aumentar produ\u00e7\u00e3o de petr\u00f3leo a partir de agosto - Favorite News","isPartOf":{"@id":"https:\/\/favorite-news.com\/pt\/#website"},"primaryImageOfPage":{"@id":"https:\/\/favorite-news.com\/pt\/opep-e-aliados-acordam-aumentar-producao-de-petroleo-a-partir-de-agosto\/#primaryimage"},"image":{"@id":"https:\/\/favorite-news.com\/pt\/opep-e-aliados-acordam-aumentar-producao-de-petroleo-a-partir-de-agosto\/#primaryimage"},"thumbnailUrl":"https:\/\/favorite-news.com\/pt\/wp-content\/uploads\/sites\/2\/2021\/07\/OPEP-e-aliados-acordam-aumentar-producao-de-petroleo-a-partir.jpg","datePublished":"2021-07-18T21:19:08+00:00","dateModified":"2021-07-18T21:19:13+00:00","author":{"@id":"https:\/\/favorite-news.com\/pt\/#\/schema\/person\/b91573b717dcfa5e4696032a9d28d3e8"},"breadcrumb":{"@id":"https:\/\/favorite-news.com\/pt\/opep-e-aliados-acordam-aumentar-producao-de-petroleo-a-partir-de-agosto\/#breadcrumb"},"inLanguage":"pt-PT","potentialAction":[{"@type":"ReadAction","target":["https:\/\/favorite-news.com\/pt\/opep-e-aliados-acordam-aumentar-producao-de-petroleo-a-partir-de-agosto\/"]}]},{"@type":"ImageObject","inLanguage":"pt-PT","@id":"https:\/\/favorite-news.com\/pt\/opep-e-aliados-acordam-aumentar-producao-de-petroleo-a-partir-de-agosto\/#primaryimage","url":"https:\/\/favorite-news.com\/pt\/wp-content\/uploads\/sites\/2\/2021\/07\/OPEP-e-aliados-acordam-aumentar-producao-de-petroleo-a-partir.jpg","contentUrl":"https:\/\/favorite-news.com\/pt\/wp-content\/uploads\/sites\/2\/2021\/07\/OPEP-e-aliados-acordam-aumentar-producao-de-petroleo-a-partir.jpg","width":2048,"height":1536,"caption":"OPEP e aliados acordam aumentar produ\u00e7\u00e3o de petr\u00f3leo a partir de agosto"},{"@type":"BreadcrumbList","@id":"https:\/\/favorite-news.com\/pt\/opep-e-aliados-acordam-aumentar-producao-de-petroleo-a-partir-de-agosto\/#breadcrumb","itemListElement":[{"@type":"ListItem","position":1,"name":"Home","item":"https:\/\/favorite-news.com\/pt\/"},{"@type":"ListItem","position":2,"name":"OPEP e aliados acordam aumentar produ\u00e7\u00e3o de petr\u00f3leo a partir de agosto"}]},{"@type":"WebSite","@id":"https:\/\/favorite-news.com\/pt\/#website","url":"https:\/\/favorite-news.com\/pt\/","name":"Favorite News","description":"Favorite News Portugal","potentialAction":[{"@type":"SearchAction","target":{"@type":"EntryPoint","urlTemplate":"https:\/\/favorite-news.com\/pt\/?s={search_term_string}"},"query-input":{"@type":"PropertyValueSpecification","valueRequired":true,"valueName":"search_term_string"}}],"inLanguage":"pt-PT"},{"@type":"Person","@id":"https:\/\/favorite-news.com\/pt\/#\/schema\/person\/b91573b717dcfa5e4696032a9d28d3e8","name":"favorite-news","image":{"@type":"ImageObject","inLanguage":"pt-PT","@id":"https:\/\/secure.gravatar.com\/avatar\/6c5a5cb12b74e9d517ee91cf570335b7d16177f1977cc91db161adfa435945a7?s=96&d=mm&r=g","url":"https:\/\/secure.gravatar.com\/avatar\/6c5a5cb12b74e9d517ee91cf570335b7d16177f1977cc91db161adfa435945a7?s=96&d=mm&r=g","contentUrl":"https:\/\/secure.gravatar.com\/avatar\/6c5a5cb12b74e9d517ee91cf570335b7d16177f1977cc91db161adfa435945a7?s=96&d=mm&r=g","caption":"favorite-news"},"url":"https:\/\/favorite-news.com\/pt\/author\/pt\/"}]}},"_links":{"self":[{"href":"https:\/\/favorite-news.com\/pt\/wp-json\/wp\/v2\/posts\/10812","targetHints":{"allow":["GET"]}}],"collection":[{"href":"https:\/\/favorite-news.com\/pt\/wp-json\/wp\/v2\/posts"}],"about":[{"href":"https:\/\/favorite-news.com\/pt\/wp-json\/wp\/v2\/types\/post"}],"author":[{"embeddable":true,"href":"https:\/\/favorite-news.com\/pt\/wp-json\/wp\/v2\/users\/2"}],"replies":[{"embeddable":true,"href":"https:\/\/favorite-news.com\/pt\/wp-json\/wp\/v2\/comments?post=10812"}],"version-history":[{"count":1,"href":"https:\/\/favorite-news.com\/pt\/wp-json\/wp\/v2\/posts\/10812\/revisions"}],"predecessor-version":[{"id":10814,"href":"https:\/\/favorite-news.com\/pt\/wp-json\/wp\/v2\/posts\/10812\/revisions\/10814"}],"wp:featuredmedia":[{"embeddable":true,"href":"https:\/\/favorite-news.com\/pt\/wp-json\/wp\/v2\/media\/10813"}],"wp:attachment":[{"href":"https:\/\/favorite-news.com\/pt\/wp-json\/wp\/v2\/media?parent=10812"}],"wp:term":[{"taxonomy":"category","embeddable":true,"href":"https:\/\/favorite-news.com\/pt\/wp-json\/wp\/v2\/categories?post=10812"},{"taxonomy":"post_tag","embeddable":true,"href":"https:\/\/favorite-news.com\/pt\/wp-json\/wp\/v2\/tags?post=10812"}],"curies":[{"name":"wp","href":"https:\/\/api.w.org\/{rel}","templated":true}]}}