{"id":10806,"date":"2021-07-18T12:17:08","date_gmt":"2021-07-18T09:17:08","guid":{"rendered":"https:\/\/favorite-news.com\/pt\/tap-antecipa-novos-cancelamentos-devido-a-greve-da-groundforce\/"},"modified":"2021-07-18T12:17:12","modified_gmt":"2021-07-18T09:17:12","slug":"tap-antecipa-novos-cancelamentos-devido-a-greve-da-groundforce","status":"publish","type":"post","link":"https:\/\/favorite-news.com\/pt\/tap-antecipa-novos-cancelamentos-devido-a-greve-da-groundforce\/","title":{"rendered":"TAP antecipa novos cancelamentos devido \u00e0 greve da Groundforce"},"content":{"rendered":"<p>Jos\u00e9 sena Goul\u00e3o \/ LusaGreve da Groundforce causa constrangimentos no Aeroporto de Lisboa<br \/>\nA greve de hoje dos trabalhadores da Groundforce afetou significativamente a opera\u00e7\u00e3o da TAP, reconheceu a presidente executiva da transportadora a\u00e9rea, que antecipou para hoje cancelamentos e atrasos semelhantes no aeroporto de Lisboa.<\/p>\n<p>\u201cToda a nossa opera\u00e7\u00e3o foi significativamente afetada. Hoje n\u00e3o tivemos alternativa sen\u00e3o cancelar quase todos os nossos voos. Para domingo, s\u00e3o esperados cancelamentos e atrasos semelhantes nas opera\u00e7\u00f5es da TAP, sobretudo no aeroporto de Lisboa\u201d, adiantou Christine Ourmi\u00e8res-Widener, numa carta enviada aos trabalhadores da transportadora a que a Lusa teve acesso.<br \/>\nSegundo a CEO da TAP, a greve dos trabalhadores da empresa de handling \u201cteve impacto na opera\u00e7\u00e3o da TAP, sobretudo no aeroporto de Lisboa\u201d, uma situa\u00e7\u00e3o que \u201cafetou todos os clientes com reservas para este fim de semana e todos os colegas que trabalharam hoje incansavelmente para gerir toda esta situa\u00e7\u00e3o\u201d.<br \/>\nDepois de salientar o \u201cnot\u00e1vel esfor\u00e7o da equipa TAP para se adaptar \u00e0s circunst\u00e2ncias adversas e inesperadas\u201d, Christine Ourmi\u00e8res-Widener adiantou na mesma carta que, a partir de sexta-feira, foi ativado o plano de conting\u00eancia de resposta ao cliente para \u201cproteger e notificar diretamente todos os passageiros\u201d.<\/p>\n<p>\u201cTamb\u00e9m recomendamos que os clientes cujos voos est\u00e3o a ser impactados pela greve privilegiem as ferramentas de self service online da companhia, tais como o Manage Your Booking, que permite consultar e alterar a prote\u00e7\u00e3o realizada, e o Flight Info Tool, que fornece dados em tempo real de partidas e chegadas, permitindo reduzir o n\u00famero de chamadas no call center sobre pedidos de informa\u00e7\u00e3o referentes aos voos\u201d, referiu a presidente executiva.<br \/>\nAl\u00e9m disso, de acordo com Christine Ourmi\u00e8res-Widener, a TAP criou, em exclusivo para esta greve, uma p\u00e1gina no site na internet da companhia com instru\u00e7\u00f5es em caso de dificuldades de voo e de bagagem.<br \/>\nOntem foi o primeiro dia da greve convocada pelo Sindicato dos T\u00e9cnicos de Handling de Aeroportos (STHA), como protesto pela \u201csitua\u00e7\u00e3o de instabilidade insustent\u00e1vel, no que concerne ao pagamento pontual dos sal\u00e1rios e outras componentes pecuni\u00e1rias\u201d que os trabalhadores da Groundforce enfrentam desde fevereiro de 2021.<br \/>\nSegundo a ANA \u2013 Aeroportos de Portugal, foram cancelados hoje 242 voos no aeroporto de Lisboa \u2013 107 chegadas e 135 partidas.<br \/>\nNo aeroporto do Porto, a greve levou ao cancelamento de 18 voos (nove chegadas e nove partidas), em Faro e na Madeira foram canceladas tr\u00eas chegadas e tr\u00eas partidas em cada um dos aeroportos e no Porto Santo a paralisa\u00e7\u00e3o obrigou ao cancelamento de quatro liga\u00e7\u00f5es a\u00e9reas.<br \/>\nA paralisa\u00e7\u00e3o vai prolongar-se pelos dias 18 e 31 de julho, 01 e 02 de agosto, o que levou a ANA a alertar para constrangimentos nos aeroportos nacionais, cancelamentos e atrasos nos voos assistidos pela Groundforce, nos aeroportos de Lisboa, Porto, Faro, Funchal e Porto Santo.<br \/>\nAl\u00e9m desta greve, desde o dia 15 de julho que os trabalhadores da Groundforce est\u00e3o tamb\u00e9m a cumprir uma greve \u00e0s horas extraordin\u00e1rias, que se prolonga at\u00e9 \u00e0s 24:00 do dia 31 de outubro de 2021.<br \/>\nA Groundforce \u00e9 detida em 50,1% pela Pasogal e em 49,9% pelo grupo TAP, que, em 2020, passou a ser detido em 72,5% pelo Estado portugu\u00eas.<\/p>\n<p>\n<!--noindex--><br \/>\n<a href=\"https:\/\/zap.aeiou.pt\/tap-novos-cancelamentos-atrasos-418235\" rel=\"nofollow\">Source link <\/a><br \/>\n<!--\/noindex--><\/p>\n","protected":false},"excerpt":{"rendered":"<p>Jos\u00e9 sena Goul\u00e3o \/ LusaGreve da Groundforce causa constrangimentos no Aeroporto de Lisboa A greve de hoje dos trabalhadores da Groundforce afetou significativamente a opera\u00e7\u00e3o da TAP, reconheceu a presidente executiva da transportadora a\u00e9rea, que antecipou para hoje cancelamentos e atrasos semelhantes no aeroporto de Lisboa. \u201cToda a nossa opera\u00e7\u00e3o foi significativamente afetada. Hoje n\u00e3o [&hellip;]<\/p>\n","protected":false},"author":2,"featured_media":10807,"comment_status":"open","ping_status":"open","sticky":false,"template":"","format":"standard","meta":{"footnotes":""},"categories":[1],"tags":[],"class_list":["post-10806","post","type-post","status-publish","format-standard","has-post-thumbnail","hentry","category-noticias-financeiras"],"yoast_head":"<!-- This site is optimized with the Yoast SEO plugin v27.4 - https:\/\/yoast.com\/product\/yoast-seo-wordpress\/ -->\n<title>TAP antecipa novos cancelamentos devido \u00e0 greve da Groundforce - Favorite News<\/title>\n<meta name=\"robots\" content=\"index, follow, max-snippet:-1, max-image-preview:large, max-video-preview:-1\" \/>\n<link rel=\"canonical\" href=\"https:\/\/favorite-news.com\/pt\/tap-antecipa-novos-cancelamentos-devido-a-greve-da-groundforce\/\" \/>\n<meta property=\"og:locale\" content=\"pt_PT\" \/>\n<meta property=\"og:type\" content=\"article\" \/>\n<meta property=\"og:title\" content=\"TAP antecipa novos cancelamentos devido \u00e0 greve da Groundforce - Favorite News\" \/>\n<meta property=\"og:description\" content=\"Jos\u00e9 sena Goul\u00e3o \/ LusaGreve da Groundforce causa constrangimentos no Aeroporto de Lisboa A greve de hoje dos trabalhadores da Groundforce afetou significativamente a opera\u00e7\u00e3o da TAP, reconheceu a presidente executiva da transportadora a\u00e9rea, que antecipou para hoje cancelamentos e atrasos semelhantes no aeroporto de Lisboa. \u201cToda a nossa opera\u00e7\u00e3o foi significativamente afetada. Hoje n\u00e3o [&hellip;]\" \/>\n<meta property=\"og:url\" content=\"https:\/\/favorite-news.com\/pt\/tap-antecipa-novos-cancelamentos-devido-a-greve-da-groundforce\/\" \/>\n<meta property=\"og:site_name\" content=\"Favorite News\" \/>\n<meta property=\"article:published_time\" content=\"2021-07-18T09:17:08+00:00\" \/>\n<meta property=\"article:modified_time\" content=\"2021-07-18T09:17:12+00:00\" \/>\n<meta property=\"og:image\" content=\"https:\/\/favorite-news.com\/pt\/wp-content\/uploads\/sites\/2\/2021\/07\/TAP-antecipa-novos-cancelamentos-devido-a-greve-da-Groundforce.jpg\" \/>\n\t<meta property=\"og:image:width\" content=\"1200\" \/>\n\t<meta property=\"og:image:height\" content=\"800\" \/>\n\t<meta property=\"og:image:type\" content=\"image\/jpeg\" \/>\n<meta name=\"author\" content=\"favorite-news\" \/>\n<meta name=\"twitter:card\" content=\"summary_large_image\" \/>\n<meta name=\"twitter:label1\" content=\"Escrito por\" \/>\n\t<meta name=\"twitter:data1\" content=\"favorite-news\" \/>\n\t<meta name=\"twitter:label2\" content=\"Tempo estimado de leitura\" \/>\n\t<meta name=\"twitter:data2\" content=\"3 minutos\" \/>\n<script type=\"application\/ld+json\" class=\"yoast-schema-graph\">{\"@context\":\"https:\\\/\\\/schema.org\",\"@graph\":[{\"@type\":\"Article\",\"@id\":\"https:\\\/\\\/favorite-news.com\\\/pt\\\/tap-antecipa-novos-cancelamentos-devido-a-greve-da-groundforce\\\/#article\",\"isPartOf\":{\"@id\":\"https:\\\/\\\/favorite-news.com\\\/pt\\\/tap-antecipa-novos-cancelamentos-devido-a-greve-da-groundforce\\\/\"},\"author\":{\"name\":\"favorite-news\",\"@id\":\"https:\\\/\\\/favorite-news.com\\\/pt\\\/#\\\/schema\\\/person\\\/b91573b717dcfa5e4696032a9d28d3e8\"},\"headline\":\"TAP antecipa novos cancelamentos devido \u00e0 greve da Groundforce\",\"datePublished\":\"2021-07-18T09:17:08+00:00\",\"dateModified\":\"2021-07-18T09:17:12+00:00\",\"mainEntityOfPage\":{\"@id\":\"https:\\\/\\\/favorite-news.com\\\/pt\\\/tap-antecipa-novos-cancelamentos-devido-a-greve-da-groundforce\\\/\"},\"wordCount\":553,\"commentCount\":0,\"image\":{\"@id\":\"https:\\\/\\\/favorite-news.com\\\/pt\\\/tap-antecipa-novos-cancelamentos-devido-a-greve-da-groundforce\\\/#primaryimage\"},\"thumbnailUrl\":\"https:\\\/\\\/favorite-news.com\\\/pt\\\/wp-content\\\/uploads\\\/sites\\\/2\\\/2021\\\/07\\\/TAP-antecipa-novos-cancelamentos-devido-a-greve-da-Groundforce.jpg\",\"articleSection\":[\"NOT\u00cdCIAS FINANCEIRAS\"],\"inLanguage\":\"pt-PT\",\"potentialAction\":[{\"@type\":\"CommentAction\",\"name\":\"Comment\",\"target\":[\"https:\\\/\\\/favorite-news.com\\\/pt\\\/tap-antecipa-novos-cancelamentos-devido-a-greve-da-groundforce\\\/#respond\"]}]},{\"@type\":\"WebPage\",\"@id\":\"https:\\\/\\\/favorite-news.com\\\/pt\\\/tap-antecipa-novos-cancelamentos-devido-a-greve-da-groundforce\\\/\",\"url\":\"https:\\\/\\\/favorite-news.com\\\/pt\\\/tap-antecipa-novos-cancelamentos-devido-a-greve-da-groundforce\\\/\",\"name\":\"TAP antecipa novos cancelamentos devido \u00e0 greve da Groundforce - Favorite News\",\"isPartOf\":{\"@id\":\"https:\\\/\\\/favorite-news.com\\\/pt\\\/#website\"},\"primaryImageOfPage\":{\"@id\":\"https:\\\/\\\/favorite-news.com\\\/pt\\\/tap-antecipa-novos-cancelamentos-devido-a-greve-da-groundforce\\\/#primaryimage\"},\"image\":{\"@id\":\"https:\\\/\\\/favorite-news.com\\\/pt\\\/tap-antecipa-novos-cancelamentos-devido-a-greve-da-groundforce\\\/#primaryimage\"},\"thumbnailUrl\":\"https:\\\/\\\/favorite-news.com\\\/pt\\\/wp-content\\\/uploads\\\/sites\\\/2\\\/2021\\\/07\\\/TAP-antecipa-novos-cancelamentos-devido-a-greve-da-Groundforce.jpg\",\"datePublished\":\"2021-07-18T09:17:08+00:00\",\"dateModified\":\"2021-07-18T09:17:12+00:00\",\"author\":{\"@id\":\"https:\\\/\\\/favorite-news.com\\\/pt\\\/#\\\/schema\\\/person\\\/b91573b717dcfa5e4696032a9d28d3e8\"},\"breadcrumb\":{\"@id\":\"https:\\\/\\\/favorite-news.com\\\/pt\\\/tap-antecipa-novos-cancelamentos-devido-a-greve-da-groundforce\\\/#breadcrumb\"},\"inLanguage\":\"pt-PT\",\"potentialAction\":[{\"@type\":\"ReadAction\",\"target\":[\"https:\\\/\\\/favorite-news.com\\\/pt\\\/tap-antecipa-novos-cancelamentos-devido-a-greve-da-groundforce\\\/\"]}]},{\"@type\":\"ImageObject\",\"inLanguage\":\"pt-PT\",\"@id\":\"https:\\\/\\\/favorite-news.com\\\/pt\\\/tap-antecipa-novos-cancelamentos-devido-a-greve-da-groundforce\\\/#primaryimage\",\"url\":\"https:\\\/\\\/favorite-news.com\\\/pt\\\/wp-content\\\/uploads\\\/sites\\\/2\\\/2021\\\/07\\\/TAP-antecipa-novos-cancelamentos-devido-a-greve-da-Groundforce.jpg\",\"contentUrl\":\"https:\\\/\\\/favorite-news.com\\\/pt\\\/wp-content\\\/uploads\\\/sites\\\/2\\\/2021\\\/07\\\/TAP-antecipa-novos-cancelamentos-devido-a-greve-da-Groundforce.jpg\",\"width\":1200,\"height\":800,\"caption\":\"TAP antecipa novos cancelamentos devido \u00e0 greve da Groundforce\"},{\"@type\":\"BreadcrumbList\",\"@id\":\"https:\\\/\\\/favorite-news.com\\\/pt\\\/tap-antecipa-novos-cancelamentos-devido-a-greve-da-groundforce\\\/#breadcrumb\",\"itemListElement\":[{\"@type\":\"ListItem\",\"position\":1,\"name\":\"Home\",\"item\":\"https:\\\/\\\/favorite-news.com\\\/pt\\\/\"},{\"@type\":\"ListItem\",\"position\":2,\"name\":\"TAP antecipa novos cancelamentos devido \u00e0 greve da Groundforce\"}]},{\"@type\":\"WebSite\",\"@id\":\"https:\\\/\\\/favorite-news.com\\\/pt\\\/#website\",\"url\":\"https:\\\/\\\/favorite-news.com\\\/pt\\\/\",\"name\":\"Favorite News\",\"description\":\"Favorite News Portugal\",\"potentialAction\":[{\"@type\":\"SearchAction\",\"target\":{\"@type\":\"EntryPoint\",\"urlTemplate\":\"https:\\\/\\\/favorite-news.com\\\/pt\\\/?s={search_term_string}\"},\"query-input\":{\"@type\":\"PropertyValueSpecification\",\"valueRequired\":true,\"valueName\":\"search_term_string\"}}],\"inLanguage\":\"pt-PT\"},{\"@type\":\"Person\",\"@id\":\"https:\\\/\\\/favorite-news.com\\\/pt\\\/#\\\/schema\\\/person\\\/b91573b717dcfa5e4696032a9d28d3e8\",\"name\":\"favorite-news\",\"image\":{\"@type\":\"ImageObject\",\"inLanguage\":\"pt-PT\",\"@id\":\"https:\\\/\\\/secure.gravatar.com\\\/avatar\\\/6c5a5cb12b74e9d517ee91cf570335b7d16177f1977cc91db161adfa435945a7?s=96&d=mm&r=g\",\"url\":\"https:\\\/\\\/secure.gravatar.com\\\/avatar\\\/6c5a5cb12b74e9d517ee91cf570335b7d16177f1977cc91db161adfa435945a7?s=96&d=mm&r=g\",\"contentUrl\":\"https:\\\/\\\/secure.gravatar.com\\\/avatar\\\/6c5a5cb12b74e9d517ee91cf570335b7d16177f1977cc91db161adfa435945a7?s=96&d=mm&r=g\",\"caption\":\"favorite-news\"},\"url\":\"https:\\\/\\\/favorite-news.com\\\/pt\\\/author\\\/pt\\\/\"}]}<\/script>\n<!-- \/ Yoast SEO plugin. -->","yoast_head_json":{"title":"TAP antecipa novos cancelamentos devido \u00e0 greve da Groundforce - Favorite News","robots":{"index":"index","follow":"follow","max-snippet":"max-snippet:-1","max-image-preview":"max-image-preview:large","max-video-preview":"max-video-preview:-1"},"canonical":"https:\/\/favorite-news.com\/pt\/tap-antecipa-novos-cancelamentos-devido-a-greve-da-groundforce\/","og_locale":"pt_PT","og_type":"article","og_title":"TAP antecipa novos cancelamentos devido \u00e0 greve da Groundforce - Favorite News","og_description":"Jos\u00e9 sena Goul\u00e3o \/ LusaGreve da Groundforce causa constrangimentos no Aeroporto de Lisboa A greve de hoje dos trabalhadores da Groundforce afetou significativamente a opera\u00e7\u00e3o da TAP, reconheceu a presidente executiva da transportadora a\u00e9rea, que antecipou para hoje cancelamentos e atrasos semelhantes no aeroporto de Lisboa. \u201cToda a nossa opera\u00e7\u00e3o foi significativamente afetada. Hoje n\u00e3o [&hellip;]","og_url":"https:\/\/favorite-news.com\/pt\/tap-antecipa-novos-cancelamentos-devido-a-greve-da-groundforce\/","og_site_name":"Favorite News","article_published_time":"2021-07-18T09:17:08+00:00","article_modified_time":"2021-07-18T09:17:12+00:00","og_image":[{"width":1200,"height":800,"url":"https:\/\/favorite-news.com\/pt\/wp-content\/uploads\/sites\/2\/2021\/07\/TAP-antecipa-novos-cancelamentos-devido-a-greve-da-Groundforce.jpg","type":"image\/jpeg"}],"author":"favorite-news","twitter_card":"summary_large_image","twitter_misc":{"Escrito por":"favorite-news","Tempo estimado de leitura":"3 minutos"},"schema":{"@context":"https:\/\/schema.org","@graph":[{"@type":"Article","@id":"https:\/\/favorite-news.com\/pt\/tap-antecipa-novos-cancelamentos-devido-a-greve-da-groundforce\/#article","isPartOf":{"@id":"https:\/\/favorite-news.com\/pt\/tap-antecipa-novos-cancelamentos-devido-a-greve-da-groundforce\/"},"author":{"name":"favorite-news","@id":"https:\/\/favorite-news.com\/pt\/#\/schema\/person\/b91573b717dcfa5e4696032a9d28d3e8"},"headline":"TAP antecipa novos cancelamentos devido \u00e0 greve da Groundforce","datePublished":"2021-07-18T09:17:08+00:00","dateModified":"2021-07-18T09:17:12+00:00","mainEntityOfPage":{"@id":"https:\/\/favorite-news.com\/pt\/tap-antecipa-novos-cancelamentos-devido-a-greve-da-groundforce\/"},"wordCount":553,"commentCount":0,"image":{"@id":"https:\/\/favorite-news.com\/pt\/tap-antecipa-novos-cancelamentos-devido-a-greve-da-groundforce\/#primaryimage"},"thumbnailUrl":"https:\/\/favorite-news.com\/pt\/wp-content\/uploads\/sites\/2\/2021\/07\/TAP-antecipa-novos-cancelamentos-devido-a-greve-da-Groundforce.jpg","articleSection":["NOT\u00cdCIAS FINANCEIRAS"],"inLanguage":"pt-PT","potentialAction":[{"@type":"CommentAction","name":"Comment","target":["https:\/\/favorite-news.com\/pt\/tap-antecipa-novos-cancelamentos-devido-a-greve-da-groundforce\/#respond"]}]},{"@type":"WebPage","@id":"https:\/\/favorite-news.com\/pt\/tap-antecipa-novos-cancelamentos-devido-a-greve-da-groundforce\/","url":"https:\/\/favorite-news.com\/pt\/tap-antecipa-novos-cancelamentos-devido-a-greve-da-groundforce\/","name":"TAP antecipa novos cancelamentos devido \u00e0 greve da Groundforce - Favorite News","isPartOf":{"@id":"https:\/\/favorite-news.com\/pt\/#website"},"primaryImageOfPage":{"@id":"https:\/\/favorite-news.com\/pt\/tap-antecipa-novos-cancelamentos-devido-a-greve-da-groundforce\/#primaryimage"},"image":{"@id":"https:\/\/favorite-news.com\/pt\/tap-antecipa-novos-cancelamentos-devido-a-greve-da-groundforce\/#primaryimage"},"thumbnailUrl":"https:\/\/favorite-news.com\/pt\/wp-content\/uploads\/sites\/2\/2021\/07\/TAP-antecipa-novos-cancelamentos-devido-a-greve-da-Groundforce.jpg","datePublished":"2021-07-18T09:17:08+00:00","dateModified":"2021-07-18T09:17:12+00:00","author":{"@id":"https:\/\/favorite-news.com\/pt\/#\/schema\/person\/b91573b717dcfa5e4696032a9d28d3e8"},"breadcrumb":{"@id":"https:\/\/favorite-news.com\/pt\/tap-antecipa-novos-cancelamentos-devido-a-greve-da-groundforce\/#breadcrumb"},"inLanguage":"pt-PT","potentialAction":[{"@type":"ReadAction","target":["https:\/\/favorite-news.com\/pt\/tap-antecipa-novos-cancelamentos-devido-a-greve-da-groundforce\/"]}]},{"@type":"ImageObject","inLanguage":"pt-PT","@id":"https:\/\/favorite-news.com\/pt\/tap-antecipa-novos-cancelamentos-devido-a-greve-da-groundforce\/#primaryimage","url":"https:\/\/favorite-news.com\/pt\/wp-content\/uploads\/sites\/2\/2021\/07\/TAP-antecipa-novos-cancelamentos-devido-a-greve-da-Groundforce.jpg","contentUrl":"https:\/\/favorite-news.com\/pt\/wp-content\/uploads\/sites\/2\/2021\/07\/TAP-antecipa-novos-cancelamentos-devido-a-greve-da-Groundforce.jpg","width":1200,"height":800,"caption":"TAP antecipa novos cancelamentos devido \u00e0 greve da Groundforce"},{"@type":"BreadcrumbList","@id":"https:\/\/favorite-news.com\/pt\/tap-antecipa-novos-cancelamentos-devido-a-greve-da-groundforce\/#breadcrumb","itemListElement":[{"@type":"ListItem","position":1,"name":"Home","item":"https:\/\/favorite-news.com\/pt\/"},{"@type":"ListItem","position":2,"name":"TAP antecipa novos cancelamentos devido \u00e0 greve da Groundforce"}]},{"@type":"WebSite","@id":"https:\/\/favorite-news.com\/pt\/#website","url":"https:\/\/favorite-news.com\/pt\/","name":"Favorite News","description":"Favorite News Portugal","potentialAction":[{"@type":"SearchAction","target":{"@type":"EntryPoint","urlTemplate":"https:\/\/favorite-news.com\/pt\/?s={search_term_string}"},"query-input":{"@type":"PropertyValueSpecification","valueRequired":true,"valueName":"search_term_string"}}],"inLanguage":"pt-PT"},{"@type":"Person","@id":"https:\/\/favorite-news.com\/pt\/#\/schema\/person\/b91573b717dcfa5e4696032a9d28d3e8","name":"favorite-news","image":{"@type":"ImageObject","inLanguage":"pt-PT","@id":"https:\/\/secure.gravatar.com\/avatar\/6c5a5cb12b74e9d517ee91cf570335b7d16177f1977cc91db161adfa435945a7?s=96&d=mm&r=g","url":"https:\/\/secure.gravatar.com\/avatar\/6c5a5cb12b74e9d517ee91cf570335b7d16177f1977cc91db161adfa435945a7?s=96&d=mm&r=g","contentUrl":"https:\/\/secure.gravatar.com\/avatar\/6c5a5cb12b74e9d517ee91cf570335b7d16177f1977cc91db161adfa435945a7?s=96&d=mm&r=g","caption":"favorite-news"},"url":"https:\/\/favorite-news.com\/pt\/author\/pt\/"}]}},"_links":{"self":[{"href":"https:\/\/favorite-news.com\/pt\/wp-json\/wp\/v2\/posts\/10806","targetHints":{"allow":["GET"]}}],"collection":[{"href":"https:\/\/favorite-news.com\/pt\/wp-json\/wp\/v2\/posts"}],"about":[{"href":"https:\/\/favorite-news.com\/pt\/wp-json\/wp\/v2\/types\/post"}],"author":[{"embeddable":true,"href":"https:\/\/favorite-news.com\/pt\/wp-json\/wp\/v2\/users\/2"}],"replies":[{"embeddable":true,"href":"https:\/\/favorite-news.com\/pt\/wp-json\/wp\/v2\/comments?post=10806"}],"version-history":[{"count":1,"href":"https:\/\/favorite-news.com\/pt\/wp-json\/wp\/v2\/posts\/10806\/revisions"}],"predecessor-version":[{"id":10808,"href":"https:\/\/favorite-news.com\/pt\/wp-json\/wp\/v2\/posts\/10806\/revisions\/10808"}],"wp:featuredmedia":[{"embeddable":true,"href":"https:\/\/favorite-news.com\/pt\/wp-json\/wp\/v2\/media\/10807"}],"wp:attachment":[{"href":"https:\/\/favorite-news.com\/pt\/wp-json\/wp\/v2\/media?parent=10806"}],"wp:term":[{"taxonomy":"category","embeddable":true,"href":"https:\/\/favorite-news.com\/pt\/wp-json\/wp\/v2\/categories?post=10806"},{"taxonomy":"post_tag","embeddable":true,"href":"https:\/\/favorite-news.com\/pt\/wp-json\/wp\/v2\/tags?post=10806"}],"curies":[{"name":"wp","href":"https:\/\/api.w.org\/{rel}","templated":true}]}}