{"id":10801,"date":"2021-07-18T00:14:35","date_gmt":"2021-07-17T21:14:35","guid":{"rendered":"https:\/\/favorite-news.com\/pt\/nao-e-so-a-tap-outras-empresas-avancam-nos-despedimentos-coletivos\/"},"modified":"2021-07-18T00:14:38","modified_gmt":"2021-07-17T21:14:38","slug":"nao-e-so-a-tap-outras-empresas-avancam-nos-despedimentos-coletivos","status":"publish","type":"post","link":"https:\/\/favorite-news.com\/pt\/nao-e-so-a-tap-outras-empresas-avancam-nos-despedimentos-coletivos\/","title":{"rendered":"N\u00e3o \u00e9 s\u00f3 a TAP. Outras empresas avan\u00e7am nos despedimentos coletivos"},"content":{"rendered":"<p>Paulo Valdivieso \/ Flickr<br \/>\nNos \u00faltimos tempos, grandes empresas como a TAP, O BCP ou a Altice t\u00eam vindo a fazer ajustes nos quadros do pessoal. Contudo, a travagem no desconfinamento e a retirada dos apoios do Estado podem levar a que a tend\u00eancia se estenda a outras empresas de menor dimens\u00e3o.<\/p>\n<p>Entre janeiro e maio de 2021, 178 empresas comunicaram \u00e0 Dire\u00e7\u00e3o-Geral do Emprego e das Rela\u00e7\u00f5es do Trabalho (DGERT) que iriam avan\u00e7ar com o despedimento coletivo de 2288 trabalhadores.<br \/>\nEstes valores representam um recuo de 43% face aos 313 despedimentos que tinham sido comunicados nos primeiros cinco meses de 2020 e uma diminui\u00e7\u00e3o de 19% quanto ao n\u00famero de pessoas afetadas, n\u00e3o incluindo ainda os processos anunciados pelas grandes empresas.<br \/>\nA evolu\u00e7\u00e3o da segunda metade do ano \u00e9 para as confedera\u00e7\u00f5es patronais uma inc\u00f3gnita. Contudo, Francisco Calheiros, presidente da Confedera\u00e7\u00e3o do Turismo de Portugal, receia que o sector possa perder milhares de postos de trabalho no conjunto do ano.<\/p>\n<p>Tamb\u00e9m no com\u00e9rcio e servi\u00e7os, as empresas vivem tamb\u00e9m num ambiente de incerteza, mas para j\u00e1 Jo\u00e3o Vieira Lopes, presidente da confedera\u00e7\u00e3o que representa o sector, diz que n\u00e3o h\u00e1 situa\u00e7\u00f5es de despedimentos coletivos significativos a assinalar.<br \/>\nO sector autom\u00f3vel e o com\u00e9rcio n\u00e3o alimentar s\u00e3o as \u00e1reas mais pressionadas, enquanto nas limpezas, as empresas t\u00eam optado por reduzir os hor\u00e1rios de trabalho, ajustando-se ao facto de os escrit\u00f3rios estarem fechados ou em teletrabalho.<br \/>\nPara j\u00e1, nota, o ajustamento tem sido feito com recurso a despedimento individual ou por acordo, acrescentando que a recupera\u00e7\u00e3o \u201cvai depender muito das medidas de conten\u00e7\u00e3o \u00e0 mobilidade\u201d que o Governo vier a definir nos pr\u00f3ximos tempos.<br \/>\nAndrea Ara\u00fajo, da comiss\u00e3o executiva da CGTP, destaca que na primeira metade de 2021 foram elas as protagonistas dos an\u00fancios dos despedimentos coletivos, dando como exemplo o sector da avia\u00e7\u00e3o, que tem arrastado consigo outras empresas na \u00e1rea da limpeza ou da vigil\u00e2ncia dos aeroportos, a banca ou as telecomunica\u00e7\u00f5es.<br \/>\nPor sua vez, S\u00e9rgio Monte, dirigente da UGT, destaca o papel importante de medidas como o layoff ou o apoio \u00e0 retoma na prote\u00e7\u00e3o do emprego. Por\u00e9m, \u201c\u00e9 preciso preparar o amanh\u00e3 e o amanh\u00e3 \u00e9 o fim dos apoios ao emprego\u201d.<br \/>\n ZAP \/\/ <\/p>\n<p>\n<!--noindex--><br \/>\n<a href=\"https:\/\/zap.aeiou.pt\/empresas-despedimentos-coletivos-418191\" rel=\"nofollow\">Source link <\/a><br \/>\n<!--\/noindex--><\/p>\n","protected":false},"excerpt":{"rendered":"<p>Paulo Valdivieso \/ Flickr Nos \u00faltimos tempos, grandes empresas como a TAP, O BCP ou a Altice t\u00eam vindo a fazer ajustes nos quadros do pessoal. Contudo, a travagem no desconfinamento e a retirada dos apoios do Estado podem levar a que a tend\u00eancia se estenda a outras empresas de menor dimens\u00e3o. Entre janeiro e [&hellip;]<\/p>\n","protected":false},"author":2,"featured_media":7644,"comment_status":"open","ping_status":"open","sticky":false,"template":"","format":"standard","meta":{"footnotes":""},"categories":[1],"tags":[],"class_list":["post-10801","post","type-post","status-publish","format-standard","has-post-thumbnail","hentry","category-noticias-financeiras"],"yoast_head":"<!-- This site is optimized with the Yoast SEO plugin v27.4 - https:\/\/yoast.com\/product\/yoast-seo-wordpress\/ -->\n<title>N\u00e3o \u00e9 s\u00f3 a TAP. Outras empresas avan\u00e7am nos despedimentos coletivos - Favorite News<\/title>\n<meta name=\"robots\" content=\"index, follow, max-snippet:-1, max-image-preview:large, max-video-preview:-1\" \/>\n<link rel=\"canonical\" href=\"https:\/\/favorite-news.com\/pt\/nao-e-so-a-tap-outras-empresas-avancam-nos-despedimentos-coletivos\/\" \/>\n<meta property=\"og:locale\" content=\"pt_PT\" \/>\n<meta property=\"og:type\" content=\"article\" \/>\n<meta property=\"og:title\" content=\"N\u00e3o \u00e9 s\u00f3 a TAP. Outras empresas avan\u00e7am nos despedimentos coletivos - Favorite News\" \/>\n<meta property=\"og:description\" content=\"Paulo Valdivieso \/ Flickr Nos \u00faltimos tempos, grandes empresas como a TAP, O BCP ou a Altice t\u00eam vindo a fazer ajustes nos quadros do pessoal. Contudo, a travagem no desconfinamento e a retirada dos apoios do Estado podem levar a que a tend\u00eancia se estenda a outras empresas de menor dimens\u00e3o. Entre janeiro e [&hellip;]\" \/>\n<meta property=\"og:url\" content=\"https:\/\/favorite-news.com\/pt\/nao-e-so-a-tap-outras-empresas-avancam-nos-despedimentos-coletivos\/\" \/>\n<meta property=\"og:site_name\" content=\"Favorite News\" \/>\n<meta property=\"article:published_time\" content=\"2021-07-17T21:14:35+00:00\" \/>\n<meta property=\"article:modified_time\" content=\"2021-07-17T21:14:38+00:00\" \/>\n<meta property=\"og:image\" content=\"https:\/\/favorite-news.com\/pt\/wp-content\/uploads\/sites\/2\/2020\/08\/Boston-Consulting-Group-eleita-para-elaborar-o-plano-de-reestrutura\u00e7\u00e3o.jpg\" \/>\n\t<meta property=\"og:image:width\" content=\"1024\" \/>\n\t<meta property=\"og:image:height\" content=\"680\" \/>\n\t<meta property=\"og:image:type\" content=\"image\/jpeg\" \/>\n<meta name=\"author\" content=\"favorite-news\" \/>\n<meta name=\"twitter:card\" content=\"summary_large_image\" \/>\n<meta name=\"twitter:label1\" content=\"Escrito por\" \/>\n\t<meta name=\"twitter:data1\" content=\"favorite-news\" \/>\n\t<meta name=\"twitter:label2\" content=\"Tempo estimado de leitura\" \/>\n\t<meta name=\"twitter:data2\" content=\"2 minutos\" \/>\n<script type=\"application\/ld+json\" class=\"yoast-schema-graph\">{\"@context\":\"https:\\\/\\\/schema.org\",\"@graph\":[{\"@type\":\"Article\",\"@id\":\"https:\\\/\\\/favorite-news.com\\\/pt\\\/nao-e-so-a-tap-outras-empresas-avancam-nos-despedimentos-coletivos\\\/#article\",\"isPartOf\":{\"@id\":\"https:\\\/\\\/favorite-news.com\\\/pt\\\/nao-e-so-a-tap-outras-empresas-avancam-nos-despedimentos-coletivos\\\/\"},\"author\":{\"name\":\"favorite-news\",\"@id\":\"https:\\\/\\\/favorite-news.com\\\/pt\\\/#\\\/schema\\\/person\\\/b91573b717dcfa5e4696032a9d28d3e8\"},\"headline\":\"N\u00e3o \u00e9 s\u00f3 a TAP. Outras empresas avan\u00e7am nos despedimentos coletivos\",\"datePublished\":\"2021-07-17T21:14:35+00:00\",\"dateModified\":\"2021-07-17T21:14:38+00:00\",\"mainEntityOfPage\":{\"@id\":\"https:\\\/\\\/favorite-news.com\\\/pt\\\/nao-e-so-a-tap-outras-empresas-avancam-nos-despedimentos-coletivos\\\/\"},\"wordCount\":405,\"commentCount\":0,\"image\":{\"@id\":\"https:\\\/\\\/favorite-news.com\\\/pt\\\/nao-e-so-a-tap-outras-empresas-avancam-nos-despedimentos-coletivos\\\/#primaryimage\"},\"thumbnailUrl\":\"https:\\\/\\\/favorite-news.com\\\/pt\\\/wp-content\\\/uploads\\\/sites\\\/2\\\/2020\\\/08\\\/Boston-Consulting-Group-eleita-para-elaborar-o-plano-de-reestrutura\u00e7\u00e3o.jpg\",\"articleSection\":[\"NOT\u00cdCIAS FINANCEIRAS\"],\"inLanguage\":\"pt-PT\",\"potentialAction\":[{\"@type\":\"CommentAction\",\"name\":\"Comment\",\"target\":[\"https:\\\/\\\/favorite-news.com\\\/pt\\\/nao-e-so-a-tap-outras-empresas-avancam-nos-despedimentos-coletivos\\\/#respond\"]}]},{\"@type\":\"WebPage\",\"@id\":\"https:\\\/\\\/favorite-news.com\\\/pt\\\/nao-e-so-a-tap-outras-empresas-avancam-nos-despedimentos-coletivos\\\/\",\"url\":\"https:\\\/\\\/favorite-news.com\\\/pt\\\/nao-e-so-a-tap-outras-empresas-avancam-nos-despedimentos-coletivos\\\/\",\"name\":\"N\u00e3o \u00e9 s\u00f3 a TAP. Outras empresas avan\u00e7am nos despedimentos coletivos - Favorite News\",\"isPartOf\":{\"@id\":\"https:\\\/\\\/favorite-news.com\\\/pt\\\/#website\"},\"primaryImageOfPage\":{\"@id\":\"https:\\\/\\\/favorite-news.com\\\/pt\\\/nao-e-so-a-tap-outras-empresas-avancam-nos-despedimentos-coletivos\\\/#primaryimage\"},\"image\":{\"@id\":\"https:\\\/\\\/favorite-news.com\\\/pt\\\/nao-e-so-a-tap-outras-empresas-avancam-nos-despedimentos-coletivos\\\/#primaryimage\"},\"thumbnailUrl\":\"https:\\\/\\\/favorite-news.com\\\/pt\\\/wp-content\\\/uploads\\\/sites\\\/2\\\/2020\\\/08\\\/Boston-Consulting-Group-eleita-para-elaborar-o-plano-de-reestrutura\u00e7\u00e3o.jpg\",\"datePublished\":\"2021-07-17T21:14:35+00:00\",\"dateModified\":\"2021-07-17T21:14:38+00:00\",\"author\":{\"@id\":\"https:\\\/\\\/favorite-news.com\\\/pt\\\/#\\\/schema\\\/person\\\/b91573b717dcfa5e4696032a9d28d3e8\"},\"breadcrumb\":{\"@id\":\"https:\\\/\\\/favorite-news.com\\\/pt\\\/nao-e-so-a-tap-outras-empresas-avancam-nos-despedimentos-coletivos\\\/#breadcrumb\"},\"inLanguage\":\"pt-PT\",\"potentialAction\":[{\"@type\":\"ReadAction\",\"target\":[\"https:\\\/\\\/favorite-news.com\\\/pt\\\/nao-e-so-a-tap-outras-empresas-avancam-nos-despedimentos-coletivos\\\/\"]}]},{\"@type\":\"ImageObject\",\"inLanguage\":\"pt-PT\",\"@id\":\"https:\\\/\\\/favorite-news.com\\\/pt\\\/nao-e-so-a-tap-outras-empresas-avancam-nos-despedimentos-coletivos\\\/#primaryimage\",\"url\":\"https:\\\/\\\/favorite-news.com\\\/pt\\\/wp-content\\\/uploads\\\/sites\\\/2\\\/2020\\\/08\\\/Boston-Consulting-Group-eleita-para-elaborar-o-plano-de-reestrutura\u00e7\u00e3o.jpg\",\"contentUrl\":\"https:\\\/\\\/favorite-news.com\\\/pt\\\/wp-content\\\/uploads\\\/sites\\\/2\\\/2020\\\/08\\\/Boston-Consulting-Group-eleita-para-elaborar-o-plano-de-reestrutura\u00e7\u00e3o.jpg\",\"width\":1024,\"height\":680,\"caption\":\"Boston Consulting Group eleita para elaborar o plano de reestrutura\u00e7\u00e3o da TAP\"},{\"@type\":\"BreadcrumbList\",\"@id\":\"https:\\\/\\\/favorite-news.com\\\/pt\\\/nao-e-so-a-tap-outras-empresas-avancam-nos-despedimentos-coletivos\\\/#breadcrumb\",\"itemListElement\":[{\"@type\":\"ListItem\",\"position\":1,\"name\":\"Home\",\"item\":\"https:\\\/\\\/favorite-news.com\\\/pt\\\/\"},{\"@type\":\"ListItem\",\"position\":2,\"name\":\"N\u00e3o \u00e9 s\u00f3 a TAP. Outras empresas avan\u00e7am nos despedimentos coletivos\"}]},{\"@type\":\"WebSite\",\"@id\":\"https:\\\/\\\/favorite-news.com\\\/pt\\\/#website\",\"url\":\"https:\\\/\\\/favorite-news.com\\\/pt\\\/\",\"name\":\"Favorite News\",\"description\":\"Favorite News Portugal\",\"potentialAction\":[{\"@type\":\"SearchAction\",\"target\":{\"@type\":\"EntryPoint\",\"urlTemplate\":\"https:\\\/\\\/favorite-news.com\\\/pt\\\/?s={search_term_string}\"},\"query-input\":{\"@type\":\"PropertyValueSpecification\",\"valueRequired\":true,\"valueName\":\"search_term_string\"}}],\"inLanguage\":\"pt-PT\"},{\"@type\":\"Person\",\"@id\":\"https:\\\/\\\/favorite-news.com\\\/pt\\\/#\\\/schema\\\/person\\\/b91573b717dcfa5e4696032a9d28d3e8\",\"name\":\"favorite-news\",\"image\":{\"@type\":\"ImageObject\",\"inLanguage\":\"pt-PT\",\"@id\":\"https:\\\/\\\/secure.gravatar.com\\\/avatar\\\/6c5a5cb12b74e9d517ee91cf570335b7d16177f1977cc91db161adfa435945a7?s=96&d=mm&r=g\",\"url\":\"https:\\\/\\\/secure.gravatar.com\\\/avatar\\\/6c5a5cb12b74e9d517ee91cf570335b7d16177f1977cc91db161adfa435945a7?s=96&d=mm&r=g\",\"contentUrl\":\"https:\\\/\\\/secure.gravatar.com\\\/avatar\\\/6c5a5cb12b74e9d517ee91cf570335b7d16177f1977cc91db161adfa435945a7?s=96&d=mm&r=g\",\"caption\":\"favorite-news\"},\"url\":\"https:\\\/\\\/favorite-news.com\\\/pt\\\/author\\\/pt\\\/\"}]}<\/script>\n<!-- \/ Yoast SEO plugin. -->","yoast_head_json":{"title":"N\u00e3o \u00e9 s\u00f3 a TAP. Outras empresas avan\u00e7am nos despedimentos coletivos - Favorite News","robots":{"index":"index","follow":"follow","max-snippet":"max-snippet:-1","max-image-preview":"max-image-preview:large","max-video-preview":"max-video-preview:-1"},"canonical":"https:\/\/favorite-news.com\/pt\/nao-e-so-a-tap-outras-empresas-avancam-nos-despedimentos-coletivos\/","og_locale":"pt_PT","og_type":"article","og_title":"N\u00e3o \u00e9 s\u00f3 a TAP. Outras empresas avan\u00e7am nos despedimentos coletivos - Favorite News","og_description":"Paulo Valdivieso \/ Flickr Nos \u00faltimos tempos, grandes empresas como a TAP, O BCP ou a Altice t\u00eam vindo a fazer ajustes nos quadros do pessoal. Contudo, a travagem no desconfinamento e a retirada dos apoios do Estado podem levar a que a tend\u00eancia se estenda a outras empresas de menor dimens\u00e3o. Entre janeiro e [&hellip;]","og_url":"https:\/\/favorite-news.com\/pt\/nao-e-so-a-tap-outras-empresas-avancam-nos-despedimentos-coletivos\/","og_site_name":"Favorite News","article_published_time":"2021-07-17T21:14:35+00:00","article_modified_time":"2021-07-17T21:14:38+00:00","og_image":[{"width":1024,"height":680,"url":"https:\/\/favorite-news.com\/pt\/wp-content\/uploads\/sites\/2\/2020\/08\/Boston-Consulting-Group-eleita-para-elaborar-o-plano-de-reestrutura\u00e7\u00e3o.jpg","type":"image\/jpeg"}],"author":"favorite-news","twitter_card":"summary_large_image","twitter_misc":{"Escrito por":"favorite-news","Tempo estimado de leitura":"2 minutos"},"schema":{"@context":"https:\/\/schema.org","@graph":[{"@type":"Article","@id":"https:\/\/favorite-news.com\/pt\/nao-e-so-a-tap-outras-empresas-avancam-nos-despedimentos-coletivos\/#article","isPartOf":{"@id":"https:\/\/favorite-news.com\/pt\/nao-e-so-a-tap-outras-empresas-avancam-nos-despedimentos-coletivos\/"},"author":{"name":"favorite-news","@id":"https:\/\/favorite-news.com\/pt\/#\/schema\/person\/b91573b717dcfa5e4696032a9d28d3e8"},"headline":"N\u00e3o \u00e9 s\u00f3 a TAP. Outras empresas avan\u00e7am nos despedimentos coletivos","datePublished":"2021-07-17T21:14:35+00:00","dateModified":"2021-07-17T21:14:38+00:00","mainEntityOfPage":{"@id":"https:\/\/favorite-news.com\/pt\/nao-e-so-a-tap-outras-empresas-avancam-nos-despedimentos-coletivos\/"},"wordCount":405,"commentCount":0,"image":{"@id":"https:\/\/favorite-news.com\/pt\/nao-e-so-a-tap-outras-empresas-avancam-nos-despedimentos-coletivos\/#primaryimage"},"thumbnailUrl":"https:\/\/favorite-news.com\/pt\/wp-content\/uploads\/sites\/2\/2020\/08\/Boston-Consulting-Group-eleita-para-elaborar-o-plano-de-reestrutura\u00e7\u00e3o.jpg","articleSection":["NOT\u00cdCIAS FINANCEIRAS"],"inLanguage":"pt-PT","potentialAction":[{"@type":"CommentAction","name":"Comment","target":["https:\/\/favorite-news.com\/pt\/nao-e-so-a-tap-outras-empresas-avancam-nos-despedimentos-coletivos\/#respond"]}]},{"@type":"WebPage","@id":"https:\/\/favorite-news.com\/pt\/nao-e-so-a-tap-outras-empresas-avancam-nos-despedimentos-coletivos\/","url":"https:\/\/favorite-news.com\/pt\/nao-e-so-a-tap-outras-empresas-avancam-nos-despedimentos-coletivos\/","name":"N\u00e3o \u00e9 s\u00f3 a TAP. Outras empresas avan\u00e7am nos despedimentos coletivos - Favorite News","isPartOf":{"@id":"https:\/\/favorite-news.com\/pt\/#website"},"primaryImageOfPage":{"@id":"https:\/\/favorite-news.com\/pt\/nao-e-so-a-tap-outras-empresas-avancam-nos-despedimentos-coletivos\/#primaryimage"},"image":{"@id":"https:\/\/favorite-news.com\/pt\/nao-e-so-a-tap-outras-empresas-avancam-nos-despedimentos-coletivos\/#primaryimage"},"thumbnailUrl":"https:\/\/favorite-news.com\/pt\/wp-content\/uploads\/sites\/2\/2020\/08\/Boston-Consulting-Group-eleita-para-elaborar-o-plano-de-reestrutura\u00e7\u00e3o.jpg","datePublished":"2021-07-17T21:14:35+00:00","dateModified":"2021-07-17T21:14:38+00:00","author":{"@id":"https:\/\/favorite-news.com\/pt\/#\/schema\/person\/b91573b717dcfa5e4696032a9d28d3e8"},"breadcrumb":{"@id":"https:\/\/favorite-news.com\/pt\/nao-e-so-a-tap-outras-empresas-avancam-nos-despedimentos-coletivos\/#breadcrumb"},"inLanguage":"pt-PT","potentialAction":[{"@type":"ReadAction","target":["https:\/\/favorite-news.com\/pt\/nao-e-so-a-tap-outras-empresas-avancam-nos-despedimentos-coletivos\/"]}]},{"@type":"ImageObject","inLanguage":"pt-PT","@id":"https:\/\/favorite-news.com\/pt\/nao-e-so-a-tap-outras-empresas-avancam-nos-despedimentos-coletivos\/#primaryimage","url":"https:\/\/favorite-news.com\/pt\/wp-content\/uploads\/sites\/2\/2020\/08\/Boston-Consulting-Group-eleita-para-elaborar-o-plano-de-reestrutura\u00e7\u00e3o.jpg","contentUrl":"https:\/\/favorite-news.com\/pt\/wp-content\/uploads\/sites\/2\/2020\/08\/Boston-Consulting-Group-eleita-para-elaborar-o-plano-de-reestrutura\u00e7\u00e3o.jpg","width":1024,"height":680,"caption":"Boston Consulting Group eleita para elaborar o plano de reestrutura\u00e7\u00e3o da TAP"},{"@type":"BreadcrumbList","@id":"https:\/\/favorite-news.com\/pt\/nao-e-so-a-tap-outras-empresas-avancam-nos-despedimentos-coletivos\/#breadcrumb","itemListElement":[{"@type":"ListItem","position":1,"name":"Home","item":"https:\/\/favorite-news.com\/pt\/"},{"@type":"ListItem","position":2,"name":"N\u00e3o \u00e9 s\u00f3 a TAP. Outras empresas avan\u00e7am nos despedimentos coletivos"}]},{"@type":"WebSite","@id":"https:\/\/favorite-news.com\/pt\/#website","url":"https:\/\/favorite-news.com\/pt\/","name":"Favorite News","description":"Favorite News Portugal","potentialAction":[{"@type":"SearchAction","target":{"@type":"EntryPoint","urlTemplate":"https:\/\/favorite-news.com\/pt\/?s={search_term_string}"},"query-input":{"@type":"PropertyValueSpecification","valueRequired":true,"valueName":"search_term_string"}}],"inLanguage":"pt-PT"},{"@type":"Person","@id":"https:\/\/favorite-news.com\/pt\/#\/schema\/person\/b91573b717dcfa5e4696032a9d28d3e8","name":"favorite-news","image":{"@type":"ImageObject","inLanguage":"pt-PT","@id":"https:\/\/secure.gravatar.com\/avatar\/6c5a5cb12b74e9d517ee91cf570335b7d16177f1977cc91db161adfa435945a7?s=96&d=mm&r=g","url":"https:\/\/secure.gravatar.com\/avatar\/6c5a5cb12b74e9d517ee91cf570335b7d16177f1977cc91db161adfa435945a7?s=96&d=mm&r=g","contentUrl":"https:\/\/secure.gravatar.com\/avatar\/6c5a5cb12b74e9d517ee91cf570335b7d16177f1977cc91db161adfa435945a7?s=96&d=mm&r=g","caption":"favorite-news"},"url":"https:\/\/favorite-news.com\/pt\/author\/pt\/"}]}},"_links":{"self":[{"href":"https:\/\/favorite-news.com\/pt\/wp-json\/wp\/v2\/posts\/10801","targetHints":{"allow":["GET"]}}],"collection":[{"href":"https:\/\/favorite-news.com\/pt\/wp-json\/wp\/v2\/posts"}],"about":[{"href":"https:\/\/favorite-news.com\/pt\/wp-json\/wp\/v2\/types\/post"}],"author":[{"embeddable":true,"href":"https:\/\/favorite-news.com\/pt\/wp-json\/wp\/v2\/users\/2"}],"replies":[{"embeddable":true,"href":"https:\/\/favorite-news.com\/pt\/wp-json\/wp\/v2\/comments?post=10801"}],"version-history":[{"count":1,"href":"https:\/\/favorite-news.com\/pt\/wp-json\/wp\/v2\/posts\/10801\/revisions"}],"predecessor-version":[{"id":10802,"href":"https:\/\/favorite-news.com\/pt\/wp-json\/wp\/v2\/posts\/10801\/revisions\/10802"}],"wp:featuredmedia":[{"embeddable":true,"href":"https:\/\/favorite-news.com\/pt\/wp-json\/wp\/v2\/media\/7644"}],"wp:attachment":[{"href":"https:\/\/favorite-news.com\/pt\/wp-json\/wp\/v2\/media?parent=10801"}],"wp:term":[{"taxonomy":"category","embeddable":true,"href":"https:\/\/favorite-news.com\/pt\/wp-json\/wp\/v2\/categories?post=10801"},{"taxonomy":"post_tag","embeddable":true,"href":"https:\/\/favorite-news.com\/pt\/wp-json\/wp\/v2\/tags?post=10801"}],"curies":[{"name":"wp","href":"https:\/\/api.w.org\/{rel}","templated":true}]}}