{"id":10796,"date":"2021-07-17T12:13:09","date_gmt":"2021-07-17T09:13:09","guid":{"rendered":"https:\/\/favorite-news.com\/pt\/edp-preve-investir-640-milhoes-de-euros-em-projetos-de-transicao-energetica\/"},"modified":"2021-07-17T12:13:13","modified_gmt":"2021-07-17T09:13:13","slug":"edp-preve-investir-640-milhoes-de-euros-em-projetos-de-transicao-energetica","status":"publish","type":"post","link":"https:\/\/favorite-news.com\/pt\/edp-preve-investir-640-milhoes-de-euros-em-projetos-de-transicao-energetica\/","title":{"rendered":"EDP prev\u00ea investir 640 milh\u00f5es de euros em projetos de transi\u00e7\u00e3o energ\u00e9tica"},"content":{"rendered":"<p>(dr) Galp<br \/>\nA EDP prev\u00ea investir 640 milh\u00f5es de euros em projetos que contribuem para a transi\u00e7\u00e3o energ\u00e9tica em Portugal, nos pr\u00f3ximos cinco anos, dos quais perto de 150 milh\u00f5es avan\u00e7am j\u00e1 este ano, disse \u00e0 Lusa fonte oficial da el\u00e9trica.<\/p>\n<p>\u201cA EDP prev\u00ea investir 640 milh\u00f5es de euros em projetos que v\u00e3o contribuir para o des\u00edgnio da transi\u00e7\u00e3o energ\u00e9tica em Portugal, ao longo dos pr\u00f3ximos cinco anos\u201d, anunciou fonte oficial da EDP.<br \/>\nDeste investimento, precisou, perto de 150 milh\u00f5es de euros v\u00e3o avan\u00e7ar j\u00e1 este ano.<br \/>\nEste investimento insere-se no plano estrat\u00e9gico apresentado ao mercado em fevereiro, que prev\u00ea 24.000 milh\u00f5es de euros para a transi\u00e7\u00e3o energ\u00e9tica at\u00e9 2025, dos quais 19.200 milh\u00f5es de euros (80%) em energias renov\u00e1veis at\u00e9 2025, que inclui tecnologias e\u00f3lica, solar, hidrog\u00e9nio verde e armazenamento de energia.<\/p>\n<p>\u201cEste crescimento s\u00f3 \u00e9 conseguido gra\u00e7as a esta estrat\u00e9gia ambiciosa e que n\u00e3o seria poss\u00edvel sem uma normal rota\u00e7\u00e3o de ativos\u201d, afirmou a empresa, que tem uma estrat\u00e9gia de rota\u00e7\u00e3o de ativos num total de 8.000 milh\u00f5es de euros, no \u00e2mbito da qual foi recentemente anunciada a venda de ativos e\u00f3licos nos Estados Unidos.<br \/>\nA EDP apontou, ainda, que este investimento de 640 milh\u00f5es de euros vai corresponder a um aumento superior a 700 megawatts (MW) distribu\u00eddos por 23 projetos de gera\u00e7\u00e3o limpa, por todo o pa\u00eds.<br \/>\nDe entre os projetos j\u00e1 aprovados e em desenvolvimento, a EDP destaca o pacote de cinco projetos que combinam energia solar e e\u00f3lica, num total 30 MW e com um investimento associado de 16 milh\u00f5es de euros, cujo arranque da constru\u00e7\u00e3o est\u00e1 previsto para este ano, no Sabugal, Aljezur, Peniche e Loures.<br \/>\nA empresa salientou tamb\u00e9m o projeto Solar Cerca, de 142 MW que adv\u00e9m do leil\u00e3o de solar realizado em 2019 e que dever\u00e1 iniciar a constru\u00e7\u00e3o em 2022, no Ribatejo, com um investimento de 93 milh\u00f5es de euros, e, ainda, o projeto do parque solar flutuante com mais de 12.000 pain\u00e9is fotovoltaicos na albufeira da barragem do Alqueva, com um investimento de seis milh\u00f5es de euros e capacidade de produ\u00e7\u00e3o anual de sete gigawatt-hora.<br \/>\nO projeto do Alqueva tem a instala\u00e7\u00e3o dos pain\u00e9is e dos flutuadores prevista para o ver\u00e3o, esperando-se que comece a produzir energia ainda este ano.<\/p>\n<p>\n<!--noindex--><br \/>\n<a href=\"https:\/\/zap.aeiou.pt\/edp-investir-projetos-transicao-energetica-417913\" rel=\"nofollow\">Source link <\/a><br \/>\n<!--\/noindex--><\/p>\n","protected":false},"excerpt":{"rendered":"<p>(dr) Galp A EDP prev\u00ea investir 640 milh\u00f5es de euros em projetos que contribuem para a transi\u00e7\u00e3o energ\u00e9tica em Portugal, nos pr\u00f3ximos cinco anos, dos quais perto de 150 milh\u00f5es avan\u00e7am j\u00e1 este ano, disse \u00e0 Lusa fonte oficial da el\u00e9trica. \u201cA EDP prev\u00ea investir 640 milh\u00f5es de euros em projetos que v\u00e3o contribuir para [&hellip;]<\/p>\n","protected":false},"author":2,"featured_media":10797,"comment_status":"open","ping_status":"open","sticky":false,"template":"","format":"standard","meta":{"footnotes":""},"categories":[1],"tags":[],"class_list":["post-10796","post","type-post","status-publish","format-standard","has-post-thumbnail","hentry","category-noticias-financeiras"],"yoast_head":"<!-- This site is optimized with the Yoast SEO plugin v27.4 - https:\/\/yoast.com\/product\/yoast-seo-wordpress\/ -->\n<title>EDP prev\u00ea investir 640 milh\u00f5es de euros em projetos de transi\u00e7\u00e3o energ\u00e9tica - Favorite News<\/title>\n<meta name=\"robots\" content=\"index, follow, max-snippet:-1, max-image-preview:large, max-video-preview:-1\" \/>\n<link rel=\"canonical\" href=\"https:\/\/favorite-news.com\/pt\/edp-preve-investir-640-milhoes-de-euros-em-projetos-de-transicao-energetica\/\" \/>\n<meta property=\"og:locale\" content=\"pt_PT\" \/>\n<meta property=\"og:type\" content=\"article\" \/>\n<meta property=\"og:title\" content=\"EDP prev\u00ea investir 640 milh\u00f5es de euros em projetos de transi\u00e7\u00e3o energ\u00e9tica - Favorite News\" \/>\n<meta property=\"og:description\" content=\"(dr) Galp A EDP prev\u00ea investir 640 milh\u00f5es de euros em projetos que contribuem para a transi\u00e7\u00e3o energ\u00e9tica em Portugal, nos pr\u00f3ximos cinco anos, dos quais perto de 150 milh\u00f5es avan\u00e7am j\u00e1 este ano, disse \u00e0 Lusa fonte oficial da el\u00e9trica. \u201cA EDP prev\u00ea investir 640 milh\u00f5es de euros em projetos que v\u00e3o contribuir para [&hellip;]\" \/>\n<meta property=\"og:url\" content=\"https:\/\/favorite-news.com\/pt\/edp-preve-investir-640-milhoes-de-euros-em-projetos-de-transicao-energetica\/\" \/>\n<meta property=\"og:site_name\" content=\"Favorite News\" \/>\n<meta property=\"article:published_time\" content=\"2021-07-17T09:13:09+00:00\" \/>\n<meta property=\"article:modified_time\" content=\"2021-07-17T09:13:13+00:00\" \/>\n<meta property=\"og:image\" content=\"https:\/\/favorite-news.com\/pt\/wp-content\/uploads\/sites\/2\/2021\/07\/EDP-preve-investir-640-milhoes-de-euros-em-projetos-de.jpg\" \/>\n\t<meta property=\"og:image:width\" content=\"1620\" \/>\n\t<meta property=\"og:image:height\" content=\"1080\" \/>\n\t<meta property=\"og:image:type\" content=\"image\/jpeg\" \/>\n<meta name=\"author\" content=\"favorite-news\" \/>\n<meta name=\"twitter:card\" content=\"summary_large_image\" \/>\n<meta name=\"twitter:label1\" content=\"Escrito por\" \/>\n\t<meta name=\"twitter:data1\" content=\"favorite-news\" \/>\n\t<meta name=\"twitter:label2\" content=\"Tempo estimado de leitura\" \/>\n\t<meta name=\"twitter:data2\" content=\"2 minutos\" \/>\n<script type=\"application\/ld+json\" class=\"yoast-schema-graph\">{\"@context\":\"https:\\\/\\\/schema.org\",\"@graph\":[{\"@type\":\"Article\",\"@id\":\"https:\\\/\\\/favorite-news.com\\\/pt\\\/edp-preve-investir-640-milhoes-de-euros-em-projetos-de-transicao-energetica\\\/#article\",\"isPartOf\":{\"@id\":\"https:\\\/\\\/favorite-news.com\\\/pt\\\/edp-preve-investir-640-milhoes-de-euros-em-projetos-de-transicao-energetica\\\/\"},\"author\":{\"name\":\"favorite-news\",\"@id\":\"https:\\\/\\\/favorite-news.com\\\/pt\\\/#\\\/schema\\\/person\\\/b91573b717dcfa5e4696032a9d28d3e8\"},\"headline\":\"EDP prev\u00ea investir 640 milh\u00f5es de euros em projetos de transi\u00e7\u00e3o energ\u00e9tica\",\"datePublished\":\"2021-07-17T09:13:09+00:00\",\"dateModified\":\"2021-07-17T09:13:13+00:00\",\"mainEntityOfPage\":{\"@id\":\"https:\\\/\\\/favorite-news.com\\\/pt\\\/edp-preve-investir-640-milhoes-de-euros-em-projetos-de-transicao-energetica\\\/\"},\"wordCount\":416,\"commentCount\":0,\"image\":{\"@id\":\"https:\\\/\\\/favorite-news.com\\\/pt\\\/edp-preve-investir-640-milhoes-de-euros-em-projetos-de-transicao-energetica\\\/#primaryimage\"},\"thumbnailUrl\":\"https:\\\/\\\/favorite-news.com\\\/pt\\\/wp-content\\\/uploads\\\/sites\\\/2\\\/2021\\\/07\\\/EDP-preve-investir-640-milhoes-de-euros-em-projetos-de.jpg\",\"articleSection\":[\"NOT\u00cdCIAS FINANCEIRAS\"],\"inLanguage\":\"pt-PT\",\"potentialAction\":[{\"@type\":\"CommentAction\",\"name\":\"Comment\",\"target\":[\"https:\\\/\\\/favorite-news.com\\\/pt\\\/edp-preve-investir-640-milhoes-de-euros-em-projetos-de-transicao-energetica\\\/#respond\"]}]},{\"@type\":\"WebPage\",\"@id\":\"https:\\\/\\\/favorite-news.com\\\/pt\\\/edp-preve-investir-640-milhoes-de-euros-em-projetos-de-transicao-energetica\\\/\",\"url\":\"https:\\\/\\\/favorite-news.com\\\/pt\\\/edp-preve-investir-640-milhoes-de-euros-em-projetos-de-transicao-energetica\\\/\",\"name\":\"EDP prev\u00ea investir 640 milh\u00f5es de euros em projetos de transi\u00e7\u00e3o energ\u00e9tica - Favorite News\",\"isPartOf\":{\"@id\":\"https:\\\/\\\/favorite-news.com\\\/pt\\\/#website\"},\"primaryImageOfPage\":{\"@id\":\"https:\\\/\\\/favorite-news.com\\\/pt\\\/edp-preve-investir-640-milhoes-de-euros-em-projetos-de-transicao-energetica\\\/#primaryimage\"},\"image\":{\"@id\":\"https:\\\/\\\/favorite-news.com\\\/pt\\\/edp-preve-investir-640-milhoes-de-euros-em-projetos-de-transicao-energetica\\\/#primaryimage\"},\"thumbnailUrl\":\"https:\\\/\\\/favorite-news.com\\\/pt\\\/wp-content\\\/uploads\\\/sites\\\/2\\\/2021\\\/07\\\/EDP-preve-investir-640-milhoes-de-euros-em-projetos-de.jpg\",\"datePublished\":\"2021-07-17T09:13:09+00:00\",\"dateModified\":\"2021-07-17T09:13:13+00:00\",\"author\":{\"@id\":\"https:\\\/\\\/favorite-news.com\\\/pt\\\/#\\\/schema\\\/person\\\/b91573b717dcfa5e4696032a9d28d3e8\"},\"breadcrumb\":{\"@id\":\"https:\\\/\\\/favorite-news.com\\\/pt\\\/edp-preve-investir-640-milhoes-de-euros-em-projetos-de-transicao-energetica\\\/#breadcrumb\"},\"inLanguage\":\"pt-PT\",\"potentialAction\":[{\"@type\":\"ReadAction\",\"target\":[\"https:\\\/\\\/favorite-news.com\\\/pt\\\/edp-preve-investir-640-milhoes-de-euros-em-projetos-de-transicao-energetica\\\/\"]}]},{\"@type\":\"ImageObject\",\"inLanguage\":\"pt-PT\",\"@id\":\"https:\\\/\\\/favorite-news.com\\\/pt\\\/edp-preve-investir-640-milhoes-de-euros-em-projetos-de-transicao-energetica\\\/#primaryimage\",\"url\":\"https:\\\/\\\/favorite-news.com\\\/pt\\\/wp-content\\\/uploads\\\/sites\\\/2\\\/2021\\\/07\\\/EDP-preve-investir-640-milhoes-de-euros-em-projetos-de.jpg\",\"contentUrl\":\"https:\\\/\\\/favorite-news.com\\\/pt\\\/wp-content\\\/uploads\\\/sites\\\/2\\\/2021\\\/07\\\/EDP-preve-investir-640-milhoes-de-euros-em-projetos-de.jpg\",\"width\":1620,\"height\":1080,\"caption\":\"EDP prev\u00ea investir 640 milh\u00f5es de euros em projetos de transi\u00e7\u00e3o energ\u00e9tica\"},{\"@type\":\"BreadcrumbList\",\"@id\":\"https:\\\/\\\/favorite-news.com\\\/pt\\\/edp-preve-investir-640-milhoes-de-euros-em-projetos-de-transicao-energetica\\\/#breadcrumb\",\"itemListElement\":[{\"@type\":\"ListItem\",\"position\":1,\"name\":\"Home\",\"item\":\"https:\\\/\\\/favorite-news.com\\\/pt\\\/\"},{\"@type\":\"ListItem\",\"position\":2,\"name\":\"EDP prev\u00ea investir 640 milh\u00f5es de euros em projetos de transi\u00e7\u00e3o energ\u00e9tica\"}]},{\"@type\":\"WebSite\",\"@id\":\"https:\\\/\\\/favorite-news.com\\\/pt\\\/#website\",\"url\":\"https:\\\/\\\/favorite-news.com\\\/pt\\\/\",\"name\":\"Favorite News\",\"description\":\"Favorite News Portugal\",\"potentialAction\":[{\"@type\":\"SearchAction\",\"target\":{\"@type\":\"EntryPoint\",\"urlTemplate\":\"https:\\\/\\\/favorite-news.com\\\/pt\\\/?s={search_term_string}\"},\"query-input\":{\"@type\":\"PropertyValueSpecification\",\"valueRequired\":true,\"valueName\":\"search_term_string\"}}],\"inLanguage\":\"pt-PT\"},{\"@type\":\"Person\",\"@id\":\"https:\\\/\\\/favorite-news.com\\\/pt\\\/#\\\/schema\\\/person\\\/b91573b717dcfa5e4696032a9d28d3e8\",\"name\":\"favorite-news\",\"image\":{\"@type\":\"ImageObject\",\"inLanguage\":\"pt-PT\",\"@id\":\"https:\\\/\\\/secure.gravatar.com\\\/avatar\\\/6c5a5cb12b74e9d517ee91cf570335b7d16177f1977cc91db161adfa435945a7?s=96&d=mm&r=g\",\"url\":\"https:\\\/\\\/secure.gravatar.com\\\/avatar\\\/6c5a5cb12b74e9d517ee91cf570335b7d16177f1977cc91db161adfa435945a7?s=96&d=mm&r=g\",\"contentUrl\":\"https:\\\/\\\/secure.gravatar.com\\\/avatar\\\/6c5a5cb12b74e9d517ee91cf570335b7d16177f1977cc91db161adfa435945a7?s=96&d=mm&r=g\",\"caption\":\"favorite-news\"},\"url\":\"https:\\\/\\\/favorite-news.com\\\/pt\\\/author\\\/pt\\\/\"}]}<\/script>\n<!-- \/ Yoast SEO plugin. -->","yoast_head_json":{"title":"EDP prev\u00ea investir 640 milh\u00f5es de euros em projetos de transi\u00e7\u00e3o energ\u00e9tica - Favorite News","robots":{"index":"index","follow":"follow","max-snippet":"max-snippet:-1","max-image-preview":"max-image-preview:large","max-video-preview":"max-video-preview:-1"},"canonical":"https:\/\/favorite-news.com\/pt\/edp-preve-investir-640-milhoes-de-euros-em-projetos-de-transicao-energetica\/","og_locale":"pt_PT","og_type":"article","og_title":"EDP prev\u00ea investir 640 milh\u00f5es de euros em projetos de transi\u00e7\u00e3o energ\u00e9tica - Favorite News","og_description":"(dr) Galp A EDP prev\u00ea investir 640 milh\u00f5es de euros em projetos que contribuem para a transi\u00e7\u00e3o energ\u00e9tica em Portugal, nos pr\u00f3ximos cinco anos, dos quais perto de 150 milh\u00f5es avan\u00e7am j\u00e1 este ano, disse \u00e0 Lusa fonte oficial da el\u00e9trica. \u201cA EDP prev\u00ea investir 640 milh\u00f5es de euros em projetos que v\u00e3o contribuir para [&hellip;]","og_url":"https:\/\/favorite-news.com\/pt\/edp-preve-investir-640-milhoes-de-euros-em-projetos-de-transicao-energetica\/","og_site_name":"Favorite News","article_published_time":"2021-07-17T09:13:09+00:00","article_modified_time":"2021-07-17T09:13:13+00:00","og_image":[{"width":1620,"height":1080,"url":"https:\/\/favorite-news.com\/pt\/wp-content\/uploads\/sites\/2\/2021\/07\/EDP-preve-investir-640-milhoes-de-euros-em-projetos-de.jpg","type":"image\/jpeg"}],"author":"favorite-news","twitter_card":"summary_large_image","twitter_misc":{"Escrito por":"favorite-news","Tempo estimado de leitura":"2 minutos"},"schema":{"@context":"https:\/\/schema.org","@graph":[{"@type":"Article","@id":"https:\/\/favorite-news.com\/pt\/edp-preve-investir-640-milhoes-de-euros-em-projetos-de-transicao-energetica\/#article","isPartOf":{"@id":"https:\/\/favorite-news.com\/pt\/edp-preve-investir-640-milhoes-de-euros-em-projetos-de-transicao-energetica\/"},"author":{"name":"favorite-news","@id":"https:\/\/favorite-news.com\/pt\/#\/schema\/person\/b91573b717dcfa5e4696032a9d28d3e8"},"headline":"EDP prev\u00ea investir 640 milh\u00f5es de euros em projetos de transi\u00e7\u00e3o energ\u00e9tica","datePublished":"2021-07-17T09:13:09+00:00","dateModified":"2021-07-17T09:13:13+00:00","mainEntityOfPage":{"@id":"https:\/\/favorite-news.com\/pt\/edp-preve-investir-640-milhoes-de-euros-em-projetos-de-transicao-energetica\/"},"wordCount":416,"commentCount":0,"image":{"@id":"https:\/\/favorite-news.com\/pt\/edp-preve-investir-640-milhoes-de-euros-em-projetos-de-transicao-energetica\/#primaryimage"},"thumbnailUrl":"https:\/\/favorite-news.com\/pt\/wp-content\/uploads\/sites\/2\/2021\/07\/EDP-preve-investir-640-milhoes-de-euros-em-projetos-de.jpg","articleSection":["NOT\u00cdCIAS FINANCEIRAS"],"inLanguage":"pt-PT","potentialAction":[{"@type":"CommentAction","name":"Comment","target":["https:\/\/favorite-news.com\/pt\/edp-preve-investir-640-milhoes-de-euros-em-projetos-de-transicao-energetica\/#respond"]}]},{"@type":"WebPage","@id":"https:\/\/favorite-news.com\/pt\/edp-preve-investir-640-milhoes-de-euros-em-projetos-de-transicao-energetica\/","url":"https:\/\/favorite-news.com\/pt\/edp-preve-investir-640-milhoes-de-euros-em-projetos-de-transicao-energetica\/","name":"EDP prev\u00ea investir 640 milh\u00f5es de euros em projetos de transi\u00e7\u00e3o energ\u00e9tica - Favorite News","isPartOf":{"@id":"https:\/\/favorite-news.com\/pt\/#website"},"primaryImageOfPage":{"@id":"https:\/\/favorite-news.com\/pt\/edp-preve-investir-640-milhoes-de-euros-em-projetos-de-transicao-energetica\/#primaryimage"},"image":{"@id":"https:\/\/favorite-news.com\/pt\/edp-preve-investir-640-milhoes-de-euros-em-projetos-de-transicao-energetica\/#primaryimage"},"thumbnailUrl":"https:\/\/favorite-news.com\/pt\/wp-content\/uploads\/sites\/2\/2021\/07\/EDP-preve-investir-640-milhoes-de-euros-em-projetos-de.jpg","datePublished":"2021-07-17T09:13:09+00:00","dateModified":"2021-07-17T09:13:13+00:00","author":{"@id":"https:\/\/favorite-news.com\/pt\/#\/schema\/person\/b91573b717dcfa5e4696032a9d28d3e8"},"breadcrumb":{"@id":"https:\/\/favorite-news.com\/pt\/edp-preve-investir-640-milhoes-de-euros-em-projetos-de-transicao-energetica\/#breadcrumb"},"inLanguage":"pt-PT","potentialAction":[{"@type":"ReadAction","target":["https:\/\/favorite-news.com\/pt\/edp-preve-investir-640-milhoes-de-euros-em-projetos-de-transicao-energetica\/"]}]},{"@type":"ImageObject","inLanguage":"pt-PT","@id":"https:\/\/favorite-news.com\/pt\/edp-preve-investir-640-milhoes-de-euros-em-projetos-de-transicao-energetica\/#primaryimage","url":"https:\/\/favorite-news.com\/pt\/wp-content\/uploads\/sites\/2\/2021\/07\/EDP-preve-investir-640-milhoes-de-euros-em-projetos-de.jpg","contentUrl":"https:\/\/favorite-news.com\/pt\/wp-content\/uploads\/sites\/2\/2021\/07\/EDP-preve-investir-640-milhoes-de-euros-em-projetos-de.jpg","width":1620,"height":1080,"caption":"EDP prev\u00ea investir 640 milh\u00f5es de euros em projetos de transi\u00e7\u00e3o energ\u00e9tica"},{"@type":"BreadcrumbList","@id":"https:\/\/favorite-news.com\/pt\/edp-preve-investir-640-milhoes-de-euros-em-projetos-de-transicao-energetica\/#breadcrumb","itemListElement":[{"@type":"ListItem","position":1,"name":"Home","item":"https:\/\/favorite-news.com\/pt\/"},{"@type":"ListItem","position":2,"name":"EDP prev\u00ea investir 640 milh\u00f5es de euros em projetos de transi\u00e7\u00e3o energ\u00e9tica"}]},{"@type":"WebSite","@id":"https:\/\/favorite-news.com\/pt\/#website","url":"https:\/\/favorite-news.com\/pt\/","name":"Favorite News","description":"Favorite News Portugal","potentialAction":[{"@type":"SearchAction","target":{"@type":"EntryPoint","urlTemplate":"https:\/\/favorite-news.com\/pt\/?s={search_term_string}"},"query-input":{"@type":"PropertyValueSpecification","valueRequired":true,"valueName":"search_term_string"}}],"inLanguage":"pt-PT"},{"@type":"Person","@id":"https:\/\/favorite-news.com\/pt\/#\/schema\/person\/b91573b717dcfa5e4696032a9d28d3e8","name":"favorite-news","image":{"@type":"ImageObject","inLanguage":"pt-PT","@id":"https:\/\/secure.gravatar.com\/avatar\/6c5a5cb12b74e9d517ee91cf570335b7d16177f1977cc91db161adfa435945a7?s=96&d=mm&r=g","url":"https:\/\/secure.gravatar.com\/avatar\/6c5a5cb12b74e9d517ee91cf570335b7d16177f1977cc91db161adfa435945a7?s=96&d=mm&r=g","contentUrl":"https:\/\/secure.gravatar.com\/avatar\/6c5a5cb12b74e9d517ee91cf570335b7d16177f1977cc91db161adfa435945a7?s=96&d=mm&r=g","caption":"favorite-news"},"url":"https:\/\/favorite-news.com\/pt\/author\/pt\/"}]}},"_links":{"self":[{"href":"https:\/\/favorite-news.com\/pt\/wp-json\/wp\/v2\/posts\/10796","targetHints":{"allow":["GET"]}}],"collection":[{"href":"https:\/\/favorite-news.com\/pt\/wp-json\/wp\/v2\/posts"}],"about":[{"href":"https:\/\/favorite-news.com\/pt\/wp-json\/wp\/v2\/types\/post"}],"author":[{"embeddable":true,"href":"https:\/\/favorite-news.com\/pt\/wp-json\/wp\/v2\/users\/2"}],"replies":[{"embeddable":true,"href":"https:\/\/favorite-news.com\/pt\/wp-json\/wp\/v2\/comments?post=10796"}],"version-history":[{"count":1,"href":"https:\/\/favorite-news.com\/pt\/wp-json\/wp\/v2\/posts\/10796\/revisions"}],"predecessor-version":[{"id":10798,"href":"https:\/\/favorite-news.com\/pt\/wp-json\/wp\/v2\/posts\/10796\/revisions\/10798"}],"wp:featuredmedia":[{"embeddable":true,"href":"https:\/\/favorite-news.com\/pt\/wp-json\/wp\/v2\/media\/10797"}],"wp:attachment":[{"href":"https:\/\/favorite-news.com\/pt\/wp-json\/wp\/v2\/media?parent=10796"}],"wp:term":[{"taxonomy":"category","embeddable":true,"href":"https:\/\/favorite-news.com\/pt\/wp-json\/wp\/v2\/categories?post=10796"},{"taxonomy":"post_tag","embeddable":true,"href":"https:\/\/favorite-news.com\/pt\/wp-json\/wp\/v2\/tags?post=10796"}],"curies":[{"name":"wp","href":"https:\/\/api.w.org\/{rel}","templated":true}]}}