{"id":10785,"date":"2021-07-16T12:06:38","date_gmt":"2021-07-16T09:06:38","guid":{"rendered":"https:\/\/favorite-news.com\/pt\/governo-anuncia-compra-de-117-novas-automotoras-eletricas-zap\/"},"modified":"2021-07-16T12:06:42","modified_gmt":"2021-07-16T09:06:42","slug":"governo-anuncia-compra-de-117-novas-automotoras-eletricas-zap","status":"publish","type":"post","link":"https:\/\/favorite-news.com\/pt\/governo-anuncia-compra-de-117-novas-automotoras-eletricas-zap\/","title":{"rendered":"Governo anuncia compra de 117 novas automotoras el\u00e9tricas &#8211; ZAP"},"content":{"rendered":"<p>Ant\u00f3nio Cotrim \/ LusaO ministro das Infraestruturas e da Habita\u00e7\u00e3o, Pedro Nuno Santos<br \/>\nO Governo aprovou hoje um concurso para a aquisi\u00e7\u00e3o de 117 novas automotoras el\u00e9tricas pela CP, num valor de 819 milh\u00f5es de euros, a \u201cmaior compra de sempre\u201d da operadora, disse o ministro das Infraestruturas e Habita\u00e7\u00e3o, Pedro Nuno Santos.<\/p>\n<p>O concurso foi aprovado em Conselho de Ministros, sendo que o Governo espera que o primeiro comboio chegue em 2026 e que a totalidade das composi\u00e7\u00f5es esteja em circula\u00e7\u00e3o em 2029.<br \/>\nDe acordo com o ECO, nesta compra, 62 automotoras s\u00e3o para servi\u00e7o urbano: 34 para a linha de Cascais, \u201csubstituir as atuais com mais de 50 anos\u201d, 16 unidades para as restantes linhas da \u00c1rea Metropolitana de Lisboa e 12 para refor\u00e7o dos servi\u00e7os urbanos do Porto, explicou o ministro. J\u00e1 as outras 55 automotoras el\u00e9tricas s\u00e3o para servi\u00e7o regional.<br \/>\nO ministro adiantou que o objetivo deste concurso \u00e9 \u201csubstituir material obsoleto, dar resposta \u00e0 procura presente que hoje j\u00e1 coloca uma grande press\u00e3o da procura\u201d.<\/p>\n<p>Pedro Nuno Santos adiantou ainda, neste que apelidou um \u201cdia hist\u00f3rico para a ferrovia nacional\u201d, que se \u201csomam a estas 117 automotoras mais 22 para servi\u00e7o regional, cujo concurso j\u00e1 tinha sido lan\u00e7ado h\u00e1 algum tempo mas ainda n\u00e3o tinha calendariza\u00e7\u00e3o\u201d. Estas foram adjudicadas \u00e0 empresa su\u00ed\u00e7a Stadler.<br \/>\nO Governo aprovou ainda a cria\u00e7\u00e3o de um centro de compet\u00eancias onde se far\u00e1 investiga\u00e7\u00e3o e forma\u00e7\u00e3o na \u00e1rea da ferrovias, em Guif\u00f5es, Matosinhos, perto das oficinas da CP \u2013 Comboios de Portugal.<\/p>\n<p>\n<!--noindex--><br \/>\n<a href=\"https:\/\/zap.aeiou.pt\/governo-compra-117-automotoras-417644\" rel=\"nofollow\">Source link <\/a><br \/>\n<!--\/noindex--><\/p>\n","protected":false},"excerpt":{"rendered":"<p>Ant\u00f3nio Cotrim \/ LusaO ministro das Infraestruturas e da Habita\u00e7\u00e3o, Pedro Nuno Santos O Governo aprovou hoje um concurso para a aquisi\u00e7\u00e3o de 117 novas automotoras el\u00e9tricas pela CP, num valor de 819 milh\u00f5es de euros, a \u201cmaior compra de sempre\u201d da operadora, disse o ministro das Infraestruturas e Habita\u00e7\u00e3o, Pedro Nuno Santos. O concurso [&hellip;]<\/p>\n","protected":false},"author":2,"featured_media":10786,"comment_status":"open","ping_status":"open","sticky":false,"template":"","format":"standard","meta":{"footnotes":""},"categories":[1],"tags":[],"class_list":["post-10785","post","type-post","status-publish","format-standard","has-post-thumbnail","hentry","category-noticias-financeiras"],"yoast_head":"<!-- This site is optimized with the Yoast SEO plugin v27.4 - https:\/\/yoast.com\/product\/yoast-seo-wordpress\/ -->\n<title>Governo anuncia compra de 117 novas automotoras el\u00e9tricas - ZAP - Favorite News<\/title>\n<meta name=\"robots\" content=\"index, follow, max-snippet:-1, max-image-preview:large, max-video-preview:-1\" \/>\n<link rel=\"canonical\" href=\"https:\/\/favorite-news.com\/pt\/governo-anuncia-compra-de-117-novas-automotoras-eletricas-zap\/\" \/>\n<meta property=\"og:locale\" content=\"pt_PT\" \/>\n<meta property=\"og:type\" content=\"article\" \/>\n<meta property=\"og:title\" content=\"Governo anuncia compra de 117 novas automotoras el\u00e9tricas - ZAP - Favorite News\" \/>\n<meta property=\"og:description\" content=\"Ant\u00f3nio Cotrim \/ LusaO ministro das Infraestruturas e da Habita\u00e7\u00e3o, Pedro Nuno Santos O Governo aprovou hoje um concurso para a aquisi\u00e7\u00e3o de 117 novas automotoras el\u00e9tricas pela CP, num valor de 819 milh\u00f5es de euros, a \u201cmaior compra de sempre\u201d da operadora, disse o ministro das Infraestruturas e Habita\u00e7\u00e3o, Pedro Nuno Santos. O concurso [&hellip;]\" \/>\n<meta property=\"og:url\" content=\"https:\/\/favorite-news.com\/pt\/governo-anuncia-compra-de-117-novas-automotoras-eletricas-zap\/\" \/>\n<meta property=\"og:site_name\" content=\"Favorite News\" \/>\n<meta property=\"article:published_time\" content=\"2021-07-16T09:06:38+00:00\" \/>\n<meta property=\"article:modified_time\" content=\"2021-07-16T09:06:42+00:00\" \/>\n<meta property=\"og:image\" content=\"https:\/\/favorite-news.com\/pt\/wp-content\/uploads\/sites\/2\/2021\/07\/Governo-anuncia-compra-de-117-novas-automotoras-eletricas-ZAP.jpg\" \/>\n\t<meta property=\"og:image:width\" content=\"1200\" \/>\n\t<meta property=\"og:image:height\" content=\"800\" \/>\n\t<meta property=\"og:image:type\" content=\"image\/jpeg\" \/>\n<meta name=\"author\" content=\"favorite-news\" \/>\n<meta name=\"twitter:card\" content=\"summary_large_image\" \/>\n<meta name=\"twitter:label1\" content=\"Escrito por\" \/>\n\t<meta name=\"twitter:data1\" content=\"favorite-news\" \/>\n\t<meta name=\"twitter:label2\" content=\"Tempo estimado de leitura\" \/>\n\t<meta name=\"twitter:data2\" content=\"1 minuto\" \/>\n<script type=\"application\/ld+json\" class=\"yoast-schema-graph\">{\"@context\":\"https:\\\/\\\/schema.org\",\"@graph\":[{\"@type\":\"Article\",\"@id\":\"https:\\\/\\\/favorite-news.com\\\/pt\\\/governo-anuncia-compra-de-117-novas-automotoras-eletricas-zap\\\/#article\",\"isPartOf\":{\"@id\":\"https:\\\/\\\/favorite-news.com\\\/pt\\\/governo-anuncia-compra-de-117-novas-automotoras-eletricas-zap\\\/\"},\"author\":{\"name\":\"favorite-news\",\"@id\":\"https:\\\/\\\/favorite-news.com\\\/pt\\\/#\\\/schema\\\/person\\\/b91573b717dcfa5e4696032a9d28d3e8\"},\"headline\":\"Governo anuncia compra de 117 novas automotoras el\u00e9tricas &#8211; ZAP\",\"datePublished\":\"2021-07-16T09:06:38+00:00\",\"dateModified\":\"2021-07-16T09:06:42+00:00\",\"mainEntityOfPage\":{\"@id\":\"https:\\\/\\\/favorite-news.com\\\/pt\\\/governo-anuncia-compra-de-117-novas-automotoras-eletricas-zap\\\/\"},\"wordCount\":273,\"commentCount\":0,\"image\":{\"@id\":\"https:\\\/\\\/favorite-news.com\\\/pt\\\/governo-anuncia-compra-de-117-novas-automotoras-eletricas-zap\\\/#primaryimage\"},\"thumbnailUrl\":\"https:\\\/\\\/favorite-news.com\\\/pt\\\/wp-content\\\/uploads\\\/sites\\\/2\\\/2021\\\/07\\\/Governo-anuncia-compra-de-117-novas-automotoras-eletricas-ZAP.jpg\",\"articleSection\":[\"NOT\u00cdCIAS FINANCEIRAS\"],\"inLanguage\":\"pt-PT\",\"potentialAction\":[{\"@type\":\"CommentAction\",\"name\":\"Comment\",\"target\":[\"https:\\\/\\\/favorite-news.com\\\/pt\\\/governo-anuncia-compra-de-117-novas-automotoras-eletricas-zap\\\/#respond\"]}]},{\"@type\":\"WebPage\",\"@id\":\"https:\\\/\\\/favorite-news.com\\\/pt\\\/governo-anuncia-compra-de-117-novas-automotoras-eletricas-zap\\\/\",\"url\":\"https:\\\/\\\/favorite-news.com\\\/pt\\\/governo-anuncia-compra-de-117-novas-automotoras-eletricas-zap\\\/\",\"name\":\"Governo anuncia compra de 117 novas automotoras el\u00e9tricas - ZAP - Favorite News\",\"isPartOf\":{\"@id\":\"https:\\\/\\\/favorite-news.com\\\/pt\\\/#website\"},\"primaryImageOfPage\":{\"@id\":\"https:\\\/\\\/favorite-news.com\\\/pt\\\/governo-anuncia-compra-de-117-novas-automotoras-eletricas-zap\\\/#primaryimage\"},\"image\":{\"@id\":\"https:\\\/\\\/favorite-news.com\\\/pt\\\/governo-anuncia-compra-de-117-novas-automotoras-eletricas-zap\\\/#primaryimage\"},\"thumbnailUrl\":\"https:\\\/\\\/favorite-news.com\\\/pt\\\/wp-content\\\/uploads\\\/sites\\\/2\\\/2021\\\/07\\\/Governo-anuncia-compra-de-117-novas-automotoras-eletricas-ZAP.jpg\",\"datePublished\":\"2021-07-16T09:06:38+00:00\",\"dateModified\":\"2021-07-16T09:06:42+00:00\",\"author\":{\"@id\":\"https:\\\/\\\/favorite-news.com\\\/pt\\\/#\\\/schema\\\/person\\\/b91573b717dcfa5e4696032a9d28d3e8\"},\"breadcrumb\":{\"@id\":\"https:\\\/\\\/favorite-news.com\\\/pt\\\/governo-anuncia-compra-de-117-novas-automotoras-eletricas-zap\\\/#breadcrumb\"},\"inLanguage\":\"pt-PT\",\"potentialAction\":[{\"@type\":\"ReadAction\",\"target\":[\"https:\\\/\\\/favorite-news.com\\\/pt\\\/governo-anuncia-compra-de-117-novas-automotoras-eletricas-zap\\\/\"]}]},{\"@type\":\"ImageObject\",\"inLanguage\":\"pt-PT\",\"@id\":\"https:\\\/\\\/favorite-news.com\\\/pt\\\/governo-anuncia-compra-de-117-novas-automotoras-eletricas-zap\\\/#primaryimage\",\"url\":\"https:\\\/\\\/favorite-news.com\\\/pt\\\/wp-content\\\/uploads\\\/sites\\\/2\\\/2021\\\/07\\\/Governo-anuncia-compra-de-117-novas-automotoras-eletricas-ZAP.jpg\",\"contentUrl\":\"https:\\\/\\\/favorite-news.com\\\/pt\\\/wp-content\\\/uploads\\\/sites\\\/2\\\/2021\\\/07\\\/Governo-anuncia-compra-de-117-novas-automotoras-eletricas-ZAP.jpg\",\"width\":1200,\"height\":800,\"caption\":\"Governo anuncia compra de 117 novas automotoras el\u00e9tricas - ZAP\"},{\"@type\":\"BreadcrumbList\",\"@id\":\"https:\\\/\\\/favorite-news.com\\\/pt\\\/governo-anuncia-compra-de-117-novas-automotoras-eletricas-zap\\\/#breadcrumb\",\"itemListElement\":[{\"@type\":\"ListItem\",\"position\":1,\"name\":\"Home\",\"item\":\"https:\\\/\\\/favorite-news.com\\\/pt\\\/\"},{\"@type\":\"ListItem\",\"position\":2,\"name\":\"Governo anuncia compra de 117 novas automotoras el\u00e9tricas &#8211; ZAP\"}]},{\"@type\":\"WebSite\",\"@id\":\"https:\\\/\\\/favorite-news.com\\\/pt\\\/#website\",\"url\":\"https:\\\/\\\/favorite-news.com\\\/pt\\\/\",\"name\":\"Favorite News\",\"description\":\"Favorite News Portugal\",\"potentialAction\":[{\"@type\":\"SearchAction\",\"target\":{\"@type\":\"EntryPoint\",\"urlTemplate\":\"https:\\\/\\\/favorite-news.com\\\/pt\\\/?s={search_term_string}\"},\"query-input\":{\"@type\":\"PropertyValueSpecification\",\"valueRequired\":true,\"valueName\":\"search_term_string\"}}],\"inLanguage\":\"pt-PT\"},{\"@type\":\"Person\",\"@id\":\"https:\\\/\\\/favorite-news.com\\\/pt\\\/#\\\/schema\\\/person\\\/b91573b717dcfa5e4696032a9d28d3e8\",\"name\":\"favorite-news\",\"image\":{\"@type\":\"ImageObject\",\"inLanguage\":\"pt-PT\",\"@id\":\"https:\\\/\\\/secure.gravatar.com\\\/avatar\\\/6c5a5cb12b74e9d517ee91cf570335b7d16177f1977cc91db161adfa435945a7?s=96&d=mm&r=g\",\"url\":\"https:\\\/\\\/secure.gravatar.com\\\/avatar\\\/6c5a5cb12b74e9d517ee91cf570335b7d16177f1977cc91db161adfa435945a7?s=96&d=mm&r=g\",\"contentUrl\":\"https:\\\/\\\/secure.gravatar.com\\\/avatar\\\/6c5a5cb12b74e9d517ee91cf570335b7d16177f1977cc91db161adfa435945a7?s=96&d=mm&r=g\",\"caption\":\"favorite-news\"},\"url\":\"https:\\\/\\\/favorite-news.com\\\/pt\\\/author\\\/pt\\\/\"}]}<\/script>\n<!-- \/ Yoast SEO plugin. -->","yoast_head_json":{"title":"Governo anuncia compra de 117 novas automotoras el\u00e9tricas - ZAP - Favorite News","robots":{"index":"index","follow":"follow","max-snippet":"max-snippet:-1","max-image-preview":"max-image-preview:large","max-video-preview":"max-video-preview:-1"},"canonical":"https:\/\/favorite-news.com\/pt\/governo-anuncia-compra-de-117-novas-automotoras-eletricas-zap\/","og_locale":"pt_PT","og_type":"article","og_title":"Governo anuncia compra de 117 novas automotoras el\u00e9tricas - ZAP - Favorite News","og_description":"Ant\u00f3nio Cotrim \/ LusaO ministro das Infraestruturas e da Habita\u00e7\u00e3o, Pedro Nuno Santos O Governo aprovou hoje um concurso para a aquisi\u00e7\u00e3o de 117 novas automotoras el\u00e9tricas pela CP, num valor de 819 milh\u00f5es de euros, a \u201cmaior compra de sempre\u201d da operadora, disse o ministro das Infraestruturas e Habita\u00e7\u00e3o, Pedro Nuno Santos. O concurso [&hellip;]","og_url":"https:\/\/favorite-news.com\/pt\/governo-anuncia-compra-de-117-novas-automotoras-eletricas-zap\/","og_site_name":"Favorite News","article_published_time":"2021-07-16T09:06:38+00:00","article_modified_time":"2021-07-16T09:06:42+00:00","og_image":[{"width":1200,"height":800,"url":"https:\/\/favorite-news.com\/pt\/wp-content\/uploads\/sites\/2\/2021\/07\/Governo-anuncia-compra-de-117-novas-automotoras-eletricas-ZAP.jpg","type":"image\/jpeg"}],"author":"favorite-news","twitter_card":"summary_large_image","twitter_misc":{"Escrito por":"favorite-news","Tempo estimado de leitura":"1 minuto"},"schema":{"@context":"https:\/\/schema.org","@graph":[{"@type":"Article","@id":"https:\/\/favorite-news.com\/pt\/governo-anuncia-compra-de-117-novas-automotoras-eletricas-zap\/#article","isPartOf":{"@id":"https:\/\/favorite-news.com\/pt\/governo-anuncia-compra-de-117-novas-automotoras-eletricas-zap\/"},"author":{"name":"favorite-news","@id":"https:\/\/favorite-news.com\/pt\/#\/schema\/person\/b91573b717dcfa5e4696032a9d28d3e8"},"headline":"Governo anuncia compra de 117 novas automotoras el\u00e9tricas &#8211; ZAP","datePublished":"2021-07-16T09:06:38+00:00","dateModified":"2021-07-16T09:06:42+00:00","mainEntityOfPage":{"@id":"https:\/\/favorite-news.com\/pt\/governo-anuncia-compra-de-117-novas-automotoras-eletricas-zap\/"},"wordCount":273,"commentCount":0,"image":{"@id":"https:\/\/favorite-news.com\/pt\/governo-anuncia-compra-de-117-novas-automotoras-eletricas-zap\/#primaryimage"},"thumbnailUrl":"https:\/\/favorite-news.com\/pt\/wp-content\/uploads\/sites\/2\/2021\/07\/Governo-anuncia-compra-de-117-novas-automotoras-eletricas-ZAP.jpg","articleSection":["NOT\u00cdCIAS FINANCEIRAS"],"inLanguage":"pt-PT","potentialAction":[{"@type":"CommentAction","name":"Comment","target":["https:\/\/favorite-news.com\/pt\/governo-anuncia-compra-de-117-novas-automotoras-eletricas-zap\/#respond"]}]},{"@type":"WebPage","@id":"https:\/\/favorite-news.com\/pt\/governo-anuncia-compra-de-117-novas-automotoras-eletricas-zap\/","url":"https:\/\/favorite-news.com\/pt\/governo-anuncia-compra-de-117-novas-automotoras-eletricas-zap\/","name":"Governo anuncia compra de 117 novas automotoras el\u00e9tricas - ZAP - Favorite News","isPartOf":{"@id":"https:\/\/favorite-news.com\/pt\/#website"},"primaryImageOfPage":{"@id":"https:\/\/favorite-news.com\/pt\/governo-anuncia-compra-de-117-novas-automotoras-eletricas-zap\/#primaryimage"},"image":{"@id":"https:\/\/favorite-news.com\/pt\/governo-anuncia-compra-de-117-novas-automotoras-eletricas-zap\/#primaryimage"},"thumbnailUrl":"https:\/\/favorite-news.com\/pt\/wp-content\/uploads\/sites\/2\/2021\/07\/Governo-anuncia-compra-de-117-novas-automotoras-eletricas-ZAP.jpg","datePublished":"2021-07-16T09:06:38+00:00","dateModified":"2021-07-16T09:06:42+00:00","author":{"@id":"https:\/\/favorite-news.com\/pt\/#\/schema\/person\/b91573b717dcfa5e4696032a9d28d3e8"},"breadcrumb":{"@id":"https:\/\/favorite-news.com\/pt\/governo-anuncia-compra-de-117-novas-automotoras-eletricas-zap\/#breadcrumb"},"inLanguage":"pt-PT","potentialAction":[{"@type":"ReadAction","target":["https:\/\/favorite-news.com\/pt\/governo-anuncia-compra-de-117-novas-automotoras-eletricas-zap\/"]}]},{"@type":"ImageObject","inLanguage":"pt-PT","@id":"https:\/\/favorite-news.com\/pt\/governo-anuncia-compra-de-117-novas-automotoras-eletricas-zap\/#primaryimage","url":"https:\/\/favorite-news.com\/pt\/wp-content\/uploads\/sites\/2\/2021\/07\/Governo-anuncia-compra-de-117-novas-automotoras-eletricas-ZAP.jpg","contentUrl":"https:\/\/favorite-news.com\/pt\/wp-content\/uploads\/sites\/2\/2021\/07\/Governo-anuncia-compra-de-117-novas-automotoras-eletricas-ZAP.jpg","width":1200,"height":800,"caption":"Governo anuncia compra de 117 novas automotoras el\u00e9tricas - ZAP"},{"@type":"BreadcrumbList","@id":"https:\/\/favorite-news.com\/pt\/governo-anuncia-compra-de-117-novas-automotoras-eletricas-zap\/#breadcrumb","itemListElement":[{"@type":"ListItem","position":1,"name":"Home","item":"https:\/\/favorite-news.com\/pt\/"},{"@type":"ListItem","position":2,"name":"Governo anuncia compra de 117 novas automotoras el\u00e9tricas &#8211; ZAP"}]},{"@type":"WebSite","@id":"https:\/\/favorite-news.com\/pt\/#website","url":"https:\/\/favorite-news.com\/pt\/","name":"Favorite News","description":"Favorite News Portugal","potentialAction":[{"@type":"SearchAction","target":{"@type":"EntryPoint","urlTemplate":"https:\/\/favorite-news.com\/pt\/?s={search_term_string}"},"query-input":{"@type":"PropertyValueSpecification","valueRequired":true,"valueName":"search_term_string"}}],"inLanguage":"pt-PT"},{"@type":"Person","@id":"https:\/\/favorite-news.com\/pt\/#\/schema\/person\/b91573b717dcfa5e4696032a9d28d3e8","name":"favorite-news","image":{"@type":"ImageObject","inLanguage":"pt-PT","@id":"https:\/\/secure.gravatar.com\/avatar\/6c5a5cb12b74e9d517ee91cf570335b7d16177f1977cc91db161adfa435945a7?s=96&d=mm&r=g","url":"https:\/\/secure.gravatar.com\/avatar\/6c5a5cb12b74e9d517ee91cf570335b7d16177f1977cc91db161adfa435945a7?s=96&d=mm&r=g","contentUrl":"https:\/\/secure.gravatar.com\/avatar\/6c5a5cb12b74e9d517ee91cf570335b7d16177f1977cc91db161adfa435945a7?s=96&d=mm&r=g","caption":"favorite-news"},"url":"https:\/\/favorite-news.com\/pt\/author\/pt\/"}]}},"_links":{"self":[{"href":"https:\/\/favorite-news.com\/pt\/wp-json\/wp\/v2\/posts\/10785","targetHints":{"allow":["GET"]}}],"collection":[{"href":"https:\/\/favorite-news.com\/pt\/wp-json\/wp\/v2\/posts"}],"about":[{"href":"https:\/\/favorite-news.com\/pt\/wp-json\/wp\/v2\/types\/post"}],"author":[{"embeddable":true,"href":"https:\/\/favorite-news.com\/pt\/wp-json\/wp\/v2\/users\/2"}],"replies":[{"embeddable":true,"href":"https:\/\/favorite-news.com\/pt\/wp-json\/wp\/v2\/comments?post=10785"}],"version-history":[{"count":1,"href":"https:\/\/favorite-news.com\/pt\/wp-json\/wp\/v2\/posts\/10785\/revisions"}],"predecessor-version":[{"id":10787,"href":"https:\/\/favorite-news.com\/pt\/wp-json\/wp\/v2\/posts\/10785\/revisions\/10787"}],"wp:featuredmedia":[{"embeddable":true,"href":"https:\/\/favorite-news.com\/pt\/wp-json\/wp\/v2\/media\/10786"}],"wp:attachment":[{"href":"https:\/\/favorite-news.com\/pt\/wp-json\/wp\/v2\/media?parent=10785"}],"wp:term":[{"taxonomy":"category","embeddable":true,"href":"https:\/\/favorite-news.com\/pt\/wp-json\/wp\/v2\/categories?post=10785"},{"taxonomy":"post_tag","embeddable":true,"href":"https:\/\/favorite-news.com\/pt\/wp-json\/wp\/v2\/tags?post=10785"}],"curies":[{"name":"wp","href":"https:\/\/api.w.org\/{rel}","templated":true}]}}