{"id":10780,"date":"2021-07-16T00:02:42","date_gmt":"2021-07-15T21:02:42","guid":{"rendered":"https:\/\/favorite-news.com\/pt\/economia-portuguesa-continua-a-crescer-face-a-2020-mas-abrandou-em-julho-zap\/"},"modified":"2021-07-16T00:02:45","modified_gmt":"2021-07-15T21:02:45","slug":"economia-portuguesa-continua-a-crescer-face-a-2020-mas-abrandou-em-julho-zap","status":"publish","type":"post","link":"https:\/\/favorite-news.com\/pt\/economia-portuguesa-continua-a-crescer-face-a-2020-mas-abrandou-em-julho-zap\/","title":{"rendered":"Economia portuguesa continua a crescer face a 2020, mas abrandou em julho &#8211; ZAP"},"content":{"rendered":"<p>M\u00e1rio Cruz \/ LusaO ex-ministro das Finan\u00e7as e governador do Banco de Portugal, M\u00e1rio Centeno<br \/>\nA atividade econ\u00f3mica em Portugal continua a crescer em rela\u00e7\u00e3o a 2020, mas o ritmo de expans\u00e3o abrandou em julho, revelou esta quinta-feira o indicador di\u00e1rio de atividade econ\u00f3mica (DEI), publicado pelo Banco de Portugal (BdP).<\/p>\n<p>Segundo uma nota do BdP, citada pelo Expresso, entre 05 e 11 de julho, a m\u00e9dia m\u00f3vel semanal do DEI apontou para um crescimento hom\u00f3logo da atividade econ\u00f3mica em Portugal de 9,1%. A mesma m\u00e9dia m\u00f3vel referente \u00e0 semana terminada a 04 de julho sinalizava um incremento de 16,1% em termos hom\u00f3logos.<br \/>\nEste abrandamento pode estar relacionado com a nova vaga de restri\u00e7\u00f5es impostas pelo Governo e com o efeito base \u2013 no segundo trimestre o DEI alcan\u00e7ou valores de crescimento acima dos 20%, quando comparado com o per\u00edodo hom\u00f3logo de 2020, de crise. J\u00e1 o terceiro trimestre compara com um per\u00edodo hom\u00f3logo de recupera\u00e7\u00e3o econ\u00f3mica.<br \/>\nQuanto \u00e0 taxa bienal do DEI, em termos de m\u00e9dia m\u00f3vel semanal, registou uma queda de 1,3% na semana terminada a 11 de julho, sinalizando que a economia operou abaixo do per\u00edodo hom\u00f3logo de 2019. Esta taxa estava em valores positivos desde meados de junho.<\/p>\n<p> Ta\u00edsa Pagno \/\/ <\/p>\n<p>\n<!--noindex--><br \/>\n<a href=\"https:\/\/zap.aeiou.pt\/economia-portuguesa-crescer-abrandou-417638\" rel=\"nofollow\">Source link <\/a><br \/>\n<!--\/noindex--><\/p>\n","protected":false},"excerpt":{"rendered":"<p>M\u00e1rio Cruz \/ LusaO ex-ministro das Finan\u00e7as e governador do Banco de Portugal, M\u00e1rio Centeno A atividade econ\u00f3mica em Portugal continua a crescer em rela\u00e7\u00e3o a 2020, mas o ritmo de expans\u00e3o abrandou em julho, revelou esta quinta-feira o indicador di\u00e1rio de atividade econ\u00f3mica (DEI), publicado pelo Banco de Portugal (BdP). Segundo uma nota do [&hellip;]<\/p>\n","protected":false},"author":2,"featured_media":8316,"comment_status":"open","ping_status":"open","sticky":false,"template":"","format":"standard","meta":{"footnotes":""},"categories":[1],"tags":[],"class_list":["post-10780","post","type-post","status-publish","format-standard","has-post-thumbnail","hentry","category-noticias-financeiras"],"yoast_head":"<!-- This site is optimized with the Yoast SEO plugin v27.4 - https:\/\/yoast.com\/product\/yoast-seo-wordpress\/ -->\n<title>Economia portuguesa continua a crescer face a 2020, mas abrandou em julho - ZAP - Favorite News<\/title>\n<meta name=\"robots\" content=\"index, follow, max-snippet:-1, max-image-preview:large, max-video-preview:-1\" \/>\n<link rel=\"canonical\" href=\"https:\/\/favorite-news.com\/pt\/economia-portuguesa-continua-a-crescer-face-a-2020-mas-abrandou-em-julho-zap\/\" \/>\n<meta property=\"og:locale\" content=\"pt_PT\" \/>\n<meta property=\"og:type\" content=\"article\" \/>\n<meta property=\"og:title\" content=\"Economia portuguesa continua a crescer face a 2020, mas abrandou em julho - ZAP - Favorite News\" \/>\n<meta property=\"og:description\" content=\"M\u00e1rio Cruz \/ LusaO ex-ministro das Finan\u00e7as e governador do Banco de Portugal, M\u00e1rio Centeno A atividade econ\u00f3mica em Portugal continua a crescer em rela\u00e7\u00e3o a 2020, mas o ritmo de expans\u00e3o abrandou em julho, revelou esta quinta-feira o indicador di\u00e1rio de atividade econ\u00f3mica (DEI), publicado pelo Banco de Portugal (BdP). Segundo uma nota do [&hellip;]\" \/>\n<meta property=\"og:url\" content=\"https:\/\/favorite-news.com\/pt\/economia-portuguesa-continua-a-crescer-face-a-2020-mas-abrandou-em-julho-zap\/\" \/>\n<meta property=\"og:site_name\" content=\"Favorite News\" \/>\n<meta property=\"article:published_time\" content=\"2021-07-15T21:02:42+00:00\" \/>\n<meta property=\"article:modified_time\" content=\"2021-07-15T21:02:45+00:00\" \/>\n<meta property=\"og:image\" content=\"https:\/\/favorite-news.com\/pt\/wp-content\/uploads\/sites\/2\/2020\/12\/BdP-mais-pessimista-que-o-Governo-sobre-economia-portuguesa-em.jpg\" \/>\n\t<meta property=\"og:image:width\" content=\"1200\" \/>\n\t<meta property=\"og:image:height\" content=\"800\" \/>\n\t<meta property=\"og:image:type\" content=\"image\/jpeg\" \/>\n<meta name=\"author\" content=\"favorite-news\" \/>\n<meta name=\"twitter:card\" content=\"summary_large_image\" \/>\n<meta name=\"twitter:label1\" content=\"Escrito por\" \/>\n\t<meta name=\"twitter:data1\" content=\"favorite-news\" \/>\n\t<meta name=\"twitter:label2\" content=\"Tempo estimado de leitura\" \/>\n\t<meta name=\"twitter:data2\" content=\"1 minuto\" \/>\n<script type=\"application\/ld+json\" class=\"yoast-schema-graph\">{\"@context\":\"https:\\\/\\\/schema.org\",\"@graph\":[{\"@type\":\"Article\",\"@id\":\"https:\\\/\\\/favorite-news.com\\\/pt\\\/economia-portuguesa-continua-a-crescer-face-a-2020-mas-abrandou-em-julho-zap\\\/#article\",\"isPartOf\":{\"@id\":\"https:\\\/\\\/favorite-news.com\\\/pt\\\/economia-portuguesa-continua-a-crescer-face-a-2020-mas-abrandou-em-julho-zap\\\/\"},\"author\":{\"name\":\"favorite-news\",\"@id\":\"https:\\\/\\\/favorite-news.com\\\/pt\\\/#\\\/schema\\\/person\\\/b91573b717dcfa5e4696032a9d28d3e8\"},\"headline\":\"Economia portuguesa continua a crescer face a 2020, mas abrandou em julho &#8211; ZAP\",\"datePublished\":\"2021-07-15T21:02:42+00:00\",\"dateModified\":\"2021-07-15T21:02:45+00:00\",\"mainEntityOfPage\":{\"@id\":\"https:\\\/\\\/favorite-news.com\\\/pt\\\/economia-portuguesa-continua-a-crescer-face-a-2020-mas-abrandou-em-julho-zap\\\/\"},\"wordCount\":232,\"commentCount\":0,\"image\":{\"@id\":\"https:\\\/\\\/favorite-news.com\\\/pt\\\/economia-portuguesa-continua-a-crescer-face-a-2020-mas-abrandou-em-julho-zap\\\/#primaryimage\"},\"thumbnailUrl\":\"https:\\\/\\\/favorite-news.com\\\/pt\\\/wp-content\\\/uploads\\\/sites\\\/2\\\/2020\\\/12\\\/BdP-mais-pessimista-que-o-Governo-sobre-economia-portuguesa-em.jpg\",\"articleSection\":[\"NOT\u00cdCIAS FINANCEIRAS\"],\"inLanguage\":\"pt-PT\",\"potentialAction\":[{\"@type\":\"CommentAction\",\"name\":\"Comment\",\"target\":[\"https:\\\/\\\/favorite-news.com\\\/pt\\\/economia-portuguesa-continua-a-crescer-face-a-2020-mas-abrandou-em-julho-zap\\\/#respond\"]}]},{\"@type\":\"WebPage\",\"@id\":\"https:\\\/\\\/favorite-news.com\\\/pt\\\/economia-portuguesa-continua-a-crescer-face-a-2020-mas-abrandou-em-julho-zap\\\/\",\"url\":\"https:\\\/\\\/favorite-news.com\\\/pt\\\/economia-portuguesa-continua-a-crescer-face-a-2020-mas-abrandou-em-julho-zap\\\/\",\"name\":\"Economia portuguesa continua a crescer face a 2020, mas abrandou em julho - ZAP - Favorite News\",\"isPartOf\":{\"@id\":\"https:\\\/\\\/favorite-news.com\\\/pt\\\/#website\"},\"primaryImageOfPage\":{\"@id\":\"https:\\\/\\\/favorite-news.com\\\/pt\\\/economia-portuguesa-continua-a-crescer-face-a-2020-mas-abrandou-em-julho-zap\\\/#primaryimage\"},\"image\":{\"@id\":\"https:\\\/\\\/favorite-news.com\\\/pt\\\/economia-portuguesa-continua-a-crescer-face-a-2020-mas-abrandou-em-julho-zap\\\/#primaryimage\"},\"thumbnailUrl\":\"https:\\\/\\\/favorite-news.com\\\/pt\\\/wp-content\\\/uploads\\\/sites\\\/2\\\/2020\\\/12\\\/BdP-mais-pessimista-que-o-Governo-sobre-economia-portuguesa-em.jpg\",\"datePublished\":\"2021-07-15T21:02:42+00:00\",\"dateModified\":\"2021-07-15T21:02:45+00:00\",\"author\":{\"@id\":\"https:\\\/\\\/favorite-news.com\\\/pt\\\/#\\\/schema\\\/person\\\/b91573b717dcfa5e4696032a9d28d3e8\"},\"breadcrumb\":{\"@id\":\"https:\\\/\\\/favorite-news.com\\\/pt\\\/economia-portuguesa-continua-a-crescer-face-a-2020-mas-abrandou-em-julho-zap\\\/#breadcrumb\"},\"inLanguage\":\"pt-PT\",\"potentialAction\":[{\"@type\":\"ReadAction\",\"target\":[\"https:\\\/\\\/favorite-news.com\\\/pt\\\/economia-portuguesa-continua-a-crescer-face-a-2020-mas-abrandou-em-julho-zap\\\/\"]}]},{\"@type\":\"ImageObject\",\"inLanguage\":\"pt-PT\",\"@id\":\"https:\\\/\\\/favorite-news.com\\\/pt\\\/economia-portuguesa-continua-a-crescer-face-a-2020-mas-abrandou-em-julho-zap\\\/#primaryimage\",\"url\":\"https:\\\/\\\/favorite-news.com\\\/pt\\\/wp-content\\\/uploads\\\/sites\\\/2\\\/2020\\\/12\\\/BdP-mais-pessimista-que-o-Governo-sobre-economia-portuguesa-em.jpg\",\"contentUrl\":\"https:\\\/\\\/favorite-news.com\\\/pt\\\/wp-content\\\/uploads\\\/sites\\\/2\\\/2020\\\/12\\\/BdP-mais-pessimista-que-o-Governo-sobre-economia-portuguesa-em.jpg\",\"width\":1200,\"height\":800,\"caption\":\"BdP mais pessimista que o Governo sobre economia portuguesa em 2021\"},{\"@type\":\"BreadcrumbList\",\"@id\":\"https:\\\/\\\/favorite-news.com\\\/pt\\\/economia-portuguesa-continua-a-crescer-face-a-2020-mas-abrandou-em-julho-zap\\\/#breadcrumb\",\"itemListElement\":[{\"@type\":\"ListItem\",\"position\":1,\"name\":\"Home\",\"item\":\"https:\\\/\\\/favorite-news.com\\\/pt\\\/\"},{\"@type\":\"ListItem\",\"position\":2,\"name\":\"Economia portuguesa continua a crescer face a 2020, mas abrandou em julho &#8211; ZAP\"}]},{\"@type\":\"WebSite\",\"@id\":\"https:\\\/\\\/favorite-news.com\\\/pt\\\/#website\",\"url\":\"https:\\\/\\\/favorite-news.com\\\/pt\\\/\",\"name\":\"Favorite News\",\"description\":\"Favorite News Portugal\",\"potentialAction\":[{\"@type\":\"SearchAction\",\"target\":{\"@type\":\"EntryPoint\",\"urlTemplate\":\"https:\\\/\\\/favorite-news.com\\\/pt\\\/?s={search_term_string}\"},\"query-input\":{\"@type\":\"PropertyValueSpecification\",\"valueRequired\":true,\"valueName\":\"search_term_string\"}}],\"inLanguage\":\"pt-PT\"},{\"@type\":\"Person\",\"@id\":\"https:\\\/\\\/favorite-news.com\\\/pt\\\/#\\\/schema\\\/person\\\/b91573b717dcfa5e4696032a9d28d3e8\",\"name\":\"favorite-news\",\"image\":{\"@type\":\"ImageObject\",\"inLanguage\":\"pt-PT\",\"@id\":\"https:\\\/\\\/secure.gravatar.com\\\/avatar\\\/6c5a5cb12b74e9d517ee91cf570335b7d16177f1977cc91db161adfa435945a7?s=96&d=mm&r=g\",\"url\":\"https:\\\/\\\/secure.gravatar.com\\\/avatar\\\/6c5a5cb12b74e9d517ee91cf570335b7d16177f1977cc91db161adfa435945a7?s=96&d=mm&r=g\",\"contentUrl\":\"https:\\\/\\\/secure.gravatar.com\\\/avatar\\\/6c5a5cb12b74e9d517ee91cf570335b7d16177f1977cc91db161adfa435945a7?s=96&d=mm&r=g\",\"caption\":\"favorite-news\"},\"url\":\"https:\\\/\\\/favorite-news.com\\\/pt\\\/author\\\/pt\\\/\"}]}<\/script>\n<!-- \/ Yoast SEO plugin. -->","yoast_head_json":{"title":"Economia portuguesa continua a crescer face a 2020, mas abrandou em julho - ZAP - Favorite News","robots":{"index":"index","follow":"follow","max-snippet":"max-snippet:-1","max-image-preview":"max-image-preview:large","max-video-preview":"max-video-preview:-1"},"canonical":"https:\/\/favorite-news.com\/pt\/economia-portuguesa-continua-a-crescer-face-a-2020-mas-abrandou-em-julho-zap\/","og_locale":"pt_PT","og_type":"article","og_title":"Economia portuguesa continua a crescer face a 2020, mas abrandou em julho - ZAP - Favorite News","og_description":"M\u00e1rio Cruz \/ LusaO ex-ministro das Finan\u00e7as e governador do Banco de Portugal, M\u00e1rio Centeno A atividade econ\u00f3mica em Portugal continua a crescer em rela\u00e7\u00e3o a 2020, mas o ritmo de expans\u00e3o abrandou em julho, revelou esta quinta-feira o indicador di\u00e1rio de atividade econ\u00f3mica (DEI), publicado pelo Banco de Portugal (BdP). Segundo uma nota do [&hellip;]","og_url":"https:\/\/favorite-news.com\/pt\/economia-portuguesa-continua-a-crescer-face-a-2020-mas-abrandou-em-julho-zap\/","og_site_name":"Favorite News","article_published_time":"2021-07-15T21:02:42+00:00","article_modified_time":"2021-07-15T21:02:45+00:00","og_image":[{"width":1200,"height":800,"url":"https:\/\/favorite-news.com\/pt\/wp-content\/uploads\/sites\/2\/2020\/12\/BdP-mais-pessimista-que-o-Governo-sobre-economia-portuguesa-em.jpg","type":"image\/jpeg"}],"author":"favorite-news","twitter_card":"summary_large_image","twitter_misc":{"Escrito por":"favorite-news","Tempo estimado de leitura":"1 minuto"},"schema":{"@context":"https:\/\/schema.org","@graph":[{"@type":"Article","@id":"https:\/\/favorite-news.com\/pt\/economia-portuguesa-continua-a-crescer-face-a-2020-mas-abrandou-em-julho-zap\/#article","isPartOf":{"@id":"https:\/\/favorite-news.com\/pt\/economia-portuguesa-continua-a-crescer-face-a-2020-mas-abrandou-em-julho-zap\/"},"author":{"name":"favorite-news","@id":"https:\/\/favorite-news.com\/pt\/#\/schema\/person\/b91573b717dcfa5e4696032a9d28d3e8"},"headline":"Economia portuguesa continua a crescer face a 2020, mas abrandou em julho &#8211; ZAP","datePublished":"2021-07-15T21:02:42+00:00","dateModified":"2021-07-15T21:02:45+00:00","mainEntityOfPage":{"@id":"https:\/\/favorite-news.com\/pt\/economia-portuguesa-continua-a-crescer-face-a-2020-mas-abrandou-em-julho-zap\/"},"wordCount":232,"commentCount":0,"image":{"@id":"https:\/\/favorite-news.com\/pt\/economia-portuguesa-continua-a-crescer-face-a-2020-mas-abrandou-em-julho-zap\/#primaryimage"},"thumbnailUrl":"https:\/\/favorite-news.com\/pt\/wp-content\/uploads\/sites\/2\/2020\/12\/BdP-mais-pessimista-que-o-Governo-sobre-economia-portuguesa-em.jpg","articleSection":["NOT\u00cdCIAS FINANCEIRAS"],"inLanguage":"pt-PT","potentialAction":[{"@type":"CommentAction","name":"Comment","target":["https:\/\/favorite-news.com\/pt\/economia-portuguesa-continua-a-crescer-face-a-2020-mas-abrandou-em-julho-zap\/#respond"]}]},{"@type":"WebPage","@id":"https:\/\/favorite-news.com\/pt\/economia-portuguesa-continua-a-crescer-face-a-2020-mas-abrandou-em-julho-zap\/","url":"https:\/\/favorite-news.com\/pt\/economia-portuguesa-continua-a-crescer-face-a-2020-mas-abrandou-em-julho-zap\/","name":"Economia portuguesa continua a crescer face a 2020, mas abrandou em julho - ZAP - Favorite News","isPartOf":{"@id":"https:\/\/favorite-news.com\/pt\/#website"},"primaryImageOfPage":{"@id":"https:\/\/favorite-news.com\/pt\/economia-portuguesa-continua-a-crescer-face-a-2020-mas-abrandou-em-julho-zap\/#primaryimage"},"image":{"@id":"https:\/\/favorite-news.com\/pt\/economia-portuguesa-continua-a-crescer-face-a-2020-mas-abrandou-em-julho-zap\/#primaryimage"},"thumbnailUrl":"https:\/\/favorite-news.com\/pt\/wp-content\/uploads\/sites\/2\/2020\/12\/BdP-mais-pessimista-que-o-Governo-sobre-economia-portuguesa-em.jpg","datePublished":"2021-07-15T21:02:42+00:00","dateModified":"2021-07-15T21:02:45+00:00","author":{"@id":"https:\/\/favorite-news.com\/pt\/#\/schema\/person\/b91573b717dcfa5e4696032a9d28d3e8"},"breadcrumb":{"@id":"https:\/\/favorite-news.com\/pt\/economia-portuguesa-continua-a-crescer-face-a-2020-mas-abrandou-em-julho-zap\/#breadcrumb"},"inLanguage":"pt-PT","potentialAction":[{"@type":"ReadAction","target":["https:\/\/favorite-news.com\/pt\/economia-portuguesa-continua-a-crescer-face-a-2020-mas-abrandou-em-julho-zap\/"]}]},{"@type":"ImageObject","inLanguage":"pt-PT","@id":"https:\/\/favorite-news.com\/pt\/economia-portuguesa-continua-a-crescer-face-a-2020-mas-abrandou-em-julho-zap\/#primaryimage","url":"https:\/\/favorite-news.com\/pt\/wp-content\/uploads\/sites\/2\/2020\/12\/BdP-mais-pessimista-que-o-Governo-sobre-economia-portuguesa-em.jpg","contentUrl":"https:\/\/favorite-news.com\/pt\/wp-content\/uploads\/sites\/2\/2020\/12\/BdP-mais-pessimista-que-o-Governo-sobre-economia-portuguesa-em.jpg","width":1200,"height":800,"caption":"BdP mais pessimista que o Governo sobre economia portuguesa em 2021"},{"@type":"BreadcrumbList","@id":"https:\/\/favorite-news.com\/pt\/economia-portuguesa-continua-a-crescer-face-a-2020-mas-abrandou-em-julho-zap\/#breadcrumb","itemListElement":[{"@type":"ListItem","position":1,"name":"Home","item":"https:\/\/favorite-news.com\/pt\/"},{"@type":"ListItem","position":2,"name":"Economia portuguesa continua a crescer face a 2020, mas abrandou em julho &#8211; ZAP"}]},{"@type":"WebSite","@id":"https:\/\/favorite-news.com\/pt\/#website","url":"https:\/\/favorite-news.com\/pt\/","name":"Favorite News","description":"Favorite News Portugal","potentialAction":[{"@type":"SearchAction","target":{"@type":"EntryPoint","urlTemplate":"https:\/\/favorite-news.com\/pt\/?s={search_term_string}"},"query-input":{"@type":"PropertyValueSpecification","valueRequired":true,"valueName":"search_term_string"}}],"inLanguage":"pt-PT"},{"@type":"Person","@id":"https:\/\/favorite-news.com\/pt\/#\/schema\/person\/b91573b717dcfa5e4696032a9d28d3e8","name":"favorite-news","image":{"@type":"ImageObject","inLanguage":"pt-PT","@id":"https:\/\/secure.gravatar.com\/avatar\/6c5a5cb12b74e9d517ee91cf570335b7d16177f1977cc91db161adfa435945a7?s=96&d=mm&r=g","url":"https:\/\/secure.gravatar.com\/avatar\/6c5a5cb12b74e9d517ee91cf570335b7d16177f1977cc91db161adfa435945a7?s=96&d=mm&r=g","contentUrl":"https:\/\/secure.gravatar.com\/avatar\/6c5a5cb12b74e9d517ee91cf570335b7d16177f1977cc91db161adfa435945a7?s=96&d=mm&r=g","caption":"favorite-news"},"url":"https:\/\/favorite-news.com\/pt\/author\/pt\/"}]}},"_links":{"self":[{"href":"https:\/\/favorite-news.com\/pt\/wp-json\/wp\/v2\/posts\/10780","targetHints":{"allow":["GET"]}}],"collection":[{"href":"https:\/\/favorite-news.com\/pt\/wp-json\/wp\/v2\/posts"}],"about":[{"href":"https:\/\/favorite-news.com\/pt\/wp-json\/wp\/v2\/types\/post"}],"author":[{"embeddable":true,"href":"https:\/\/favorite-news.com\/pt\/wp-json\/wp\/v2\/users\/2"}],"replies":[{"embeddable":true,"href":"https:\/\/favorite-news.com\/pt\/wp-json\/wp\/v2\/comments?post=10780"}],"version-history":[{"count":1,"href":"https:\/\/favorite-news.com\/pt\/wp-json\/wp\/v2\/posts\/10780\/revisions"}],"predecessor-version":[{"id":10781,"href":"https:\/\/favorite-news.com\/pt\/wp-json\/wp\/v2\/posts\/10780\/revisions\/10781"}],"wp:featuredmedia":[{"embeddable":true,"href":"https:\/\/favorite-news.com\/pt\/wp-json\/wp\/v2\/media\/8316"}],"wp:attachment":[{"href":"https:\/\/favorite-news.com\/pt\/wp-json\/wp\/v2\/media?parent=10780"}],"wp:term":[{"taxonomy":"category","embeddable":true,"href":"https:\/\/favorite-news.com\/pt\/wp-json\/wp\/v2\/categories?post=10780"},{"taxonomy":"post_tag","embeddable":true,"href":"https:\/\/favorite-news.com\/pt\/wp-json\/wp\/v2\/tags?post=10780"}],"curies":[{"name":"wp","href":"https:\/\/api.w.org\/{rel}","templated":true}]}}