{"id":10768,"date":"2021-07-14T23:49:18","date_gmt":"2021-07-14T20:49:18","guid":{"rendered":"https:\/\/favorite-news.com\/pt\/gestores-do-banco-de-fomento-serao-a-prova-de-bala-zap\/"},"modified":"2021-07-14T23:49:23","modified_gmt":"2021-07-14T20:49:23","slug":"gestores-do-banco-de-fomento-serao-a-prova-de-bala-zap","status":"publish","type":"post","link":"https:\/\/favorite-news.com\/pt\/gestores-do-banco-de-fomento-serao-a-prova-de-bala-zap\/","title":{"rendered":"Gestores do Banco de Fomento ser\u00e3o &#8220;\u00e0 prova de bala&#8221; &#8211; ZAP"},"content":{"rendered":"<p>Manuel de Almeida \/ LusaO ministro de Estado, da Economia e da Transi\u00e7\u00e3o Digital, Pedro Siza Vieira<br \/>\nO ministro da Economia, Siza Vieira, garantiu esta quarta-feira que os gestores do Banco de Fomento ser\u00e3o \u201c\u00e0 prova de bala\u201d, reafirmando que V\u00edtor Fernandes \u201cn\u00e3o tem condi\u00e7\u00f5es neste momento\u201d para ser eleito para a administra\u00e7\u00e3o da institui\u00e7\u00e3o.<\/p>\n<p>\u201cV\u00edtor Fernandes n\u00e3o tem condi\u00e7\u00f5es neste momento para ser eleito para o cargo que estava indicado e nesse sentido assegura-se que os gestores que estar\u00e3o no Banco de Fomento ser\u00e3o \u00e0 prova de bala, independentes e imparciais\u201d, afirmou Siza Vieira.<br \/>\nO ministro de Estado, Economia e Transi\u00e7\u00e3o Digital falava numa audi\u00e7\u00e3o regimental na comiss\u00e3o parlamentar de Economia, Inova\u00e7\u00e3o, Obras P\u00fablicas e Habita\u00e7\u00e3o, em resposta ao PSD.<br \/>\nSiza Vieira defendeu que a institui\u00e7\u00e3o deve ter \u201cgestores adequados, competentes, com experi\u00eancia, imparciais, independentes e absolutamente id\u00f3neos\u201d, sublinhando que o Governo procurou garantir que os cargos de dire\u00e7\u00e3o a recrutar para o Banco de Fomento n\u00e3o t\u00eam \u201cqualquer atividade partid\u00e1ria ou pol\u00edtica\u201d.<\/p>\n<p>Na segunda-feira, o Governo anunciou a suspens\u00e3o da nomea\u00e7\u00e3o de V\u00edtor Fernandes para a presid\u00eancia do Conselho de Administra\u00e7\u00e3o do Banco do Fomento para evitar \u201ccontrov\u00e9rsia\u201d na institui\u00e7\u00e3o, disse ent\u00e3o o ministro da Economia, reafirmando esta quarta-feira perante os deputados esta posi\u00e7\u00e3o.<br \/>\n\u201cParece-me que nesta altura n\u00e3o devemos proceder \u00e0 elei\u00e7\u00e3o do presidente do Conselho de Administra\u00e7\u00e3o\u201d, adiantou, depois de o ex-administrador do Novo Banco ser mencionado em documentos do Minist\u00e9rio P\u00fablico (MP) referentes \u00e0 opera\u00e7\u00e3o Cart\u00e3o Vermelho, na qual o presidente da Promovalor e do Benfica (com fun\u00e7\u00f5es suspensas) Lu\u00eds Filipe Vieira \u00e9 arguido.<\/p>\n<p>\n<!--noindex--><br \/>\n<a href=\"https:\/\/zap.aeiou.pt\/gestores-banco-fomento-prova-de-bala-417406\" rel=\"nofollow\">Source link <\/a><br \/>\n<!--\/noindex--><\/p>\n","protected":false},"excerpt":{"rendered":"<p>Manuel de Almeida \/ LusaO ministro de Estado, da Economia e da Transi\u00e7\u00e3o Digital, Pedro Siza Vieira O ministro da Economia, Siza Vieira, garantiu esta quarta-feira que os gestores do Banco de Fomento ser\u00e3o \u201c\u00e0 prova de bala\u201d, reafirmando que V\u00edtor Fernandes \u201cn\u00e3o tem condi\u00e7\u00f5es neste momento\u201d para ser eleito para a administra\u00e7\u00e3o da institui\u00e7\u00e3o. [&hellip;]<\/p>\n","protected":false},"author":2,"featured_media":10769,"comment_status":"open","ping_status":"open","sticky":false,"template":"","format":"standard","meta":{"footnotes":""},"categories":[1],"tags":[],"class_list":["post-10768","post","type-post","status-publish","format-standard","has-post-thumbnail","hentry","category-noticias-financeiras"],"yoast_head":"<!-- This site is optimized with the Yoast SEO plugin v27.4 - https:\/\/yoast.com\/product\/yoast-seo-wordpress\/ -->\n<title>Gestores do Banco de Fomento ser\u00e3o &quot;\u00e0 prova de bala&quot; - ZAP - Favorite News<\/title>\n<meta name=\"robots\" content=\"index, follow, max-snippet:-1, max-image-preview:large, max-video-preview:-1\" \/>\n<link rel=\"canonical\" href=\"https:\/\/favorite-news.com\/pt\/gestores-do-banco-de-fomento-serao-a-prova-de-bala-zap\/\" \/>\n<meta property=\"og:locale\" content=\"pt_PT\" \/>\n<meta property=\"og:type\" content=\"article\" \/>\n<meta property=\"og:title\" content=\"Gestores do Banco de Fomento ser\u00e3o &quot;\u00e0 prova de bala&quot; - ZAP - Favorite News\" \/>\n<meta property=\"og:description\" content=\"Manuel de Almeida \/ LusaO ministro de Estado, da Economia e da Transi\u00e7\u00e3o Digital, Pedro Siza Vieira O ministro da Economia, Siza Vieira, garantiu esta quarta-feira que os gestores do Banco de Fomento ser\u00e3o \u201c\u00e0 prova de bala\u201d, reafirmando que V\u00edtor Fernandes \u201cn\u00e3o tem condi\u00e7\u00f5es neste momento\u201d para ser eleito para a administra\u00e7\u00e3o da institui\u00e7\u00e3o. [&hellip;]\" \/>\n<meta property=\"og:url\" content=\"https:\/\/favorite-news.com\/pt\/gestores-do-banco-de-fomento-serao-a-prova-de-bala-zap\/\" \/>\n<meta property=\"og:site_name\" content=\"Favorite News\" \/>\n<meta property=\"article:published_time\" content=\"2021-07-14T20:49:18+00:00\" \/>\n<meta property=\"article:modified_time\" content=\"2021-07-14T20:49:23+00:00\" \/>\n<meta property=\"og:image\" content=\"https:\/\/favorite-news.com\/pt\/wp-content\/uploads\/sites\/2\/2021\/07\/Gestores-do-Banco-de-Fomento-serao-a-prova-de-bala.jpg\" \/>\n\t<meta property=\"og:image:width\" content=\"1200\" \/>\n\t<meta property=\"og:image:height\" content=\"800\" \/>\n\t<meta property=\"og:image:type\" content=\"image\/jpeg\" \/>\n<meta name=\"author\" content=\"favorite-news\" \/>\n<meta name=\"twitter:card\" content=\"summary_large_image\" \/>\n<meta name=\"twitter:label1\" content=\"Escrito por\" \/>\n\t<meta name=\"twitter:data1\" content=\"favorite-news\" \/>\n\t<meta name=\"twitter:label2\" content=\"Tempo estimado de leitura\" \/>\n\t<meta name=\"twitter:data2\" content=\"1 minuto\" \/>\n<script type=\"application\/ld+json\" class=\"yoast-schema-graph\">{\"@context\":\"https:\\\/\\\/schema.org\",\"@graph\":[{\"@type\":\"Article\",\"@id\":\"https:\\\/\\\/favorite-news.com\\\/pt\\\/gestores-do-banco-de-fomento-serao-a-prova-de-bala-zap\\\/#article\",\"isPartOf\":{\"@id\":\"https:\\\/\\\/favorite-news.com\\\/pt\\\/gestores-do-banco-de-fomento-serao-a-prova-de-bala-zap\\\/\"},\"author\":{\"name\":\"favorite-news\",\"@id\":\"https:\\\/\\\/favorite-news.com\\\/pt\\\/#\\\/schema\\\/person\\\/b91573b717dcfa5e4696032a9d28d3e8\"},\"headline\":\"Gestores do Banco de Fomento ser\u00e3o &#8220;\u00e0 prova de bala&#8221; &#8211; ZAP\",\"datePublished\":\"2021-07-14T20:49:18+00:00\",\"dateModified\":\"2021-07-14T20:49:23+00:00\",\"mainEntityOfPage\":{\"@id\":\"https:\\\/\\\/favorite-news.com\\\/pt\\\/gestores-do-banco-de-fomento-serao-a-prova-de-bala-zap\\\/\"},\"wordCount\":311,\"commentCount\":0,\"image\":{\"@id\":\"https:\\\/\\\/favorite-news.com\\\/pt\\\/gestores-do-banco-de-fomento-serao-a-prova-de-bala-zap\\\/#primaryimage\"},\"thumbnailUrl\":\"https:\\\/\\\/favorite-news.com\\\/pt\\\/wp-content\\\/uploads\\\/sites\\\/2\\\/2021\\\/07\\\/Gestores-do-Banco-de-Fomento-serao-a-prova-de-bala.jpg\",\"articleSection\":[\"NOT\u00cdCIAS FINANCEIRAS\"],\"inLanguage\":\"pt-PT\",\"potentialAction\":[{\"@type\":\"CommentAction\",\"name\":\"Comment\",\"target\":[\"https:\\\/\\\/favorite-news.com\\\/pt\\\/gestores-do-banco-de-fomento-serao-a-prova-de-bala-zap\\\/#respond\"]}]},{\"@type\":\"WebPage\",\"@id\":\"https:\\\/\\\/favorite-news.com\\\/pt\\\/gestores-do-banco-de-fomento-serao-a-prova-de-bala-zap\\\/\",\"url\":\"https:\\\/\\\/favorite-news.com\\\/pt\\\/gestores-do-banco-de-fomento-serao-a-prova-de-bala-zap\\\/\",\"name\":\"Gestores do Banco de Fomento ser\u00e3o \\\"\u00e0 prova de bala\\\" - ZAP - Favorite News\",\"isPartOf\":{\"@id\":\"https:\\\/\\\/favorite-news.com\\\/pt\\\/#website\"},\"primaryImageOfPage\":{\"@id\":\"https:\\\/\\\/favorite-news.com\\\/pt\\\/gestores-do-banco-de-fomento-serao-a-prova-de-bala-zap\\\/#primaryimage\"},\"image\":{\"@id\":\"https:\\\/\\\/favorite-news.com\\\/pt\\\/gestores-do-banco-de-fomento-serao-a-prova-de-bala-zap\\\/#primaryimage\"},\"thumbnailUrl\":\"https:\\\/\\\/favorite-news.com\\\/pt\\\/wp-content\\\/uploads\\\/sites\\\/2\\\/2021\\\/07\\\/Gestores-do-Banco-de-Fomento-serao-a-prova-de-bala.jpg\",\"datePublished\":\"2021-07-14T20:49:18+00:00\",\"dateModified\":\"2021-07-14T20:49:23+00:00\",\"author\":{\"@id\":\"https:\\\/\\\/favorite-news.com\\\/pt\\\/#\\\/schema\\\/person\\\/b91573b717dcfa5e4696032a9d28d3e8\"},\"breadcrumb\":{\"@id\":\"https:\\\/\\\/favorite-news.com\\\/pt\\\/gestores-do-banco-de-fomento-serao-a-prova-de-bala-zap\\\/#breadcrumb\"},\"inLanguage\":\"pt-PT\",\"potentialAction\":[{\"@type\":\"ReadAction\",\"target\":[\"https:\\\/\\\/favorite-news.com\\\/pt\\\/gestores-do-banco-de-fomento-serao-a-prova-de-bala-zap\\\/\"]}]},{\"@type\":\"ImageObject\",\"inLanguage\":\"pt-PT\",\"@id\":\"https:\\\/\\\/favorite-news.com\\\/pt\\\/gestores-do-banco-de-fomento-serao-a-prova-de-bala-zap\\\/#primaryimage\",\"url\":\"https:\\\/\\\/favorite-news.com\\\/pt\\\/wp-content\\\/uploads\\\/sites\\\/2\\\/2021\\\/07\\\/Gestores-do-Banco-de-Fomento-serao-a-prova-de-bala.jpg\",\"contentUrl\":\"https:\\\/\\\/favorite-news.com\\\/pt\\\/wp-content\\\/uploads\\\/sites\\\/2\\\/2021\\\/07\\\/Gestores-do-Banco-de-Fomento-serao-a-prova-de-bala.jpg\",\"width\":1200,\"height\":800,\"caption\":\"Gestores do Banco de Fomento ser\u00e3o \\\"\u00e0 prova de bala\\\" - ZAP\"},{\"@type\":\"BreadcrumbList\",\"@id\":\"https:\\\/\\\/favorite-news.com\\\/pt\\\/gestores-do-banco-de-fomento-serao-a-prova-de-bala-zap\\\/#breadcrumb\",\"itemListElement\":[{\"@type\":\"ListItem\",\"position\":1,\"name\":\"Home\",\"item\":\"https:\\\/\\\/favorite-news.com\\\/pt\\\/\"},{\"@type\":\"ListItem\",\"position\":2,\"name\":\"Gestores do Banco de Fomento ser\u00e3o &#8220;\u00e0 prova de bala&#8221; &#8211; ZAP\"}]},{\"@type\":\"WebSite\",\"@id\":\"https:\\\/\\\/favorite-news.com\\\/pt\\\/#website\",\"url\":\"https:\\\/\\\/favorite-news.com\\\/pt\\\/\",\"name\":\"Favorite News\",\"description\":\"Favorite News Portugal\",\"potentialAction\":[{\"@type\":\"SearchAction\",\"target\":{\"@type\":\"EntryPoint\",\"urlTemplate\":\"https:\\\/\\\/favorite-news.com\\\/pt\\\/?s={search_term_string}\"},\"query-input\":{\"@type\":\"PropertyValueSpecification\",\"valueRequired\":true,\"valueName\":\"search_term_string\"}}],\"inLanguage\":\"pt-PT\"},{\"@type\":\"Person\",\"@id\":\"https:\\\/\\\/favorite-news.com\\\/pt\\\/#\\\/schema\\\/person\\\/b91573b717dcfa5e4696032a9d28d3e8\",\"name\":\"favorite-news\",\"image\":{\"@type\":\"ImageObject\",\"inLanguage\":\"pt-PT\",\"@id\":\"https:\\\/\\\/secure.gravatar.com\\\/avatar\\\/6c5a5cb12b74e9d517ee91cf570335b7d16177f1977cc91db161adfa435945a7?s=96&d=mm&r=g\",\"url\":\"https:\\\/\\\/secure.gravatar.com\\\/avatar\\\/6c5a5cb12b74e9d517ee91cf570335b7d16177f1977cc91db161adfa435945a7?s=96&d=mm&r=g\",\"contentUrl\":\"https:\\\/\\\/secure.gravatar.com\\\/avatar\\\/6c5a5cb12b74e9d517ee91cf570335b7d16177f1977cc91db161adfa435945a7?s=96&d=mm&r=g\",\"caption\":\"favorite-news\"},\"url\":\"https:\\\/\\\/favorite-news.com\\\/pt\\\/author\\\/pt\\\/\"}]}<\/script>\n<!-- \/ Yoast SEO plugin. -->","yoast_head_json":{"title":"Gestores do Banco de Fomento ser\u00e3o \"\u00e0 prova de bala\" - ZAP - Favorite News","robots":{"index":"index","follow":"follow","max-snippet":"max-snippet:-1","max-image-preview":"max-image-preview:large","max-video-preview":"max-video-preview:-1"},"canonical":"https:\/\/favorite-news.com\/pt\/gestores-do-banco-de-fomento-serao-a-prova-de-bala-zap\/","og_locale":"pt_PT","og_type":"article","og_title":"Gestores do Banco de Fomento ser\u00e3o \"\u00e0 prova de bala\" - ZAP - Favorite News","og_description":"Manuel de Almeida \/ LusaO ministro de Estado, da Economia e da Transi\u00e7\u00e3o Digital, Pedro Siza Vieira O ministro da Economia, Siza Vieira, garantiu esta quarta-feira que os gestores do Banco de Fomento ser\u00e3o \u201c\u00e0 prova de bala\u201d, reafirmando que V\u00edtor Fernandes \u201cn\u00e3o tem condi\u00e7\u00f5es neste momento\u201d para ser eleito para a administra\u00e7\u00e3o da institui\u00e7\u00e3o. [&hellip;]","og_url":"https:\/\/favorite-news.com\/pt\/gestores-do-banco-de-fomento-serao-a-prova-de-bala-zap\/","og_site_name":"Favorite News","article_published_time":"2021-07-14T20:49:18+00:00","article_modified_time":"2021-07-14T20:49:23+00:00","og_image":[{"width":1200,"height":800,"url":"https:\/\/favorite-news.com\/pt\/wp-content\/uploads\/sites\/2\/2021\/07\/Gestores-do-Banco-de-Fomento-serao-a-prova-de-bala.jpg","type":"image\/jpeg"}],"author":"favorite-news","twitter_card":"summary_large_image","twitter_misc":{"Escrito por":"favorite-news","Tempo estimado de leitura":"1 minuto"},"schema":{"@context":"https:\/\/schema.org","@graph":[{"@type":"Article","@id":"https:\/\/favorite-news.com\/pt\/gestores-do-banco-de-fomento-serao-a-prova-de-bala-zap\/#article","isPartOf":{"@id":"https:\/\/favorite-news.com\/pt\/gestores-do-banco-de-fomento-serao-a-prova-de-bala-zap\/"},"author":{"name":"favorite-news","@id":"https:\/\/favorite-news.com\/pt\/#\/schema\/person\/b91573b717dcfa5e4696032a9d28d3e8"},"headline":"Gestores do Banco de Fomento ser\u00e3o &#8220;\u00e0 prova de bala&#8221; &#8211; ZAP","datePublished":"2021-07-14T20:49:18+00:00","dateModified":"2021-07-14T20:49:23+00:00","mainEntityOfPage":{"@id":"https:\/\/favorite-news.com\/pt\/gestores-do-banco-de-fomento-serao-a-prova-de-bala-zap\/"},"wordCount":311,"commentCount":0,"image":{"@id":"https:\/\/favorite-news.com\/pt\/gestores-do-banco-de-fomento-serao-a-prova-de-bala-zap\/#primaryimage"},"thumbnailUrl":"https:\/\/favorite-news.com\/pt\/wp-content\/uploads\/sites\/2\/2021\/07\/Gestores-do-Banco-de-Fomento-serao-a-prova-de-bala.jpg","articleSection":["NOT\u00cdCIAS FINANCEIRAS"],"inLanguage":"pt-PT","potentialAction":[{"@type":"CommentAction","name":"Comment","target":["https:\/\/favorite-news.com\/pt\/gestores-do-banco-de-fomento-serao-a-prova-de-bala-zap\/#respond"]}]},{"@type":"WebPage","@id":"https:\/\/favorite-news.com\/pt\/gestores-do-banco-de-fomento-serao-a-prova-de-bala-zap\/","url":"https:\/\/favorite-news.com\/pt\/gestores-do-banco-de-fomento-serao-a-prova-de-bala-zap\/","name":"Gestores do Banco de Fomento ser\u00e3o \"\u00e0 prova de bala\" - ZAP - Favorite News","isPartOf":{"@id":"https:\/\/favorite-news.com\/pt\/#website"},"primaryImageOfPage":{"@id":"https:\/\/favorite-news.com\/pt\/gestores-do-banco-de-fomento-serao-a-prova-de-bala-zap\/#primaryimage"},"image":{"@id":"https:\/\/favorite-news.com\/pt\/gestores-do-banco-de-fomento-serao-a-prova-de-bala-zap\/#primaryimage"},"thumbnailUrl":"https:\/\/favorite-news.com\/pt\/wp-content\/uploads\/sites\/2\/2021\/07\/Gestores-do-Banco-de-Fomento-serao-a-prova-de-bala.jpg","datePublished":"2021-07-14T20:49:18+00:00","dateModified":"2021-07-14T20:49:23+00:00","author":{"@id":"https:\/\/favorite-news.com\/pt\/#\/schema\/person\/b91573b717dcfa5e4696032a9d28d3e8"},"breadcrumb":{"@id":"https:\/\/favorite-news.com\/pt\/gestores-do-banco-de-fomento-serao-a-prova-de-bala-zap\/#breadcrumb"},"inLanguage":"pt-PT","potentialAction":[{"@type":"ReadAction","target":["https:\/\/favorite-news.com\/pt\/gestores-do-banco-de-fomento-serao-a-prova-de-bala-zap\/"]}]},{"@type":"ImageObject","inLanguage":"pt-PT","@id":"https:\/\/favorite-news.com\/pt\/gestores-do-banco-de-fomento-serao-a-prova-de-bala-zap\/#primaryimage","url":"https:\/\/favorite-news.com\/pt\/wp-content\/uploads\/sites\/2\/2021\/07\/Gestores-do-Banco-de-Fomento-serao-a-prova-de-bala.jpg","contentUrl":"https:\/\/favorite-news.com\/pt\/wp-content\/uploads\/sites\/2\/2021\/07\/Gestores-do-Banco-de-Fomento-serao-a-prova-de-bala.jpg","width":1200,"height":800,"caption":"Gestores do Banco de Fomento ser\u00e3o \"\u00e0 prova de bala\" - ZAP"},{"@type":"BreadcrumbList","@id":"https:\/\/favorite-news.com\/pt\/gestores-do-banco-de-fomento-serao-a-prova-de-bala-zap\/#breadcrumb","itemListElement":[{"@type":"ListItem","position":1,"name":"Home","item":"https:\/\/favorite-news.com\/pt\/"},{"@type":"ListItem","position":2,"name":"Gestores do Banco de Fomento ser\u00e3o &#8220;\u00e0 prova de bala&#8221; &#8211; ZAP"}]},{"@type":"WebSite","@id":"https:\/\/favorite-news.com\/pt\/#website","url":"https:\/\/favorite-news.com\/pt\/","name":"Favorite News","description":"Favorite News Portugal","potentialAction":[{"@type":"SearchAction","target":{"@type":"EntryPoint","urlTemplate":"https:\/\/favorite-news.com\/pt\/?s={search_term_string}"},"query-input":{"@type":"PropertyValueSpecification","valueRequired":true,"valueName":"search_term_string"}}],"inLanguage":"pt-PT"},{"@type":"Person","@id":"https:\/\/favorite-news.com\/pt\/#\/schema\/person\/b91573b717dcfa5e4696032a9d28d3e8","name":"favorite-news","image":{"@type":"ImageObject","inLanguage":"pt-PT","@id":"https:\/\/secure.gravatar.com\/avatar\/6c5a5cb12b74e9d517ee91cf570335b7d16177f1977cc91db161adfa435945a7?s=96&d=mm&r=g","url":"https:\/\/secure.gravatar.com\/avatar\/6c5a5cb12b74e9d517ee91cf570335b7d16177f1977cc91db161adfa435945a7?s=96&d=mm&r=g","contentUrl":"https:\/\/secure.gravatar.com\/avatar\/6c5a5cb12b74e9d517ee91cf570335b7d16177f1977cc91db161adfa435945a7?s=96&d=mm&r=g","caption":"favorite-news"},"url":"https:\/\/favorite-news.com\/pt\/author\/pt\/"}]}},"_links":{"self":[{"href":"https:\/\/favorite-news.com\/pt\/wp-json\/wp\/v2\/posts\/10768","targetHints":{"allow":["GET"]}}],"collection":[{"href":"https:\/\/favorite-news.com\/pt\/wp-json\/wp\/v2\/posts"}],"about":[{"href":"https:\/\/favorite-news.com\/pt\/wp-json\/wp\/v2\/types\/post"}],"author":[{"embeddable":true,"href":"https:\/\/favorite-news.com\/pt\/wp-json\/wp\/v2\/users\/2"}],"replies":[{"embeddable":true,"href":"https:\/\/favorite-news.com\/pt\/wp-json\/wp\/v2\/comments?post=10768"}],"version-history":[{"count":1,"href":"https:\/\/favorite-news.com\/pt\/wp-json\/wp\/v2\/posts\/10768\/revisions"}],"predecessor-version":[{"id":10770,"href":"https:\/\/favorite-news.com\/pt\/wp-json\/wp\/v2\/posts\/10768\/revisions\/10770"}],"wp:featuredmedia":[{"embeddable":true,"href":"https:\/\/favorite-news.com\/pt\/wp-json\/wp\/v2\/media\/10769"}],"wp:attachment":[{"href":"https:\/\/favorite-news.com\/pt\/wp-json\/wp\/v2\/media?parent=10768"}],"wp:term":[{"taxonomy":"category","embeddable":true,"href":"https:\/\/favorite-news.com\/pt\/wp-json\/wp\/v2\/categories?post=10768"},{"taxonomy":"post_tag","embeddable":true,"href":"https:\/\/favorite-news.com\/pt\/wp-json\/wp\/v2\/tags?post=10768"}],"curies":[{"name":"wp","href":"https:\/\/api.w.org\/{rel}","templated":true}]}}