{"id":10766,"date":"2021-07-14T20:31:45","date_gmt":"2021-07-14T17:31:45","guid":{"rendered":"https:\/\/favorite-news.com\/pt\/llyc-conclui-aumento-de-capital-meios-publicidade\/"},"modified":"2021-07-14T20:31:46","modified_gmt":"2021-07-14T17:31:46","slug":"llyc-conclui-aumento-de-capital-meios-publicidade","status":"publish","type":"post","link":"https:\/\/favorite-news.com\/pt\/llyc-conclui-aumento-de-capital-meios-publicidade\/","title":{"rendered":"LLYC conclui aumento de capital &#8211; Meios &#038; Publicidade"},"content":{"rendered":"<p>\t\t\t\tPor Meios &amp; Publicidade a 14 de Julho de 2021<\/p>\n<p>\t\t\tJos\u00e9 Antonio LLorente (LLYC)<br \/>\nA consultora de comunica\u00e7\u00e3o LLYC anunciou que encerrou o aumento de capital que realizou antes da sua estreia no BME Growth, prevista para a segunda quinzena de Julho. As ofertas de subscri\u00e7\u00e3o lan\u00e7adas pela LLYC pretendiam captar um m\u00e1ximo de 10 milh\u00f5es de euros.<br \/>\nO aumento de capital foi subscrito por 1520 novos investidores, na sua maioria family offices espanh\u00f3is, que submeteram ordens de subscri\u00e7\u00e3o num valor superior a 51 milh\u00f5es de euros, 5,1 vezes o montante oferecido.<br \/>\nComo resultado do aumento de capital, a empresa passou a ser representada por 11 639 570 ac\u00e7\u00f5es. Foi tamb\u00e9m fixado um pre\u00e7o de refer\u00eancia de 9,39 euros por ac\u00e7\u00e3o, o que implica que a valoriza\u00e7\u00e3o do capital social ascende a mais de 109 milh\u00f5es de euros.<br \/>\nAp\u00f3s o aumento de capital, os s\u00f3cios profissionais da LLYC controlam 81,21 por cento do capital do grupo, enquanto 18,79 por cento est\u00e3o nas m\u00e3os de novos investidores.<br \/>\nA LLYC pretende duplicar o seu neg\u00f3cio nos pr\u00f3ximos quatro anos e atingir receitas de 100 milh\u00f5es de euros at\u00e9 ao final de 2024.<\/p>\n<p>\n<!--noindex--><br \/>\n<a href=\"https:\/\/www.meiosepublicidade.pt\/2021\/07\/llyc-conclui-aumento-de-capital\/?utm_source=rss&#038;utm_medium=rss&#038;utm_campaign=llyc-conclui-aumento-de-capital\" rel=\"nofollow\">Source link <\/a><br \/>\n<!--\/noindex--><\/p>\n","protected":false},"excerpt":{"rendered":"<p>Por Meios &amp; Publicidade a 14 de Julho de 2021 Jos\u00e9 Antonio LLorente (LLYC) A consultora de comunica\u00e7\u00e3o LLYC anunciou que encerrou o aumento de capital que realizou antes da sua estreia no BME Growth, prevista para a segunda quinzena de Julho. As ofertas de subscri\u00e7\u00e3o lan\u00e7adas pela LLYC pretendiam captar um m\u00e1ximo de 10 [&hellip;]<\/p>\n","protected":false},"author":2,"featured_media":10536,"comment_status":"open","ping_status":"open","sticky":false,"template":"","format":"standard","meta":{"footnotes":""},"categories":[3],"tags":[],"class_list":["post-10766","post","type-post","status-publish","format-standard","has-post-thumbnail","hentry","category-noticias-de-marketing-na-internet"],"yoast_head":"<!-- This site is optimized with the Yoast SEO plugin v27.4 - https:\/\/yoast.com\/product\/yoast-seo-wordpress\/ -->\n<title>LLYC conclui aumento de capital - Meios &amp; Publicidade - Favorite News<\/title>\n<meta name=\"robots\" content=\"index, follow, max-snippet:-1, max-image-preview:large, max-video-preview:-1\" \/>\n<link rel=\"canonical\" href=\"https:\/\/favorite-news.com\/pt\/llyc-conclui-aumento-de-capital-meios-publicidade\/\" \/>\n<meta property=\"og:locale\" content=\"pt_PT\" \/>\n<meta property=\"og:type\" content=\"article\" \/>\n<meta property=\"og:title\" content=\"LLYC conclui aumento de capital - Meios &amp; Publicidade - Favorite News\" \/>\n<meta property=\"og:description\" content=\"Por Meios &amp; Publicidade a 14 de Julho de 2021 Jos\u00e9 Antonio LLorente (LLYC) A consultora de comunica\u00e7\u00e3o LLYC anunciou que encerrou o aumento de capital que realizou antes da sua estreia no BME Growth, prevista para a segunda quinzena de Julho. As ofertas de subscri\u00e7\u00e3o lan\u00e7adas pela LLYC pretendiam captar um m\u00e1ximo de 10 [&hellip;]\" \/>\n<meta property=\"og:url\" content=\"https:\/\/favorite-news.com\/pt\/llyc-conclui-aumento-de-capital-meios-publicidade\/\" \/>\n<meta property=\"og:site_name\" content=\"Favorite News\" \/>\n<meta property=\"article:published_time\" content=\"2021-07-14T17:31:45+00:00\" \/>\n<meta property=\"article:modified_time\" content=\"2021-07-14T17:31:46+00:00\" \/>\n<meta property=\"og:image\" content=\"https:\/\/favorite-news.com\/pt\/wp-content\/uploads\/sites\/2\/2021\/06\/LLYC-quer-captar-10-milhoes-para-duplicar-dimensao-em-cinco.jpg\" \/>\n\t<meta property=\"og:image:width\" content=\"1920\" \/>\n\t<meta property=\"og:image:height\" content=\"1280\" \/>\n\t<meta property=\"og:image:type\" content=\"image\/jpeg\" \/>\n<meta name=\"author\" content=\"favorite-news\" \/>\n<meta name=\"twitter:card\" content=\"summary_large_image\" \/>\n<meta name=\"twitter:label1\" content=\"Escrito por\" \/>\n\t<meta name=\"twitter:data1\" content=\"favorite-news\" \/>\n\t<meta name=\"twitter:label2\" content=\"Tempo estimado de leitura\" \/>\n\t<meta name=\"twitter:data2\" content=\"1 minuto\" \/>\n<script type=\"application\/ld+json\" class=\"yoast-schema-graph\">{\"@context\":\"https:\\\/\\\/schema.org\",\"@graph\":[{\"@type\":\"Article\",\"@id\":\"https:\\\/\\\/favorite-news.com\\\/pt\\\/llyc-conclui-aumento-de-capital-meios-publicidade\\\/#article\",\"isPartOf\":{\"@id\":\"https:\\\/\\\/favorite-news.com\\\/pt\\\/llyc-conclui-aumento-de-capital-meios-publicidade\\\/\"},\"author\":{\"name\":\"favorite-news\",\"@id\":\"https:\\\/\\\/favorite-news.com\\\/pt\\\/#\\\/schema\\\/person\\\/b91573b717dcfa5e4696032a9d28d3e8\"},\"headline\":\"LLYC conclui aumento de capital &#8211; Meios &#038; Publicidade\",\"datePublished\":\"2021-07-14T17:31:45+00:00\",\"dateModified\":\"2021-07-14T17:31:46+00:00\",\"mainEntityOfPage\":{\"@id\":\"https:\\\/\\\/favorite-news.com\\\/pt\\\/llyc-conclui-aumento-de-capital-meios-publicidade\\\/\"},\"wordCount\":207,\"commentCount\":0,\"image\":{\"@id\":\"https:\\\/\\\/favorite-news.com\\\/pt\\\/llyc-conclui-aumento-de-capital-meios-publicidade\\\/#primaryimage\"},\"thumbnailUrl\":\"https:\\\/\\\/favorite-news.com\\\/pt\\\/wp-content\\\/uploads\\\/sites\\\/2\\\/2021\\\/06\\\/LLYC-quer-captar-10-milhoes-para-duplicar-dimensao-em-cinco.jpg\",\"articleSection\":[\"NOT\u00cdCIAS DE MARKETING NA INTERNET\"],\"inLanguage\":\"pt-PT\",\"potentialAction\":[{\"@type\":\"CommentAction\",\"name\":\"Comment\",\"target\":[\"https:\\\/\\\/favorite-news.com\\\/pt\\\/llyc-conclui-aumento-de-capital-meios-publicidade\\\/#respond\"]}]},{\"@type\":\"WebPage\",\"@id\":\"https:\\\/\\\/favorite-news.com\\\/pt\\\/llyc-conclui-aumento-de-capital-meios-publicidade\\\/\",\"url\":\"https:\\\/\\\/favorite-news.com\\\/pt\\\/llyc-conclui-aumento-de-capital-meios-publicidade\\\/\",\"name\":\"LLYC conclui aumento de capital - Meios & Publicidade - Favorite News\",\"isPartOf\":{\"@id\":\"https:\\\/\\\/favorite-news.com\\\/pt\\\/#website\"},\"primaryImageOfPage\":{\"@id\":\"https:\\\/\\\/favorite-news.com\\\/pt\\\/llyc-conclui-aumento-de-capital-meios-publicidade\\\/#primaryimage\"},\"image\":{\"@id\":\"https:\\\/\\\/favorite-news.com\\\/pt\\\/llyc-conclui-aumento-de-capital-meios-publicidade\\\/#primaryimage\"},\"thumbnailUrl\":\"https:\\\/\\\/favorite-news.com\\\/pt\\\/wp-content\\\/uploads\\\/sites\\\/2\\\/2021\\\/06\\\/LLYC-quer-captar-10-milhoes-para-duplicar-dimensao-em-cinco.jpg\",\"datePublished\":\"2021-07-14T17:31:45+00:00\",\"dateModified\":\"2021-07-14T17:31:46+00:00\",\"author\":{\"@id\":\"https:\\\/\\\/favorite-news.com\\\/pt\\\/#\\\/schema\\\/person\\\/b91573b717dcfa5e4696032a9d28d3e8\"},\"breadcrumb\":{\"@id\":\"https:\\\/\\\/favorite-news.com\\\/pt\\\/llyc-conclui-aumento-de-capital-meios-publicidade\\\/#breadcrumb\"},\"inLanguage\":\"pt-PT\",\"potentialAction\":[{\"@type\":\"ReadAction\",\"target\":[\"https:\\\/\\\/favorite-news.com\\\/pt\\\/llyc-conclui-aumento-de-capital-meios-publicidade\\\/\"]}]},{\"@type\":\"ImageObject\",\"inLanguage\":\"pt-PT\",\"@id\":\"https:\\\/\\\/favorite-news.com\\\/pt\\\/llyc-conclui-aumento-de-capital-meios-publicidade\\\/#primaryimage\",\"url\":\"https:\\\/\\\/favorite-news.com\\\/pt\\\/wp-content\\\/uploads\\\/sites\\\/2\\\/2021\\\/06\\\/LLYC-quer-captar-10-milhoes-para-duplicar-dimensao-em-cinco.jpg\",\"contentUrl\":\"https:\\\/\\\/favorite-news.com\\\/pt\\\/wp-content\\\/uploads\\\/sites\\\/2\\\/2021\\\/06\\\/LLYC-quer-captar-10-milhoes-para-duplicar-dimensao-em-cinco.jpg\",\"width\":1920,\"height\":1280,\"caption\":\"LLYC quer captar 10 milh\u00f5es para duplicar dimens\u00e3o em cinco anos - Meios & Publicidade\"},{\"@type\":\"BreadcrumbList\",\"@id\":\"https:\\\/\\\/favorite-news.com\\\/pt\\\/llyc-conclui-aumento-de-capital-meios-publicidade\\\/#breadcrumb\",\"itemListElement\":[{\"@type\":\"ListItem\",\"position\":1,\"name\":\"Home\",\"item\":\"https:\\\/\\\/favorite-news.com\\\/pt\\\/\"},{\"@type\":\"ListItem\",\"position\":2,\"name\":\"LLYC conclui aumento de capital &#8211; Meios &#038; Publicidade\"}]},{\"@type\":\"WebSite\",\"@id\":\"https:\\\/\\\/favorite-news.com\\\/pt\\\/#website\",\"url\":\"https:\\\/\\\/favorite-news.com\\\/pt\\\/\",\"name\":\"Favorite News\",\"description\":\"Favorite News Portugal\",\"potentialAction\":[{\"@type\":\"SearchAction\",\"target\":{\"@type\":\"EntryPoint\",\"urlTemplate\":\"https:\\\/\\\/favorite-news.com\\\/pt\\\/?s={search_term_string}\"},\"query-input\":{\"@type\":\"PropertyValueSpecification\",\"valueRequired\":true,\"valueName\":\"search_term_string\"}}],\"inLanguage\":\"pt-PT\"},{\"@type\":\"Person\",\"@id\":\"https:\\\/\\\/favorite-news.com\\\/pt\\\/#\\\/schema\\\/person\\\/b91573b717dcfa5e4696032a9d28d3e8\",\"name\":\"favorite-news\",\"image\":{\"@type\":\"ImageObject\",\"inLanguage\":\"pt-PT\",\"@id\":\"https:\\\/\\\/secure.gravatar.com\\\/avatar\\\/6c5a5cb12b74e9d517ee91cf570335b7d16177f1977cc91db161adfa435945a7?s=96&d=mm&r=g\",\"url\":\"https:\\\/\\\/secure.gravatar.com\\\/avatar\\\/6c5a5cb12b74e9d517ee91cf570335b7d16177f1977cc91db161adfa435945a7?s=96&d=mm&r=g\",\"contentUrl\":\"https:\\\/\\\/secure.gravatar.com\\\/avatar\\\/6c5a5cb12b74e9d517ee91cf570335b7d16177f1977cc91db161adfa435945a7?s=96&d=mm&r=g\",\"caption\":\"favorite-news\"},\"url\":\"https:\\\/\\\/favorite-news.com\\\/pt\\\/author\\\/pt\\\/\"}]}<\/script>\n<!-- \/ Yoast SEO plugin. -->","yoast_head_json":{"title":"LLYC conclui aumento de capital - Meios & Publicidade - Favorite News","robots":{"index":"index","follow":"follow","max-snippet":"max-snippet:-1","max-image-preview":"max-image-preview:large","max-video-preview":"max-video-preview:-1"},"canonical":"https:\/\/favorite-news.com\/pt\/llyc-conclui-aumento-de-capital-meios-publicidade\/","og_locale":"pt_PT","og_type":"article","og_title":"LLYC conclui aumento de capital - Meios & Publicidade - Favorite News","og_description":"Por Meios &amp; Publicidade a 14 de Julho de 2021 Jos\u00e9 Antonio LLorente (LLYC) A consultora de comunica\u00e7\u00e3o LLYC anunciou que encerrou o aumento de capital que realizou antes da sua estreia no BME Growth, prevista para a segunda quinzena de Julho. As ofertas de subscri\u00e7\u00e3o lan\u00e7adas pela LLYC pretendiam captar um m\u00e1ximo de 10 [&hellip;]","og_url":"https:\/\/favorite-news.com\/pt\/llyc-conclui-aumento-de-capital-meios-publicidade\/","og_site_name":"Favorite News","article_published_time":"2021-07-14T17:31:45+00:00","article_modified_time":"2021-07-14T17:31:46+00:00","og_image":[{"width":1920,"height":1280,"url":"https:\/\/favorite-news.com\/pt\/wp-content\/uploads\/sites\/2\/2021\/06\/LLYC-quer-captar-10-milhoes-para-duplicar-dimensao-em-cinco.jpg","type":"image\/jpeg"}],"author":"favorite-news","twitter_card":"summary_large_image","twitter_misc":{"Escrito por":"favorite-news","Tempo estimado de leitura":"1 minuto"},"schema":{"@context":"https:\/\/schema.org","@graph":[{"@type":"Article","@id":"https:\/\/favorite-news.com\/pt\/llyc-conclui-aumento-de-capital-meios-publicidade\/#article","isPartOf":{"@id":"https:\/\/favorite-news.com\/pt\/llyc-conclui-aumento-de-capital-meios-publicidade\/"},"author":{"name":"favorite-news","@id":"https:\/\/favorite-news.com\/pt\/#\/schema\/person\/b91573b717dcfa5e4696032a9d28d3e8"},"headline":"LLYC conclui aumento de capital &#8211; Meios &#038; Publicidade","datePublished":"2021-07-14T17:31:45+00:00","dateModified":"2021-07-14T17:31:46+00:00","mainEntityOfPage":{"@id":"https:\/\/favorite-news.com\/pt\/llyc-conclui-aumento-de-capital-meios-publicidade\/"},"wordCount":207,"commentCount":0,"image":{"@id":"https:\/\/favorite-news.com\/pt\/llyc-conclui-aumento-de-capital-meios-publicidade\/#primaryimage"},"thumbnailUrl":"https:\/\/favorite-news.com\/pt\/wp-content\/uploads\/sites\/2\/2021\/06\/LLYC-quer-captar-10-milhoes-para-duplicar-dimensao-em-cinco.jpg","articleSection":["NOT\u00cdCIAS DE MARKETING NA INTERNET"],"inLanguage":"pt-PT","potentialAction":[{"@type":"CommentAction","name":"Comment","target":["https:\/\/favorite-news.com\/pt\/llyc-conclui-aumento-de-capital-meios-publicidade\/#respond"]}]},{"@type":"WebPage","@id":"https:\/\/favorite-news.com\/pt\/llyc-conclui-aumento-de-capital-meios-publicidade\/","url":"https:\/\/favorite-news.com\/pt\/llyc-conclui-aumento-de-capital-meios-publicidade\/","name":"LLYC conclui aumento de capital - Meios & Publicidade - Favorite News","isPartOf":{"@id":"https:\/\/favorite-news.com\/pt\/#website"},"primaryImageOfPage":{"@id":"https:\/\/favorite-news.com\/pt\/llyc-conclui-aumento-de-capital-meios-publicidade\/#primaryimage"},"image":{"@id":"https:\/\/favorite-news.com\/pt\/llyc-conclui-aumento-de-capital-meios-publicidade\/#primaryimage"},"thumbnailUrl":"https:\/\/favorite-news.com\/pt\/wp-content\/uploads\/sites\/2\/2021\/06\/LLYC-quer-captar-10-milhoes-para-duplicar-dimensao-em-cinco.jpg","datePublished":"2021-07-14T17:31:45+00:00","dateModified":"2021-07-14T17:31:46+00:00","author":{"@id":"https:\/\/favorite-news.com\/pt\/#\/schema\/person\/b91573b717dcfa5e4696032a9d28d3e8"},"breadcrumb":{"@id":"https:\/\/favorite-news.com\/pt\/llyc-conclui-aumento-de-capital-meios-publicidade\/#breadcrumb"},"inLanguage":"pt-PT","potentialAction":[{"@type":"ReadAction","target":["https:\/\/favorite-news.com\/pt\/llyc-conclui-aumento-de-capital-meios-publicidade\/"]}]},{"@type":"ImageObject","inLanguage":"pt-PT","@id":"https:\/\/favorite-news.com\/pt\/llyc-conclui-aumento-de-capital-meios-publicidade\/#primaryimage","url":"https:\/\/favorite-news.com\/pt\/wp-content\/uploads\/sites\/2\/2021\/06\/LLYC-quer-captar-10-milhoes-para-duplicar-dimensao-em-cinco.jpg","contentUrl":"https:\/\/favorite-news.com\/pt\/wp-content\/uploads\/sites\/2\/2021\/06\/LLYC-quer-captar-10-milhoes-para-duplicar-dimensao-em-cinco.jpg","width":1920,"height":1280,"caption":"LLYC quer captar 10 milh\u00f5es para duplicar dimens\u00e3o em cinco anos - Meios & Publicidade"},{"@type":"BreadcrumbList","@id":"https:\/\/favorite-news.com\/pt\/llyc-conclui-aumento-de-capital-meios-publicidade\/#breadcrumb","itemListElement":[{"@type":"ListItem","position":1,"name":"Home","item":"https:\/\/favorite-news.com\/pt\/"},{"@type":"ListItem","position":2,"name":"LLYC conclui aumento de capital &#8211; Meios &#038; Publicidade"}]},{"@type":"WebSite","@id":"https:\/\/favorite-news.com\/pt\/#website","url":"https:\/\/favorite-news.com\/pt\/","name":"Favorite News","description":"Favorite News Portugal","potentialAction":[{"@type":"SearchAction","target":{"@type":"EntryPoint","urlTemplate":"https:\/\/favorite-news.com\/pt\/?s={search_term_string}"},"query-input":{"@type":"PropertyValueSpecification","valueRequired":true,"valueName":"search_term_string"}}],"inLanguage":"pt-PT"},{"@type":"Person","@id":"https:\/\/favorite-news.com\/pt\/#\/schema\/person\/b91573b717dcfa5e4696032a9d28d3e8","name":"favorite-news","image":{"@type":"ImageObject","inLanguage":"pt-PT","@id":"https:\/\/secure.gravatar.com\/avatar\/6c5a5cb12b74e9d517ee91cf570335b7d16177f1977cc91db161adfa435945a7?s=96&d=mm&r=g","url":"https:\/\/secure.gravatar.com\/avatar\/6c5a5cb12b74e9d517ee91cf570335b7d16177f1977cc91db161adfa435945a7?s=96&d=mm&r=g","contentUrl":"https:\/\/secure.gravatar.com\/avatar\/6c5a5cb12b74e9d517ee91cf570335b7d16177f1977cc91db161adfa435945a7?s=96&d=mm&r=g","caption":"favorite-news"},"url":"https:\/\/favorite-news.com\/pt\/author\/pt\/"}]}},"_links":{"self":[{"href":"https:\/\/favorite-news.com\/pt\/wp-json\/wp\/v2\/posts\/10766","targetHints":{"allow":["GET"]}}],"collection":[{"href":"https:\/\/favorite-news.com\/pt\/wp-json\/wp\/v2\/posts"}],"about":[{"href":"https:\/\/favorite-news.com\/pt\/wp-json\/wp\/v2\/types\/post"}],"author":[{"embeddable":true,"href":"https:\/\/favorite-news.com\/pt\/wp-json\/wp\/v2\/users\/2"}],"replies":[{"embeddable":true,"href":"https:\/\/favorite-news.com\/pt\/wp-json\/wp\/v2\/comments?post=10766"}],"version-history":[{"count":1,"href":"https:\/\/favorite-news.com\/pt\/wp-json\/wp\/v2\/posts\/10766\/revisions"}],"predecessor-version":[{"id":10767,"href":"https:\/\/favorite-news.com\/pt\/wp-json\/wp\/v2\/posts\/10766\/revisions\/10767"}],"wp:featuredmedia":[{"embeddable":true,"href":"https:\/\/favorite-news.com\/pt\/wp-json\/wp\/v2\/media\/10536"}],"wp:attachment":[{"href":"https:\/\/favorite-news.com\/pt\/wp-json\/wp\/v2\/media?parent=10766"}],"wp:term":[{"taxonomy":"category","embeddable":true,"href":"https:\/\/favorite-news.com\/pt\/wp-json\/wp\/v2\/categories?post=10766"},{"taxonomy":"post_tag","embeddable":true,"href":"https:\/\/favorite-news.com\/pt\/wp-json\/wp\/v2\/tags?post=10766"}],"curies":[{"name":"wp","href":"https:\/\/api.w.org\/{rel}","templated":true}]}}