{"id":10763,"date":"2021-07-14T11:47:50","date_gmt":"2021-07-14T08:47:50","guid":{"rendered":"https:\/\/favorite-news.com\/pt\/empresas-do-setor-da-agua-apresentam-queixa-contra-o-estado-portugues\/"},"modified":"2021-07-14T11:47:53","modified_gmt":"2021-07-14T08:47:53","slug":"empresas-do-setor-da-agua-apresentam-queixa-contra-o-estado-portugues","status":"publish","type":"post","link":"https:\/\/favorite-news.com\/pt\/empresas-do-setor-da-agua-apresentam-queixa-contra-o-estado-portugues\/","title":{"rendered":"Empresas do setor da \u00e1gua apresentam queixa contra o Estado portugu\u00eas"},"content":{"rendered":"<p>danielfoster \/ Flickr<br \/>\nA Associa\u00e7\u00e3o das Empresas Portuguesas para o Sector do Ambiente (AEPSA) apresentou uma den\u00fancia \u00e0 Comiss\u00e3o Europeia, por considerar que o Estado est\u00e1 a violar as regras da concorr\u00eancia no setor da \u00e1gua, foi anunciado esta ter\u00e7a-feira.<\/p>\n<p>\u201cA associa\u00e7\u00e3o refletiu ponderadamente e decidiu recorrer ao mecanismo de den\u00fancia \u00e0 Comiss\u00e3o Europeia, solicitando que seja analisada a atual situa\u00e7\u00e3o do setor das \u00e1guas, em Portugal\u201d, informou a AEPSA, em comunicado.<br \/>\nPara a associa\u00e7\u00e3o, \u201co Estado est\u00e1 a violar regras da concorr\u00eancia, ao condicionar a atividade dos operadores privados, que apresentam melhores n\u00edveis de desempenho e praticam tarifas mais competitivas, ao mesmo tempo que subsidia entidades p\u00fablicas ineficientes com ajudas de Estado\u201d, explicou, referindo-se \u00e0 atua\u00e7\u00e3o do Estado portugu\u00eas no setor das \u00e1guas.<br \/>\nEm confer\u00eancia de imprensa online, o presidente da AEPSA, Eduardo Marques, explicou que a associa\u00e7\u00e3o fez v\u00e1rias tentativas junto do Governo, do parlamento e de entidades municipais para que o seu ponto de vista fosse tido em considera\u00e7\u00e3o, mas sem sucesso.<\/p>\n<p>O respons\u00e1vel adiantou que a den\u00fancia foi submetida a Bruxelas na segunda-feira.<br \/>\nSegundo a AEPSA, t\u00eam vindo a ser implementadas \u201cmedidas e orienta\u00e7\u00f5es que comprometem a atividade das empresas privadas concession\u00e1rias do setor nacional da \u00e1gua\u201d, com efeitos prejudiciais na sustentabilidade ambiental e na qualidade do servi\u00e7o prestado aos portugueses.<br \/>\nConforme explicou Eduardo Marques, o objetivo da AEPSA \u00e9 que o setor usufrua de \u201cregras de mercado livre\u201d, \u201cde mercado concorrencial, sem constrangimentos artificias ou bloqueios legislativos\u201d.<br \/>\nNa den\u00fancia \u00e0 CE, a associa\u00e7\u00e3o aponta um conjunto de raz\u00f5es que fundamentam a sua decis\u00e3o, como as \u201cajudas de Estado ileg\u00edtimas a entidades p\u00fablicas no setor da \u00e1gua em Portugal\u201d, referindo-se \u00e0 utiliza\u00e7\u00e3o do Fundo Ambiental para favorecimento de entidades do grupo \u00c1guas de Portugal (AdP), como a atribui\u00e7\u00e3o recente de 50 milh\u00f5es de euros \u00e0 \u00c1guas do Norte, e a subsidia\u00e7\u00e3o das tarifas de entidades p\u00fablicas atrav\u00e9s dos or\u00e7amentos municipais.<br \/>\nS\u00e3o ainda apontadas medidas como a limita\u00e7\u00e3o de acesso das entidades privadas ao mercado.<br \/>\nA AEPSA sublinhou que Portugal tem um n\u00edvel tarif\u00e1rio baixo que causa insustentabilidade no setor da \u00e1gua e que, no caso das entidades p\u00fablicas, tem de ser compensado atrav\u00e9s de subsidia\u00e7\u00e3o, violando o princ\u00edpio do utilizador-pagador e afetando a concorr\u00eancia.<br \/>\nEm Portugal, as tarifas da \u00e1gua rondam os dois euros por metro c\u00fabico, sendo que a m\u00e9dia europeia \u00e9 de 3,5 a quatro euros.<\/p>\n<p>\u00a0<\/p>\n<p>\n<!--noindex--><br \/>\n<a href=\"https:\/\/zap.aeiou.pt\/empresas-setor-agua-queixa-estado-417009\" rel=\"nofollow\">Source link <\/a><br \/>\n<!--\/noindex--><\/p>\n","protected":false},"excerpt":{"rendered":"<p>danielfoster \/ Flickr A Associa\u00e7\u00e3o das Empresas Portuguesas para o Sector do Ambiente (AEPSA) apresentou uma den\u00fancia \u00e0 Comiss\u00e3o Europeia, por considerar que o Estado est\u00e1 a violar as regras da concorr\u00eancia no setor da \u00e1gua, foi anunciado esta ter\u00e7a-feira. \u201cA associa\u00e7\u00e3o refletiu ponderadamente e decidiu recorrer ao mecanismo de den\u00fancia \u00e0 Comiss\u00e3o Europeia, solicitando [&hellip;]<\/p>\n","protected":false},"author":2,"featured_media":10764,"comment_status":"open","ping_status":"open","sticky":false,"template":"","format":"standard","meta":{"footnotes":""},"categories":[1],"tags":[],"class_list":["post-10763","post","type-post","status-publish","format-standard","has-post-thumbnail","hentry","category-noticias-financeiras"],"yoast_head":"<!-- This site is optimized with the Yoast SEO plugin v27.4 - https:\/\/yoast.com\/product\/yoast-seo-wordpress\/ -->\n<title>Empresas do setor da \u00e1gua apresentam queixa contra o Estado portugu\u00eas - Favorite News<\/title>\n<meta name=\"robots\" content=\"index, follow, max-snippet:-1, max-image-preview:large, max-video-preview:-1\" \/>\n<link rel=\"canonical\" href=\"https:\/\/favorite-news.com\/pt\/empresas-do-setor-da-agua-apresentam-queixa-contra-o-estado-portugues\/\" \/>\n<meta property=\"og:locale\" content=\"pt_PT\" \/>\n<meta property=\"og:type\" content=\"article\" \/>\n<meta property=\"og:title\" content=\"Empresas do setor da \u00e1gua apresentam queixa contra o Estado portugu\u00eas - Favorite News\" \/>\n<meta property=\"og:description\" content=\"danielfoster \/ Flickr A Associa\u00e7\u00e3o das Empresas Portuguesas para o Sector do Ambiente (AEPSA) apresentou uma den\u00fancia \u00e0 Comiss\u00e3o Europeia, por considerar que o Estado est\u00e1 a violar as regras da concorr\u00eancia no setor da \u00e1gua, foi anunciado esta ter\u00e7a-feira. \u201cA associa\u00e7\u00e3o refletiu ponderadamente e decidiu recorrer ao mecanismo de den\u00fancia \u00e0 Comiss\u00e3o Europeia, solicitando [&hellip;]\" \/>\n<meta property=\"og:url\" content=\"https:\/\/favorite-news.com\/pt\/empresas-do-setor-da-agua-apresentam-queixa-contra-o-estado-portugues\/\" \/>\n<meta property=\"og:site_name\" content=\"Favorite News\" \/>\n<meta property=\"article:published_time\" content=\"2021-07-14T08:47:50+00:00\" \/>\n<meta property=\"article:modified_time\" content=\"2021-07-14T08:47:53+00:00\" \/>\n<meta property=\"og:image\" content=\"https:\/\/favorite-news.com\/pt\/wp-content\/uploads\/sites\/2\/2021\/07\/Empresas-do-setor-da-agua-apresentam-queixa-contra-o-Estado.jpg\" \/>\n\t<meta property=\"og:image:width\" content=\"1024\" \/>\n\t<meta property=\"og:image:height\" content=\"683\" \/>\n\t<meta property=\"og:image:type\" content=\"image\/jpeg\" \/>\n<meta name=\"author\" content=\"favorite-news\" \/>\n<meta name=\"twitter:card\" content=\"summary_large_image\" \/>\n<meta name=\"twitter:label1\" content=\"Escrito por\" \/>\n\t<meta name=\"twitter:data1\" content=\"favorite-news\" \/>\n\t<meta name=\"twitter:label2\" content=\"Tempo estimado de leitura\" \/>\n\t<meta name=\"twitter:data2\" content=\"2 minutos\" \/>\n<script type=\"application\/ld+json\" class=\"yoast-schema-graph\">{\"@context\":\"https:\\\/\\\/schema.org\",\"@graph\":[{\"@type\":\"Article\",\"@id\":\"https:\\\/\\\/favorite-news.com\\\/pt\\\/empresas-do-setor-da-agua-apresentam-queixa-contra-o-estado-portugues\\\/#article\",\"isPartOf\":{\"@id\":\"https:\\\/\\\/favorite-news.com\\\/pt\\\/empresas-do-setor-da-agua-apresentam-queixa-contra-o-estado-portugues\\\/\"},\"author\":{\"name\":\"favorite-news\",\"@id\":\"https:\\\/\\\/favorite-news.com\\\/pt\\\/#\\\/schema\\\/person\\\/b91573b717dcfa5e4696032a9d28d3e8\"},\"headline\":\"Empresas do setor da \u00e1gua apresentam queixa contra o Estado portugu\u00eas\",\"datePublished\":\"2021-07-14T08:47:50+00:00\",\"dateModified\":\"2021-07-14T08:47:53+00:00\",\"mainEntityOfPage\":{\"@id\":\"https:\\\/\\\/favorite-news.com\\\/pt\\\/empresas-do-setor-da-agua-apresentam-queixa-contra-o-estado-portugues\\\/\"},\"wordCount\":444,\"commentCount\":0,\"image\":{\"@id\":\"https:\\\/\\\/favorite-news.com\\\/pt\\\/empresas-do-setor-da-agua-apresentam-queixa-contra-o-estado-portugues\\\/#primaryimage\"},\"thumbnailUrl\":\"https:\\\/\\\/favorite-news.com\\\/pt\\\/wp-content\\\/uploads\\\/sites\\\/2\\\/2021\\\/07\\\/Empresas-do-setor-da-agua-apresentam-queixa-contra-o-Estado.jpg\",\"articleSection\":[\"NOT\u00cdCIAS FINANCEIRAS\"],\"inLanguage\":\"pt-PT\",\"potentialAction\":[{\"@type\":\"CommentAction\",\"name\":\"Comment\",\"target\":[\"https:\\\/\\\/favorite-news.com\\\/pt\\\/empresas-do-setor-da-agua-apresentam-queixa-contra-o-estado-portugues\\\/#respond\"]}]},{\"@type\":\"WebPage\",\"@id\":\"https:\\\/\\\/favorite-news.com\\\/pt\\\/empresas-do-setor-da-agua-apresentam-queixa-contra-o-estado-portugues\\\/\",\"url\":\"https:\\\/\\\/favorite-news.com\\\/pt\\\/empresas-do-setor-da-agua-apresentam-queixa-contra-o-estado-portugues\\\/\",\"name\":\"Empresas do setor da \u00e1gua apresentam queixa contra o Estado portugu\u00eas - Favorite News\",\"isPartOf\":{\"@id\":\"https:\\\/\\\/favorite-news.com\\\/pt\\\/#website\"},\"primaryImageOfPage\":{\"@id\":\"https:\\\/\\\/favorite-news.com\\\/pt\\\/empresas-do-setor-da-agua-apresentam-queixa-contra-o-estado-portugues\\\/#primaryimage\"},\"image\":{\"@id\":\"https:\\\/\\\/favorite-news.com\\\/pt\\\/empresas-do-setor-da-agua-apresentam-queixa-contra-o-estado-portugues\\\/#primaryimage\"},\"thumbnailUrl\":\"https:\\\/\\\/favorite-news.com\\\/pt\\\/wp-content\\\/uploads\\\/sites\\\/2\\\/2021\\\/07\\\/Empresas-do-setor-da-agua-apresentam-queixa-contra-o-Estado.jpg\",\"datePublished\":\"2021-07-14T08:47:50+00:00\",\"dateModified\":\"2021-07-14T08:47:53+00:00\",\"author\":{\"@id\":\"https:\\\/\\\/favorite-news.com\\\/pt\\\/#\\\/schema\\\/person\\\/b91573b717dcfa5e4696032a9d28d3e8\"},\"breadcrumb\":{\"@id\":\"https:\\\/\\\/favorite-news.com\\\/pt\\\/empresas-do-setor-da-agua-apresentam-queixa-contra-o-estado-portugues\\\/#breadcrumb\"},\"inLanguage\":\"pt-PT\",\"potentialAction\":[{\"@type\":\"ReadAction\",\"target\":[\"https:\\\/\\\/favorite-news.com\\\/pt\\\/empresas-do-setor-da-agua-apresentam-queixa-contra-o-estado-portugues\\\/\"]}]},{\"@type\":\"ImageObject\",\"inLanguage\":\"pt-PT\",\"@id\":\"https:\\\/\\\/favorite-news.com\\\/pt\\\/empresas-do-setor-da-agua-apresentam-queixa-contra-o-estado-portugues\\\/#primaryimage\",\"url\":\"https:\\\/\\\/favorite-news.com\\\/pt\\\/wp-content\\\/uploads\\\/sites\\\/2\\\/2021\\\/07\\\/Empresas-do-setor-da-agua-apresentam-queixa-contra-o-Estado.jpg\",\"contentUrl\":\"https:\\\/\\\/favorite-news.com\\\/pt\\\/wp-content\\\/uploads\\\/sites\\\/2\\\/2021\\\/07\\\/Empresas-do-setor-da-agua-apresentam-queixa-contra-o-Estado.jpg\",\"width\":1024,\"height\":683,\"caption\":\"Empresas do setor da \u00e1gua apresentam queixa contra o Estado portugu\u00eas\"},{\"@type\":\"BreadcrumbList\",\"@id\":\"https:\\\/\\\/favorite-news.com\\\/pt\\\/empresas-do-setor-da-agua-apresentam-queixa-contra-o-estado-portugues\\\/#breadcrumb\",\"itemListElement\":[{\"@type\":\"ListItem\",\"position\":1,\"name\":\"Home\",\"item\":\"https:\\\/\\\/favorite-news.com\\\/pt\\\/\"},{\"@type\":\"ListItem\",\"position\":2,\"name\":\"Empresas do setor da \u00e1gua apresentam queixa contra o Estado portugu\u00eas\"}]},{\"@type\":\"WebSite\",\"@id\":\"https:\\\/\\\/favorite-news.com\\\/pt\\\/#website\",\"url\":\"https:\\\/\\\/favorite-news.com\\\/pt\\\/\",\"name\":\"Favorite News\",\"description\":\"Favorite News Portugal\",\"potentialAction\":[{\"@type\":\"SearchAction\",\"target\":{\"@type\":\"EntryPoint\",\"urlTemplate\":\"https:\\\/\\\/favorite-news.com\\\/pt\\\/?s={search_term_string}\"},\"query-input\":{\"@type\":\"PropertyValueSpecification\",\"valueRequired\":true,\"valueName\":\"search_term_string\"}}],\"inLanguage\":\"pt-PT\"},{\"@type\":\"Person\",\"@id\":\"https:\\\/\\\/favorite-news.com\\\/pt\\\/#\\\/schema\\\/person\\\/b91573b717dcfa5e4696032a9d28d3e8\",\"name\":\"favorite-news\",\"image\":{\"@type\":\"ImageObject\",\"inLanguage\":\"pt-PT\",\"@id\":\"https:\\\/\\\/secure.gravatar.com\\\/avatar\\\/6c5a5cb12b74e9d517ee91cf570335b7d16177f1977cc91db161adfa435945a7?s=96&d=mm&r=g\",\"url\":\"https:\\\/\\\/secure.gravatar.com\\\/avatar\\\/6c5a5cb12b74e9d517ee91cf570335b7d16177f1977cc91db161adfa435945a7?s=96&d=mm&r=g\",\"contentUrl\":\"https:\\\/\\\/secure.gravatar.com\\\/avatar\\\/6c5a5cb12b74e9d517ee91cf570335b7d16177f1977cc91db161adfa435945a7?s=96&d=mm&r=g\",\"caption\":\"favorite-news\"},\"url\":\"https:\\\/\\\/favorite-news.com\\\/pt\\\/author\\\/pt\\\/\"}]}<\/script>\n<!-- \/ Yoast SEO plugin. -->","yoast_head_json":{"title":"Empresas do setor da \u00e1gua apresentam queixa contra o Estado portugu\u00eas - Favorite News","robots":{"index":"index","follow":"follow","max-snippet":"max-snippet:-1","max-image-preview":"max-image-preview:large","max-video-preview":"max-video-preview:-1"},"canonical":"https:\/\/favorite-news.com\/pt\/empresas-do-setor-da-agua-apresentam-queixa-contra-o-estado-portugues\/","og_locale":"pt_PT","og_type":"article","og_title":"Empresas do setor da \u00e1gua apresentam queixa contra o Estado portugu\u00eas - Favorite News","og_description":"danielfoster \/ Flickr A Associa\u00e7\u00e3o das Empresas Portuguesas para o Sector do Ambiente (AEPSA) apresentou uma den\u00fancia \u00e0 Comiss\u00e3o Europeia, por considerar que o Estado est\u00e1 a violar as regras da concorr\u00eancia no setor da \u00e1gua, foi anunciado esta ter\u00e7a-feira. \u201cA associa\u00e7\u00e3o refletiu ponderadamente e decidiu recorrer ao mecanismo de den\u00fancia \u00e0 Comiss\u00e3o Europeia, solicitando [&hellip;]","og_url":"https:\/\/favorite-news.com\/pt\/empresas-do-setor-da-agua-apresentam-queixa-contra-o-estado-portugues\/","og_site_name":"Favorite News","article_published_time":"2021-07-14T08:47:50+00:00","article_modified_time":"2021-07-14T08:47:53+00:00","og_image":[{"width":1024,"height":683,"url":"https:\/\/favorite-news.com\/pt\/wp-content\/uploads\/sites\/2\/2021\/07\/Empresas-do-setor-da-agua-apresentam-queixa-contra-o-Estado.jpg","type":"image\/jpeg"}],"author":"favorite-news","twitter_card":"summary_large_image","twitter_misc":{"Escrito por":"favorite-news","Tempo estimado de leitura":"2 minutos"},"schema":{"@context":"https:\/\/schema.org","@graph":[{"@type":"Article","@id":"https:\/\/favorite-news.com\/pt\/empresas-do-setor-da-agua-apresentam-queixa-contra-o-estado-portugues\/#article","isPartOf":{"@id":"https:\/\/favorite-news.com\/pt\/empresas-do-setor-da-agua-apresentam-queixa-contra-o-estado-portugues\/"},"author":{"name":"favorite-news","@id":"https:\/\/favorite-news.com\/pt\/#\/schema\/person\/b91573b717dcfa5e4696032a9d28d3e8"},"headline":"Empresas do setor da \u00e1gua apresentam queixa contra o Estado portugu\u00eas","datePublished":"2021-07-14T08:47:50+00:00","dateModified":"2021-07-14T08:47:53+00:00","mainEntityOfPage":{"@id":"https:\/\/favorite-news.com\/pt\/empresas-do-setor-da-agua-apresentam-queixa-contra-o-estado-portugues\/"},"wordCount":444,"commentCount":0,"image":{"@id":"https:\/\/favorite-news.com\/pt\/empresas-do-setor-da-agua-apresentam-queixa-contra-o-estado-portugues\/#primaryimage"},"thumbnailUrl":"https:\/\/favorite-news.com\/pt\/wp-content\/uploads\/sites\/2\/2021\/07\/Empresas-do-setor-da-agua-apresentam-queixa-contra-o-Estado.jpg","articleSection":["NOT\u00cdCIAS FINANCEIRAS"],"inLanguage":"pt-PT","potentialAction":[{"@type":"CommentAction","name":"Comment","target":["https:\/\/favorite-news.com\/pt\/empresas-do-setor-da-agua-apresentam-queixa-contra-o-estado-portugues\/#respond"]}]},{"@type":"WebPage","@id":"https:\/\/favorite-news.com\/pt\/empresas-do-setor-da-agua-apresentam-queixa-contra-o-estado-portugues\/","url":"https:\/\/favorite-news.com\/pt\/empresas-do-setor-da-agua-apresentam-queixa-contra-o-estado-portugues\/","name":"Empresas do setor da \u00e1gua apresentam queixa contra o Estado portugu\u00eas - Favorite News","isPartOf":{"@id":"https:\/\/favorite-news.com\/pt\/#website"},"primaryImageOfPage":{"@id":"https:\/\/favorite-news.com\/pt\/empresas-do-setor-da-agua-apresentam-queixa-contra-o-estado-portugues\/#primaryimage"},"image":{"@id":"https:\/\/favorite-news.com\/pt\/empresas-do-setor-da-agua-apresentam-queixa-contra-o-estado-portugues\/#primaryimage"},"thumbnailUrl":"https:\/\/favorite-news.com\/pt\/wp-content\/uploads\/sites\/2\/2021\/07\/Empresas-do-setor-da-agua-apresentam-queixa-contra-o-Estado.jpg","datePublished":"2021-07-14T08:47:50+00:00","dateModified":"2021-07-14T08:47:53+00:00","author":{"@id":"https:\/\/favorite-news.com\/pt\/#\/schema\/person\/b91573b717dcfa5e4696032a9d28d3e8"},"breadcrumb":{"@id":"https:\/\/favorite-news.com\/pt\/empresas-do-setor-da-agua-apresentam-queixa-contra-o-estado-portugues\/#breadcrumb"},"inLanguage":"pt-PT","potentialAction":[{"@type":"ReadAction","target":["https:\/\/favorite-news.com\/pt\/empresas-do-setor-da-agua-apresentam-queixa-contra-o-estado-portugues\/"]}]},{"@type":"ImageObject","inLanguage":"pt-PT","@id":"https:\/\/favorite-news.com\/pt\/empresas-do-setor-da-agua-apresentam-queixa-contra-o-estado-portugues\/#primaryimage","url":"https:\/\/favorite-news.com\/pt\/wp-content\/uploads\/sites\/2\/2021\/07\/Empresas-do-setor-da-agua-apresentam-queixa-contra-o-Estado.jpg","contentUrl":"https:\/\/favorite-news.com\/pt\/wp-content\/uploads\/sites\/2\/2021\/07\/Empresas-do-setor-da-agua-apresentam-queixa-contra-o-Estado.jpg","width":1024,"height":683,"caption":"Empresas do setor da \u00e1gua apresentam queixa contra o Estado portugu\u00eas"},{"@type":"BreadcrumbList","@id":"https:\/\/favorite-news.com\/pt\/empresas-do-setor-da-agua-apresentam-queixa-contra-o-estado-portugues\/#breadcrumb","itemListElement":[{"@type":"ListItem","position":1,"name":"Home","item":"https:\/\/favorite-news.com\/pt\/"},{"@type":"ListItem","position":2,"name":"Empresas do setor da \u00e1gua apresentam queixa contra o Estado portugu\u00eas"}]},{"@type":"WebSite","@id":"https:\/\/favorite-news.com\/pt\/#website","url":"https:\/\/favorite-news.com\/pt\/","name":"Favorite News","description":"Favorite News Portugal","potentialAction":[{"@type":"SearchAction","target":{"@type":"EntryPoint","urlTemplate":"https:\/\/favorite-news.com\/pt\/?s={search_term_string}"},"query-input":{"@type":"PropertyValueSpecification","valueRequired":true,"valueName":"search_term_string"}}],"inLanguage":"pt-PT"},{"@type":"Person","@id":"https:\/\/favorite-news.com\/pt\/#\/schema\/person\/b91573b717dcfa5e4696032a9d28d3e8","name":"favorite-news","image":{"@type":"ImageObject","inLanguage":"pt-PT","@id":"https:\/\/secure.gravatar.com\/avatar\/6c5a5cb12b74e9d517ee91cf570335b7d16177f1977cc91db161adfa435945a7?s=96&d=mm&r=g","url":"https:\/\/secure.gravatar.com\/avatar\/6c5a5cb12b74e9d517ee91cf570335b7d16177f1977cc91db161adfa435945a7?s=96&d=mm&r=g","contentUrl":"https:\/\/secure.gravatar.com\/avatar\/6c5a5cb12b74e9d517ee91cf570335b7d16177f1977cc91db161adfa435945a7?s=96&d=mm&r=g","caption":"favorite-news"},"url":"https:\/\/favorite-news.com\/pt\/author\/pt\/"}]}},"_links":{"self":[{"href":"https:\/\/favorite-news.com\/pt\/wp-json\/wp\/v2\/posts\/10763","targetHints":{"allow":["GET"]}}],"collection":[{"href":"https:\/\/favorite-news.com\/pt\/wp-json\/wp\/v2\/posts"}],"about":[{"href":"https:\/\/favorite-news.com\/pt\/wp-json\/wp\/v2\/types\/post"}],"author":[{"embeddable":true,"href":"https:\/\/favorite-news.com\/pt\/wp-json\/wp\/v2\/users\/2"}],"replies":[{"embeddable":true,"href":"https:\/\/favorite-news.com\/pt\/wp-json\/wp\/v2\/comments?post=10763"}],"version-history":[{"count":1,"href":"https:\/\/favorite-news.com\/pt\/wp-json\/wp\/v2\/posts\/10763\/revisions"}],"predecessor-version":[{"id":10765,"href":"https:\/\/favorite-news.com\/pt\/wp-json\/wp\/v2\/posts\/10763\/revisions\/10765"}],"wp:featuredmedia":[{"embeddable":true,"href":"https:\/\/favorite-news.com\/pt\/wp-json\/wp\/v2\/media\/10764"}],"wp:attachment":[{"href":"https:\/\/favorite-news.com\/pt\/wp-json\/wp\/v2\/media?parent=10763"}],"wp:term":[{"taxonomy":"category","embeddable":true,"href":"https:\/\/favorite-news.com\/pt\/wp-json\/wp\/v2\/categories?post=10763"},{"taxonomy":"post_tag","embeddable":true,"href":"https:\/\/favorite-news.com\/pt\/wp-json\/wp\/v2\/tags?post=10763"}],"curies":[{"name":"wp","href":"https:\/\/api.w.org\/{rel}","templated":true}]}}