{"id":10760,"date":"2021-07-14T08:24:45","date_gmt":"2021-07-14T05:24:45","guid":{"rendered":"https:\/\/favorite-news.com\/pt\/rock-in-rio-apresenta-festival-de-conversas-e-workshops-em-setembro-meios-publicidade\/"},"modified":"2021-07-14T08:24:50","modified_gmt":"2021-07-14T05:24:50","slug":"rock-in-rio-apresenta-festival-de-conversas-e-workshops-em-setembro-meios-publicidade","status":"publish","type":"post","link":"https:\/\/favorite-news.com\/pt\/rock-in-rio-apresenta-festival-de-conversas-e-workshops-em-setembro-meios-publicidade\/","title":{"rendered":"Rock in Rio apresenta festival de conversas e workshops em Setembro &#8211; Meios &#038; Publicidade"},"content":{"rendered":"<p>\t\t\t\tPor Rui Oliveira Marques a 13 de Julho de 2021<\/p>\n<p>\t\t\tO novo projecto do Rock in Rio realiza-se entre os dias 14 e 17 de Setembro, em Portugal e no Brasil, pretendendo promover conversas que inspirem novas perspectivas e ideias para a cria\u00e7\u00e3o de um mundo mais humano.<br \/>\nO Rock in Rio Humanorama ter\u00e1 formato digital e ser\u00e1 gratuito, contando mais de 200 dinamizadores, entre empres\u00e1rios, artistas, executivos, acad\u00e9micos, parceiros e jovens inspiradores. Ser\u00e3o mais de 80 horas de conte\u00fados, entre workshops, debates e reflex\u00f5es.<br \/>\nJ\u00e1 est\u00e3o confirmados nomes como do m\u00fasico Gabriel o Pensador, da cantora Marisa Liz, da monja de ascend\u00eancia portuguesa Monja Coen, do actor e humorista F\u00e1bio Porchat, da apresentadora Isabel Silva, das activistas portuguesas Carolina Salgueiro Pereira e Sara Rocha, do artista Alok e do jornalista e compositor Nelson Motta.<br \/>\nO evento ter\u00e1 quatro palcos: Sou (dedicado \u00e0 sustentabilidade individual e ao auto-conhecimento), N\u00f3s (rela\u00e7\u00f5es interpessoais e colabora\u00e7\u00e3o), Somos (impacto social e meio ambiente) e Experi\u00eancias de Aprendizagem (workshops pr\u00e1ticos).<\/p>\n<p>\n<!--noindex--><br \/>\n<a href=\"https:\/\/www.meiosepublicidade.pt\/2021\/07\/rock-in-rio-apresenta-festival-de-conversas-e-workshops-em-setembro\/?utm_source=rss&#038;utm_medium=rss&#038;utm_campaign=rock-in-rio-apresenta-festival-de-conversas-e-workshops-em-setembro\" rel=\"nofollow\">Source link <\/a><br \/>\n<!--\/noindex--><\/p>\n","protected":false},"excerpt":{"rendered":"<p>Por Rui Oliveira Marques a 13 de Julho de 2021 O novo projecto do Rock in Rio realiza-se entre os dias 14 e 17 de Setembro, em Portugal e no Brasil, pretendendo promover conversas que inspirem novas perspectivas e ideias para a cria\u00e7\u00e3o de um mundo mais humano. O Rock in Rio Humanorama ter\u00e1 formato [&hellip;]<\/p>\n","protected":false},"author":2,"featured_media":10761,"comment_status":"open","ping_status":"open","sticky":false,"template":"","format":"standard","meta":{"footnotes":""},"categories":[3],"tags":[],"class_list":["post-10760","post","type-post","status-publish","format-standard","has-post-thumbnail","hentry","category-noticias-de-marketing-na-internet"],"yoast_head":"<!-- This site is optimized with the Yoast SEO plugin v27.4 - https:\/\/yoast.com\/product\/yoast-seo-wordpress\/ -->\n<title>Rock in Rio apresenta festival de conversas e workshops em Setembro - Meios &amp; Publicidade - Favorite News<\/title>\n<meta name=\"robots\" content=\"index, follow, max-snippet:-1, max-image-preview:large, max-video-preview:-1\" \/>\n<link rel=\"canonical\" href=\"https:\/\/favorite-news.com\/pt\/rock-in-rio-apresenta-festival-de-conversas-e-workshops-em-setembro-meios-publicidade\/\" \/>\n<meta property=\"og:locale\" content=\"pt_PT\" \/>\n<meta property=\"og:type\" content=\"article\" \/>\n<meta property=\"og:title\" content=\"Rock in Rio apresenta festival de conversas e workshops em Setembro - Meios &amp; Publicidade - Favorite News\" \/>\n<meta property=\"og:description\" content=\"Por Rui Oliveira Marques a 13 de Julho de 2021 O novo projecto do Rock in Rio realiza-se entre os dias 14 e 17 de Setembro, em Portugal e no Brasil, pretendendo promover conversas que inspirem novas perspectivas e ideias para a cria\u00e7\u00e3o de um mundo mais humano. O Rock in Rio Humanorama ter\u00e1 formato [&hellip;]\" \/>\n<meta property=\"og:url\" content=\"https:\/\/favorite-news.com\/pt\/rock-in-rio-apresenta-festival-de-conversas-e-workshops-em-setembro-meios-publicidade\/\" \/>\n<meta property=\"og:site_name\" content=\"Favorite News\" \/>\n<meta property=\"article:published_time\" content=\"2021-07-14T05:24:45+00:00\" \/>\n<meta property=\"article:modified_time\" content=\"2021-07-14T05:24:50+00:00\" \/>\n<meta property=\"og:image\" content=\"https:\/\/favorite-news.com\/pt\/wp-content\/uploads\/sites\/2\/2021\/07\/Rock-in-Rio-apresenta-festival-de-conversas-e-workshops-em.png\" \/>\n\t<meta property=\"og:image:width\" content=\"960\" \/>\n\t<meta property=\"og:image:height\" content=\"616\" \/>\n\t<meta property=\"og:image:type\" content=\"image\/png\" \/>\n<meta name=\"author\" content=\"favorite-news\" \/>\n<meta name=\"twitter:card\" content=\"summary_large_image\" \/>\n<meta name=\"twitter:label1\" content=\"Escrito por\" \/>\n\t<meta name=\"twitter:data1\" content=\"favorite-news\" \/>\n\t<meta name=\"twitter:label2\" content=\"Tempo estimado de leitura\" \/>\n\t<meta name=\"twitter:data2\" content=\"1 minuto\" \/>\n<script type=\"application\/ld+json\" class=\"yoast-schema-graph\">{\"@context\":\"https:\\\/\\\/schema.org\",\"@graph\":[{\"@type\":\"Article\",\"@id\":\"https:\\\/\\\/favorite-news.com\\\/pt\\\/rock-in-rio-apresenta-festival-de-conversas-e-workshops-em-setembro-meios-publicidade\\\/#article\",\"isPartOf\":{\"@id\":\"https:\\\/\\\/favorite-news.com\\\/pt\\\/rock-in-rio-apresenta-festival-de-conversas-e-workshops-em-setembro-meios-publicidade\\\/\"},\"author\":{\"name\":\"favorite-news\",\"@id\":\"https:\\\/\\\/favorite-news.com\\\/pt\\\/#\\\/schema\\\/person\\\/b91573b717dcfa5e4696032a9d28d3e8\"},\"headline\":\"Rock in Rio apresenta festival de conversas e workshops em Setembro &#8211; Meios &#038; Publicidade\",\"datePublished\":\"2021-07-14T05:24:45+00:00\",\"dateModified\":\"2021-07-14T05:24:50+00:00\",\"mainEntityOfPage\":{\"@id\":\"https:\\\/\\\/favorite-news.com\\\/pt\\\/rock-in-rio-apresenta-festival-de-conversas-e-workshops-em-setembro-meios-publicidade\\\/\"},\"wordCount\":189,\"commentCount\":0,\"image\":{\"@id\":\"https:\\\/\\\/favorite-news.com\\\/pt\\\/rock-in-rio-apresenta-festival-de-conversas-e-workshops-em-setembro-meios-publicidade\\\/#primaryimage\"},\"thumbnailUrl\":\"https:\\\/\\\/favorite-news.com\\\/pt\\\/wp-content\\\/uploads\\\/sites\\\/2\\\/2021\\\/07\\\/Rock-in-Rio-apresenta-festival-de-conversas-e-workshops-em.png\",\"articleSection\":[\"NOT\u00cdCIAS DE MARKETING NA INTERNET\"],\"inLanguage\":\"pt-PT\",\"potentialAction\":[{\"@type\":\"CommentAction\",\"name\":\"Comment\",\"target\":[\"https:\\\/\\\/favorite-news.com\\\/pt\\\/rock-in-rio-apresenta-festival-de-conversas-e-workshops-em-setembro-meios-publicidade\\\/#respond\"]}]},{\"@type\":\"WebPage\",\"@id\":\"https:\\\/\\\/favorite-news.com\\\/pt\\\/rock-in-rio-apresenta-festival-de-conversas-e-workshops-em-setembro-meios-publicidade\\\/\",\"url\":\"https:\\\/\\\/favorite-news.com\\\/pt\\\/rock-in-rio-apresenta-festival-de-conversas-e-workshops-em-setembro-meios-publicidade\\\/\",\"name\":\"Rock in Rio apresenta festival de conversas e workshops em Setembro - Meios & Publicidade - Favorite News\",\"isPartOf\":{\"@id\":\"https:\\\/\\\/favorite-news.com\\\/pt\\\/#website\"},\"primaryImageOfPage\":{\"@id\":\"https:\\\/\\\/favorite-news.com\\\/pt\\\/rock-in-rio-apresenta-festival-de-conversas-e-workshops-em-setembro-meios-publicidade\\\/#primaryimage\"},\"image\":{\"@id\":\"https:\\\/\\\/favorite-news.com\\\/pt\\\/rock-in-rio-apresenta-festival-de-conversas-e-workshops-em-setembro-meios-publicidade\\\/#primaryimage\"},\"thumbnailUrl\":\"https:\\\/\\\/favorite-news.com\\\/pt\\\/wp-content\\\/uploads\\\/sites\\\/2\\\/2021\\\/07\\\/Rock-in-Rio-apresenta-festival-de-conversas-e-workshops-em.png\",\"datePublished\":\"2021-07-14T05:24:45+00:00\",\"dateModified\":\"2021-07-14T05:24:50+00:00\",\"author\":{\"@id\":\"https:\\\/\\\/favorite-news.com\\\/pt\\\/#\\\/schema\\\/person\\\/b91573b717dcfa5e4696032a9d28d3e8\"},\"breadcrumb\":{\"@id\":\"https:\\\/\\\/favorite-news.com\\\/pt\\\/rock-in-rio-apresenta-festival-de-conversas-e-workshops-em-setembro-meios-publicidade\\\/#breadcrumb\"},\"inLanguage\":\"pt-PT\",\"potentialAction\":[{\"@type\":\"ReadAction\",\"target\":[\"https:\\\/\\\/favorite-news.com\\\/pt\\\/rock-in-rio-apresenta-festival-de-conversas-e-workshops-em-setembro-meios-publicidade\\\/\"]}]},{\"@type\":\"ImageObject\",\"inLanguage\":\"pt-PT\",\"@id\":\"https:\\\/\\\/favorite-news.com\\\/pt\\\/rock-in-rio-apresenta-festival-de-conversas-e-workshops-em-setembro-meios-publicidade\\\/#primaryimage\",\"url\":\"https:\\\/\\\/favorite-news.com\\\/pt\\\/wp-content\\\/uploads\\\/sites\\\/2\\\/2021\\\/07\\\/Rock-in-Rio-apresenta-festival-de-conversas-e-workshops-em.png\",\"contentUrl\":\"https:\\\/\\\/favorite-news.com\\\/pt\\\/wp-content\\\/uploads\\\/sites\\\/2\\\/2021\\\/07\\\/Rock-in-Rio-apresenta-festival-de-conversas-e-workshops-em.png\",\"width\":960,\"height\":616,\"caption\":\"Rock in Rio apresenta festival de conversas e workshops em Setembro - Meios & Publicidade\"},{\"@type\":\"BreadcrumbList\",\"@id\":\"https:\\\/\\\/favorite-news.com\\\/pt\\\/rock-in-rio-apresenta-festival-de-conversas-e-workshops-em-setembro-meios-publicidade\\\/#breadcrumb\",\"itemListElement\":[{\"@type\":\"ListItem\",\"position\":1,\"name\":\"Home\",\"item\":\"https:\\\/\\\/favorite-news.com\\\/pt\\\/\"},{\"@type\":\"ListItem\",\"position\":2,\"name\":\"Rock in Rio apresenta festival de conversas e workshops em Setembro &#8211; Meios &#038; Publicidade\"}]},{\"@type\":\"WebSite\",\"@id\":\"https:\\\/\\\/favorite-news.com\\\/pt\\\/#website\",\"url\":\"https:\\\/\\\/favorite-news.com\\\/pt\\\/\",\"name\":\"Favorite News\",\"description\":\"Favorite News Portugal\",\"potentialAction\":[{\"@type\":\"SearchAction\",\"target\":{\"@type\":\"EntryPoint\",\"urlTemplate\":\"https:\\\/\\\/favorite-news.com\\\/pt\\\/?s={search_term_string}\"},\"query-input\":{\"@type\":\"PropertyValueSpecification\",\"valueRequired\":true,\"valueName\":\"search_term_string\"}}],\"inLanguage\":\"pt-PT\"},{\"@type\":\"Person\",\"@id\":\"https:\\\/\\\/favorite-news.com\\\/pt\\\/#\\\/schema\\\/person\\\/b91573b717dcfa5e4696032a9d28d3e8\",\"name\":\"favorite-news\",\"image\":{\"@type\":\"ImageObject\",\"inLanguage\":\"pt-PT\",\"@id\":\"https:\\\/\\\/secure.gravatar.com\\\/avatar\\\/6c5a5cb12b74e9d517ee91cf570335b7d16177f1977cc91db161adfa435945a7?s=96&d=mm&r=g\",\"url\":\"https:\\\/\\\/secure.gravatar.com\\\/avatar\\\/6c5a5cb12b74e9d517ee91cf570335b7d16177f1977cc91db161adfa435945a7?s=96&d=mm&r=g\",\"contentUrl\":\"https:\\\/\\\/secure.gravatar.com\\\/avatar\\\/6c5a5cb12b74e9d517ee91cf570335b7d16177f1977cc91db161adfa435945a7?s=96&d=mm&r=g\",\"caption\":\"favorite-news\"},\"url\":\"https:\\\/\\\/favorite-news.com\\\/pt\\\/author\\\/pt\\\/\"}]}<\/script>\n<!-- \/ Yoast SEO plugin. -->","yoast_head_json":{"title":"Rock in Rio apresenta festival de conversas e workshops em Setembro - Meios & Publicidade - Favorite News","robots":{"index":"index","follow":"follow","max-snippet":"max-snippet:-1","max-image-preview":"max-image-preview:large","max-video-preview":"max-video-preview:-1"},"canonical":"https:\/\/favorite-news.com\/pt\/rock-in-rio-apresenta-festival-de-conversas-e-workshops-em-setembro-meios-publicidade\/","og_locale":"pt_PT","og_type":"article","og_title":"Rock in Rio apresenta festival de conversas e workshops em Setembro - Meios & Publicidade - Favorite News","og_description":"Por Rui Oliveira Marques a 13 de Julho de 2021 O novo projecto do Rock in Rio realiza-se entre os dias 14 e 17 de Setembro, em Portugal e no Brasil, pretendendo promover conversas que inspirem novas perspectivas e ideias para a cria\u00e7\u00e3o de um mundo mais humano. O Rock in Rio Humanorama ter\u00e1 formato [&hellip;]","og_url":"https:\/\/favorite-news.com\/pt\/rock-in-rio-apresenta-festival-de-conversas-e-workshops-em-setembro-meios-publicidade\/","og_site_name":"Favorite News","article_published_time":"2021-07-14T05:24:45+00:00","article_modified_time":"2021-07-14T05:24:50+00:00","og_image":[{"width":960,"height":616,"url":"https:\/\/favorite-news.com\/pt\/wp-content\/uploads\/sites\/2\/2021\/07\/Rock-in-Rio-apresenta-festival-de-conversas-e-workshops-em.png","type":"image\/png"}],"author":"favorite-news","twitter_card":"summary_large_image","twitter_misc":{"Escrito por":"favorite-news","Tempo estimado de leitura":"1 minuto"},"schema":{"@context":"https:\/\/schema.org","@graph":[{"@type":"Article","@id":"https:\/\/favorite-news.com\/pt\/rock-in-rio-apresenta-festival-de-conversas-e-workshops-em-setembro-meios-publicidade\/#article","isPartOf":{"@id":"https:\/\/favorite-news.com\/pt\/rock-in-rio-apresenta-festival-de-conversas-e-workshops-em-setembro-meios-publicidade\/"},"author":{"name":"favorite-news","@id":"https:\/\/favorite-news.com\/pt\/#\/schema\/person\/b91573b717dcfa5e4696032a9d28d3e8"},"headline":"Rock in Rio apresenta festival de conversas e workshops em Setembro &#8211; Meios &#038; Publicidade","datePublished":"2021-07-14T05:24:45+00:00","dateModified":"2021-07-14T05:24:50+00:00","mainEntityOfPage":{"@id":"https:\/\/favorite-news.com\/pt\/rock-in-rio-apresenta-festival-de-conversas-e-workshops-em-setembro-meios-publicidade\/"},"wordCount":189,"commentCount":0,"image":{"@id":"https:\/\/favorite-news.com\/pt\/rock-in-rio-apresenta-festival-de-conversas-e-workshops-em-setembro-meios-publicidade\/#primaryimage"},"thumbnailUrl":"https:\/\/favorite-news.com\/pt\/wp-content\/uploads\/sites\/2\/2021\/07\/Rock-in-Rio-apresenta-festival-de-conversas-e-workshops-em.png","articleSection":["NOT\u00cdCIAS DE MARKETING NA INTERNET"],"inLanguage":"pt-PT","potentialAction":[{"@type":"CommentAction","name":"Comment","target":["https:\/\/favorite-news.com\/pt\/rock-in-rio-apresenta-festival-de-conversas-e-workshops-em-setembro-meios-publicidade\/#respond"]}]},{"@type":"WebPage","@id":"https:\/\/favorite-news.com\/pt\/rock-in-rio-apresenta-festival-de-conversas-e-workshops-em-setembro-meios-publicidade\/","url":"https:\/\/favorite-news.com\/pt\/rock-in-rio-apresenta-festival-de-conversas-e-workshops-em-setembro-meios-publicidade\/","name":"Rock in Rio apresenta festival de conversas e workshops em Setembro - Meios & Publicidade - Favorite News","isPartOf":{"@id":"https:\/\/favorite-news.com\/pt\/#website"},"primaryImageOfPage":{"@id":"https:\/\/favorite-news.com\/pt\/rock-in-rio-apresenta-festival-de-conversas-e-workshops-em-setembro-meios-publicidade\/#primaryimage"},"image":{"@id":"https:\/\/favorite-news.com\/pt\/rock-in-rio-apresenta-festival-de-conversas-e-workshops-em-setembro-meios-publicidade\/#primaryimage"},"thumbnailUrl":"https:\/\/favorite-news.com\/pt\/wp-content\/uploads\/sites\/2\/2021\/07\/Rock-in-Rio-apresenta-festival-de-conversas-e-workshops-em.png","datePublished":"2021-07-14T05:24:45+00:00","dateModified":"2021-07-14T05:24:50+00:00","author":{"@id":"https:\/\/favorite-news.com\/pt\/#\/schema\/person\/b91573b717dcfa5e4696032a9d28d3e8"},"breadcrumb":{"@id":"https:\/\/favorite-news.com\/pt\/rock-in-rio-apresenta-festival-de-conversas-e-workshops-em-setembro-meios-publicidade\/#breadcrumb"},"inLanguage":"pt-PT","potentialAction":[{"@type":"ReadAction","target":["https:\/\/favorite-news.com\/pt\/rock-in-rio-apresenta-festival-de-conversas-e-workshops-em-setembro-meios-publicidade\/"]}]},{"@type":"ImageObject","inLanguage":"pt-PT","@id":"https:\/\/favorite-news.com\/pt\/rock-in-rio-apresenta-festival-de-conversas-e-workshops-em-setembro-meios-publicidade\/#primaryimage","url":"https:\/\/favorite-news.com\/pt\/wp-content\/uploads\/sites\/2\/2021\/07\/Rock-in-Rio-apresenta-festival-de-conversas-e-workshops-em.png","contentUrl":"https:\/\/favorite-news.com\/pt\/wp-content\/uploads\/sites\/2\/2021\/07\/Rock-in-Rio-apresenta-festival-de-conversas-e-workshops-em.png","width":960,"height":616,"caption":"Rock in Rio apresenta festival de conversas e workshops em Setembro - Meios & Publicidade"},{"@type":"BreadcrumbList","@id":"https:\/\/favorite-news.com\/pt\/rock-in-rio-apresenta-festival-de-conversas-e-workshops-em-setembro-meios-publicidade\/#breadcrumb","itemListElement":[{"@type":"ListItem","position":1,"name":"Home","item":"https:\/\/favorite-news.com\/pt\/"},{"@type":"ListItem","position":2,"name":"Rock in Rio apresenta festival de conversas e workshops em Setembro &#8211; Meios &#038; Publicidade"}]},{"@type":"WebSite","@id":"https:\/\/favorite-news.com\/pt\/#website","url":"https:\/\/favorite-news.com\/pt\/","name":"Favorite News","description":"Favorite News Portugal","potentialAction":[{"@type":"SearchAction","target":{"@type":"EntryPoint","urlTemplate":"https:\/\/favorite-news.com\/pt\/?s={search_term_string}"},"query-input":{"@type":"PropertyValueSpecification","valueRequired":true,"valueName":"search_term_string"}}],"inLanguage":"pt-PT"},{"@type":"Person","@id":"https:\/\/favorite-news.com\/pt\/#\/schema\/person\/b91573b717dcfa5e4696032a9d28d3e8","name":"favorite-news","image":{"@type":"ImageObject","inLanguage":"pt-PT","@id":"https:\/\/secure.gravatar.com\/avatar\/6c5a5cb12b74e9d517ee91cf570335b7d16177f1977cc91db161adfa435945a7?s=96&d=mm&r=g","url":"https:\/\/secure.gravatar.com\/avatar\/6c5a5cb12b74e9d517ee91cf570335b7d16177f1977cc91db161adfa435945a7?s=96&d=mm&r=g","contentUrl":"https:\/\/secure.gravatar.com\/avatar\/6c5a5cb12b74e9d517ee91cf570335b7d16177f1977cc91db161adfa435945a7?s=96&d=mm&r=g","caption":"favorite-news"},"url":"https:\/\/favorite-news.com\/pt\/author\/pt\/"}]}},"_links":{"self":[{"href":"https:\/\/favorite-news.com\/pt\/wp-json\/wp\/v2\/posts\/10760","targetHints":{"allow":["GET"]}}],"collection":[{"href":"https:\/\/favorite-news.com\/pt\/wp-json\/wp\/v2\/posts"}],"about":[{"href":"https:\/\/favorite-news.com\/pt\/wp-json\/wp\/v2\/types\/post"}],"author":[{"embeddable":true,"href":"https:\/\/favorite-news.com\/pt\/wp-json\/wp\/v2\/users\/2"}],"replies":[{"embeddable":true,"href":"https:\/\/favorite-news.com\/pt\/wp-json\/wp\/v2\/comments?post=10760"}],"version-history":[{"count":1,"href":"https:\/\/favorite-news.com\/pt\/wp-json\/wp\/v2\/posts\/10760\/revisions"}],"predecessor-version":[{"id":10762,"href":"https:\/\/favorite-news.com\/pt\/wp-json\/wp\/v2\/posts\/10760\/revisions\/10762"}],"wp:featuredmedia":[{"embeddable":true,"href":"https:\/\/favorite-news.com\/pt\/wp-json\/wp\/v2\/media\/10761"}],"wp:attachment":[{"href":"https:\/\/favorite-news.com\/pt\/wp-json\/wp\/v2\/media?parent=10760"}],"wp:term":[{"taxonomy":"category","embeddable":true,"href":"https:\/\/favorite-news.com\/pt\/wp-json\/wp\/v2\/categories?post=10760"},{"taxonomy":"post_tag","embeddable":true,"href":"https:\/\/favorite-news.com\/pt\/wp-json\/wp\/v2\/tags?post=10760"}],"curies":[{"name":"wp","href":"https:\/\/api.w.org\/{rel}","templated":true}]}}