{"id":10751,"date":"2021-07-13T11:37:34","date_gmt":"2021-07-13T08:37:34","guid":{"rendered":"https:\/\/favorite-news.com\/pt\/restauracao-e-alojamento-querem-novas-medidas-zap\/"},"modified":"2021-07-13T11:37:38","modified_gmt":"2021-07-13T08:37:38","slug":"restauracao-e-alojamento-querem-novas-medidas-zap","status":"publish","type":"post","link":"https:\/\/favorite-news.com\/pt\/restauracao-e-alojamento-querem-novas-medidas-zap\/","title":{"rendered":"Restaura\u00e7\u00e3o e alojamento querem novas medidas &#8211; ZAP"},"content":{"rendered":"<p>Patr\u00edcia de Melo Moreira \/ AFP<br \/>\nA AHRESP enviou ao Governo um plano para compensar o alojamento tur\u00edstico e a restaura\u00e7\u00e3o dos efeitos da pandemia com 10 medidas como o refor\u00e7o do programa Apoiar, um novo lay-off simplificado e morat\u00f3rias de cr\u00e9dito e fiscais.<\/p>\n<p>Intitulado \u201cEnfrentar a pandemia, garantir a sobreviv\u00eancia\u201d, o plano \u00e9 apresentado pela Associa\u00e7\u00e3o da Hotelaria, Restaura\u00e7\u00e3o e Similares de Portugal (AHRESP) como uma \u201cderradeira tentativa para salvar os setores mais fustigados\u201d pela crise pand\u00e9mica.<br \/>\nO plano, hoje divulgado, prev\u00ea 10 medidas, defendendo logo \u00e0 cabe\u00e7a a substitui\u00e7\u00e3o do recentemente lan\u00e7ado programa IVAucher por a atribui\u00e7\u00e3o de um \u201cdesconto direto de 50%\u201d, aplicado diretamente no momento do consumo e sem limite de utiliza\u00e7\u00e3o.<br \/>\nEsta solu\u00e7\u00e3o, argumenta a AHRESP, permitiria ultrapassar o facto de o IVAucher n\u00e3o ser de acesso direto e universal, \u201co que poder\u00e1 limitar a sua abrang\u00eancia\u201d.<\/p>\n<p>Na senda da recente decis\u00e3o do Governo em permitir que os restaurantes possam servir refei\u00e7\u00f5es al\u00e9m das 15h30 nos concelhos de risco elevado e muito elevado, desde que os clientes fa\u00e7am\/tenham um teste negativo para a covid-19 ou apresentem o certificado digital, esta associa\u00e7\u00e3o defende que os testes e os certificados sejam usados para avan\u00e7ar para um novo patamar, ou seja, para permitir que o alojamento tur\u00edstico, restaura\u00e7\u00e3o e similares deixem de ter restri\u00e7\u00f5es de hor\u00e1rios ou de lota\u00e7\u00e3o e os estabelecimentos de anima\u00e7\u00e3o noturna reabram.<br \/>\nEntre as medidas do plano endere\u00e7ado ao Governo consta ainda uma nova fase de candidaturas para o programa Apoiar, prevendo apoios entre os 5 mil e os 7500 euros para empres\u00e1rios em nome individual (ENI) sem trabalhadores a cargo, com quebras de fatura\u00e7\u00e3o entre 15% e 50% ou acima de 50%, respetivamente ou entre 12.500 e 18.750 euros para ENI cm trabalhadores a cargo, para os patamares de quebras de fatura\u00e7\u00e3o referidos.<br \/>\nEste refor\u00e7o do Apoiar, defende a AHRESP, deve tamb\u00e9m chegar \u00e0s pequenas e \u00e0s m\u00e9dias empresas com volume de neg\u00f3cios inferior a 50 milh\u00f5es de euros anuais e, em vers\u00e3o majorada, \u00e0s empresas de anima\u00e7\u00e3o noturna.<br \/>\nA AHRESP inclui ainda entre as medidas de compensa\u00e7\u00e3o \u00e0s empresas do sector que os cr\u00e9ditos que atualmente se encontram ao abrigo das morat\u00f3rias possam ser amortizados at\u00e9 10 anos, com a solu\u00e7\u00e3o a abranger todos os financiamentos independentemente de terem sido contratados com os bancos, o Turismo de Portugal, IAPMEI ou no \u00e2mbito dos projectos de investimento do Portugal 2020.<br \/>\nA convers\u00e3o em fundo perdido de um valor equivalente a 20% das linhas de cr\u00e9dito covid-19 que desde Mar\u00e7o de 2020 t\u00eam vindo a ser disponibilizadas, a aplica\u00e7\u00e3o tempor\u00e1ria da taxa de IVA reduzida ao servi\u00e7o de alimenta\u00e7\u00e3o e o lan\u00e7amento de um novo programa de \u2018lay-off\u2019 simplificado s\u00e3o outras das medidas reclamadas pela AHRESP.<br \/>\nO plano contempla ainda a cria\u00e7\u00e3o de morat\u00f3rias fiscais e contributivas \u2013 ou seja a possibilidade de estas empresas poderem diferir o pagamento do IVA, IRC e reten\u00e7\u00f5es na fonte do IRS feitas aos trabalhadores at\u00e9 31 de Mar\u00e7o de 2022, com o in\u00edcio do pagamento das presta\u00e7\u00f5es a ser iniciado em 2023.<br \/>\nA lista termina com duas medidas no \u00e2mbito do emprego, com a AHRESP a defender mecanismos que apoiem a contrata\u00e7\u00e3o de recursos humanos, campanhas de valoriza\u00e7\u00e3o da profiss\u00e3o nestes sectores e o desenvolvimento de um programa integrado de forma\u00e7\u00e3o.<br \/>\nEm comunicado, a AHRESP sublinha que a aplica\u00e7\u00e3o das medidas que prop\u00f5e \u201cs\u00e3o essenciais para que as empresas consigam sobreviver at\u00e9 se iniciar a retoma da atividade econ\u00f3mica\u201d.<\/p>\n<p>\u00a0<\/p>\n<p>\n<!--noindex--><br \/>\n<a href=\"https:\/\/zap.aeiou.pt\/restauracao-alojamento-novas-medidas-416720\" rel=\"nofollow\">Source link <\/a><br \/>\n<!--\/noindex--><\/p>\n","protected":false},"excerpt":{"rendered":"<p>Patr\u00edcia de Melo Moreira \/ AFP A AHRESP enviou ao Governo um plano para compensar o alojamento tur\u00edstico e a restaura\u00e7\u00e3o dos efeitos da pandemia com 10 medidas como o refor\u00e7o do programa Apoiar, um novo lay-off simplificado e morat\u00f3rias de cr\u00e9dito e fiscais. Intitulado \u201cEnfrentar a pandemia, garantir a sobreviv\u00eancia\u201d, o plano \u00e9 apresentado [&hellip;]<\/p>\n","protected":false},"author":2,"featured_media":10752,"comment_status":"open","ping_status":"open","sticky":false,"template":"","format":"standard","meta":{"footnotes":""},"categories":[1],"tags":[],"class_list":["post-10751","post","type-post","status-publish","format-standard","has-post-thumbnail","hentry","category-noticias-financeiras"],"yoast_head":"<!-- This site is optimized with the Yoast SEO plugin v27.4 - https:\/\/yoast.com\/product\/yoast-seo-wordpress\/ -->\n<title>Restaura\u00e7\u00e3o e alojamento querem novas medidas - ZAP - Favorite News<\/title>\n<meta name=\"robots\" content=\"index, follow, max-snippet:-1, max-image-preview:large, max-video-preview:-1\" \/>\n<link rel=\"canonical\" href=\"https:\/\/favorite-news.com\/pt\/restauracao-e-alojamento-querem-novas-medidas-zap\/\" \/>\n<meta property=\"og:locale\" content=\"pt_PT\" \/>\n<meta property=\"og:type\" content=\"article\" \/>\n<meta property=\"og:title\" content=\"Restaura\u00e7\u00e3o e alojamento querem novas medidas - ZAP - Favorite News\" \/>\n<meta property=\"og:description\" content=\"Patr\u00edcia de Melo Moreira \/ AFP A AHRESP enviou ao Governo um plano para compensar o alojamento tur\u00edstico e a restaura\u00e7\u00e3o dos efeitos da pandemia com 10 medidas como o refor\u00e7o do programa Apoiar, um novo lay-off simplificado e morat\u00f3rias de cr\u00e9dito e fiscais. Intitulado \u201cEnfrentar a pandemia, garantir a sobreviv\u00eancia\u201d, o plano \u00e9 apresentado [&hellip;]\" \/>\n<meta property=\"og:url\" content=\"https:\/\/favorite-news.com\/pt\/restauracao-e-alojamento-querem-novas-medidas-zap\/\" \/>\n<meta property=\"og:site_name\" content=\"Favorite News\" \/>\n<meta property=\"article:published_time\" content=\"2021-07-13T08:37:34+00:00\" \/>\n<meta property=\"article:modified_time\" content=\"2021-07-13T08:37:38+00:00\" \/>\n<meta property=\"og:image\" content=\"https:\/\/favorite-news.com\/pt\/wp-content\/uploads\/sites\/2\/2021\/07\/Restauracao-e-alojamento-querem-novas-medidas-ZAP.jpg\" \/>\n\t<meta property=\"og:image:width\" content=\"1200\" \/>\n\t<meta property=\"og:image:height\" content=\"800\" \/>\n\t<meta property=\"og:image:type\" content=\"image\/jpeg\" \/>\n<meta name=\"author\" content=\"favorite-news\" \/>\n<meta name=\"twitter:card\" content=\"summary_large_image\" \/>\n<meta name=\"twitter:label1\" content=\"Escrito por\" \/>\n\t<meta name=\"twitter:data1\" content=\"favorite-news\" \/>\n\t<meta name=\"twitter:label2\" content=\"Tempo estimado de leitura\" \/>\n\t<meta name=\"twitter:data2\" content=\"3 minutos\" \/>\n<script type=\"application\/ld+json\" class=\"yoast-schema-graph\">{\"@context\":\"https:\\\/\\\/schema.org\",\"@graph\":[{\"@type\":\"Article\",\"@id\":\"https:\\\/\\\/favorite-news.com\\\/pt\\\/restauracao-e-alojamento-querem-novas-medidas-zap\\\/#article\",\"isPartOf\":{\"@id\":\"https:\\\/\\\/favorite-news.com\\\/pt\\\/restauracao-e-alojamento-querem-novas-medidas-zap\\\/\"},\"author\":{\"name\":\"favorite-news\",\"@id\":\"https:\\\/\\\/favorite-news.com\\\/pt\\\/#\\\/schema\\\/person\\\/b91573b717dcfa5e4696032a9d28d3e8\"},\"headline\":\"Restaura\u00e7\u00e3o e alojamento querem novas medidas &#8211; ZAP\",\"datePublished\":\"2021-07-13T08:37:34+00:00\",\"dateModified\":\"2021-07-13T08:37:38+00:00\",\"mainEntityOfPage\":{\"@id\":\"https:\\\/\\\/favorite-news.com\\\/pt\\\/restauracao-e-alojamento-querem-novas-medidas-zap\\\/\"},\"wordCount\":631,\"commentCount\":0,\"image\":{\"@id\":\"https:\\\/\\\/favorite-news.com\\\/pt\\\/restauracao-e-alojamento-querem-novas-medidas-zap\\\/#primaryimage\"},\"thumbnailUrl\":\"https:\\\/\\\/favorite-news.com\\\/pt\\\/wp-content\\\/uploads\\\/sites\\\/2\\\/2021\\\/07\\\/Restauracao-e-alojamento-querem-novas-medidas-ZAP.jpg\",\"articleSection\":[\"NOT\u00cdCIAS FINANCEIRAS\"],\"inLanguage\":\"pt-PT\",\"potentialAction\":[{\"@type\":\"CommentAction\",\"name\":\"Comment\",\"target\":[\"https:\\\/\\\/favorite-news.com\\\/pt\\\/restauracao-e-alojamento-querem-novas-medidas-zap\\\/#respond\"]}]},{\"@type\":\"WebPage\",\"@id\":\"https:\\\/\\\/favorite-news.com\\\/pt\\\/restauracao-e-alojamento-querem-novas-medidas-zap\\\/\",\"url\":\"https:\\\/\\\/favorite-news.com\\\/pt\\\/restauracao-e-alojamento-querem-novas-medidas-zap\\\/\",\"name\":\"Restaura\u00e7\u00e3o e alojamento querem novas medidas - ZAP - Favorite News\",\"isPartOf\":{\"@id\":\"https:\\\/\\\/favorite-news.com\\\/pt\\\/#website\"},\"primaryImageOfPage\":{\"@id\":\"https:\\\/\\\/favorite-news.com\\\/pt\\\/restauracao-e-alojamento-querem-novas-medidas-zap\\\/#primaryimage\"},\"image\":{\"@id\":\"https:\\\/\\\/favorite-news.com\\\/pt\\\/restauracao-e-alojamento-querem-novas-medidas-zap\\\/#primaryimage\"},\"thumbnailUrl\":\"https:\\\/\\\/favorite-news.com\\\/pt\\\/wp-content\\\/uploads\\\/sites\\\/2\\\/2021\\\/07\\\/Restauracao-e-alojamento-querem-novas-medidas-ZAP.jpg\",\"datePublished\":\"2021-07-13T08:37:34+00:00\",\"dateModified\":\"2021-07-13T08:37:38+00:00\",\"author\":{\"@id\":\"https:\\\/\\\/favorite-news.com\\\/pt\\\/#\\\/schema\\\/person\\\/b91573b717dcfa5e4696032a9d28d3e8\"},\"breadcrumb\":{\"@id\":\"https:\\\/\\\/favorite-news.com\\\/pt\\\/restauracao-e-alojamento-querem-novas-medidas-zap\\\/#breadcrumb\"},\"inLanguage\":\"pt-PT\",\"potentialAction\":[{\"@type\":\"ReadAction\",\"target\":[\"https:\\\/\\\/favorite-news.com\\\/pt\\\/restauracao-e-alojamento-querem-novas-medidas-zap\\\/\"]}]},{\"@type\":\"ImageObject\",\"inLanguage\":\"pt-PT\",\"@id\":\"https:\\\/\\\/favorite-news.com\\\/pt\\\/restauracao-e-alojamento-querem-novas-medidas-zap\\\/#primaryimage\",\"url\":\"https:\\\/\\\/favorite-news.com\\\/pt\\\/wp-content\\\/uploads\\\/sites\\\/2\\\/2021\\\/07\\\/Restauracao-e-alojamento-querem-novas-medidas-ZAP.jpg\",\"contentUrl\":\"https:\\\/\\\/favorite-news.com\\\/pt\\\/wp-content\\\/uploads\\\/sites\\\/2\\\/2021\\\/07\\\/Restauracao-e-alojamento-querem-novas-medidas-ZAP.jpg\",\"width\":1200,\"height\":800,\"caption\":\"Restaura\u00e7\u00e3o e alojamento querem novas medidas - ZAP\"},{\"@type\":\"BreadcrumbList\",\"@id\":\"https:\\\/\\\/favorite-news.com\\\/pt\\\/restauracao-e-alojamento-querem-novas-medidas-zap\\\/#breadcrumb\",\"itemListElement\":[{\"@type\":\"ListItem\",\"position\":1,\"name\":\"Home\",\"item\":\"https:\\\/\\\/favorite-news.com\\\/pt\\\/\"},{\"@type\":\"ListItem\",\"position\":2,\"name\":\"Restaura\u00e7\u00e3o e alojamento querem novas medidas &#8211; ZAP\"}]},{\"@type\":\"WebSite\",\"@id\":\"https:\\\/\\\/favorite-news.com\\\/pt\\\/#website\",\"url\":\"https:\\\/\\\/favorite-news.com\\\/pt\\\/\",\"name\":\"Favorite News\",\"description\":\"Favorite News Portugal\",\"potentialAction\":[{\"@type\":\"SearchAction\",\"target\":{\"@type\":\"EntryPoint\",\"urlTemplate\":\"https:\\\/\\\/favorite-news.com\\\/pt\\\/?s={search_term_string}\"},\"query-input\":{\"@type\":\"PropertyValueSpecification\",\"valueRequired\":true,\"valueName\":\"search_term_string\"}}],\"inLanguage\":\"pt-PT\"},{\"@type\":\"Person\",\"@id\":\"https:\\\/\\\/favorite-news.com\\\/pt\\\/#\\\/schema\\\/person\\\/b91573b717dcfa5e4696032a9d28d3e8\",\"name\":\"favorite-news\",\"image\":{\"@type\":\"ImageObject\",\"inLanguage\":\"pt-PT\",\"@id\":\"https:\\\/\\\/secure.gravatar.com\\\/avatar\\\/6c5a5cb12b74e9d517ee91cf570335b7d16177f1977cc91db161adfa435945a7?s=96&d=mm&r=g\",\"url\":\"https:\\\/\\\/secure.gravatar.com\\\/avatar\\\/6c5a5cb12b74e9d517ee91cf570335b7d16177f1977cc91db161adfa435945a7?s=96&d=mm&r=g\",\"contentUrl\":\"https:\\\/\\\/secure.gravatar.com\\\/avatar\\\/6c5a5cb12b74e9d517ee91cf570335b7d16177f1977cc91db161adfa435945a7?s=96&d=mm&r=g\",\"caption\":\"favorite-news\"},\"url\":\"https:\\\/\\\/favorite-news.com\\\/pt\\\/author\\\/pt\\\/\"}]}<\/script>\n<!-- \/ Yoast SEO plugin. -->","yoast_head_json":{"title":"Restaura\u00e7\u00e3o e alojamento querem novas medidas - ZAP - Favorite News","robots":{"index":"index","follow":"follow","max-snippet":"max-snippet:-1","max-image-preview":"max-image-preview:large","max-video-preview":"max-video-preview:-1"},"canonical":"https:\/\/favorite-news.com\/pt\/restauracao-e-alojamento-querem-novas-medidas-zap\/","og_locale":"pt_PT","og_type":"article","og_title":"Restaura\u00e7\u00e3o e alojamento querem novas medidas - ZAP - Favorite News","og_description":"Patr\u00edcia de Melo Moreira \/ AFP A AHRESP enviou ao Governo um plano para compensar o alojamento tur\u00edstico e a restaura\u00e7\u00e3o dos efeitos da pandemia com 10 medidas como o refor\u00e7o do programa Apoiar, um novo lay-off simplificado e morat\u00f3rias de cr\u00e9dito e fiscais. Intitulado \u201cEnfrentar a pandemia, garantir a sobreviv\u00eancia\u201d, o plano \u00e9 apresentado [&hellip;]","og_url":"https:\/\/favorite-news.com\/pt\/restauracao-e-alojamento-querem-novas-medidas-zap\/","og_site_name":"Favorite News","article_published_time":"2021-07-13T08:37:34+00:00","article_modified_time":"2021-07-13T08:37:38+00:00","og_image":[{"width":1200,"height":800,"url":"https:\/\/favorite-news.com\/pt\/wp-content\/uploads\/sites\/2\/2021\/07\/Restauracao-e-alojamento-querem-novas-medidas-ZAP.jpg","type":"image\/jpeg"}],"author":"favorite-news","twitter_card":"summary_large_image","twitter_misc":{"Escrito por":"favorite-news","Tempo estimado de leitura":"3 minutos"},"schema":{"@context":"https:\/\/schema.org","@graph":[{"@type":"Article","@id":"https:\/\/favorite-news.com\/pt\/restauracao-e-alojamento-querem-novas-medidas-zap\/#article","isPartOf":{"@id":"https:\/\/favorite-news.com\/pt\/restauracao-e-alojamento-querem-novas-medidas-zap\/"},"author":{"name":"favorite-news","@id":"https:\/\/favorite-news.com\/pt\/#\/schema\/person\/b91573b717dcfa5e4696032a9d28d3e8"},"headline":"Restaura\u00e7\u00e3o e alojamento querem novas medidas &#8211; ZAP","datePublished":"2021-07-13T08:37:34+00:00","dateModified":"2021-07-13T08:37:38+00:00","mainEntityOfPage":{"@id":"https:\/\/favorite-news.com\/pt\/restauracao-e-alojamento-querem-novas-medidas-zap\/"},"wordCount":631,"commentCount":0,"image":{"@id":"https:\/\/favorite-news.com\/pt\/restauracao-e-alojamento-querem-novas-medidas-zap\/#primaryimage"},"thumbnailUrl":"https:\/\/favorite-news.com\/pt\/wp-content\/uploads\/sites\/2\/2021\/07\/Restauracao-e-alojamento-querem-novas-medidas-ZAP.jpg","articleSection":["NOT\u00cdCIAS FINANCEIRAS"],"inLanguage":"pt-PT","potentialAction":[{"@type":"CommentAction","name":"Comment","target":["https:\/\/favorite-news.com\/pt\/restauracao-e-alojamento-querem-novas-medidas-zap\/#respond"]}]},{"@type":"WebPage","@id":"https:\/\/favorite-news.com\/pt\/restauracao-e-alojamento-querem-novas-medidas-zap\/","url":"https:\/\/favorite-news.com\/pt\/restauracao-e-alojamento-querem-novas-medidas-zap\/","name":"Restaura\u00e7\u00e3o e alojamento querem novas medidas - ZAP - Favorite News","isPartOf":{"@id":"https:\/\/favorite-news.com\/pt\/#website"},"primaryImageOfPage":{"@id":"https:\/\/favorite-news.com\/pt\/restauracao-e-alojamento-querem-novas-medidas-zap\/#primaryimage"},"image":{"@id":"https:\/\/favorite-news.com\/pt\/restauracao-e-alojamento-querem-novas-medidas-zap\/#primaryimage"},"thumbnailUrl":"https:\/\/favorite-news.com\/pt\/wp-content\/uploads\/sites\/2\/2021\/07\/Restauracao-e-alojamento-querem-novas-medidas-ZAP.jpg","datePublished":"2021-07-13T08:37:34+00:00","dateModified":"2021-07-13T08:37:38+00:00","author":{"@id":"https:\/\/favorite-news.com\/pt\/#\/schema\/person\/b91573b717dcfa5e4696032a9d28d3e8"},"breadcrumb":{"@id":"https:\/\/favorite-news.com\/pt\/restauracao-e-alojamento-querem-novas-medidas-zap\/#breadcrumb"},"inLanguage":"pt-PT","potentialAction":[{"@type":"ReadAction","target":["https:\/\/favorite-news.com\/pt\/restauracao-e-alojamento-querem-novas-medidas-zap\/"]}]},{"@type":"ImageObject","inLanguage":"pt-PT","@id":"https:\/\/favorite-news.com\/pt\/restauracao-e-alojamento-querem-novas-medidas-zap\/#primaryimage","url":"https:\/\/favorite-news.com\/pt\/wp-content\/uploads\/sites\/2\/2021\/07\/Restauracao-e-alojamento-querem-novas-medidas-ZAP.jpg","contentUrl":"https:\/\/favorite-news.com\/pt\/wp-content\/uploads\/sites\/2\/2021\/07\/Restauracao-e-alojamento-querem-novas-medidas-ZAP.jpg","width":1200,"height":800,"caption":"Restaura\u00e7\u00e3o e alojamento querem novas medidas - ZAP"},{"@type":"BreadcrumbList","@id":"https:\/\/favorite-news.com\/pt\/restauracao-e-alojamento-querem-novas-medidas-zap\/#breadcrumb","itemListElement":[{"@type":"ListItem","position":1,"name":"Home","item":"https:\/\/favorite-news.com\/pt\/"},{"@type":"ListItem","position":2,"name":"Restaura\u00e7\u00e3o e alojamento querem novas medidas &#8211; ZAP"}]},{"@type":"WebSite","@id":"https:\/\/favorite-news.com\/pt\/#website","url":"https:\/\/favorite-news.com\/pt\/","name":"Favorite News","description":"Favorite News Portugal","potentialAction":[{"@type":"SearchAction","target":{"@type":"EntryPoint","urlTemplate":"https:\/\/favorite-news.com\/pt\/?s={search_term_string}"},"query-input":{"@type":"PropertyValueSpecification","valueRequired":true,"valueName":"search_term_string"}}],"inLanguage":"pt-PT"},{"@type":"Person","@id":"https:\/\/favorite-news.com\/pt\/#\/schema\/person\/b91573b717dcfa5e4696032a9d28d3e8","name":"favorite-news","image":{"@type":"ImageObject","inLanguage":"pt-PT","@id":"https:\/\/secure.gravatar.com\/avatar\/6c5a5cb12b74e9d517ee91cf570335b7d16177f1977cc91db161adfa435945a7?s=96&d=mm&r=g","url":"https:\/\/secure.gravatar.com\/avatar\/6c5a5cb12b74e9d517ee91cf570335b7d16177f1977cc91db161adfa435945a7?s=96&d=mm&r=g","contentUrl":"https:\/\/secure.gravatar.com\/avatar\/6c5a5cb12b74e9d517ee91cf570335b7d16177f1977cc91db161adfa435945a7?s=96&d=mm&r=g","caption":"favorite-news"},"url":"https:\/\/favorite-news.com\/pt\/author\/pt\/"}]}},"_links":{"self":[{"href":"https:\/\/favorite-news.com\/pt\/wp-json\/wp\/v2\/posts\/10751","targetHints":{"allow":["GET"]}}],"collection":[{"href":"https:\/\/favorite-news.com\/pt\/wp-json\/wp\/v2\/posts"}],"about":[{"href":"https:\/\/favorite-news.com\/pt\/wp-json\/wp\/v2\/types\/post"}],"author":[{"embeddable":true,"href":"https:\/\/favorite-news.com\/pt\/wp-json\/wp\/v2\/users\/2"}],"replies":[{"embeddable":true,"href":"https:\/\/favorite-news.com\/pt\/wp-json\/wp\/v2\/comments?post=10751"}],"version-history":[{"count":1,"href":"https:\/\/favorite-news.com\/pt\/wp-json\/wp\/v2\/posts\/10751\/revisions"}],"predecessor-version":[{"id":10753,"href":"https:\/\/favorite-news.com\/pt\/wp-json\/wp\/v2\/posts\/10751\/revisions\/10753"}],"wp:featuredmedia":[{"embeddable":true,"href":"https:\/\/favorite-news.com\/pt\/wp-json\/wp\/v2\/media\/10752"}],"wp:attachment":[{"href":"https:\/\/favorite-news.com\/pt\/wp-json\/wp\/v2\/media?parent=10751"}],"wp:term":[{"taxonomy":"category","embeddable":true,"href":"https:\/\/favorite-news.com\/pt\/wp-json\/wp\/v2\/categories?post=10751"},{"taxonomy":"post_tag","embeddable":true,"href":"https:\/\/favorite-news.com\/pt\/wp-json\/wp\/v2\/tags?post=10751"}],"curies":[{"name":"wp","href":"https:\/\/api.w.org\/{rel}","templated":true}]}}