{"id":10748,"date":"2021-07-13T08:12:42","date_gmt":"2021-07-13T05:12:42","guid":{"rendered":"https:\/\/favorite-news.com\/pt\/coca-cola-alarga-oferta-em-portugal-com-aposta-na-categoria-dos-sumos-de-frutas-meios-publicidade\/"},"modified":"2021-07-13T08:12:48","modified_gmt":"2021-07-13T05:12:48","slug":"coca-cola-alarga-oferta-em-portugal-com-aposta-na-categoria-dos-sumos-de-frutas-meios-publicidade","status":"publish","type":"post","link":"https:\/\/favorite-news.com\/pt\/coca-cola-alarga-oferta-em-portugal-com-aposta-na-categoria-dos-sumos-de-frutas-meios-publicidade\/","title":{"rendered":"Coca-Cola alarga oferta em Portugal com aposta na categoria dos sumos de frutas &#8211; Meios &#038; Publicidade"},"content":{"rendered":"<p>\t\t\tFRA<br \/>\nTropico \u00e9 a mais recente marca do grupo Coca-Cola a chegar ao mercado portugu\u00eas. Com produ\u00e7\u00e3o assegurada localmente, o objectivo \u00e9 \u201cmarcar presen\u00e7a em novas categorias, ocasi\u00f5es e momentos de consumo\u201d, aponta Rui Serpa, VP &amp; Country Director Portugal da Coca-Cola Europacific Partners. \u201cCom uma aposta cont\u00ednua no mercado portugu\u00eas, Tropico tem produ\u00e7\u00e3o local, dinamizando a economia portuguesa num per\u00edodo relevante, em que se assiste uma maior retrac\u00e7\u00e3o econ\u00f3mica\u201d, salienta o respons\u00e1vel sobre o lan\u00e7amento que, explica, \u201cvem completar a oferta de produtos Coca-Cola em Portugal\u201d.<br \/>\nDescrita como uma marca \u201ccom uma personalidade colorida e inclusiva, disposta a dinamizar o mercado de bebidas para toda a fam\u00edlia\u201d, Tropico \u00e9 uma refer\u00eancia cuja cria\u00e7\u00e3o remonta aos anos 80, apresentando-se como uma bebida de sumos de fruta sem g\u00e1s, chegando agora ao mercado nacional com tr\u00eas sabores: Tropical, com tons c\u00edtricos e tropicais de laranja, ma\u00e7\u00e3, kiwi, anan\u00e1s, maracuj\u00e1 e manga, Laranja e Limonada.<br \/>\nPara comunicar este lan\u00e7amento, arranca esta segunda-feira uma campanha multimeios, com presen\u00e7a em televis\u00e3o, outdoor e digital, sob o mote #Truecolors s\u00ea tu mesmo, focada no principal target da marca: a gera\u00e7\u00e3o Z. \u201cEsta campanha foi pensada para uma gera\u00e7\u00e3o de consumidores mais jovem, mais optimista e ousada. \u00c9 uma campanha multimeios que apresenta uma identidade singular, Tropico, True Colors, fun, urbana e popular e demonstra um novo territ\u00f3rio da nossa marca\u201d, explica Sandra Vera-Cruz, directora-geral da Coca-Cola Portugal. A campanha, desenvolvida internacionalmente, tem criatividade do Ores Group.<\/p>\n<p>\n<!--noindex--><br \/>\n<a href=\"https:\/\/www.meiosepublicidade.pt\/2021\/07\/coca-cola-alarga-oferta-em-portugal-com-aposta-na-categoria-dos-sumos-de-frutas\/?utm_source=rss&#038;utm_medium=rss&#038;utm_campaign=coca-cola-alarga-oferta-em-portugal-com-aposta-na-categoria-dos-sumos-de-frutas\" rel=\"nofollow\">Source link <\/a><br \/>\n<!--\/noindex--><\/p>\n","protected":false},"excerpt":{"rendered":"<p>FRA Tropico \u00e9 a mais recente marca do grupo Coca-Cola a chegar ao mercado portugu\u00eas. Com produ\u00e7\u00e3o assegurada localmente, o objectivo \u00e9 \u201cmarcar presen\u00e7a em novas categorias, ocasi\u00f5es e momentos de consumo\u201d, aponta Rui Serpa, VP &amp; Country Director Portugal da Coca-Cola Europacific Partners. \u201cCom uma aposta cont\u00ednua no mercado portugu\u00eas, Tropico tem produ\u00e7\u00e3o local, [&hellip;]<\/p>\n","protected":false},"author":2,"featured_media":10749,"comment_status":"open","ping_status":"open","sticky":false,"template":"","format":"standard","meta":{"footnotes":""},"categories":[3],"tags":[],"class_list":["post-10748","post","type-post","status-publish","format-standard","has-post-thumbnail","hentry","category-noticias-de-marketing-na-internet"],"yoast_head":"<!-- This site is optimized with the Yoast SEO plugin v27.4 - https:\/\/yoast.com\/product\/yoast-seo-wordpress\/ -->\n<title>Coca-Cola alarga oferta em Portugal com aposta na categoria dos sumos de frutas - Meios &amp; Publicidade - Favorite News<\/title>\n<meta name=\"robots\" content=\"index, follow, max-snippet:-1, max-image-preview:large, max-video-preview:-1\" \/>\n<link rel=\"canonical\" href=\"https:\/\/favorite-news.com\/pt\/coca-cola-alarga-oferta-em-portugal-com-aposta-na-categoria-dos-sumos-de-frutas-meios-publicidade\/\" \/>\n<meta property=\"og:locale\" content=\"pt_PT\" \/>\n<meta property=\"og:type\" content=\"article\" \/>\n<meta property=\"og:title\" content=\"Coca-Cola alarga oferta em Portugal com aposta na categoria dos sumos de frutas - Meios &amp; Publicidade - Favorite News\" \/>\n<meta property=\"og:description\" content=\"FRA Tropico \u00e9 a mais recente marca do grupo Coca-Cola a chegar ao mercado portugu\u00eas. Com produ\u00e7\u00e3o assegurada localmente, o objectivo \u00e9 \u201cmarcar presen\u00e7a em novas categorias, ocasi\u00f5es e momentos de consumo\u201d, aponta Rui Serpa, VP &amp; Country Director Portugal da Coca-Cola Europacific Partners. \u201cCom uma aposta cont\u00ednua no mercado portugu\u00eas, Tropico tem produ\u00e7\u00e3o local, [&hellip;]\" \/>\n<meta property=\"og:url\" content=\"https:\/\/favorite-news.com\/pt\/coca-cola-alarga-oferta-em-portugal-com-aposta-na-categoria-dos-sumos-de-frutas-meios-publicidade\/\" \/>\n<meta property=\"og:site_name\" content=\"Favorite News\" \/>\n<meta property=\"article:published_time\" content=\"2021-07-13T05:12:42+00:00\" \/>\n<meta property=\"article:modified_time\" content=\"2021-07-13T05:12:48+00:00\" \/>\n<meta property=\"og:image\" content=\"https:\/\/favorite-news.com\/pt\/wp-content\/uploads\/sites\/2\/2021\/07\/Coca-Cola-alarga-oferta-em-Portugal-com-aposta-na-categoria-dos.jpg\" \/>\n\t<meta property=\"og:image:width\" content=\"1920\" \/>\n\t<meta property=\"og:image:height\" content=\"1920\" \/>\n\t<meta property=\"og:image:type\" content=\"image\/jpeg\" \/>\n<meta name=\"author\" content=\"favorite-news\" \/>\n<meta name=\"twitter:card\" content=\"summary_large_image\" \/>\n<meta name=\"twitter:label1\" content=\"Escrito por\" \/>\n\t<meta name=\"twitter:data1\" content=\"favorite-news\" \/>\n\t<meta name=\"twitter:label2\" content=\"Tempo estimado de leitura\" \/>\n\t<meta name=\"twitter:data2\" content=\"1 minuto\" \/>\n<script type=\"application\/ld+json\" class=\"yoast-schema-graph\">{\"@context\":\"https:\\\/\\\/schema.org\",\"@graph\":[{\"@type\":\"Article\",\"@id\":\"https:\\\/\\\/favorite-news.com\\\/pt\\\/coca-cola-alarga-oferta-em-portugal-com-aposta-na-categoria-dos-sumos-de-frutas-meios-publicidade\\\/#article\",\"isPartOf\":{\"@id\":\"https:\\\/\\\/favorite-news.com\\\/pt\\\/coca-cola-alarga-oferta-em-portugal-com-aposta-na-categoria-dos-sumos-de-frutas-meios-publicidade\\\/\"},\"author\":{\"name\":\"favorite-news\",\"@id\":\"https:\\\/\\\/favorite-news.com\\\/pt\\\/#\\\/schema\\\/person\\\/b91573b717dcfa5e4696032a9d28d3e8\"},\"headline\":\"Coca-Cola alarga oferta em Portugal com aposta na categoria dos sumos de frutas &#8211; Meios &#038; Publicidade\",\"datePublished\":\"2021-07-13T05:12:42+00:00\",\"dateModified\":\"2021-07-13T05:12:48+00:00\",\"mainEntityOfPage\":{\"@id\":\"https:\\\/\\\/favorite-news.com\\\/pt\\\/coca-cola-alarga-oferta-em-portugal-com-aposta-na-categoria-dos-sumos-de-frutas-meios-publicidade\\\/\"},\"wordCount\":279,\"commentCount\":0,\"image\":{\"@id\":\"https:\\\/\\\/favorite-news.com\\\/pt\\\/coca-cola-alarga-oferta-em-portugal-com-aposta-na-categoria-dos-sumos-de-frutas-meios-publicidade\\\/#primaryimage\"},\"thumbnailUrl\":\"https:\\\/\\\/favorite-news.com\\\/pt\\\/wp-content\\\/uploads\\\/sites\\\/2\\\/2021\\\/07\\\/Coca-Cola-alarga-oferta-em-Portugal-com-aposta-na-categoria-dos.jpg\",\"articleSection\":[\"NOT\u00cdCIAS DE MARKETING NA INTERNET\"],\"inLanguage\":\"pt-PT\",\"potentialAction\":[{\"@type\":\"CommentAction\",\"name\":\"Comment\",\"target\":[\"https:\\\/\\\/favorite-news.com\\\/pt\\\/coca-cola-alarga-oferta-em-portugal-com-aposta-na-categoria-dos-sumos-de-frutas-meios-publicidade\\\/#respond\"]}]},{\"@type\":\"WebPage\",\"@id\":\"https:\\\/\\\/favorite-news.com\\\/pt\\\/coca-cola-alarga-oferta-em-portugal-com-aposta-na-categoria-dos-sumos-de-frutas-meios-publicidade\\\/\",\"url\":\"https:\\\/\\\/favorite-news.com\\\/pt\\\/coca-cola-alarga-oferta-em-portugal-com-aposta-na-categoria-dos-sumos-de-frutas-meios-publicidade\\\/\",\"name\":\"Coca-Cola alarga oferta em Portugal com aposta na categoria dos sumos de frutas - Meios & Publicidade - Favorite News\",\"isPartOf\":{\"@id\":\"https:\\\/\\\/favorite-news.com\\\/pt\\\/#website\"},\"primaryImageOfPage\":{\"@id\":\"https:\\\/\\\/favorite-news.com\\\/pt\\\/coca-cola-alarga-oferta-em-portugal-com-aposta-na-categoria-dos-sumos-de-frutas-meios-publicidade\\\/#primaryimage\"},\"image\":{\"@id\":\"https:\\\/\\\/favorite-news.com\\\/pt\\\/coca-cola-alarga-oferta-em-portugal-com-aposta-na-categoria-dos-sumos-de-frutas-meios-publicidade\\\/#primaryimage\"},\"thumbnailUrl\":\"https:\\\/\\\/favorite-news.com\\\/pt\\\/wp-content\\\/uploads\\\/sites\\\/2\\\/2021\\\/07\\\/Coca-Cola-alarga-oferta-em-Portugal-com-aposta-na-categoria-dos.jpg\",\"datePublished\":\"2021-07-13T05:12:42+00:00\",\"dateModified\":\"2021-07-13T05:12:48+00:00\",\"author\":{\"@id\":\"https:\\\/\\\/favorite-news.com\\\/pt\\\/#\\\/schema\\\/person\\\/b91573b717dcfa5e4696032a9d28d3e8\"},\"breadcrumb\":{\"@id\":\"https:\\\/\\\/favorite-news.com\\\/pt\\\/coca-cola-alarga-oferta-em-portugal-com-aposta-na-categoria-dos-sumos-de-frutas-meios-publicidade\\\/#breadcrumb\"},\"inLanguage\":\"pt-PT\",\"potentialAction\":[{\"@type\":\"ReadAction\",\"target\":[\"https:\\\/\\\/favorite-news.com\\\/pt\\\/coca-cola-alarga-oferta-em-portugal-com-aposta-na-categoria-dos-sumos-de-frutas-meios-publicidade\\\/\"]}]},{\"@type\":\"ImageObject\",\"inLanguage\":\"pt-PT\",\"@id\":\"https:\\\/\\\/favorite-news.com\\\/pt\\\/coca-cola-alarga-oferta-em-portugal-com-aposta-na-categoria-dos-sumos-de-frutas-meios-publicidade\\\/#primaryimage\",\"url\":\"https:\\\/\\\/favorite-news.com\\\/pt\\\/wp-content\\\/uploads\\\/sites\\\/2\\\/2021\\\/07\\\/Coca-Cola-alarga-oferta-em-Portugal-com-aposta-na-categoria-dos.jpg\",\"contentUrl\":\"https:\\\/\\\/favorite-news.com\\\/pt\\\/wp-content\\\/uploads\\\/sites\\\/2\\\/2021\\\/07\\\/Coca-Cola-alarga-oferta-em-Portugal-com-aposta-na-categoria-dos.jpg\",\"width\":1920,\"height\":1920,\"caption\":\"Coca-Cola alarga oferta em Portugal com aposta na categoria dos sumos de frutas - Meios & Publicidade\"},{\"@type\":\"BreadcrumbList\",\"@id\":\"https:\\\/\\\/favorite-news.com\\\/pt\\\/coca-cola-alarga-oferta-em-portugal-com-aposta-na-categoria-dos-sumos-de-frutas-meios-publicidade\\\/#breadcrumb\",\"itemListElement\":[{\"@type\":\"ListItem\",\"position\":1,\"name\":\"Home\",\"item\":\"https:\\\/\\\/favorite-news.com\\\/pt\\\/\"},{\"@type\":\"ListItem\",\"position\":2,\"name\":\"Coca-Cola alarga oferta em Portugal com aposta na categoria dos sumos de frutas &#8211; Meios &#038; Publicidade\"}]},{\"@type\":\"WebSite\",\"@id\":\"https:\\\/\\\/favorite-news.com\\\/pt\\\/#website\",\"url\":\"https:\\\/\\\/favorite-news.com\\\/pt\\\/\",\"name\":\"Favorite News\",\"description\":\"Favorite News Portugal\",\"potentialAction\":[{\"@type\":\"SearchAction\",\"target\":{\"@type\":\"EntryPoint\",\"urlTemplate\":\"https:\\\/\\\/favorite-news.com\\\/pt\\\/?s={search_term_string}\"},\"query-input\":{\"@type\":\"PropertyValueSpecification\",\"valueRequired\":true,\"valueName\":\"search_term_string\"}}],\"inLanguage\":\"pt-PT\"},{\"@type\":\"Person\",\"@id\":\"https:\\\/\\\/favorite-news.com\\\/pt\\\/#\\\/schema\\\/person\\\/b91573b717dcfa5e4696032a9d28d3e8\",\"name\":\"favorite-news\",\"image\":{\"@type\":\"ImageObject\",\"inLanguage\":\"pt-PT\",\"@id\":\"https:\\\/\\\/secure.gravatar.com\\\/avatar\\\/6c5a5cb12b74e9d517ee91cf570335b7d16177f1977cc91db161adfa435945a7?s=96&d=mm&r=g\",\"url\":\"https:\\\/\\\/secure.gravatar.com\\\/avatar\\\/6c5a5cb12b74e9d517ee91cf570335b7d16177f1977cc91db161adfa435945a7?s=96&d=mm&r=g\",\"contentUrl\":\"https:\\\/\\\/secure.gravatar.com\\\/avatar\\\/6c5a5cb12b74e9d517ee91cf570335b7d16177f1977cc91db161adfa435945a7?s=96&d=mm&r=g\",\"caption\":\"favorite-news\"},\"url\":\"https:\\\/\\\/favorite-news.com\\\/pt\\\/author\\\/pt\\\/\"}]}<\/script>\n<!-- \/ Yoast SEO plugin. -->","yoast_head_json":{"title":"Coca-Cola alarga oferta em Portugal com aposta na categoria dos sumos de frutas - Meios & Publicidade - Favorite News","robots":{"index":"index","follow":"follow","max-snippet":"max-snippet:-1","max-image-preview":"max-image-preview:large","max-video-preview":"max-video-preview:-1"},"canonical":"https:\/\/favorite-news.com\/pt\/coca-cola-alarga-oferta-em-portugal-com-aposta-na-categoria-dos-sumos-de-frutas-meios-publicidade\/","og_locale":"pt_PT","og_type":"article","og_title":"Coca-Cola alarga oferta em Portugal com aposta na categoria dos sumos de frutas - Meios & Publicidade - Favorite News","og_description":"FRA Tropico \u00e9 a mais recente marca do grupo Coca-Cola a chegar ao mercado portugu\u00eas. Com produ\u00e7\u00e3o assegurada localmente, o objectivo \u00e9 \u201cmarcar presen\u00e7a em novas categorias, ocasi\u00f5es e momentos de consumo\u201d, aponta Rui Serpa, VP &amp; Country Director Portugal da Coca-Cola Europacific Partners. \u201cCom uma aposta cont\u00ednua no mercado portugu\u00eas, Tropico tem produ\u00e7\u00e3o local, [&hellip;]","og_url":"https:\/\/favorite-news.com\/pt\/coca-cola-alarga-oferta-em-portugal-com-aposta-na-categoria-dos-sumos-de-frutas-meios-publicidade\/","og_site_name":"Favorite News","article_published_time":"2021-07-13T05:12:42+00:00","article_modified_time":"2021-07-13T05:12:48+00:00","og_image":[{"width":1920,"height":1920,"url":"https:\/\/favorite-news.com\/pt\/wp-content\/uploads\/sites\/2\/2021\/07\/Coca-Cola-alarga-oferta-em-Portugal-com-aposta-na-categoria-dos.jpg","type":"image\/jpeg"}],"author":"favorite-news","twitter_card":"summary_large_image","twitter_misc":{"Escrito por":"favorite-news","Tempo estimado de leitura":"1 minuto"},"schema":{"@context":"https:\/\/schema.org","@graph":[{"@type":"Article","@id":"https:\/\/favorite-news.com\/pt\/coca-cola-alarga-oferta-em-portugal-com-aposta-na-categoria-dos-sumos-de-frutas-meios-publicidade\/#article","isPartOf":{"@id":"https:\/\/favorite-news.com\/pt\/coca-cola-alarga-oferta-em-portugal-com-aposta-na-categoria-dos-sumos-de-frutas-meios-publicidade\/"},"author":{"name":"favorite-news","@id":"https:\/\/favorite-news.com\/pt\/#\/schema\/person\/b91573b717dcfa5e4696032a9d28d3e8"},"headline":"Coca-Cola alarga oferta em Portugal com aposta na categoria dos sumos de frutas &#8211; Meios &#038; Publicidade","datePublished":"2021-07-13T05:12:42+00:00","dateModified":"2021-07-13T05:12:48+00:00","mainEntityOfPage":{"@id":"https:\/\/favorite-news.com\/pt\/coca-cola-alarga-oferta-em-portugal-com-aposta-na-categoria-dos-sumos-de-frutas-meios-publicidade\/"},"wordCount":279,"commentCount":0,"image":{"@id":"https:\/\/favorite-news.com\/pt\/coca-cola-alarga-oferta-em-portugal-com-aposta-na-categoria-dos-sumos-de-frutas-meios-publicidade\/#primaryimage"},"thumbnailUrl":"https:\/\/favorite-news.com\/pt\/wp-content\/uploads\/sites\/2\/2021\/07\/Coca-Cola-alarga-oferta-em-Portugal-com-aposta-na-categoria-dos.jpg","articleSection":["NOT\u00cdCIAS DE MARKETING NA INTERNET"],"inLanguage":"pt-PT","potentialAction":[{"@type":"CommentAction","name":"Comment","target":["https:\/\/favorite-news.com\/pt\/coca-cola-alarga-oferta-em-portugal-com-aposta-na-categoria-dos-sumos-de-frutas-meios-publicidade\/#respond"]}]},{"@type":"WebPage","@id":"https:\/\/favorite-news.com\/pt\/coca-cola-alarga-oferta-em-portugal-com-aposta-na-categoria-dos-sumos-de-frutas-meios-publicidade\/","url":"https:\/\/favorite-news.com\/pt\/coca-cola-alarga-oferta-em-portugal-com-aposta-na-categoria-dos-sumos-de-frutas-meios-publicidade\/","name":"Coca-Cola alarga oferta em Portugal com aposta na categoria dos sumos de frutas - Meios & Publicidade - Favorite News","isPartOf":{"@id":"https:\/\/favorite-news.com\/pt\/#website"},"primaryImageOfPage":{"@id":"https:\/\/favorite-news.com\/pt\/coca-cola-alarga-oferta-em-portugal-com-aposta-na-categoria-dos-sumos-de-frutas-meios-publicidade\/#primaryimage"},"image":{"@id":"https:\/\/favorite-news.com\/pt\/coca-cola-alarga-oferta-em-portugal-com-aposta-na-categoria-dos-sumos-de-frutas-meios-publicidade\/#primaryimage"},"thumbnailUrl":"https:\/\/favorite-news.com\/pt\/wp-content\/uploads\/sites\/2\/2021\/07\/Coca-Cola-alarga-oferta-em-Portugal-com-aposta-na-categoria-dos.jpg","datePublished":"2021-07-13T05:12:42+00:00","dateModified":"2021-07-13T05:12:48+00:00","author":{"@id":"https:\/\/favorite-news.com\/pt\/#\/schema\/person\/b91573b717dcfa5e4696032a9d28d3e8"},"breadcrumb":{"@id":"https:\/\/favorite-news.com\/pt\/coca-cola-alarga-oferta-em-portugal-com-aposta-na-categoria-dos-sumos-de-frutas-meios-publicidade\/#breadcrumb"},"inLanguage":"pt-PT","potentialAction":[{"@type":"ReadAction","target":["https:\/\/favorite-news.com\/pt\/coca-cola-alarga-oferta-em-portugal-com-aposta-na-categoria-dos-sumos-de-frutas-meios-publicidade\/"]}]},{"@type":"ImageObject","inLanguage":"pt-PT","@id":"https:\/\/favorite-news.com\/pt\/coca-cola-alarga-oferta-em-portugal-com-aposta-na-categoria-dos-sumos-de-frutas-meios-publicidade\/#primaryimage","url":"https:\/\/favorite-news.com\/pt\/wp-content\/uploads\/sites\/2\/2021\/07\/Coca-Cola-alarga-oferta-em-Portugal-com-aposta-na-categoria-dos.jpg","contentUrl":"https:\/\/favorite-news.com\/pt\/wp-content\/uploads\/sites\/2\/2021\/07\/Coca-Cola-alarga-oferta-em-Portugal-com-aposta-na-categoria-dos.jpg","width":1920,"height":1920,"caption":"Coca-Cola alarga oferta em Portugal com aposta na categoria dos sumos de frutas - Meios & Publicidade"},{"@type":"BreadcrumbList","@id":"https:\/\/favorite-news.com\/pt\/coca-cola-alarga-oferta-em-portugal-com-aposta-na-categoria-dos-sumos-de-frutas-meios-publicidade\/#breadcrumb","itemListElement":[{"@type":"ListItem","position":1,"name":"Home","item":"https:\/\/favorite-news.com\/pt\/"},{"@type":"ListItem","position":2,"name":"Coca-Cola alarga oferta em Portugal com aposta na categoria dos sumos de frutas &#8211; Meios &#038; Publicidade"}]},{"@type":"WebSite","@id":"https:\/\/favorite-news.com\/pt\/#website","url":"https:\/\/favorite-news.com\/pt\/","name":"Favorite News","description":"Favorite News Portugal","potentialAction":[{"@type":"SearchAction","target":{"@type":"EntryPoint","urlTemplate":"https:\/\/favorite-news.com\/pt\/?s={search_term_string}"},"query-input":{"@type":"PropertyValueSpecification","valueRequired":true,"valueName":"search_term_string"}}],"inLanguage":"pt-PT"},{"@type":"Person","@id":"https:\/\/favorite-news.com\/pt\/#\/schema\/person\/b91573b717dcfa5e4696032a9d28d3e8","name":"favorite-news","image":{"@type":"ImageObject","inLanguage":"pt-PT","@id":"https:\/\/secure.gravatar.com\/avatar\/6c5a5cb12b74e9d517ee91cf570335b7d16177f1977cc91db161adfa435945a7?s=96&d=mm&r=g","url":"https:\/\/secure.gravatar.com\/avatar\/6c5a5cb12b74e9d517ee91cf570335b7d16177f1977cc91db161adfa435945a7?s=96&d=mm&r=g","contentUrl":"https:\/\/secure.gravatar.com\/avatar\/6c5a5cb12b74e9d517ee91cf570335b7d16177f1977cc91db161adfa435945a7?s=96&d=mm&r=g","caption":"favorite-news"},"url":"https:\/\/favorite-news.com\/pt\/author\/pt\/"}]}},"_links":{"self":[{"href":"https:\/\/favorite-news.com\/pt\/wp-json\/wp\/v2\/posts\/10748","targetHints":{"allow":["GET"]}}],"collection":[{"href":"https:\/\/favorite-news.com\/pt\/wp-json\/wp\/v2\/posts"}],"about":[{"href":"https:\/\/favorite-news.com\/pt\/wp-json\/wp\/v2\/types\/post"}],"author":[{"embeddable":true,"href":"https:\/\/favorite-news.com\/pt\/wp-json\/wp\/v2\/users\/2"}],"replies":[{"embeddable":true,"href":"https:\/\/favorite-news.com\/pt\/wp-json\/wp\/v2\/comments?post=10748"}],"version-history":[{"count":1,"href":"https:\/\/favorite-news.com\/pt\/wp-json\/wp\/v2\/posts\/10748\/revisions"}],"predecessor-version":[{"id":10750,"href":"https:\/\/favorite-news.com\/pt\/wp-json\/wp\/v2\/posts\/10748\/revisions\/10750"}],"wp:featuredmedia":[{"embeddable":true,"href":"https:\/\/favorite-news.com\/pt\/wp-json\/wp\/v2\/media\/10749"}],"wp:attachment":[{"href":"https:\/\/favorite-news.com\/pt\/wp-json\/wp\/v2\/media?parent=10748"}],"wp:term":[{"taxonomy":"category","embeddable":true,"href":"https:\/\/favorite-news.com\/pt\/wp-json\/wp\/v2\/categories?post=10748"},{"taxonomy":"post_tag","embeddable":true,"href":"https:\/\/favorite-news.com\/pt\/wp-json\/wp\/v2\/tags?post=10748"}],"curies":[{"name":"wp","href":"https:\/\/api.w.org\/{rel}","templated":true}]}}