{"id":10745,"date":"2021-07-12T23:36:10","date_gmt":"2021-07-12T20:36:10","guid":{"rendered":"https:\/\/favorite-news.com\/pt\/turismo-portugues-deve-voltar-a-numeros-pre-pandemia-em-2023-zap\/"},"modified":"2021-07-12T23:36:14","modified_gmt":"2021-07-12T20:36:14","slug":"turismo-portugues-deve-voltar-a-numeros-pre-pandemia-em-2023-zap","status":"publish","type":"post","link":"https:\/\/favorite-news.com\/pt\/turismo-portugues-deve-voltar-a-numeros-pre-pandemia-em-2023-zap\/","title":{"rendered":"Turismo portugu\u00eas deve voltar a n\u00fameros pr\u00e9-pandemia em 2023 &#8211; ZAP"},"content":{"rendered":"<p>(CC0\/PD) charloisporto \/ pixabay<br \/>\nO turismo em Portugal deve atingir, em 2023, os valores de 2019, pr\u00e9-pandemia de covid-19, anunciou hoje o presidente do Turismo de Portugal, Lu\u00eds Ara\u00fajo, na apresenta\u00e7\u00e3o em Ponta Delgada do programa \u201cReativar o Turismo. Construir o Futuro\u201d.<\/p>\n<p>\u201cA previs\u00e3o \u00e9 voltarmos a alcan\u00e7ar os n\u00fameros de 2019 em 2023\u201d, apontou Lu\u00eds Ara\u00fajo, defendendo que esta meta \u201c\u00e9 perfeitamente poss\u00edvel\u201d, embora, \u201cobviamente, muito sujeita \u00e0s condi\u00e7\u00f5es de conectividade e de mobilidade\u201d dos pr\u00f3ximos tempos.<br \/>\nPara o respons\u00e1vel, que falava hoje nos A\u00e7ores na apresenta\u00e7\u00e3o do plano de a\u00e7\u00e3o \u201cReativar o Turismo. Construir o Futuro\u201d, os sinais \u201cs\u00e3o muito positivos, em termos de vacina\u00e7\u00e3o, de abertura de outros mercados, de retoma da atividade normal\u201d.<br \/>\nTamb\u00e9m os indicadores atuais mostram uma \u201cenorme procura\u201d pelo destino, destacou o presidente do Turismo de Portugal.<\/p>\n<p>Com o plano \u201cReativar o Turismo. Construir o Futuro\u201d, as previs\u00f5es s\u00e3o de que o turismo portugu\u00eas atinja os 27 mil milh\u00f5es de euros de receitas em 2027.<br \/>\nEste programa assenta em quatro eixos \u2013 Construir o Futuro, Apoiar as Empresas, Gerar Neg\u00f3cio e Fomentar Seguran\u00e7a.<br \/>\nNo total, s\u00e3o 6.112 milh\u00f5es de euros, 4.075 milh\u00f5es dos quais s\u00e3o avan\u00e7ados pelo Banco Portugu\u00eas de Fomento.<br \/>\nCerca de metade da dota\u00e7\u00e3o total destina-se a apoiar as empresas, que recebem uma verba de tr\u00eas mil milh\u00f5es de euros, mas a constru\u00e7\u00e3o do futuro tamb\u00e9m leva uma grande fatia \u2013 2,5 mil milh\u00f5es de euros.<br \/>\nA secret\u00e1ria de Estado do Turismo, Rita Marques, reconheceu que \u201cvivemos tempos especialmente desafiantes\u201d, mas destacou os sinais de retoma, como o avan\u00e7o da vacina\u00e7\u00e3o contra a covid-19 e o facto de \u201cmais de dois milh\u00f5es de portugueses\u201d j\u00e1 terem o certificado digital covid-19 da Uni\u00e3o Europeia.<br \/>\nPara a respons\u00e1vel pela pasta do turismo, \u201cestamos a passar de um registo de sobreviv\u00eancia para um de viv\u00eancia\u201d.<br \/>\nE essa retoma faz-se com os olhos postos no futuro: \u201cN\u00e3o queremos recuar \u00e0 realidade de 2019. Queremos os n\u00fameros de 2019, \u00e9 verdade, mas queremos, sobretudo, olhar para a frente, olhar para o futuro\u201d.<br \/>\n\u201cQueremos um turismo mais sustent\u00e1vel, um turismo mais digital, um turismo que melhor se articule com os nossos valores aut\u00eanticos, com aquilo que \u00e9 mais genu\u00edno, com aquilo que vem da terra, e os A\u00e7ores t\u00eam aqui um potencial extraordin\u00e1rio\u201d, concretizou Rita Marques, hoje, em Ponta Delgada.<\/p>\n<p>\n<!--noindex--><br \/>\n<a href=\"https:\/\/zap.aeiou.pt\/turismo-numeros-pre-pandemia-2023-416641\" rel=\"nofollow\">Source link <\/a><br \/>\n<!--\/noindex--><\/p>\n","protected":false},"excerpt":{"rendered":"<p>(CC0\/PD) charloisporto \/ pixabay O turismo em Portugal deve atingir, em 2023, os valores de 2019, pr\u00e9-pandemia de covid-19, anunciou hoje o presidente do Turismo de Portugal, Lu\u00eds Ara\u00fajo, na apresenta\u00e7\u00e3o em Ponta Delgada do programa \u201cReativar o Turismo. Construir o Futuro\u201d. \u201cA previs\u00e3o \u00e9 voltarmos a alcan\u00e7ar os n\u00fameros de 2019 em 2023\u201d, apontou [&hellip;]<\/p>\n","protected":false},"author":2,"featured_media":10746,"comment_status":"open","ping_status":"open","sticky":false,"template":"","format":"standard","meta":{"footnotes":""},"categories":[1],"tags":[],"class_list":["post-10745","post","type-post","status-publish","format-standard","has-post-thumbnail","hentry","category-noticias-financeiras"],"yoast_head":"<!-- This site is optimized with the Yoast SEO plugin v27.4 - https:\/\/yoast.com\/product\/yoast-seo-wordpress\/ -->\n<title>Turismo portugu\u00eas deve voltar a n\u00fameros pr\u00e9-pandemia em 2023 - ZAP - Favorite News<\/title>\n<meta name=\"robots\" content=\"index, follow, max-snippet:-1, max-image-preview:large, max-video-preview:-1\" \/>\n<link rel=\"canonical\" href=\"https:\/\/favorite-news.com\/pt\/turismo-portugues-deve-voltar-a-numeros-pre-pandemia-em-2023-zap\/\" \/>\n<meta property=\"og:locale\" content=\"pt_PT\" \/>\n<meta property=\"og:type\" content=\"article\" \/>\n<meta property=\"og:title\" content=\"Turismo portugu\u00eas deve voltar a n\u00fameros pr\u00e9-pandemia em 2023 - ZAP - Favorite News\" \/>\n<meta property=\"og:description\" content=\"(CC0\/PD) charloisporto \/ pixabay O turismo em Portugal deve atingir, em 2023, os valores de 2019, pr\u00e9-pandemia de covid-19, anunciou hoje o presidente do Turismo de Portugal, Lu\u00eds Ara\u00fajo, na apresenta\u00e7\u00e3o em Ponta Delgada do programa \u201cReativar o Turismo. Construir o Futuro\u201d. \u201cA previs\u00e3o \u00e9 voltarmos a alcan\u00e7ar os n\u00fameros de 2019 em 2023\u201d, apontou [&hellip;]\" \/>\n<meta property=\"og:url\" content=\"https:\/\/favorite-news.com\/pt\/turismo-portugues-deve-voltar-a-numeros-pre-pandemia-em-2023-zap\/\" \/>\n<meta property=\"og:site_name\" content=\"Favorite News\" \/>\n<meta property=\"article:published_time\" content=\"2021-07-12T20:36:10+00:00\" \/>\n<meta property=\"article:modified_time\" content=\"2021-07-12T20:36:14+00:00\" \/>\n<meta property=\"og:image\" content=\"https:\/\/favorite-news.com\/pt\/wp-content\/uploads\/sites\/2\/2021\/07\/Turismo-portugues-deve-voltar-a-numeros-pre-pandemia-em-2023.jpg\" \/>\n\t<meta property=\"og:image:width\" content=\"1280\" \/>\n\t<meta property=\"og:image:height\" content=\"856\" \/>\n\t<meta property=\"og:image:type\" content=\"image\/jpeg\" \/>\n<meta name=\"author\" content=\"favorite-news\" \/>\n<meta name=\"twitter:card\" content=\"summary_large_image\" \/>\n<meta name=\"twitter:label1\" content=\"Escrito por\" \/>\n\t<meta name=\"twitter:data1\" content=\"favorite-news\" \/>\n\t<meta name=\"twitter:label2\" content=\"Tempo estimado de leitura\" \/>\n\t<meta name=\"twitter:data2\" content=\"2 minutos\" \/>\n<script type=\"application\/ld+json\" class=\"yoast-schema-graph\">{\"@context\":\"https:\\\/\\\/schema.org\",\"@graph\":[{\"@type\":\"Article\",\"@id\":\"https:\\\/\\\/favorite-news.com\\\/pt\\\/turismo-portugues-deve-voltar-a-numeros-pre-pandemia-em-2023-zap\\\/#article\",\"isPartOf\":{\"@id\":\"https:\\\/\\\/favorite-news.com\\\/pt\\\/turismo-portugues-deve-voltar-a-numeros-pre-pandemia-em-2023-zap\\\/\"},\"author\":{\"name\":\"favorite-news\",\"@id\":\"https:\\\/\\\/favorite-news.com\\\/pt\\\/#\\\/schema\\\/person\\\/b91573b717dcfa5e4696032a9d28d3e8\"},\"headline\":\"Turismo portugu\u00eas deve voltar a n\u00fameros pr\u00e9-pandemia em 2023 &#8211; ZAP\",\"datePublished\":\"2021-07-12T20:36:10+00:00\",\"dateModified\":\"2021-07-12T20:36:14+00:00\",\"mainEntityOfPage\":{\"@id\":\"https:\\\/\\\/favorite-news.com\\\/pt\\\/turismo-portugues-deve-voltar-a-numeros-pre-pandemia-em-2023-zap\\\/\"},\"wordCount\":433,\"commentCount\":0,\"image\":{\"@id\":\"https:\\\/\\\/favorite-news.com\\\/pt\\\/turismo-portugues-deve-voltar-a-numeros-pre-pandemia-em-2023-zap\\\/#primaryimage\"},\"thumbnailUrl\":\"https:\\\/\\\/favorite-news.com\\\/pt\\\/wp-content\\\/uploads\\\/sites\\\/2\\\/2021\\\/07\\\/Turismo-portugues-deve-voltar-a-numeros-pre-pandemia-em-2023.jpg\",\"articleSection\":[\"NOT\u00cdCIAS FINANCEIRAS\"],\"inLanguage\":\"pt-PT\",\"potentialAction\":[{\"@type\":\"CommentAction\",\"name\":\"Comment\",\"target\":[\"https:\\\/\\\/favorite-news.com\\\/pt\\\/turismo-portugues-deve-voltar-a-numeros-pre-pandemia-em-2023-zap\\\/#respond\"]}]},{\"@type\":\"WebPage\",\"@id\":\"https:\\\/\\\/favorite-news.com\\\/pt\\\/turismo-portugues-deve-voltar-a-numeros-pre-pandemia-em-2023-zap\\\/\",\"url\":\"https:\\\/\\\/favorite-news.com\\\/pt\\\/turismo-portugues-deve-voltar-a-numeros-pre-pandemia-em-2023-zap\\\/\",\"name\":\"Turismo portugu\u00eas deve voltar a n\u00fameros pr\u00e9-pandemia em 2023 - ZAP - Favorite News\",\"isPartOf\":{\"@id\":\"https:\\\/\\\/favorite-news.com\\\/pt\\\/#website\"},\"primaryImageOfPage\":{\"@id\":\"https:\\\/\\\/favorite-news.com\\\/pt\\\/turismo-portugues-deve-voltar-a-numeros-pre-pandemia-em-2023-zap\\\/#primaryimage\"},\"image\":{\"@id\":\"https:\\\/\\\/favorite-news.com\\\/pt\\\/turismo-portugues-deve-voltar-a-numeros-pre-pandemia-em-2023-zap\\\/#primaryimage\"},\"thumbnailUrl\":\"https:\\\/\\\/favorite-news.com\\\/pt\\\/wp-content\\\/uploads\\\/sites\\\/2\\\/2021\\\/07\\\/Turismo-portugues-deve-voltar-a-numeros-pre-pandemia-em-2023.jpg\",\"datePublished\":\"2021-07-12T20:36:10+00:00\",\"dateModified\":\"2021-07-12T20:36:14+00:00\",\"author\":{\"@id\":\"https:\\\/\\\/favorite-news.com\\\/pt\\\/#\\\/schema\\\/person\\\/b91573b717dcfa5e4696032a9d28d3e8\"},\"breadcrumb\":{\"@id\":\"https:\\\/\\\/favorite-news.com\\\/pt\\\/turismo-portugues-deve-voltar-a-numeros-pre-pandemia-em-2023-zap\\\/#breadcrumb\"},\"inLanguage\":\"pt-PT\",\"potentialAction\":[{\"@type\":\"ReadAction\",\"target\":[\"https:\\\/\\\/favorite-news.com\\\/pt\\\/turismo-portugues-deve-voltar-a-numeros-pre-pandemia-em-2023-zap\\\/\"]}]},{\"@type\":\"ImageObject\",\"inLanguage\":\"pt-PT\",\"@id\":\"https:\\\/\\\/favorite-news.com\\\/pt\\\/turismo-portugues-deve-voltar-a-numeros-pre-pandemia-em-2023-zap\\\/#primaryimage\",\"url\":\"https:\\\/\\\/favorite-news.com\\\/pt\\\/wp-content\\\/uploads\\\/sites\\\/2\\\/2021\\\/07\\\/Turismo-portugues-deve-voltar-a-numeros-pre-pandemia-em-2023.jpg\",\"contentUrl\":\"https:\\\/\\\/favorite-news.com\\\/pt\\\/wp-content\\\/uploads\\\/sites\\\/2\\\/2021\\\/07\\\/Turismo-portugues-deve-voltar-a-numeros-pre-pandemia-em-2023.jpg\",\"width\":1280,\"height\":856,\"caption\":\"Turismo portugu\u00eas deve voltar a n\u00fameros pr\u00e9-pandemia em 2023 - ZAP\"},{\"@type\":\"BreadcrumbList\",\"@id\":\"https:\\\/\\\/favorite-news.com\\\/pt\\\/turismo-portugues-deve-voltar-a-numeros-pre-pandemia-em-2023-zap\\\/#breadcrumb\",\"itemListElement\":[{\"@type\":\"ListItem\",\"position\":1,\"name\":\"Home\",\"item\":\"https:\\\/\\\/favorite-news.com\\\/pt\\\/\"},{\"@type\":\"ListItem\",\"position\":2,\"name\":\"Turismo portugu\u00eas deve voltar a n\u00fameros pr\u00e9-pandemia em 2023 &#8211; ZAP\"}]},{\"@type\":\"WebSite\",\"@id\":\"https:\\\/\\\/favorite-news.com\\\/pt\\\/#website\",\"url\":\"https:\\\/\\\/favorite-news.com\\\/pt\\\/\",\"name\":\"Favorite News\",\"description\":\"Favorite News Portugal\",\"potentialAction\":[{\"@type\":\"SearchAction\",\"target\":{\"@type\":\"EntryPoint\",\"urlTemplate\":\"https:\\\/\\\/favorite-news.com\\\/pt\\\/?s={search_term_string}\"},\"query-input\":{\"@type\":\"PropertyValueSpecification\",\"valueRequired\":true,\"valueName\":\"search_term_string\"}}],\"inLanguage\":\"pt-PT\"},{\"@type\":\"Person\",\"@id\":\"https:\\\/\\\/favorite-news.com\\\/pt\\\/#\\\/schema\\\/person\\\/b91573b717dcfa5e4696032a9d28d3e8\",\"name\":\"favorite-news\",\"image\":{\"@type\":\"ImageObject\",\"inLanguage\":\"pt-PT\",\"@id\":\"https:\\\/\\\/secure.gravatar.com\\\/avatar\\\/6c5a5cb12b74e9d517ee91cf570335b7d16177f1977cc91db161adfa435945a7?s=96&d=mm&r=g\",\"url\":\"https:\\\/\\\/secure.gravatar.com\\\/avatar\\\/6c5a5cb12b74e9d517ee91cf570335b7d16177f1977cc91db161adfa435945a7?s=96&d=mm&r=g\",\"contentUrl\":\"https:\\\/\\\/secure.gravatar.com\\\/avatar\\\/6c5a5cb12b74e9d517ee91cf570335b7d16177f1977cc91db161adfa435945a7?s=96&d=mm&r=g\",\"caption\":\"favorite-news\"},\"url\":\"https:\\\/\\\/favorite-news.com\\\/pt\\\/author\\\/pt\\\/\"}]}<\/script>\n<!-- \/ Yoast SEO plugin. -->","yoast_head_json":{"title":"Turismo portugu\u00eas deve voltar a n\u00fameros pr\u00e9-pandemia em 2023 - ZAP - Favorite News","robots":{"index":"index","follow":"follow","max-snippet":"max-snippet:-1","max-image-preview":"max-image-preview:large","max-video-preview":"max-video-preview:-1"},"canonical":"https:\/\/favorite-news.com\/pt\/turismo-portugues-deve-voltar-a-numeros-pre-pandemia-em-2023-zap\/","og_locale":"pt_PT","og_type":"article","og_title":"Turismo portugu\u00eas deve voltar a n\u00fameros pr\u00e9-pandemia em 2023 - ZAP - Favorite News","og_description":"(CC0\/PD) charloisporto \/ pixabay O turismo em Portugal deve atingir, em 2023, os valores de 2019, pr\u00e9-pandemia de covid-19, anunciou hoje o presidente do Turismo de Portugal, Lu\u00eds Ara\u00fajo, na apresenta\u00e7\u00e3o em Ponta Delgada do programa \u201cReativar o Turismo. Construir o Futuro\u201d. \u201cA previs\u00e3o \u00e9 voltarmos a alcan\u00e7ar os n\u00fameros de 2019 em 2023\u201d, apontou [&hellip;]","og_url":"https:\/\/favorite-news.com\/pt\/turismo-portugues-deve-voltar-a-numeros-pre-pandemia-em-2023-zap\/","og_site_name":"Favorite News","article_published_time":"2021-07-12T20:36:10+00:00","article_modified_time":"2021-07-12T20:36:14+00:00","og_image":[{"width":1280,"height":856,"url":"https:\/\/favorite-news.com\/pt\/wp-content\/uploads\/sites\/2\/2021\/07\/Turismo-portugues-deve-voltar-a-numeros-pre-pandemia-em-2023.jpg","type":"image\/jpeg"}],"author":"favorite-news","twitter_card":"summary_large_image","twitter_misc":{"Escrito por":"favorite-news","Tempo estimado de leitura":"2 minutos"},"schema":{"@context":"https:\/\/schema.org","@graph":[{"@type":"Article","@id":"https:\/\/favorite-news.com\/pt\/turismo-portugues-deve-voltar-a-numeros-pre-pandemia-em-2023-zap\/#article","isPartOf":{"@id":"https:\/\/favorite-news.com\/pt\/turismo-portugues-deve-voltar-a-numeros-pre-pandemia-em-2023-zap\/"},"author":{"name":"favorite-news","@id":"https:\/\/favorite-news.com\/pt\/#\/schema\/person\/b91573b717dcfa5e4696032a9d28d3e8"},"headline":"Turismo portugu\u00eas deve voltar a n\u00fameros pr\u00e9-pandemia em 2023 &#8211; ZAP","datePublished":"2021-07-12T20:36:10+00:00","dateModified":"2021-07-12T20:36:14+00:00","mainEntityOfPage":{"@id":"https:\/\/favorite-news.com\/pt\/turismo-portugues-deve-voltar-a-numeros-pre-pandemia-em-2023-zap\/"},"wordCount":433,"commentCount":0,"image":{"@id":"https:\/\/favorite-news.com\/pt\/turismo-portugues-deve-voltar-a-numeros-pre-pandemia-em-2023-zap\/#primaryimage"},"thumbnailUrl":"https:\/\/favorite-news.com\/pt\/wp-content\/uploads\/sites\/2\/2021\/07\/Turismo-portugues-deve-voltar-a-numeros-pre-pandemia-em-2023.jpg","articleSection":["NOT\u00cdCIAS FINANCEIRAS"],"inLanguage":"pt-PT","potentialAction":[{"@type":"CommentAction","name":"Comment","target":["https:\/\/favorite-news.com\/pt\/turismo-portugues-deve-voltar-a-numeros-pre-pandemia-em-2023-zap\/#respond"]}]},{"@type":"WebPage","@id":"https:\/\/favorite-news.com\/pt\/turismo-portugues-deve-voltar-a-numeros-pre-pandemia-em-2023-zap\/","url":"https:\/\/favorite-news.com\/pt\/turismo-portugues-deve-voltar-a-numeros-pre-pandemia-em-2023-zap\/","name":"Turismo portugu\u00eas deve voltar a n\u00fameros pr\u00e9-pandemia em 2023 - ZAP - Favorite News","isPartOf":{"@id":"https:\/\/favorite-news.com\/pt\/#website"},"primaryImageOfPage":{"@id":"https:\/\/favorite-news.com\/pt\/turismo-portugues-deve-voltar-a-numeros-pre-pandemia-em-2023-zap\/#primaryimage"},"image":{"@id":"https:\/\/favorite-news.com\/pt\/turismo-portugues-deve-voltar-a-numeros-pre-pandemia-em-2023-zap\/#primaryimage"},"thumbnailUrl":"https:\/\/favorite-news.com\/pt\/wp-content\/uploads\/sites\/2\/2021\/07\/Turismo-portugues-deve-voltar-a-numeros-pre-pandemia-em-2023.jpg","datePublished":"2021-07-12T20:36:10+00:00","dateModified":"2021-07-12T20:36:14+00:00","author":{"@id":"https:\/\/favorite-news.com\/pt\/#\/schema\/person\/b91573b717dcfa5e4696032a9d28d3e8"},"breadcrumb":{"@id":"https:\/\/favorite-news.com\/pt\/turismo-portugues-deve-voltar-a-numeros-pre-pandemia-em-2023-zap\/#breadcrumb"},"inLanguage":"pt-PT","potentialAction":[{"@type":"ReadAction","target":["https:\/\/favorite-news.com\/pt\/turismo-portugues-deve-voltar-a-numeros-pre-pandemia-em-2023-zap\/"]}]},{"@type":"ImageObject","inLanguage":"pt-PT","@id":"https:\/\/favorite-news.com\/pt\/turismo-portugues-deve-voltar-a-numeros-pre-pandemia-em-2023-zap\/#primaryimage","url":"https:\/\/favorite-news.com\/pt\/wp-content\/uploads\/sites\/2\/2021\/07\/Turismo-portugues-deve-voltar-a-numeros-pre-pandemia-em-2023.jpg","contentUrl":"https:\/\/favorite-news.com\/pt\/wp-content\/uploads\/sites\/2\/2021\/07\/Turismo-portugues-deve-voltar-a-numeros-pre-pandemia-em-2023.jpg","width":1280,"height":856,"caption":"Turismo portugu\u00eas deve voltar a n\u00fameros pr\u00e9-pandemia em 2023 - ZAP"},{"@type":"BreadcrumbList","@id":"https:\/\/favorite-news.com\/pt\/turismo-portugues-deve-voltar-a-numeros-pre-pandemia-em-2023-zap\/#breadcrumb","itemListElement":[{"@type":"ListItem","position":1,"name":"Home","item":"https:\/\/favorite-news.com\/pt\/"},{"@type":"ListItem","position":2,"name":"Turismo portugu\u00eas deve voltar a n\u00fameros pr\u00e9-pandemia em 2023 &#8211; ZAP"}]},{"@type":"WebSite","@id":"https:\/\/favorite-news.com\/pt\/#website","url":"https:\/\/favorite-news.com\/pt\/","name":"Favorite News","description":"Favorite News Portugal","potentialAction":[{"@type":"SearchAction","target":{"@type":"EntryPoint","urlTemplate":"https:\/\/favorite-news.com\/pt\/?s={search_term_string}"},"query-input":{"@type":"PropertyValueSpecification","valueRequired":true,"valueName":"search_term_string"}}],"inLanguage":"pt-PT"},{"@type":"Person","@id":"https:\/\/favorite-news.com\/pt\/#\/schema\/person\/b91573b717dcfa5e4696032a9d28d3e8","name":"favorite-news","image":{"@type":"ImageObject","inLanguage":"pt-PT","@id":"https:\/\/secure.gravatar.com\/avatar\/6c5a5cb12b74e9d517ee91cf570335b7d16177f1977cc91db161adfa435945a7?s=96&d=mm&r=g","url":"https:\/\/secure.gravatar.com\/avatar\/6c5a5cb12b74e9d517ee91cf570335b7d16177f1977cc91db161adfa435945a7?s=96&d=mm&r=g","contentUrl":"https:\/\/secure.gravatar.com\/avatar\/6c5a5cb12b74e9d517ee91cf570335b7d16177f1977cc91db161adfa435945a7?s=96&d=mm&r=g","caption":"favorite-news"},"url":"https:\/\/favorite-news.com\/pt\/author\/pt\/"}]}},"_links":{"self":[{"href":"https:\/\/favorite-news.com\/pt\/wp-json\/wp\/v2\/posts\/10745","targetHints":{"allow":["GET"]}}],"collection":[{"href":"https:\/\/favorite-news.com\/pt\/wp-json\/wp\/v2\/posts"}],"about":[{"href":"https:\/\/favorite-news.com\/pt\/wp-json\/wp\/v2\/types\/post"}],"author":[{"embeddable":true,"href":"https:\/\/favorite-news.com\/pt\/wp-json\/wp\/v2\/users\/2"}],"replies":[{"embeddable":true,"href":"https:\/\/favorite-news.com\/pt\/wp-json\/wp\/v2\/comments?post=10745"}],"version-history":[{"count":1,"href":"https:\/\/favorite-news.com\/pt\/wp-json\/wp\/v2\/posts\/10745\/revisions"}],"predecessor-version":[{"id":10747,"href":"https:\/\/favorite-news.com\/pt\/wp-json\/wp\/v2\/posts\/10745\/revisions\/10747"}],"wp:featuredmedia":[{"embeddable":true,"href":"https:\/\/favorite-news.com\/pt\/wp-json\/wp\/v2\/media\/10746"}],"wp:attachment":[{"href":"https:\/\/favorite-news.com\/pt\/wp-json\/wp\/v2\/media?parent=10745"}],"wp:term":[{"taxonomy":"category","embeddable":true,"href":"https:\/\/favorite-news.com\/pt\/wp-json\/wp\/v2\/categories?post=10745"},{"taxonomy":"post_tag","embeddable":true,"href":"https:\/\/favorite-news.com\/pt\/wp-json\/wp\/v2\/tags?post=10745"}],"curies":[{"name":"wp","href":"https:\/\/api.w.org\/{rel}","templated":true}]}}