{"id":10734,"date":"2021-07-11T23:31:14","date_gmt":"2021-07-11T20:31:14","guid":{"rendered":"https:\/\/favorite-news.com\/pt\/sr-ministro-maos-a-obra-pedro-nuno-e-costa-tracam-fasquia-alta-na-habitacao\/"},"modified":"2021-07-11T23:31:18","modified_gmt":"2021-07-11T20:31:18","slug":"sr-ministro-maos-a-obra-pedro-nuno-e-costa-tracam-fasquia-alta-na-habitacao","status":"publish","type":"post","link":"https:\/\/favorite-news.com\/pt\/sr-ministro-maos-a-obra-pedro-nuno-e-costa-tracam-fasquia-alta-na-habitacao\/","title":{"rendered":"&#8220;Sr. ministro, m\u00e3os \u00e0 obra.&#8221; Pedro Nuno e Costa tra\u00e7am fasquia alta na habita\u00e7\u00e3o"},"content":{"rendered":"<p>M\u00e1rio Cruz \/ Lusa<br \/>\nS\u00f3 na parte da habita\u00e7\u00e3o, o ministro das Infraestruturas tem 16% das verbas do Plano de Recupera\u00e7\u00e3o e Resili\u00eancia (PRR) para executar.<\/p>\n<p>No final da assinatura de protocolos entre o minist\u00e9rio das Infraestruturas e Habita\u00e7\u00e3o e da Defesa, para a ced\u00eancia de edif\u00edcios militares com vista \u00e0 habita\u00e7\u00e3o, Ant\u00f3nio Costa disse a Pedro Nuno Santos: \u201cSenhor ministro, m\u00e3os \u00e0 obra porque temos um calend\u00e1rio muito exigente a cumprir e uma grande ambi\u00e7\u00e3o que \u00e9 assegurar habita\u00e7\u00e3o condigna.\u201d<br \/>\nSegundo o Expresso, o objetivo do primeiro-ministro \u00e9 garantir habita\u00e7\u00e3o para 26 mil fam\u00edlias nos 50 anos do 25 de abril. Contudo, com o dinheiro do PRR, Costa quer ir al\u00e9m das 26 mil casas.<br \/>\n\u201cNos sete contratos j\u00e1 assinados, temos um investimento para 25.800 fogos, que ultrapassam aquilo que foi previsto em 2018. Da\u00ed a import\u00e2ncia deste programa. Temos de financiar mais de 26 mil fogos\u201d, argumentou.<\/p>\n<p>A fasquia na \u00e1rea da habita\u00e7\u00e3o \u00e9 alta e Pedro Nuno Santos, apesar de querer fazer uma \u201crevolu\u00e7\u00e3o\u201d, avisa que \u201cn\u00e3o h\u00e1 bala de prata\u201d. \u201cNesta grande colabora\u00e7\u00e3o vamos conseguir vencer um dos maiores atrasos que temos em termos de pol\u00edtica p\u00fablica coletiva. \u00c9 uma revolu\u00e7\u00e3o que estamos a fazer\u201d, disse o ministro.<br \/>\nO seman\u00e1rio adianta que, no total, para investimentos via Instituto da Habita\u00e7\u00e3o e Reabilita\u00e7\u00e3o Urbana (IHRU), h\u00e1 2.162 milh\u00f5es de euros para os tr\u00eas programas de habita\u00e7\u00e3o: 1.\u00ba Direito, o programa de apoio ao acesso \u00e0 educa\u00e7\u00e3o; parque p\u00fablico, que \u00e9 a reabilita\u00e7\u00e3o e constru\u00e7\u00e3o de habita\u00e7\u00e3o do Estado; e Bolsa Nacional de Alojamento Urgente e Tempor\u00e1rio).<br \/>\nCom este investimento, o PRR pode assim pagar os 26 mil fogos.<br \/>\n\u201cFomos os primeiros a entregar o PRR, fomos os primeiros a ter luz verde da Comiss\u00e3o Europeia e seremos dos primeiros a ter o nosso plano aprovado pelos ministros das Finan\u00e7as da Uni\u00e3o Europeia no pr\u00f3ximo dia 13. Mas, agora, temos de ser os melhores a p\u00f4r em a\u00e7\u00e3o este PRR\u201d, acrescentou ainda Ant\u00f3nio Costa, esta sexta-feira.<br \/>\nNo seu discurso, o primeiro-ministro acrescentou que o plano \u201cn\u00e3o parte do zero, porque est\u00e1 ancorado nas op\u00e7\u00f5es estrat\u00e9gicas definidas na anterior legislatura\u201d, dando como exemplo \u201co objetivo de uma nova gera\u00e7\u00e3o de pol\u00edticas de habita\u00e7\u00e3o\u201d.<br \/>\n\u201cO investimento em habita\u00e7\u00e3o resolve desde logo um problema fundamental: O direito \u00e0 habita\u00e7\u00e3o. Mas este investimento tem uma componente de ativa\u00e7\u00e3o econ\u00f3mica e de potencial absor\u00e7\u00e3o do desemprego muito significativo. \u00c9 urgente que exista impacto econ\u00f3mico r\u00e1pido neste processo de recupera\u00e7\u00e3o\u201d, salientou.<\/p>\n<p>\n<!--noindex--><br \/>\n<a href=\"https:\/\/zap.aeiou.pt\/pedro-nuno-e-costa-revolucao-habitacao-416243\" rel=\"nofollow\">Source link <\/a><br \/>\n<!--\/noindex--><\/p>\n","protected":false},"excerpt":{"rendered":"<p>M\u00e1rio Cruz \/ Lusa S\u00f3 na parte da habita\u00e7\u00e3o, o ministro das Infraestruturas tem 16% das verbas do Plano de Recupera\u00e7\u00e3o e Resili\u00eancia (PRR) para executar. No final da assinatura de protocolos entre o minist\u00e9rio das Infraestruturas e Habita\u00e7\u00e3o e da Defesa, para a ced\u00eancia de edif\u00edcios militares com vista \u00e0 habita\u00e7\u00e3o, Ant\u00f3nio Costa disse [&hellip;]<\/p>\n","protected":false},"author":2,"featured_media":10735,"comment_status":"open","ping_status":"open","sticky":false,"template":"","format":"standard","meta":{"footnotes":""},"categories":[1],"tags":[],"class_list":["post-10734","post","type-post","status-publish","format-standard","has-post-thumbnail","hentry","category-noticias-financeiras"],"yoast_head":"<!-- This site is optimized with the Yoast SEO plugin v27.4 - https:\/\/yoast.com\/product\/yoast-seo-wordpress\/ -->\n<title>&quot;Sr. ministro, m\u00e3os \u00e0 obra.&quot; Pedro Nuno e Costa tra\u00e7am fasquia alta na habita\u00e7\u00e3o - Favorite News<\/title>\n<meta name=\"robots\" content=\"index, follow, max-snippet:-1, max-image-preview:large, max-video-preview:-1\" \/>\n<link rel=\"canonical\" href=\"https:\/\/favorite-news.com\/pt\/sr-ministro-maos-a-obra-pedro-nuno-e-costa-tracam-fasquia-alta-na-habitacao\/\" \/>\n<meta property=\"og:locale\" content=\"pt_PT\" \/>\n<meta property=\"og:type\" content=\"article\" \/>\n<meta property=\"og:title\" content=\"&quot;Sr. ministro, m\u00e3os \u00e0 obra.&quot; Pedro Nuno e Costa tra\u00e7am fasquia alta na habita\u00e7\u00e3o - Favorite News\" \/>\n<meta property=\"og:description\" content=\"M\u00e1rio Cruz \/ Lusa S\u00f3 na parte da habita\u00e7\u00e3o, o ministro das Infraestruturas tem 16% das verbas do Plano de Recupera\u00e7\u00e3o e Resili\u00eancia (PRR) para executar. No final da assinatura de protocolos entre o minist\u00e9rio das Infraestruturas e Habita\u00e7\u00e3o e da Defesa, para a ced\u00eancia de edif\u00edcios militares com vista \u00e0 habita\u00e7\u00e3o, Ant\u00f3nio Costa disse [&hellip;]\" \/>\n<meta property=\"og:url\" content=\"https:\/\/favorite-news.com\/pt\/sr-ministro-maos-a-obra-pedro-nuno-e-costa-tracam-fasquia-alta-na-habitacao\/\" \/>\n<meta property=\"og:site_name\" content=\"Favorite News\" \/>\n<meta property=\"article:published_time\" content=\"2021-07-11T20:31:14+00:00\" \/>\n<meta property=\"article:modified_time\" content=\"2021-07-11T20:31:18+00:00\" \/>\n<meta property=\"og:image\" content=\"https:\/\/favorite-news.com\/pt\/wp-content\/uploads\/sites\/2\/2021\/07\/Sr-ministro-maos-a-obra-Pedro-Nuno-e-Costa-tracam.jpg\" \/>\n\t<meta property=\"og:image:width\" content=\"1200\" \/>\n\t<meta property=\"og:image:height\" content=\"800\" \/>\n\t<meta property=\"og:image:type\" content=\"image\/jpeg\" \/>\n<meta name=\"author\" content=\"favorite-news\" \/>\n<meta name=\"twitter:card\" content=\"summary_large_image\" \/>\n<meta name=\"twitter:label1\" content=\"Escrito por\" \/>\n\t<meta name=\"twitter:data1\" content=\"favorite-news\" \/>\n\t<meta name=\"twitter:label2\" content=\"Tempo estimado de leitura\" \/>\n\t<meta name=\"twitter:data2\" content=\"2 minutos\" \/>\n<script type=\"application\/ld+json\" class=\"yoast-schema-graph\">{\"@context\":\"https:\\\/\\\/schema.org\",\"@graph\":[{\"@type\":\"Article\",\"@id\":\"https:\\\/\\\/favorite-news.com\\\/pt\\\/sr-ministro-maos-a-obra-pedro-nuno-e-costa-tracam-fasquia-alta-na-habitacao\\\/#article\",\"isPartOf\":{\"@id\":\"https:\\\/\\\/favorite-news.com\\\/pt\\\/sr-ministro-maos-a-obra-pedro-nuno-e-costa-tracam-fasquia-alta-na-habitacao\\\/\"},\"author\":{\"name\":\"favorite-news\",\"@id\":\"https:\\\/\\\/favorite-news.com\\\/pt\\\/#\\\/schema\\\/person\\\/b91573b717dcfa5e4696032a9d28d3e8\"},\"headline\":\"&#8220;Sr. ministro, m\u00e3os \u00e0 obra.&#8221; Pedro Nuno e Costa tra\u00e7am fasquia alta na habita\u00e7\u00e3o\",\"datePublished\":\"2021-07-11T20:31:14+00:00\",\"dateModified\":\"2021-07-11T20:31:18+00:00\",\"mainEntityOfPage\":{\"@id\":\"https:\\\/\\\/favorite-news.com\\\/pt\\\/sr-ministro-maos-a-obra-pedro-nuno-e-costa-tracam-fasquia-alta-na-habitacao\\\/\"},\"wordCount\":460,\"commentCount\":0,\"image\":{\"@id\":\"https:\\\/\\\/favorite-news.com\\\/pt\\\/sr-ministro-maos-a-obra-pedro-nuno-e-costa-tracam-fasquia-alta-na-habitacao\\\/#primaryimage\"},\"thumbnailUrl\":\"https:\\\/\\\/favorite-news.com\\\/pt\\\/wp-content\\\/uploads\\\/sites\\\/2\\\/2021\\\/07\\\/Sr-ministro-maos-a-obra-Pedro-Nuno-e-Costa-tracam.jpg\",\"articleSection\":[\"NOT\u00cdCIAS FINANCEIRAS\"],\"inLanguage\":\"pt-PT\",\"potentialAction\":[{\"@type\":\"CommentAction\",\"name\":\"Comment\",\"target\":[\"https:\\\/\\\/favorite-news.com\\\/pt\\\/sr-ministro-maos-a-obra-pedro-nuno-e-costa-tracam-fasquia-alta-na-habitacao\\\/#respond\"]}]},{\"@type\":\"WebPage\",\"@id\":\"https:\\\/\\\/favorite-news.com\\\/pt\\\/sr-ministro-maos-a-obra-pedro-nuno-e-costa-tracam-fasquia-alta-na-habitacao\\\/\",\"url\":\"https:\\\/\\\/favorite-news.com\\\/pt\\\/sr-ministro-maos-a-obra-pedro-nuno-e-costa-tracam-fasquia-alta-na-habitacao\\\/\",\"name\":\"\\\"Sr. ministro, m\u00e3os \u00e0 obra.\\\" Pedro Nuno e Costa tra\u00e7am fasquia alta na habita\u00e7\u00e3o - Favorite News\",\"isPartOf\":{\"@id\":\"https:\\\/\\\/favorite-news.com\\\/pt\\\/#website\"},\"primaryImageOfPage\":{\"@id\":\"https:\\\/\\\/favorite-news.com\\\/pt\\\/sr-ministro-maos-a-obra-pedro-nuno-e-costa-tracam-fasquia-alta-na-habitacao\\\/#primaryimage\"},\"image\":{\"@id\":\"https:\\\/\\\/favorite-news.com\\\/pt\\\/sr-ministro-maos-a-obra-pedro-nuno-e-costa-tracam-fasquia-alta-na-habitacao\\\/#primaryimage\"},\"thumbnailUrl\":\"https:\\\/\\\/favorite-news.com\\\/pt\\\/wp-content\\\/uploads\\\/sites\\\/2\\\/2021\\\/07\\\/Sr-ministro-maos-a-obra-Pedro-Nuno-e-Costa-tracam.jpg\",\"datePublished\":\"2021-07-11T20:31:14+00:00\",\"dateModified\":\"2021-07-11T20:31:18+00:00\",\"author\":{\"@id\":\"https:\\\/\\\/favorite-news.com\\\/pt\\\/#\\\/schema\\\/person\\\/b91573b717dcfa5e4696032a9d28d3e8\"},\"breadcrumb\":{\"@id\":\"https:\\\/\\\/favorite-news.com\\\/pt\\\/sr-ministro-maos-a-obra-pedro-nuno-e-costa-tracam-fasquia-alta-na-habitacao\\\/#breadcrumb\"},\"inLanguage\":\"pt-PT\",\"potentialAction\":[{\"@type\":\"ReadAction\",\"target\":[\"https:\\\/\\\/favorite-news.com\\\/pt\\\/sr-ministro-maos-a-obra-pedro-nuno-e-costa-tracam-fasquia-alta-na-habitacao\\\/\"]}]},{\"@type\":\"ImageObject\",\"inLanguage\":\"pt-PT\",\"@id\":\"https:\\\/\\\/favorite-news.com\\\/pt\\\/sr-ministro-maos-a-obra-pedro-nuno-e-costa-tracam-fasquia-alta-na-habitacao\\\/#primaryimage\",\"url\":\"https:\\\/\\\/favorite-news.com\\\/pt\\\/wp-content\\\/uploads\\\/sites\\\/2\\\/2021\\\/07\\\/Sr-ministro-maos-a-obra-Pedro-Nuno-e-Costa-tracam.jpg\",\"contentUrl\":\"https:\\\/\\\/favorite-news.com\\\/pt\\\/wp-content\\\/uploads\\\/sites\\\/2\\\/2021\\\/07\\\/Sr-ministro-maos-a-obra-Pedro-Nuno-e-Costa-tracam.jpg\",\"width\":1200,\"height\":800,\"caption\":\"\\\"Sr. ministro, m\u00e3os \u00e0 obra.\\\" Pedro Nuno e Costa tra\u00e7am fasquia alta na habita\u00e7\u00e3o\"},{\"@type\":\"BreadcrumbList\",\"@id\":\"https:\\\/\\\/favorite-news.com\\\/pt\\\/sr-ministro-maos-a-obra-pedro-nuno-e-costa-tracam-fasquia-alta-na-habitacao\\\/#breadcrumb\",\"itemListElement\":[{\"@type\":\"ListItem\",\"position\":1,\"name\":\"Home\",\"item\":\"https:\\\/\\\/favorite-news.com\\\/pt\\\/\"},{\"@type\":\"ListItem\",\"position\":2,\"name\":\"&#8220;Sr. ministro, m\u00e3os \u00e0 obra.&#8221; Pedro Nuno e Costa tra\u00e7am fasquia alta na habita\u00e7\u00e3o\"}]},{\"@type\":\"WebSite\",\"@id\":\"https:\\\/\\\/favorite-news.com\\\/pt\\\/#website\",\"url\":\"https:\\\/\\\/favorite-news.com\\\/pt\\\/\",\"name\":\"Favorite News\",\"description\":\"Favorite News Portugal\",\"potentialAction\":[{\"@type\":\"SearchAction\",\"target\":{\"@type\":\"EntryPoint\",\"urlTemplate\":\"https:\\\/\\\/favorite-news.com\\\/pt\\\/?s={search_term_string}\"},\"query-input\":{\"@type\":\"PropertyValueSpecification\",\"valueRequired\":true,\"valueName\":\"search_term_string\"}}],\"inLanguage\":\"pt-PT\"},{\"@type\":\"Person\",\"@id\":\"https:\\\/\\\/favorite-news.com\\\/pt\\\/#\\\/schema\\\/person\\\/b91573b717dcfa5e4696032a9d28d3e8\",\"name\":\"favorite-news\",\"image\":{\"@type\":\"ImageObject\",\"inLanguage\":\"pt-PT\",\"@id\":\"https:\\\/\\\/secure.gravatar.com\\\/avatar\\\/6c5a5cb12b74e9d517ee91cf570335b7d16177f1977cc91db161adfa435945a7?s=96&d=mm&r=g\",\"url\":\"https:\\\/\\\/secure.gravatar.com\\\/avatar\\\/6c5a5cb12b74e9d517ee91cf570335b7d16177f1977cc91db161adfa435945a7?s=96&d=mm&r=g\",\"contentUrl\":\"https:\\\/\\\/secure.gravatar.com\\\/avatar\\\/6c5a5cb12b74e9d517ee91cf570335b7d16177f1977cc91db161adfa435945a7?s=96&d=mm&r=g\",\"caption\":\"favorite-news\"},\"url\":\"https:\\\/\\\/favorite-news.com\\\/pt\\\/author\\\/pt\\\/\"}]}<\/script>\n<!-- \/ Yoast SEO plugin. -->","yoast_head_json":{"title":"\"Sr. ministro, m\u00e3os \u00e0 obra.\" Pedro Nuno e Costa tra\u00e7am fasquia alta na habita\u00e7\u00e3o - Favorite News","robots":{"index":"index","follow":"follow","max-snippet":"max-snippet:-1","max-image-preview":"max-image-preview:large","max-video-preview":"max-video-preview:-1"},"canonical":"https:\/\/favorite-news.com\/pt\/sr-ministro-maos-a-obra-pedro-nuno-e-costa-tracam-fasquia-alta-na-habitacao\/","og_locale":"pt_PT","og_type":"article","og_title":"\"Sr. ministro, m\u00e3os \u00e0 obra.\" Pedro Nuno e Costa tra\u00e7am fasquia alta na habita\u00e7\u00e3o - Favorite News","og_description":"M\u00e1rio Cruz \/ Lusa S\u00f3 na parte da habita\u00e7\u00e3o, o ministro das Infraestruturas tem 16% das verbas do Plano de Recupera\u00e7\u00e3o e Resili\u00eancia (PRR) para executar. No final da assinatura de protocolos entre o minist\u00e9rio das Infraestruturas e Habita\u00e7\u00e3o e da Defesa, para a ced\u00eancia de edif\u00edcios militares com vista \u00e0 habita\u00e7\u00e3o, Ant\u00f3nio Costa disse [&hellip;]","og_url":"https:\/\/favorite-news.com\/pt\/sr-ministro-maos-a-obra-pedro-nuno-e-costa-tracam-fasquia-alta-na-habitacao\/","og_site_name":"Favorite News","article_published_time":"2021-07-11T20:31:14+00:00","article_modified_time":"2021-07-11T20:31:18+00:00","og_image":[{"width":1200,"height":800,"url":"https:\/\/favorite-news.com\/pt\/wp-content\/uploads\/sites\/2\/2021\/07\/Sr-ministro-maos-a-obra-Pedro-Nuno-e-Costa-tracam.jpg","type":"image\/jpeg"}],"author":"favorite-news","twitter_card":"summary_large_image","twitter_misc":{"Escrito por":"favorite-news","Tempo estimado de leitura":"2 minutos"},"schema":{"@context":"https:\/\/schema.org","@graph":[{"@type":"Article","@id":"https:\/\/favorite-news.com\/pt\/sr-ministro-maos-a-obra-pedro-nuno-e-costa-tracam-fasquia-alta-na-habitacao\/#article","isPartOf":{"@id":"https:\/\/favorite-news.com\/pt\/sr-ministro-maos-a-obra-pedro-nuno-e-costa-tracam-fasquia-alta-na-habitacao\/"},"author":{"name":"favorite-news","@id":"https:\/\/favorite-news.com\/pt\/#\/schema\/person\/b91573b717dcfa5e4696032a9d28d3e8"},"headline":"&#8220;Sr. ministro, m\u00e3os \u00e0 obra.&#8221; Pedro Nuno e Costa tra\u00e7am fasquia alta na habita\u00e7\u00e3o","datePublished":"2021-07-11T20:31:14+00:00","dateModified":"2021-07-11T20:31:18+00:00","mainEntityOfPage":{"@id":"https:\/\/favorite-news.com\/pt\/sr-ministro-maos-a-obra-pedro-nuno-e-costa-tracam-fasquia-alta-na-habitacao\/"},"wordCount":460,"commentCount":0,"image":{"@id":"https:\/\/favorite-news.com\/pt\/sr-ministro-maos-a-obra-pedro-nuno-e-costa-tracam-fasquia-alta-na-habitacao\/#primaryimage"},"thumbnailUrl":"https:\/\/favorite-news.com\/pt\/wp-content\/uploads\/sites\/2\/2021\/07\/Sr-ministro-maos-a-obra-Pedro-Nuno-e-Costa-tracam.jpg","articleSection":["NOT\u00cdCIAS FINANCEIRAS"],"inLanguage":"pt-PT","potentialAction":[{"@type":"CommentAction","name":"Comment","target":["https:\/\/favorite-news.com\/pt\/sr-ministro-maos-a-obra-pedro-nuno-e-costa-tracam-fasquia-alta-na-habitacao\/#respond"]}]},{"@type":"WebPage","@id":"https:\/\/favorite-news.com\/pt\/sr-ministro-maos-a-obra-pedro-nuno-e-costa-tracam-fasquia-alta-na-habitacao\/","url":"https:\/\/favorite-news.com\/pt\/sr-ministro-maos-a-obra-pedro-nuno-e-costa-tracam-fasquia-alta-na-habitacao\/","name":"\"Sr. ministro, m\u00e3os \u00e0 obra.\" Pedro Nuno e Costa tra\u00e7am fasquia alta na habita\u00e7\u00e3o - Favorite News","isPartOf":{"@id":"https:\/\/favorite-news.com\/pt\/#website"},"primaryImageOfPage":{"@id":"https:\/\/favorite-news.com\/pt\/sr-ministro-maos-a-obra-pedro-nuno-e-costa-tracam-fasquia-alta-na-habitacao\/#primaryimage"},"image":{"@id":"https:\/\/favorite-news.com\/pt\/sr-ministro-maos-a-obra-pedro-nuno-e-costa-tracam-fasquia-alta-na-habitacao\/#primaryimage"},"thumbnailUrl":"https:\/\/favorite-news.com\/pt\/wp-content\/uploads\/sites\/2\/2021\/07\/Sr-ministro-maos-a-obra-Pedro-Nuno-e-Costa-tracam.jpg","datePublished":"2021-07-11T20:31:14+00:00","dateModified":"2021-07-11T20:31:18+00:00","author":{"@id":"https:\/\/favorite-news.com\/pt\/#\/schema\/person\/b91573b717dcfa5e4696032a9d28d3e8"},"breadcrumb":{"@id":"https:\/\/favorite-news.com\/pt\/sr-ministro-maos-a-obra-pedro-nuno-e-costa-tracam-fasquia-alta-na-habitacao\/#breadcrumb"},"inLanguage":"pt-PT","potentialAction":[{"@type":"ReadAction","target":["https:\/\/favorite-news.com\/pt\/sr-ministro-maos-a-obra-pedro-nuno-e-costa-tracam-fasquia-alta-na-habitacao\/"]}]},{"@type":"ImageObject","inLanguage":"pt-PT","@id":"https:\/\/favorite-news.com\/pt\/sr-ministro-maos-a-obra-pedro-nuno-e-costa-tracam-fasquia-alta-na-habitacao\/#primaryimage","url":"https:\/\/favorite-news.com\/pt\/wp-content\/uploads\/sites\/2\/2021\/07\/Sr-ministro-maos-a-obra-Pedro-Nuno-e-Costa-tracam.jpg","contentUrl":"https:\/\/favorite-news.com\/pt\/wp-content\/uploads\/sites\/2\/2021\/07\/Sr-ministro-maos-a-obra-Pedro-Nuno-e-Costa-tracam.jpg","width":1200,"height":800,"caption":"\"Sr. ministro, m\u00e3os \u00e0 obra.\" Pedro Nuno e Costa tra\u00e7am fasquia alta na habita\u00e7\u00e3o"},{"@type":"BreadcrumbList","@id":"https:\/\/favorite-news.com\/pt\/sr-ministro-maos-a-obra-pedro-nuno-e-costa-tracam-fasquia-alta-na-habitacao\/#breadcrumb","itemListElement":[{"@type":"ListItem","position":1,"name":"Home","item":"https:\/\/favorite-news.com\/pt\/"},{"@type":"ListItem","position":2,"name":"&#8220;Sr. ministro, m\u00e3os \u00e0 obra.&#8221; Pedro Nuno e Costa tra\u00e7am fasquia alta na habita\u00e7\u00e3o"}]},{"@type":"WebSite","@id":"https:\/\/favorite-news.com\/pt\/#website","url":"https:\/\/favorite-news.com\/pt\/","name":"Favorite News","description":"Favorite News Portugal","potentialAction":[{"@type":"SearchAction","target":{"@type":"EntryPoint","urlTemplate":"https:\/\/favorite-news.com\/pt\/?s={search_term_string}"},"query-input":{"@type":"PropertyValueSpecification","valueRequired":true,"valueName":"search_term_string"}}],"inLanguage":"pt-PT"},{"@type":"Person","@id":"https:\/\/favorite-news.com\/pt\/#\/schema\/person\/b91573b717dcfa5e4696032a9d28d3e8","name":"favorite-news","image":{"@type":"ImageObject","inLanguage":"pt-PT","@id":"https:\/\/secure.gravatar.com\/avatar\/6c5a5cb12b74e9d517ee91cf570335b7d16177f1977cc91db161adfa435945a7?s=96&d=mm&r=g","url":"https:\/\/secure.gravatar.com\/avatar\/6c5a5cb12b74e9d517ee91cf570335b7d16177f1977cc91db161adfa435945a7?s=96&d=mm&r=g","contentUrl":"https:\/\/secure.gravatar.com\/avatar\/6c5a5cb12b74e9d517ee91cf570335b7d16177f1977cc91db161adfa435945a7?s=96&d=mm&r=g","caption":"favorite-news"},"url":"https:\/\/favorite-news.com\/pt\/author\/pt\/"}]}},"_links":{"self":[{"href":"https:\/\/favorite-news.com\/pt\/wp-json\/wp\/v2\/posts\/10734","targetHints":{"allow":["GET"]}}],"collection":[{"href":"https:\/\/favorite-news.com\/pt\/wp-json\/wp\/v2\/posts"}],"about":[{"href":"https:\/\/favorite-news.com\/pt\/wp-json\/wp\/v2\/types\/post"}],"author":[{"embeddable":true,"href":"https:\/\/favorite-news.com\/pt\/wp-json\/wp\/v2\/users\/2"}],"replies":[{"embeddable":true,"href":"https:\/\/favorite-news.com\/pt\/wp-json\/wp\/v2\/comments?post=10734"}],"version-history":[{"count":1,"href":"https:\/\/favorite-news.com\/pt\/wp-json\/wp\/v2\/posts\/10734\/revisions"}],"predecessor-version":[{"id":10736,"href":"https:\/\/favorite-news.com\/pt\/wp-json\/wp\/v2\/posts\/10734\/revisions\/10736"}],"wp:featuredmedia":[{"embeddable":true,"href":"https:\/\/favorite-news.com\/pt\/wp-json\/wp\/v2\/media\/10735"}],"wp:attachment":[{"href":"https:\/\/favorite-news.com\/pt\/wp-json\/wp\/v2\/media?parent=10734"}],"wp:term":[{"taxonomy":"category","embeddable":true,"href":"https:\/\/favorite-news.com\/pt\/wp-json\/wp\/v2\/categories?post=10734"},{"taxonomy":"post_tag","embeddable":true,"href":"https:\/\/favorite-news.com\/pt\/wp-json\/wp\/v2\/tags?post=10734"}],"curies":[{"name":"wp","href":"https:\/\/api.w.org\/{rel}","templated":true}]}}