{"id":10728,"date":"2021-07-11T11:30:25","date_gmt":"2021-07-11T08:30:25","guid":{"rendered":"https:\/\/favorite-news.com\/pt\/costa-e-silva-diz-que-portugal-corre-o-risco-de-nao-executar-o-prr-zap\/"},"modified":"2021-07-11T11:30:30","modified_gmt":"2021-07-11T08:30:30","slug":"costa-e-silva-diz-que-portugal-corre-o-risco-de-nao-executar-o-prr-zap","status":"publish","type":"post","link":"https:\/\/favorite-news.com\/pt\/costa-e-silva-diz-que-portugal-corre-o-risco-de-nao-executar-o-prr-zap\/","title":{"rendered":"Costa e Silva diz que Portugal corre o risco de n\u00e3o executar o PRR &#8211; ZAP"},"content":{"rendered":"<p>Jos\u00e9 Sena Goul\u00e3o \/ LusaAnt\u00f3nio Costa Silva, conselheiro do Governo<br \/>\nAnt\u00f3nio Costa e Silva, presidente da Comiss\u00e3o de Acompanhamento do Plano de Recupera\u00e7\u00e3o e Resili\u00eancia, defende que Portugal corre o risco de n\u00e3o executar o plano, se n\u00e3o se agilizarem processos e burocracia.<\/p>\n<p>O presidente da Comiss\u00e3o de Acompanhamento do Plano de Recupera\u00e7\u00e3o e Resili\u00eancia (PRR), Ant\u00f3nio Costa e Silva, defendeu esta sexta-feira que o pa\u00eds corre o risco de n\u00e3o executar o Plano de Recupera\u00e7\u00e3o e Resili\u00eancia (PRR), se n\u00e3o se agilizarem processos e burocracia.<br \/>\n\u201cEstou convicto que se n\u00f3s adotarmos o mesmo modelo [do passado], se demorarmos oito, 10, 15 meses a responder aos projetos que s\u00e3o apresentados, se n\u00e3o simplificarmos o licenciamento, se a carga burocr\u00e1tica, que hoje existe, ainda for acrescida; n\u00f3s n\u00e3o vamos conseguir executar este plano\u201d, afirmou.<br \/>\nCosta e Silva falava na Covilh\u00e3, distrito de Castelo Branco, durante o 1.\u00ba Encontro de Trabalho \u2013 Vis\u00e3o Estrat\u00e9gica para a Beira Interior 2030, iniciativa organizada pela Associa\u00e7\u00e3o Empresarial da Beira Baixa (AEBB), Associa\u00e7\u00e3o Empresarial da Regi\u00e3o da Guarda (NERGA) e pelo Movimento Empres\u00e1rios P\u2019la Subsist\u00eancia do Interior, com o objetivo de encontrar propostas concretas e exequ\u00edveis que permitam convergir a regi\u00e3o (ao n\u00edvel econ\u00f3mico, social e demogr\u00e1fico) com o resto do pa\u00eds.<\/p>\n<p>Convidado especial da sess\u00e3o, o gestor que esteve na base da vis\u00e3o Estrat\u00e9gica 2020-2030, defendeu que o PRR \u00e9 uma \u201coportunidade significativa\u201d, mas tamb\u00e9m chamou a aten\u00e7\u00e3o para o facto de o pa\u00eds ainda ter 10 mil milh\u00f5es de euros para executar dos fundos comunit\u00e1rios do programa Portugal 2020.<br \/>\nLembrando que ao valor do PRR se junta ainda a verba do novo quadro financeiro plurianual, Ant\u00f3nio Costa e Silva disse que todos se devem \u201cmobilizar e articular\u201d para que os recursos possam ser aplicados da forma \u201cmais reprodutiva poss\u00edvel\u201d. \u201cA maneira mais importante para se implementar este programa \u00e9 gerar confian\u00e7a\u201c, acrescentou.<br \/>\nAssumiu ainda a import\u00e2ncia de se o Governo ter acolhido a sugest\u00e3o de fazer um portal da transpar\u00eancia, onde os fundos e as taxas de execu\u00e7\u00e3o ser\u00e3o reportados e os crit\u00e9rios explicados.<br \/>\nRessalvando que n\u00e3o tem fun\u00e7\u00f5es executivas ao n\u00edvel da gest\u00e3o do PRR, Costa e Silva explicou que tem tentado sensibilizar o Governo para que a necessidade de descentralizar o modelo de operacionaliza\u00e7\u00e3o do PRR, associando ao processo os \u00f3rg\u00e3os regionais e locais, comiss\u00f5es de coordena\u00e7\u00e3o e desenvolvimento e regional e empresas.<br \/>\nA quest\u00e3o dos prazos foi tamb\u00e9m uma das preocupa\u00e7\u00f5es apresentadas nesta sess\u00e3o pelo presidente da Comunidade Intermunicipal das Beiras e Serra da Estrela, Lu\u00eds Tadeu, que lembrou que \u201ch\u00e1 muito pouco tempo\u201d para executar projetos.<br \/>\n\u201cQue os prazos de an\u00e1lises n\u00e3o se percam por teias imensas de \u2018pergunta agora e pergunta a seguir\u2019 que nunca mais chegam ao fim\u201d, apelou.<br \/>\nLu\u00eds Tadeu defendeu ainda a import\u00e2ncia de os avisos de candidaturas serem \u201cclaros e inequ\u00edvocos\u201d quanto ao que \u00e9 pretendido, de modo a que empresas, autarquias e todos os interessados possam apresentar candidaturas.<br \/>\nPortugal foi o primeiro Estado-membro a entregar formalmente em Bruxelas o seu PRR, tendo sido tamb\u00e9m o primeiro a ter aval da Comiss\u00e3o Europeia, em 16 de junho passado.<\/p>\n<p>O Plano de Recupera\u00e7\u00e3o e Resili\u00eancia prev\u00ea reformas e investimentos nas \u00e1reas sociais, clima e digitaliza\u00e7\u00e3o no valor de 16,6 mil milh\u00f5es de euros, dos quais 13,9 mil milh\u00f5es de euros dizem respeito a subven\u00e7\u00f5es a fundo perdido.<br \/>\nO per\u00edodo de execu\u00e7\u00e3o \u00e9 at\u00e9 2026, estando previsto um conjunto de reformas e investimentos para alavancar o crescimento econ\u00f3mico.<\/p>\n<p>\n<!--noindex--><br \/>\n<a href=\"https:\/\/zap.aeiou.pt\/costa-e-silva-risco-de-nao-executar-prr-416218\" rel=\"nofollow\">Source link <\/a><br \/>\n<!--\/noindex--><\/p>\n","protected":false},"excerpt":{"rendered":"<p>Jos\u00e9 Sena Goul\u00e3o \/ LusaAnt\u00f3nio Costa Silva, conselheiro do Governo Ant\u00f3nio Costa e Silva, presidente da Comiss\u00e3o de Acompanhamento do Plano de Recupera\u00e7\u00e3o e Resili\u00eancia, defende que Portugal corre o risco de n\u00e3o executar o plano, se n\u00e3o se agilizarem processos e burocracia. O presidente da Comiss\u00e3o de Acompanhamento do Plano de Recupera\u00e7\u00e3o e Resili\u00eancia [&hellip;]<\/p>\n","protected":false},"author":2,"featured_media":10729,"comment_status":"open","ping_status":"open","sticky":false,"template":"","format":"standard","meta":{"footnotes":""},"categories":[1],"tags":[],"class_list":["post-10728","post","type-post","status-publish","format-standard","has-post-thumbnail","hentry","category-noticias-financeiras"],"yoast_head":"<!-- This site is optimized with the Yoast SEO plugin v27.4 - https:\/\/yoast.com\/product\/yoast-seo-wordpress\/ -->\n<title>Costa e Silva diz que Portugal corre o risco de n\u00e3o executar o PRR - ZAP - Favorite News<\/title>\n<meta name=\"robots\" content=\"index, follow, max-snippet:-1, max-image-preview:large, max-video-preview:-1\" \/>\n<link rel=\"canonical\" href=\"https:\/\/favorite-news.com\/pt\/costa-e-silva-diz-que-portugal-corre-o-risco-de-nao-executar-o-prr-zap\/\" \/>\n<meta property=\"og:locale\" content=\"pt_PT\" \/>\n<meta property=\"og:type\" content=\"article\" \/>\n<meta property=\"og:title\" content=\"Costa e Silva diz que Portugal corre o risco de n\u00e3o executar o PRR - ZAP - Favorite News\" \/>\n<meta property=\"og:description\" content=\"Jos\u00e9 Sena Goul\u00e3o \/ LusaAnt\u00f3nio Costa Silva, conselheiro do Governo Ant\u00f3nio Costa e Silva, presidente da Comiss\u00e3o de Acompanhamento do Plano de Recupera\u00e7\u00e3o e Resili\u00eancia, defende que Portugal corre o risco de n\u00e3o executar o plano, se n\u00e3o se agilizarem processos e burocracia. O presidente da Comiss\u00e3o de Acompanhamento do Plano de Recupera\u00e7\u00e3o e Resili\u00eancia [&hellip;]\" \/>\n<meta property=\"og:url\" content=\"https:\/\/favorite-news.com\/pt\/costa-e-silva-diz-que-portugal-corre-o-risco-de-nao-executar-o-prr-zap\/\" \/>\n<meta property=\"og:site_name\" content=\"Favorite News\" \/>\n<meta property=\"article:published_time\" content=\"2021-07-11T08:30:25+00:00\" \/>\n<meta property=\"article:modified_time\" content=\"2021-07-11T08:30:30+00:00\" \/>\n<meta property=\"og:image\" content=\"https:\/\/favorite-news.com\/pt\/wp-content\/uploads\/sites\/2\/2021\/07\/Costa-e-Silva-diz-que-Portugal-corre-o-risco-de.jpg\" \/>\n\t<meta property=\"og:image:width\" content=\"1200\" \/>\n\t<meta property=\"og:image:height\" content=\"800\" \/>\n\t<meta property=\"og:image:type\" content=\"image\/jpeg\" \/>\n<meta name=\"author\" content=\"favorite-news\" \/>\n<meta name=\"twitter:card\" content=\"summary_large_image\" \/>\n<meta name=\"twitter:label1\" content=\"Escrito por\" \/>\n\t<meta name=\"twitter:data1\" content=\"favorite-news\" \/>\n\t<meta name=\"twitter:label2\" content=\"Tempo estimado de leitura\" \/>\n\t<meta name=\"twitter:data2\" content=\"3 minutos\" \/>\n<script type=\"application\/ld+json\" class=\"yoast-schema-graph\">{\"@context\":\"https:\\\/\\\/schema.org\",\"@graph\":[{\"@type\":\"Article\",\"@id\":\"https:\\\/\\\/favorite-news.com\\\/pt\\\/costa-e-silva-diz-que-portugal-corre-o-risco-de-nao-executar-o-prr-zap\\\/#article\",\"isPartOf\":{\"@id\":\"https:\\\/\\\/favorite-news.com\\\/pt\\\/costa-e-silva-diz-que-portugal-corre-o-risco-de-nao-executar-o-prr-zap\\\/\"},\"author\":{\"name\":\"favorite-news\",\"@id\":\"https:\\\/\\\/favorite-news.com\\\/pt\\\/#\\\/schema\\\/person\\\/b91573b717dcfa5e4696032a9d28d3e8\"},\"headline\":\"Costa e Silva diz que Portugal corre o risco de n\u00e3o executar o PRR &#8211; ZAP\",\"datePublished\":\"2021-07-11T08:30:25+00:00\",\"dateModified\":\"2021-07-11T08:30:30+00:00\",\"mainEntityOfPage\":{\"@id\":\"https:\\\/\\\/favorite-news.com\\\/pt\\\/costa-e-silva-diz-que-portugal-corre-o-risco-de-nao-executar-o-prr-zap\\\/\"},\"wordCount\":657,\"commentCount\":0,\"image\":{\"@id\":\"https:\\\/\\\/favorite-news.com\\\/pt\\\/costa-e-silva-diz-que-portugal-corre-o-risco-de-nao-executar-o-prr-zap\\\/#primaryimage\"},\"thumbnailUrl\":\"https:\\\/\\\/favorite-news.com\\\/pt\\\/wp-content\\\/uploads\\\/sites\\\/2\\\/2021\\\/07\\\/Costa-e-Silva-diz-que-Portugal-corre-o-risco-de.jpg\",\"articleSection\":[\"NOT\u00cdCIAS FINANCEIRAS\"],\"inLanguage\":\"pt-PT\",\"potentialAction\":[{\"@type\":\"CommentAction\",\"name\":\"Comment\",\"target\":[\"https:\\\/\\\/favorite-news.com\\\/pt\\\/costa-e-silva-diz-que-portugal-corre-o-risco-de-nao-executar-o-prr-zap\\\/#respond\"]}]},{\"@type\":\"WebPage\",\"@id\":\"https:\\\/\\\/favorite-news.com\\\/pt\\\/costa-e-silva-diz-que-portugal-corre-o-risco-de-nao-executar-o-prr-zap\\\/\",\"url\":\"https:\\\/\\\/favorite-news.com\\\/pt\\\/costa-e-silva-diz-que-portugal-corre-o-risco-de-nao-executar-o-prr-zap\\\/\",\"name\":\"Costa e Silva diz que Portugal corre o risco de n\u00e3o executar o PRR - ZAP - Favorite News\",\"isPartOf\":{\"@id\":\"https:\\\/\\\/favorite-news.com\\\/pt\\\/#website\"},\"primaryImageOfPage\":{\"@id\":\"https:\\\/\\\/favorite-news.com\\\/pt\\\/costa-e-silva-diz-que-portugal-corre-o-risco-de-nao-executar-o-prr-zap\\\/#primaryimage\"},\"image\":{\"@id\":\"https:\\\/\\\/favorite-news.com\\\/pt\\\/costa-e-silva-diz-que-portugal-corre-o-risco-de-nao-executar-o-prr-zap\\\/#primaryimage\"},\"thumbnailUrl\":\"https:\\\/\\\/favorite-news.com\\\/pt\\\/wp-content\\\/uploads\\\/sites\\\/2\\\/2021\\\/07\\\/Costa-e-Silva-diz-que-Portugal-corre-o-risco-de.jpg\",\"datePublished\":\"2021-07-11T08:30:25+00:00\",\"dateModified\":\"2021-07-11T08:30:30+00:00\",\"author\":{\"@id\":\"https:\\\/\\\/favorite-news.com\\\/pt\\\/#\\\/schema\\\/person\\\/b91573b717dcfa5e4696032a9d28d3e8\"},\"breadcrumb\":{\"@id\":\"https:\\\/\\\/favorite-news.com\\\/pt\\\/costa-e-silva-diz-que-portugal-corre-o-risco-de-nao-executar-o-prr-zap\\\/#breadcrumb\"},\"inLanguage\":\"pt-PT\",\"potentialAction\":[{\"@type\":\"ReadAction\",\"target\":[\"https:\\\/\\\/favorite-news.com\\\/pt\\\/costa-e-silva-diz-que-portugal-corre-o-risco-de-nao-executar-o-prr-zap\\\/\"]}]},{\"@type\":\"ImageObject\",\"inLanguage\":\"pt-PT\",\"@id\":\"https:\\\/\\\/favorite-news.com\\\/pt\\\/costa-e-silva-diz-que-portugal-corre-o-risco-de-nao-executar-o-prr-zap\\\/#primaryimage\",\"url\":\"https:\\\/\\\/favorite-news.com\\\/pt\\\/wp-content\\\/uploads\\\/sites\\\/2\\\/2021\\\/07\\\/Costa-e-Silva-diz-que-Portugal-corre-o-risco-de.jpg\",\"contentUrl\":\"https:\\\/\\\/favorite-news.com\\\/pt\\\/wp-content\\\/uploads\\\/sites\\\/2\\\/2021\\\/07\\\/Costa-e-Silva-diz-que-Portugal-corre-o-risco-de.jpg\",\"width\":1200,\"height\":800,\"caption\":\"Costa e Silva diz que Portugal corre o risco de n\u00e3o executar o PRR - ZAP\"},{\"@type\":\"BreadcrumbList\",\"@id\":\"https:\\\/\\\/favorite-news.com\\\/pt\\\/costa-e-silva-diz-que-portugal-corre-o-risco-de-nao-executar-o-prr-zap\\\/#breadcrumb\",\"itemListElement\":[{\"@type\":\"ListItem\",\"position\":1,\"name\":\"Home\",\"item\":\"https:\\\/\\\/favorite-news.com\\\/pt\\\/\"},{\"@type\":\"ListItem\",\"position\":2,\"name\":\"Costa e Silva diz que Portugal corre o risco de n\u00e3o executar o PRR &#8211; ZAP\"}]},{\"@type\":\"WebSite\",\"@id\":\"https:\\\/\\\/favorite-news.com\\\/pt\\\/#website\",\"url\":\"https:\\\/\\\/favorite-news.com\\\/pt\\\/\",\"name\":\"Favorite News\",\"description\":\"Favorite News Portugal\",\"potentialAction\":[{\"@type\":\"SearchAction\",\"target\":{\"@type\":\"EntryPoint\",\"urlTemplate\":\"https:\\\/\\\/favorite-news.com\\\/pt\\\/?s={search_term_string}\"},\"query-input\":{\"@type\":\"PropertyValueSpecification\",\"valueRequired\":true,\"valueName\":\"search_term_string\"}}],\"inLanguage\":\"pt-PT\"},{\"@type\":\"Person\",\"@id\":\"https:\\\/\\\/favorite-news.com\\\/pt\\\/#\\\/schema\\\/person\\\/b91573b717dcfa5e4696032a9d28d3e8\",\"name\":\"favorite-news\",\"image\":{\"@type\":\"ImageObject\",\"inLanguage\":\"pt-PT\",\"@id\":\"https:\\\/\\\/secure.gravatar.com\\\/avatar\\\/6c5a5cb12b74e9d517ee91cf570335b7d16177f1977cc91db161adfa435945a7?s=96&d=mm&r=g\",\"url\":\"https:\\\/\\\/secure.gravatar.com\\\/avatar\\\/6c5a5cb12b74e9d517ee91cf570335b7d16177f1977cc91db161adfa435945a7?s=96&d=mm&r=g\",\"contentUrl\":\"https:\\\/\\\/secure.gravatar.com\\\/avatar\\\/6c5a5cb12b74e9d517ee91cf570335b7d16177f1977cc91db161adfa435945a7?s=96&d=mm&r=g\",\"caption\":\"favorite-news\"},\"url\":\"https:\\\/\\\/favorite-news.com\\\/pt\\\/author\\\/pt\\\/\"}]}<\/script>\n<!-- \/ Yoast SEO plugin. -->","yoast_head_json":{"title":"Costa e Silva diz que Portugal corre o risco de n\u00e3o executar o PRR - ZAP - Favorite News","robots":{"index":"index","follow":"follow","max-snippet":"max-snippet:-1","max-image-preview":"max-image-preview:large","max-video-preview":"max-video-preview:-1"},"canonical":"https:\/\/favorite-news.com\/pt\/costa-e-silva-diz-que-portugal-corre-o-risco-de-nao-executar-o-prr-zap\/","og_locale":"pt_PT","og_type":"article","og_title":"Costa e Silva diz que Portugal corre o risco de n\u00e3o executar o PRR - ZAP - Favorite News","og_description":"Jos\u00e9 Sena Goul\u00e3o \/ LusaAnt\u00f3nio Costa Silva, conselheiro do Governo Ant\u00f3nio Costa e Silva, presidente da Comiss\u00e3o de Acompanhamento do Plano de Recupera\u00e7\u00e3o e Resili\u00eancia, defende que Portugal corre o risco de n\u00e3o executar o plano, se n\u00e3o se agilizarem processos e burocracia. O presidente da Comiss\u00e3o de Acompanhamento do Plano de Recupera\u00e7\u00e3o e Resili\u00eancia [&hellip;]","og_url":"https:\/\/favorite-news.com\/pt\/costa-e-silva-diz-que-portugal-corre-o-risco-de-nao-executar-o-prr-zap\/","og_site_name":"Favorite News","article_published_time":"2021-07-11T08:30:25+00:00","article_modified_time":"2021-07-11T08:30:30+00:00","og_image":[{"width":1200,"height":800,"url":"https:\/\/favorite-news.com\/pt\/wp-content\/uploads\/sites\/2\/2021\/07\/Costa-e-Silva-diz-que-Portugal-corre-o-risco-de.jpg","type":"image\/jpeg"}],"author":"favorite-news","twitter_card":"summary_large_image","twitter_misc":{"Escrito por":"favorite-news","Tempo estimado de leitura":"3 minutos"},"schema":{"@context":"https:\/\/schema.org","@graph":[{"@type":"Article","@id":"https:\/\/favorite-news.com\/pt\/costa-e-silva-diz-que-portugal-corre-o-risco-de-nao-executar-o-prr-zap\/#article","isPartOf":{"@id":"https:\/\/favorite-news.com\/pt\/costa-e-silva-diz-que-portugal-corre-o-risco-de-nao-executar-o-prr-zap\/"},"author":{"name":"favorite-news","@id":"https:\/\/favorite-news.com\/pt\/#\/schema\/person\/b91573b717dcfa5e4696032a9d28d3e8"},"headline":"Costa e Silva diz que Portugal corre o risco de n\u00e3o executar o PRR &#8211; ZAP","datePublished":"2021-07-11T08:30:25+00:00","dateModified":"2021-07-11T08:30:30+00:00","mainEntityOfPage":{"@id":"https:\/\/favorite-news.com\/pt\/costa-e-silva-diz-que-portugal-corre-o-risco-de-nao-executar-o-prr-zap\/"},"wordCount":657,"commentCount":0,"image":{"@id":"https:\/\/favorite-news.com\/pt\/costa-e-silva-diz-que-portugal-corre-o-risco-de-nao-executar-o-prr-zap\/#primaryimage"},"thumbnailUrl":"https:\/\/favorite-news.com\/pt\/wp-content\/uploads\/sites\/2\/2021\/07\/Costa-e-Silva-diz-que-Portugal-corre-o-risco-de.jpg","articleSection":["NOT\u00cdCIAS FINANCEIRAS"],"inLanguage":"pt-PT","potentialAction":[{"@type":"CommentAction","name":"Comment","target":["https:\/\/favorite-news.com\/pt\/costa-e-silva-diz-que-portugal-corre-o-risco-de-nao-executar-o-prr-zap\/#respond"]}]},{"@type":"WebPage","@id":"https:\/\/favorite-news.com\/pt\/costa-e-silva-diz-que-portugal-corre-o-risco-de-nao-executar-o-prr-zap\/","url":"https:\/\/favorite-news.com\/pt\/costa-e-silva-diz-que-portugal-corre-o-risco-de-nao-executar-o-prr-zap\/","name":"Costa e Silva diz que Portugal corre o risco de n\u00e3o executar o PRR - ZAP - Favorite News","isPartOf":{"@id":"https:\/\/favorite-news.com\/pt\/#website"},"primaryImageOfPage":{"@id":"https:\/\/favorite-news.com\/pt\/costa-e-silva-diz-que-portugal-corre-o-risco-de-nao-executar-o-prr-zap\/#primaryimage"},"image":{"@id":"https:\/\/favorite-news.com\/pt\/costa-e-silva-diz-que-portugal-corre-o-risco-de-nao-executar-o-prr-zap\/#primaryimage"},"thumbnailUrl":"https:\/\/favorite-news.com\/pt\/wp-content\/uploads\/sites\/2\/2021\/07\/Costa-e-Silva-diz-que-Portugal-corre-o-risco-de.jpg","datePublished":"2021-07-11T08:30:25+00:00","dateModified":"2021-07-11T08:30:30+00:00","author":{"@id":"https:\/\/favorite-news.com\/pt\/#\/schema\/person\/b91573b717dcfa5e4696032a9d28d3e8"},"breadcrumb":{"@id":"https:\/\/favorite-news.com\/pt\/costa-e-silva-diz-que-portugal-corre-o-risco-de-nao-executar-o-prr-zap\/#breadcrumb"},"inLanguage":"pt-PT","potentialAction":[{"@type":"ReadAction","target":["https:\/\/favorite-news.com\/pt\/costa-e-silva-diz-que-portugal-corre-o-risco-de-nao-executar-o-prr-zap\/"]}]},{"@type":"ImageObject","inLanguage":"pt-PT","@id":"https:\/\/favorite-news.com\/pt\/costa-e-silva-diz-que-portugal-corre-o-risco-de-nao-executar-o-prr-zap\/#primaryimage","url":"https:\/\/favorite-news.com\/pt\/wp-content\/uploads\/sites\/2\/2021\/07\/Costa-e-Silva-diz-que-Portugal-corre-o-risco-de.jpg","contentUrl":"https:\/\/favorite-news.com\/pt\/wp-content\/uploads\/sites\/2\/2021\/07\/Costa-e-Silva-diz-que-Portugal-corre-o-risco-de.jpg","width":1200,"height":800,"caption":"Costa e Silva diz que Portugal corre o risco de n\u00e3o executar o PRR - ZAP"},{"@type":"BreadcrumbList","@id":"https:\/\/favorite-news.com\/pt\/costa-e-silva-diz-que-portugal-corre-o-risco-de-nao-executar-o-prr-zap\/#breadcrumb","itemListElement":[{"@type":"ListItem","position":1,"name":"Home","item":"https:\/\/favorite-news.com\/pt\/"},{"@type":"ListItem","position":2,"name":"Costa e Silva diz que Portugal corre o risco de n\u00e3o executar o PRR &#8211; ZAP"}]},{"@type":"WebSite","@id":"https:\/\/favorite-news.com\/pt\/#website","url":"https:\/\/favorite-news.com\/pt\/","name":"Favorite News","description":"Favorite News Portugal","potentialAction":[{"@type":"SearchAction","target":{"@type":"EntryPoint","urlTemplate":"https:\/\/favorite-news.com\/pt\/?s={search_term_string}"},"query-input":{"@type":"PropertyValueSpecification","valueRequired":true,"valueName":"search_term_string"}}],"inLanguage":"pt-PT"},{"@type":"Person","@id":"https:\/\/favorite-news.com\/pt\/#\/schema\/person\/b91573b717dcfa5e4696032a9d28d3e8","name":"favorite-news","image":{"@type":"ImageObject","inLanguage":"pt-PT","@id":"https:\/\/secure.gravatar.com\/avatar\/6c5a5cb12b74e9d517ee91cf570335b7d16177f1977cc91db161adfa435945a7?s=96&d=mm&r=g","url":"https:\/\/secure.gravatar.com\/avatar\/6c5a5cb12b74e9d517ee91cf570335b7d16177f1977cc91db161adfa435945a7?s=96&d=mm&r=g","contentUrl":"https:\/\/secure.gravatar.com\/avatar\/6c5a5cb12b74e9d517ee91cf570335b7d16177f1977cc91db161adfa435945a7?s=96&d=mm&r=g","caption":"favorite-news"},"url":"https:\/\/favorite-news.com\/pt\/author\/pt\/"}]}},"_links":{"self":[{"href":"https:\/\/favorite-news.com\/pt\/wp-json\/wp\/v2\/posts\/10728","targetHints":{"allow":["GET"]}}],"collection":[{"href":"https:\/\/favorite-news.com\/pt\/wp-json\/wp\/v2\/posts"}],"about":[{"href":"https:\/\/favorite-news.com\/pt\/wp-json\/wp\/v2\/types\/post"}],"author":[{"embeddable":true,"href":"https:\/\/favorite-news.com\/pt\/wp-json\/wp\/v2\/users\/2"}],"replies":[{"embeddable":true,"href":"https:\/\/favorite-news.com\/pt\/wp-json\/wp\/v2\/comments?post=10728"}],"version-history":[{"count":1,"href":"https:\/\/favorite-news.com\/pt\/wp-json\/wp\/v2\/posts\/10728\/revisions"}],"predecessor-version":[{"id":10730,"href":"https:\/\/favorite-news.com\/pt\/wp-json\/wp\/v2\/posts\/10728\/revisions\/10730"}],"wp:featuredmedia":[{"embeddable":true,"href":"https:\/\/favorite-news.com\/pt\/wp-json\/wp\/v2\/media\/10729"}],"wp:attachment":[{"href":"https:\/\/favorite-news.com\/pt\/wp-json\/wp\/v2\/media?parent=10728"}],"wp:term":[{"taxonomy":"category","embeddable":true,"href":"https:\/\/favorite-news.com\/pt\/wp-json\/wp\/v2\/categories?post=10728"},{"taxonomy":"post_tag","embeddable":true,"href":"https:\/\/favorite-news.com\/pt\/wp-json\/wp\/v2\/tags?post=10728"}],"curies":[{"name":"wp","href":"https:\/\/api.w.org\/{rel}","templated":true}]}}