{"id":10716,"date":"2021-07-10T11:27:13","date_gmt":"2021-07-10T08:27:13","guid":{"rendered":"https:\/\/favorite-news.com\/pt\/sindicatos-vao-contestar-despedimento-coletivo-da-tap-em-tribunal\/"},"modified":"2021-07-10T11:27:17","modified_gmt":"2021-07-10T08:27:17","slug":"sindicatos-vao-contestar-despedimento-coletivo-da-tap-em-tribunal","status":"publish","type":"post","link":"https:\/\/favorite-news.com\/pt\/sindicatos-vao-contestar-despedimento-coletivo-da-tap-em-tribunal\/","title":{"rendered":"Sindicatos v\u00e3o contestar despedimento coletivo da TAP em tribunal"},"content":{"rendered":"<p>Aero Icarus \/ Flickr<br \/>\nDepois de a TAP ter anunciado, esta quinta-feira, que vai iniciar um processo de despedimento coletivo que abrange 124 colaboradores, os sindicatos amea\u00e7am contestar judicialmente.<\/p>\n<p>De acordo com o comunicado enviado \u00e0 Comiss\u00e3o Nacional de Valores Mobili\u00e1rios (CMVM), \u00e9 poss\u00edvel perceber que, destes 124 funcion\u00e1rios, 35 s\u00e3o pilotos, 28 s\u00e3o tripulantes de cabine, 38 s\u00e3o trabalhadores da \u00e1rea da manuten\u00e7\u00e3o e engenharia em Portugal e 23 s\u00e3o pessoas que trabalham na sede da TAP.<br \/>\nTal como recorda o seman\u00e1rio Expresso, ser\u00e1 o primeiro despedimento coletivo na hist\u00f3ria da companhia a\u00e9rea portuguesa, a cumprir 76 anos de vida, e n\u00e3o promete ser pac\u00edfico, uma vez que os sindicatos j\u00e1 prometeram contestar judicialmente.<br \/>\nO uso do algoritmo criado pela consultora norte-americana Boston Consulting Group ser\u00e1 um dos pontos usados como argumento contra a forma como a transportadora conduziu o processo, adianta o jornal.<\/p>\n<p>Esta quinta-feira, o Sindicato dos Trabalhadores da Avia\u00e7\u00e3o e Aeroportos (SITAVA) considerou que o despedimento coletivo \u201c\u00e9 desumano\u201d e \u201cn\u00e3o se justifica\u201d.<br \/>\n\u201cObviamente que o SITAVA ir\u00e1 reunir com todos os seus associados e com o nosso corpo jur\u00eddico e iremos lutar contra este despedimento coletivo, porque entendemos que, al\u00e9m de desumano, n\u00e3o se justifica na empresa\u201d, afirmou \u00e0 ag\u00eancia Lusa o secret\u00e1rio-geral do SITAVA, Jos\u00e9 Sousa, sublinhando que o sindicato vai recorrer a \u201ctodas as medidas poss\u00edveis para levar a empresa a reconsiderar este processo\u201d.<br \/>\n\u201cEntendemos que \u00e9 uma medida errada, a TAP n\u00e3o tinha necessidade disto, \u00e9 uma crueldade, a empresa precisa destes trabalhadores, hoje \u00e9 not\u00f3ria a falta de m\u00e3o-de-obra para executar trabalho\u201d, real\u00e7ou ainda o dirigente sindical.<br \/>\nJ\u00e1 o Sindicato Nacional do Pessoal de Voo e Avia\u00e7\u00e3o Civil (SNPVAC) apelidou o despedimento de \u201cilegal\u201d e \u201csem fundamento\u201d e adiantou tamb\u00e9m que vai recorrer a todos os meios legais ao seu alcance.<br \/>\n\u201cA posi\u00e7\u00e3o do sindicato \u00e9 a de considerar este despedimento completamente ilegal, injusto e inconsequente, sem fundamento, numa empresa que est\u00e1 a caminhar para uma retoma no setor da avia\u00e7\u00e3o e que todos os tripulantes que a TAP tem s\u00e3o necess\u00e1rios\u201d, disse o presidente do SNPVAC, Henrique Louro Martins.<br \/>\nPor sua vez, o Sindicato dos Pilotos da Avia\u00e7\u00e3o Civil (SPAC) considerou este despedimento coletivo \u201cilegal e injusto\u201d e lembra que \u201cp\u00f5e em causa a paz social\u201d na empresa.<br \/>\n\u201cEste despedimento coletivo n\u00e3o se justifica, \u00e9 ilegal e injusto e p\u00f5e em causa a paz social, pelo que iremos reagir com todos os meios \u00e0 nossa disposi\u00e7\u00e3o e em todas as inst\u00e2ncias, designadamente nos tribunais\u201d, l\u00ea-se numa nota enviada aos associados do sindicato.<br \/>\nO processo \u201cenferma de erros e ilegalidades gritantes\u201d, considerou ainda o SPAC, afirmando que com esta decis\u00e3o a empresa est\u00e1 a incumprir o acordo de emerg\u00eancia.<\/p>\n<p>\n<!--noindex--><br \/>\n<a href=\"https:\/\/zap.aeiou.pt\/sindicatos-despedimento-coletivo-tap-tribunal-415929\" rel=\"nofollow\">Source link <\/a><br \/>\n<!--\/noindex--><\/p>\n","protected":false},"excerpt":{"rendered":"<p>Aero Icarus \/ Flickr Depois de a TAP ter anunciado, esta quinta-feira, que vai iniciar um processo de despedimento coletivo que abrange 124 colaboradores, os sindicatos amea\u00e7am contestar judicialmente. De acordo com o comunicado enviado \u00e0 Comiss\u00e3o Nacional de Valores Mobili\u00e1rios (CMVM), \u00e9 poss\u00edvel perceber que, destes 124 funcion\u00e1rios, 35 s\u00e3o pilotos, 28 s\u00e3o tripulantes [&hellip;]<\/p>\n","protected":false},"author":2,"featured_media":10717,"comment_status":"open","ping_status":"open","sticky":false,"template":"","format":"standard","meta":{"footnotes":""},"categories":[1],"tags":[],"class_list":["post-10716","post","type-post","status-publish","format-standard","has-post-thumbnail","hentry","category-noticias-financeiras"],"yoast_head":"<!-- This site is optimized with the Yoast SEO plugin v27.4 - https:\/\/yoast.com\/product\/yoast-seo-wordpress\/ -->\n<title>Sindicatos v\u00e3o contestar despedimento coletivo da TAP em tribunal - Favorite News<\/title>\n<meta name=\"robots\" content=\"index, follow, max-snippet:-1, max-image-preview:large, max-video-preview:-1\" \/>\n<link rel=\"canonical\" href=\"https:\/\/favorite-news.com\/pt\/sindicatos-vao-contestar-despedimento-coletivo-da-tap-em-tribunal\/\" \/>\n<meta property=\"og:locale\" content=\"pt_PT\" \/>\n<meta property=\"og:type\" content=\"article\" \/>\n<meta property=\"og:title\" content=\"Sindicatos v\u00e3o contestar despedimento coletivo da TAP em tribunal - Favorite News\" \/>\n<meta property=\"og:description\" content=\"Aero Icarus \/ Flickr Depois de a TAP ter anunciado, esta quinta-feira, que vai iniciar um processo de despedimento coletivo que abrange 124 colaboradores, os sindicatos amea\u00e7am contestar judicialmente. De acordo com o comunicado enviado \u00e0 Comiss\u00e3o Nacional de Valores Mobili\u00e1rios (CMVM), \u00e9 poss\u00edvel perceber que, destes 124 funcion\u00e1rios, 35 s\u00e3o pilotos, 28 s\u00e3o tripulantes [&hellip;]\" \/>\n<meta property=\"og:url\" content=\"https:\/\/favorite-news.com\/pt\/sindicatos-vao-contestar-despedimento-coletivo-da-tap-em-tribunal\/\" \/>\n<meta property=\"og:site_name\" content=\"Favorite News\" \/>\n<meta property=\"article:published_time\" content=\"2021-07-10T08:27:13+00:00\" \/>\n<meta property=\"article:modified_time\" content=\"2021-07-10T08:27:17+00:00\" \/>\n<meta property=\"og:image\" content=\"https:\/\/favorite-news.com\/pt\/wp-content\/uploads\/sites\/2\/2021\/07\/Sindicatos-vao-contestar-despedimento-coletivo-da-TAP-em-tribunal.jpg\" \/>\n\t<meta property=\"og:image:width\" content=\"1024\" \/>\n\t<meta property=\"og:image:height\" content=\"669\" \/>\n\t<meta property=\"og:image:type\" content=\"image\/jpeg\" \/>\n<meta name=\"author\" content=\"favorite-news\" \/>\n<meta name=\"twitter:card\" content=\"summary_large_image\" \/>\n<meta name=\"twitter:label1\" content=\"Escrito por\" \/>\n\t<meta name=\"twitter:data1\" content=\"favorite-news\" \/>\n\t<meta name=\"twitter:label2\" content=\"Tempo estimado de leitura\" \/>\n\t<meta name=\"twitter:data2\" content=\"2 minutos\" \/>\n<script type=\"application\/ld+json\" class=\"yoast-schema-graph\">{\"@context\":\"https:\\\/\\\/schema.org\",\"@graph\":[{\"@type\":\"Article\",\"@id\":\"https:\\\/\\\/favorite-news.com\\\/pt\\\/sindicatos-vao-contestar-despedimento-coletivo-da-tap-em-tribunal\\\/#article\",\"isPartOf\":{\"@id\":\"https:\\\/\\\/favorite-news.com\\\/pt\\\/sindicatos-vao-contestar-despedimento-coletivo-da-tap-em-tribunal\\\/\"},\"author\":{\"name\":\"favorite-news\",\"@id\":\"https:\\\/\\\/favorite-news.com\\\/pt\\\/#\\\/schema\\\/person\\\/b91573b717dcfa5e4696032a9d28d3e8\"},\"headline\":\"Sindicatos v\u00e3o contestar despedimento coletivo da TAP em tribunal\",\"datePublished\":\"2021-07-10T08:27:13+00:00\",\"dateModified\":\"2021-07-10T08:27:17+00:00\",\"mainEntityOfPage\":{\"@id\":\"https:\\\/\\\/favorite-news.com\\\/pt\\\/sindicatos-vao-contestar-despedimento-coletivo-da-tap-em-tribunal\\\/\"},\"wordCount\":484,\"commentCount\":0,\"image\":{\"@id\":\"https:\\\/\\\/favorite-news.com\\\/pt\\\/sindicatos-vao-contestar-despedimento-coletivo-da-tap-em-tribunal\\\/#primaryimage\"},\"thumbnailUrl\":\"https:\\\/\\\/favorite-news.com\\\/pt\\\/wp-content\\\/uploads\\\/sites\\\/2\\\/2021\\\/07\\\/Sindicatos-vao-contestar-despedimento-coletivo-da-TAP-em-tribunal.jpg\",\"articleSection\":[\"NOT\u00cdCIAS FINANCEIRAS\"],\"inLanguage\":\"pt-PT\",\"potentialAction\":[{\"@type\":\"CommentAction\",\"name\":\"Comment\",\"target\":[\"https:\\\/\\\/favorite-news.com\\\/pt\\\/sindicatos-vao-contestar-despedimento-coletivo-da-tap-em-tribunal\\\/#respond\"]}]},{\"@type\":\"WebPage\",\"@id\":\"https:\\\/\\\/favorite-news.com\\\/pt\\\/sindicatos-vao-contestar-despedimento-coletivo-da-tap-em-tribunal\\\/\",\"url\":\"https:\\\/\\\/favorite-news.com\\\/pt\\\/sindicatos-vao-contestar-despedimento-coletivo-da-tap-em-tribunal\\\/\",\"name\":\"Sindicatos v\u00e3o contestar despedimento coletivo da TAP em tribunal - Favorite News\",\"isPartOf\":{\"@id\":\"https:\\\/\\\/favorite-news.com\\\/pt\\\/#website\"},\"primaryImageOfPage\":{\"@id\":\"https:\\\/\\\/favorite-news.com\\\/pt\\\/sindicatos-vao-contestar-despedimento-coletivo-da-tap-em-tribunal\\\/#primaryimage\"},\"image\":{\"@id\":\"https:\\\/\\\/favorite-news.com\\\/pt\\\/sindicatos-vao-contestar-despedimento-coletivo-da-tap-em-tribunal\\\/#primaryimage\"},\"thumbnailUrl\":\"https:\\\/\\\/favorite-news.com\\\/pt\\\/wp-content\\\/uploads\\\/sites\\\/2\\\/2021\\\/07\\\/Sindicatos-vao-contestar-despedimento-coletivo-da-TAP-em-tribunal.jpg\",\"datePublished\":\"2021-07-10T08:27:13+00:00\",\"dateModified\":\"2021-07-10T08:27:17+00:00\",\"author\":{\"@id\":\"https:\\\/\\\/favorite-news.com\\\/pt\\\/#\\\/schema\\\/person\\\/b91573b717dcfa5e4696032a9d28d3e8\"},\"breadcrumb\":{\"@id\":\"https:\\\/\\\/favorite-news.com\\\/pt\\\/sindicatos-vao-contestar-despedimento-coletivo-da-tap-em-tribunal\\\/#breadcrumb\"},\"inLanguage\":\"pt-PT\",\"potentialAction\":[{\"@type\":\"ReadAction\",\"target\":[\"https:\\\/\\\/favorite-news.com\\\/pt\\\/sindicatos-vao-contestar-despedimento-coletivo-da-tap-em-tribunal\\\/\"]}]},{\"@type\":\"ImageObject\",\"inLanguage\":\"pt-PT\",\"@id\":\"https:\\\/\\\/favorite-news.com\\\/pt\\\/sindicatos-vao-contestar-despedimento-coletivo-da-tap-em-tribunal\\\/#primaryimage\",\"url\":\"https:\\\/\\\/favorite-news.com\\\/pt\\\/wp-content\\\/uploads\\\/sites\\\/2\\\/2021\\\/07\\\/Sindicatos-vao-contestar-despedimento-coletivo-da-TAP-em-tribunal.jpg\",\"contentUrl\":\"https:\\\/\\\/favorite-news.com\\\/pt\\\/wp-content\\\/uploads\\\/sites\\\/2\\\/2021\\\/07\\\/Sindicatos-vao-contestar-despedimento-coletivo-da-TAP-em-tribunal.jpg\",\"width\":1024,\"height\":669,\"caption\":\"Sindicatos v\u00e3o contestar despedimento coletivo da TAP em tribunal\"},{\"@type\":\"BreadcrumbList\",\"@id\":\"https:\\\/\\\/favorite-news.com\\\/pt\\\/sindicatos-vao-contestar-despedimento-coletivo-da-tap-em-tribunal\\\/#breadcrumb\",\"itemListElement\":[{\"@type\":\"ListItem\",\"position\":1,\"name\":\"Home\",\"item\":\"https:\\\/\\\/favorite-news.com\\\/pt\\\/\"},{\"@type\":\"ListItem\",\"position\":2,\"name\":\"Sindicatos v\u00e3o contestar despedimento coletivo da TAP em tribunal\"}]},{\"@type\":\"WebSite\",\"@id\":\"https:\\\/\\\/favorite-news.com\\\/pt\\\/#website\",\"url\":\"https:\\\/\\\/favorite-news.com\\\/pt\\\/\",\"name\":\"Favorite News\",\"description\":\"Favorite News Portugal\",\"potentialAction\":[{\"@type\":\"SearchAction\",\"target\":{\"@type\":\"EntryPoint\",\"urlTemplate\":\"https:\\\/\\\/favorite-news.com\\\/pt\\\/?s={search_term_string}\"},\"query-input\":{\"@type\":\"PropertyValueSpecification\",\"valueRequired\":true,\"valueName\":\"search_term_string\"}}],\"inLanguage\":\"pt-PT\"},{\"@type\":\"Person\",\"@id\":\"https:\\\/\\\/favorite-news.com\\\/pt\\\/#\\\/schema\\\/person\\\/b91573b717dcfa5e4696032a9d28d3e8\",\"name\":\"favorite-news\",\"image\":{\"@type\":\"ImageObject\",\"inLanguage\":\"pt-PT\",\"@id\":\"https:\\\/\\\/secure.gravatar.com\\\/avatar\\\/6c5a5cb12b74e9d517ee91cf570335b7d16177f1977cc91db161adfa435945a7?s=96&d=mm&r=g\",\"url\":\"https:\\\/\\\/secure.gravatar.com\\\/avatar\\\/6c5a5cb12b74e9d517ee91cf570335b7d16177f1977cc91db161adfa435945a7?s=96&d=mm&r=g\",\"contentUrl\":\"https:\\\/\\\/secure.gravatar.com\\\/avatar\\\/6c5a5cb12b74e9d517ee91cf570335b7d16177f1977cc91db161adfa435945a7?s=96&d=mm&r=g\",\"caption\":\"favorite-news\"},\"url\":\"https:\\\/\\\/favorite-news.com\\\/pt\\\/author\\\/pt\\\/\"}]}<\/script>\n<!-- \/ Yoast SEO plugin. -->","yoast_head_json":{"title":"Sindicatos v\u00e3o contestar despedimento coletivo da TAP em tribunal - Favorite News","robots":{"index":"index","follow":"follow","max-snippet":"max-snippet:-1","max-image-preview":"max-image-preview:large","max-video-preview":"max-video-preview:-1"},"canonical":"https:\/\/favorite-news.com\/pt\/sindicatos-vao-contestar-despedimento-coletivo-da-tap-em-tribunal\/","og_locale":"pt_PT","og_type":"article","og_title":"Sindicatos v\u00e3o contestar despedimento coletivo da TAP em tribunal - Favorite News","og_description":"Aero Icarus \/ Flickr Depois de a TAP ter anunciado, esta quinta-feira, que vai iniciar um processo de despedimento coletivo que abrange 124 colaboradores, os sindicatos amea\u00e7am contestar judicialmente. De acordo com o comunicado enviado \u00e0 Comiss\u00e3o Nacional de Valores Mobili\u00e1rios (CMVM), \u00e9 poss\u00edvel perceber que, destes 124 funcion\u00e1rios, 35 s\u00e3o pilotos, 28 s\u00e3o tripulantes [&hellip;]","og_url":"https:\/\/favorite-news.com\/pt\/sindicatos-vao-contestar-despedimento-coletivo-da-tap-em-tribunal\/","og_site_name":"Favorite News","article_published_time":"2021-07-10T08:27:13+00:00","article_modified_time":"2021-07-10T08:27:17+00:00","og_image":[{"width":1024,"height":669,"url":"https:\/\/favorite-news.com\/pt\/wp-content\/uploads\/sites\/2\/2021\/07\/Sindicatos-vao-contestar-despedimento-coletivo-da-TAP-em-tribunal.jpg","type":"image\/jpeg"}],"author":"favorite-news","twitter_card":"summary_large_image","twitter_misc":{"Escrito por":"favorite-news","Tempo estimado de leitura":"2 minutos"},"schema":{"@context":"https:\/\/schema.org","@graph":[{"@type":"Article","@id":"https:\/\/favorite-news.com\/pt\/sindicatos-vao-contestar-despedimento-coletivo-da-tap-em-tribunal\/#article","isPartOf":{"@id":"https:\/\/favorite-news.com\/pt\/sindicatos-vao-contestar-despedimento-coletivo-da-tap-em-tribunal\/"},"author":{"name":"favorite-news","@id":"https:\/\/favorite-news.com\/pt\/#\/schema\/person\/b91573b717dcfa5e4696032a9d28d3e8"},"headline":"Sindicatos v\u00e3o contestar despedimento coletivo da TAP em tribunal","datePublished":"2021-07-10T08:27:13+00:00","dateModified":"2021-07-10T08:27:17+00:00","mainEntityOfPage":{"@id":"https:\/\/favorite-news.com\/pt\/sindicatos-vao-contestar-despedimento-coletivo-da-tap-em-tribunal\/"},"wordCount":484,"commentCount":0,"image":{"@id":"https:\/\/favorite-news.com\/pt\/sindicatos-vao-contestar-despedimento-coletivo-da-tap-em-tribunal\/#primaryimage"},"thumbnailUrl":"https:\/\/favorite-news.com\/pt\/wp-content\/uploads\/sites\/2\/2021\/07\/Sindicatos-vao-contestar-despedimento-coletivo-da-TAP-em-tribunal.jpg","articleSection":["NOT\u00cdCIAS FINANCEIRAS"],"inLanguage":"pt-PT","potentialAction":[{"@type":"CommentAction","name":"Comment","target":["https:\/\/favorite-news.com\/pt\/sindicatos-vao-contestar-despedimento-coletivo-da-tap-em-tribunal\/#respond"]}]},{"@type":"WebPage","@id":"https:\/\/favorite-news.com\/pt\/sindicatos-vao-contestar-despedimento-coletivo-da-tap-em-tribunal\/","url":"https:\/\/favorite-news.com\/pt\/sindicatos-vao-contestar-despedimento-coletivo-da-tap-em-tribunal\/","name":"Sindicatos v\u00e3o contestar despedimento coletivo da TAP em tribunal - Favorite News","isPartOf":{"@id":"https:\/\/favorite-news.com\/pt\/#website"},"primaryImageOfPage":{"@id":"https:\/\/favorite-news.com\/pt\/sindicatos-vao-contestar-despedimento-coletivo-da-tap-em-tribunal\/#primaryimage"},"image":{"@id":"https:\/\/favorite-news.com\/pt\/sindicatos-vao-contestar-despedimento-coletivo-da-tap-em-tribunal\/#primaryimage"},"thumbnailUrl":"https:\/\/favorite-news.com\/pt\/wp-content\/uploads\/sites\/2\/2021\/07\/Sindicatos-vao-contestar-despedimento-coletivo-da-TAP-em-tribunal.jpg","datePublished":"2021-07-10T08:27:13+00:00","dateModified":"2021-07-10T08:27:17+00:00","author":{"@id":"https:\/\/favorite-news.com\/pt\/#\/schema\/person\/b91573b717dcfa5e4696032a9d28d3e8"},"breadcrumb":{"@id":"https:\/\/favorite-news.com\/pt\/sindicatos-vao-contestar-despedimento-coletivo-da-tap-em-tribunal\/#breadcrumb"},"inLanguage":"pt-PT","potentialAction":[{"@type":"ReadAction","target":["https:\/\/favorite-news.com\/pt\/sindicatos-vao-contestar-despedimento-coletivo-da-tap-em-tribunal\/"]}]},{"@type":"ImageObject","inLanguage":"pt-PT","@id":"https:\/\/favorite-news.com\/pt\/sindicatos-vao-contestar-despedimento-coletivo-da-tap-em-tribunal\/#primaryimage","url":"https:\/\/favorite-news.com\/pt\/wp-content\/uploads\/sites\/2\/2021\/07\/Sindicatos-vao-contestar-despedimento-coletivo-da-TAP-em-tribunal.jpg","contentUrl":"https:\/\/favorite-news.com\/pt\/wp-content\/uploads\/sites\/2\/2021\/07\/Sindicatos-vao-contestar-despedimento-coletivo-da-TAP-em-tribunal.jpg","width":1024,"height":669,"caption":"Sindicatos v\u00e3o contestar despedimento coletivo da TAP em tribunal"},{"@type":"BreadcrumbList","@id":"https:\/\/favorite-news.com\/pt\/sindicatos-vao-contestar-despedimento-coletivo-da-tap-em-tribunal\/#breadcrumb","itemListElement":[{"@type":"ListItem","position":1,"name":"Home","item":"https:\/\/favorite-news.com\/pt\/"},{"@type":"ListItem","position":2,"name":"Sindicatos v\u00e3o contestar despedimento coletivo da TAP em tribunal"}]},{"@type":"WebSite","@id":"https:\/\/favorite-news.com\/pt\/#website","url":"https:\/\/favorite-news.com\/pt\/","name":"Favorite News","description":"Favorite News Portugal","potentialAction":[{"@type":"SearchAction","target":{"@type":"EntryPoint","urlTemplate":"https:\/\/favorite-news.com\/pt\/?s={search_term_string}"},"query-input":{"@type":"PropertyValueSpecification","valueRequired":true,"valueName":"search_term_string"}}],"inLanguage":"pt-PT"},{"@type":"Person","@id":"https:\/\/favorite-news.com\/pt\/#\/schema\/person\/b91573b717dcfa5e4696032a9d28d3e8","name":"favorite-news","image":{"@type":"ImageObject","inLanguage":"pt-PT","@id":"https:\/\/secure.gravatar.com\/avatar\/6c5a5cb12b74e9d517ee91cf570335b7d16177f1977cc91db161adfa435945a7?s=96&d=mm&r=g","url":"https:\/\/secure.gravatar.com\/avatar\/6c5a5cb12b74e9d517ee91cf570335b7d16177f1977cc91db161adfa435945a7?s=96&d=mm&r=g","contentUrl":"https:\/\/secure.gravatar.com\/avatar\/6c5a5cb12b74e9d517ee91cf570335b7d16177f1977cc91db161adfa435945a7?s=96&d=mm&r=g","caption":"favorite-news"},"url":"https:\/\/favorite-news.com\/pt\/author\/pt\/"}]}},"_links":{"self":[{"href":"https:\/\/favorite-news.com\/pt\/wp-json\/wp\/v2\/posts\/10716","targetHints":{"allow":["GET"]}}],"collection":[{"href":"https:\/\/favorite-news.com\/pt\/wp-json\/wp\/v2\/posts"}],"about":[{"href":"https:\/\/favorite-news.com\/pt\/wp-json\/wp\/v2\/types\/post"}],"author":[{"embeddable":true,"href":"https:\/\/favorite-news.com\/pt\/wp-json\/wp\/v2\/users\/2"}],"replies":[{"embeddable":true,"href":"https:\/\/favorite-news.com\/pt\/wp-json\/wp\/v2\/comments?post=10716"}],"version-history":[{"count":1,"href":"https:\/\/favorite-news.com\/pt\/wp-json\/wp\/v2\/posts\/10716\/revisions"}],"predecessor-version":[{"id":10718,"href":"https:\/\/favorite-news.com\/pt\/wp-json\/wp\/v2\/posts\/10716\/revisions\/10718"}],"wp:featuredmedia":[{"embeddable":true,"href":"https:\/\/favorite-news.com\/pt\/wp-json\/wp\/v2\/media\/10717"}],"wp:attachment":[{"href":"https:\/\/favorite-news.com\/pt\/wp-json\/wp\/v2\/media?parent=10716"}],"wp:term":[{"taxonomy":"category","embeddable":true,"href":"https:\/\/favorite-news.com\/pt\/wp-json\/wp\/v2\/categories?post=10716"},{"taxonomy":"post_tag","embeddable":true,"href":"https:\/\/favorite-news.com\/pt\/wp-json\/wp\/v2\/tags?post=10716"}],"curies":[{"name":"wp","href":"https:\/\/api.w.org\/{rel}","templated":true}]}}