{"id":10710,"date":"2021-07-09T23:23:39","date_gmt":"2021-07-09T20:23:39","guid":{"rendered":"https:\/\/favorite-news.com\/pt\/bce-anuncia-mudancas-nas-taxas-de-juro-e-inflacao\/"},"modified":"2021-07-09T23:23:42","modified_gmt":"2021-07-09T20:23:42","slug":"bce-anuncia-mudancas-nas-taxas-de-juro-e-inflacao","status":"publish","type":"post","link":"https:\/\/favorite-news.com\/pt\/bce-anuncia-mudancas-nas-taxas-de-juro-e-inflacao\/","title":{"rendered":"BCE anuncia mudan\u00e7as nas taxas de juro e infla\u00e7\u00e3o"},"content":{"rendered":"<p>Stephen Jaffe \/ IMF \/ FlickrChristine Lagarde, presidente do BCE<br \/>\nO Banco Central Europeu (BCE) anunciou mudan\u00e7as na forma como vai calcular as taxas de juro e o tecto para a taxa de infla\u00e7\u00e3o na Zona Euro que passar\u00e1 a ser mais flex\u00edvel. O custo com a manuten\u00e7\u00e3o da casa ser\u00e1 incorporado nos c\u00e1lculos e o clima ser\u00e1 outro factor relevante.<\/p>\n<p>O Banco Central Europeu (BCE) informou que a sua nova estrat\u00e9gia passa por um objetivo de infla\u00e7\u00e3o de 2% a m\u00e9dio prazo, mas \u00e9 uma meta mais flex\u00edvel que admite desvios tempor\u00e1rios e moderados.<br \/>\nO objetivo de infla\u00e7\u00e3o definido pelo BCE at\u00e9 agora era uma taxa pr\u00f3xima, mas ligeiramente abaixo de 2%.<br \/>\nAgora, a estrat\u00e9gia passar\u00e1 por tolerar valores acima disso, o que pode ajudar a atrasar uma subida das taxas de juro, se isso for necess\u00e1rio em termos econ\u00f3micos.<\/p>\n<p>Portanto, perante uma potencial crise futura que leve a infla\u00e7\u00e3o a passar os tais 2% fixados, \u201co BCE pode tolerar essa subida e n\u00e3o subir logo as taxas de juro, para refrear a economia e os pre\u00e7os\u201d, como aponta o Dinheiro Vivo. Seria uma forma de ajudar \u201ca economia real no curto prazo\u201d, sustenta ainda a publica\u00e7\u00e3o.<br \/>\nCustos com casa pr\u00f3pria v\u00e3o pesar mais na infla\u00e7\u00e3o<br \/>\nOutro fator relevante das mudan\u00e7as anunciadas pelo BCE prende-se com o peso dos gastos relacionados com a habita\u00e7\u00e3o no c\u00e1lculo da infla\u00e7\u00e3o na Zona Euro.<br \/>\nActualmente, esse peso \u00e9 residual, mas o BCE quer mudar isso, de modo a que os custos de ter casa pr\u00f3pria, por exemplo com os consumos de g\u00e1s, luz e a manuten\u00e7\u00e3o, sejam reflectidos no \u00edndice de pre\u00e7os no consumidor (IPC).<br \/>\nEstes gastos t\u00eam apenas \u201cum peso de cerca de 10%\u201d no IPC, o que distorce a realidade dos consumidores europeus, conforme constata o Dinheiro Vivo.<br \/>\nAt\u00e9 porque 70% dos europeus t\u00eam casa pr\u00f3pria. Em Portugal, o valor \u00e9 ainda mais alto, com os propriet\u00e1rios a rondarem os 74%, de acordo com dados do Eurostat citados pela mesma publica\u00e7\u00e3o.<br \/>\nO BCE d\u00e1, agora, sinais de que esses custos com a casa pr\u00f3pria v\u00e3o pesar mais na taxa de inflac\u00e7\u00e3o da Zona Euro. Contudo, a altera\u00e7\u00e3o vai levar alguns anos a implementar, em parceria com o Eurostat.<br \/>\nEnquanto isso, o BCE vai orientar a sua pol\u00edtica monet\u00e1ria com base em \u201cmedidas da infla\u00e7\u00e3o que incluem estimativas iniciais dos custos da habita\u00e7\u00e3o ocupada pelo propriet\u00e1rio\u201d, como refere o Dinheiro Vivo citando a presidente do BCE, Christine Lagarde.<br \/>\nAltera\u00e7\u00f5es clim\u00e1ticas v\u00e3o influenciar pol\u00edtica monet\u00e1ria<br \/>\nO BCE referiu ainda, em comunicado, que vai \u201cintegrar mais\u201d as altera\u00e7\u00f5es clim\u00e1ticas nas decis\u00f5es de pol\u00edtica monet\u00e1ria, uma prioridade consagrada na sua nova estrat\u00e9gia.<br \/>\nA institui\u00e7\u00e3o quer \u201cintegrar mais as considera\u00e7\u00f5es relativas \u00e0s altera\u00e7\u00f5es clim\u00e1ticas no seu quadro de ac\u00e7\u00e3o\u201d, nomeadamente na \u201ccompra de d\u00edvida de empresas e na comunica\u00e7\u00e3o e avalia\u00e7\u00e3o de riscos\u201c, indicou o BCE em comunicado.<br \/>\nA revis\u00e3o da estrat\u00e9gia de pol\u00edtica monet\u00e1ria do BCE arrancou no in\u00edcio de 2020, mas teve de ser adiada devido \u00e0 pandemia de covid-19. Assim, em vez de publicar os resultados no final do ano passado indicou que o faria na segunda metade deste ano.<\/p>\n<p>\n<!--noindex--><br \/>\n<a href=\"https:\/\/zap.aeiou.pt\/bce-taxas-de-juro-inflacao-casa-415987\" rel=\"nofollow\">Source link <\/a><br \/>\n<!--\/noindex--><\/p>\n","protected":false},"excerpt":{"rendered":"<p>Stephen Jaffe \/ IMF \/ FlickrChristine Lagarde, presidente do BCE O Banco Central Europeu (BCE) anunciou mudan\u00e7as na forma como vai calcular as taxas de juro e o tecto para a taxa de infla\u00e7\u00e3o na Zona Euro que passar\u00e1 a ser mais flex\u00edvel. O custo com a manuten\u00e7\u00e3o da casa ser\u00e1 incorporado nos c\u00e1lculos e [&hellip;]<\/p>\n","protected":false},"author":2,"featured_media":10711,"comment_status":"open","ping_status":"open","sticky":false,"template":"","format":"standard","meta":{"footnotes":""},"categories":[1],"tags":[],"class_list":["post-10710","post","type-post","status-publish","format-standard","has-post-thumbnail","hentry","category-noticias-financeiras"],"yoast_head":"<!-- This site is optimized with the Yoast SEO plugin v27.4 - https:\/\/yoast.com\/product\/yoast-seo-wordpress\/ -->\n<title>BCE anuncia mudan\u00e7as nas taxas de juro e infla\u00e7\u00e3o - Favorite News<\/title>\n<meta name=\"robots\" content=\"index, follow, max-snippet:-1, max-image-preview:large, max-video-preview:-1\" \/>\n<link rel=\"canonical\" href=\"https:\/\/favorite-news.com\/pt\/bce-anuncia-mudancas-nas-taxas-de-juro-e-inflacao\/\" \/>\n<meta property=\"og:locale\" content=\"pt_PT\" \/>\n<meta property=\"og:type\" content=\"article\" \/>\n<meta property=\"og:title\" content=\"BCE anuncia mudan\u00e7as nas taxas de juro e infla\u00e7\u00e3o - Favorite News\" \/>\n<meta property=\"og:description\" content=\"Stephen Jaffe \/ IMF \/ FlickrChristine Lagarde, presidente do BCE O Banco Central Europeu (BCE) anunciou mudan\u00e7as na forma como vai calcular as taxas de juro e o tecto para a taxa de infla\u00e7\u00e3o na Zona Euro que passar\u00e1 a ser mais flex\u00edvel. O custo com a manuten\u00e7\u00e3o da casa ser\u00e1 incorporado nos c\u00e1lculos e [&hellip;]\" \/>\n<meta property=\"og:url\" content=\"https:\/\/favorite-news.com\/pt\/bce-anuncia-mudancas-nas-taxas-de-juro-e-inflacao\/\" \/>\n<meta property=\"og:site_name\" content=\"Favorite News\" \/>\n<meta property=\"article:published_time\" content=\"2021-07-09T20:23:39+00:00\" \/>\n<meta property=\"article:modified_time\" content=\"2021-07-09T20:23:42+00:00\" \/>\n<meta property=\"og:image\" content=\"https:\/\/favorite-news.com\/pt\/wp-content\/uploads\/sites\/2\/2021\/07\/BCE-anuncia-mudancas-nas-taxas-de-juro-e-inflacao.jpg\" \/>\n\t<meta property=\"og:image:width\" content=\"1024\" \/>\n\t<meta property=\"og:image:height\" content=\"683\" \/>\n\t<meta property=\"og:image:type\" content=\"image\/jpeg\" \/>\n<meta name=\"author\" content=\"favorite-news\" \/>\n<meta name=\"twitter:card\" content=\"summary_large_image\" \/>\n<meta name=\"twitter:label1\" content=\"Escrito por\" \/>\n\t<meta name=\"twitter:data1\" content=\"favorite-news\" \/>\n\t<meta name=\"twitter:label2\" content=\"Tempo estimado de leitura\" \/>\n\t<meta name=\"twitter:data2\" content=\"3 minutos\" \/>\n<script type=\"application\/ld+json\" class=\"yoast-schema-graph\">{\"@context\":\"https:\\\/\\\/schema.org\",\"@graph\":[{\"@type\":\"Article\",\"@id\":\"https:\\\/\\\/favorite-news.com\\\/pt\\\/bce-anuncia-mudancas-nas-taxas-de-juro-e-inflacao\\\/#article\",\"isPartOf\":{\"@id\":\"https:\\\/\\\/favorite-news.com\\\/pt\\\/bce-anuncia-mudancas-nas-taxas-de-juro-e-inflacao\\\/\"},\"author\":{\"name\":\"favorite-news\",\"@id\":\"https:\\\/\\\/favorite-news.com\\\/pt\\\/#\\\/schema\\\/person\\\/b91573b717dcfa5e4696032a9d28d3e8\"},\"headline\":\"BCE anuncia mudan\u00e7as nas taxas de juro e infla\u00e7\u00e3o\",\"datePublished\":\"2021-07-09T20:23:39+00:00\",\"dateModified\":\"2021-07-09T20:23:42+00:00\",\"mainEntityOfPage\":{\"@id\":\"https:\\\/\\\/favorite-news.com\\\/pt\\\/bce-anuncia-mudancas-nas-taxas-de-juro-e-inflacao\\\/\"},\"wordCount\":586,\"commentCount\":0,\"image\":{\"@id\":\"https:\\\/\\\/favorite-news.com\\\/pt\\\/bce-anuncia-mudancas-nas-taxas-de-juro-e-inflacao\\\/#primaryimage\"},\"thumbnailUrl\":\"https:\\\/\\\/favorite-news.com\\\/pt\\\/wp-content\\\/uploads\\\/sites\\\/2\\\/2021\\\/07\\\/BCE-anuncia-mudancas-nas-taxas-de-juro-e-inflacao.jpg\",\"articleSection\":[\"NOT\u00cdCIAS FINANCEIRAS\"],\"inLanguage\":\"pt-PT\",\"potentialAction\":[{\"@type\":\"CommentAction\",\"name\":\"Comment\",\"target\":[\"https:\\\/\\\/favorite-news.com\\\/pt\\\/bce-anuncia-mudancas-nas-taxas-de-juro-e-inflacao\\\/#respond\"]}]},{\"@type\":\"WebPage\",\"@id\":\"https:\\\/\\\/favorite-news.com\\\/pt\\\/bce-anuncia-mudancas-nas-taxas-de-juro-e-inflacao\\\/\",\"url\":\"https:\\\/\\\/favorite-news.com\\\/pt\\\/bce-anuncia-mudancas-nas-taxas-de-juro-e-inflacao\\\/\",\"name\":\"BCE anuncia mudan\u00e7as nas taxas de juro e infla\u00e7\u00e3o - Favorite News\",\"isPartOf\":{\"@id\":\"https:\\\/\\\/favorite-news.com\\\/pt\\\/#website\"},\"primaryImageOfPage\":{\"@id\":\"https:\\\/\\\/favorite-news.com\\\/pt\\\/bce-anuncia-mudancas-nas-taxas-de-juro-e-inflacao\\\/#primaryimage\"},\"image\":{\"@id\":\"https:\\\/\\\/favorite-news.com\\\/pt\\\/bce-anuncia-mudancas-nas-taxas-de-juro-e-inflacao\\\/#primaryimage\"},\"thumbnailUrl\":\"https:\\\/\\\/favorite-news.com\\\/pt\\\/wp-content\\\/uploads\\\/sites\\\/2\\\/2021\\\/07\\\/BCE-anuncia-mudancas-nas-taxas-de-juro-e-inflacao.jpg\",\"datePublished\":\"2021-07-09T20:23:39+00:00\",\"dateModified\":\"2021-07-09T20:23:42+00:00\",\"author\":{\"@id\":\"https:\\\/\\\/favorite-news.com\\\/pt\\\/#\\\/schema\\\/person\\\/b91573b717dcfa5e4696032a9d28d3e8\"},\"breadcrumb\":{\"@id\":\"https:\\\/\\\/favorite-news.com\\\/pt\\\/bce-anuncia-mudancas-nas-taxas-de-juro-e-inflacao\\\/#breadcrumb\"},\"inLanguage\":\"pt-PT\",\"potentialAction\":[{\"@type\":\"ReadAction\",\"target\":[\"https:\\\/\\\/favorite-news.com\\\/pt\\\/bce-anuncia-mudancas-nas-taxas-de-juro-e-inflacao\\\/\"]}]},{\"@type\":\"ImageObject\",\"inLanguage\":\"pt-PT\",\"@id\":\"https:\\\/\\\/favorite-news.com\\\/pt\\\/bce-anuncia-mudancas-nas-taxas-de-juro-e-inflacao\\\/#primaryimage\",\"url\":\"https:\\\/\\\/favorite-news.com\\\/pt\\\/wp-content\\\/uploads\\\/sites\\\/2\\\/2021\\\/07\\\/BCE-anuncia-mudancas-nas-taxas-de-juro-e-inflacao.jpg\",\"contentUrl\":\"https:\\\/\\\/favorite-news.com\\\/pt\\\/wp-content\\\/uploads\\\/sites\\\/2\\\/2021\\\/07\\\/BCE-anuncia-mudancas-nas-taxas-de-juro-e-inflacao.jpg\",\"width\":1024,\"height\":683,\"caption\":\"Christine Lagarde, presidente do BCE\"},{\"@type\":\"BreadcrumbList\",\"@id\":\"https:\\\/\\\/favorite-news.com\\\/pt\\\/bce-anuncia-mudancas-nas-taxas-de-juro-e-inflacao\\\/#breadcrumb\",\"itemListElement\":[{\"@type\":\"ListItem\",\"position\":1,\"name\":\"Home\",\"item\":\"https:\\\/\\\/favorite-news.com\\\/pt\\\/\"},{\"@type\":\"ListItem\",\"position\":2,\"name\":\"BCE anuncia mudan\u00e7as nas taxas de juro e infla\u00e7\u00e3o\"}]},{\"@type\":\"WebSite\",\"@id\":\"https:\\\/\\\/favorite-news.com\\\/pt\\\/#website\",\"url\":\"https:\\\/\\\/favorite-news.com\\\/pt\\\/\",\"name\":\"Favorite News\",\"description\":\"Favorite News Portugal\",\"potentialAction\":[{\"@type\":\"SearchAction\",\"target\":{\"@type\":\"EntryPoint\",\"urlTemplate\":\"https:\\\/\\\/favorite-news.com\\\/pt\\\/?s={search_term_string}\"},\"query-input\":{\"@type\":\"PropertyValueSpecification\",\"valueRequired\":true,\"valueName\":\"search_term_string\"}}],\"inLanguage\":\"pt-PT\"},{\"@type\":\"Person\",\"@id\":\"https:\\\/\\\/favorite-news.com\\\/pt\\\/#\\\/schema\\\/person\\\/b91573b717dcfa5e4696032a9d28d3e8\",\"name\":\"favorite-news\",\"image\":{\"@type\":\"ImageObject\",\"inLanguage\":\"pt-PT\",\"@id\":\"https:\\\/\\\/secure.gravatar.com\\\/avatar\\\/6c5a5cb12b74e9d517ee91cf570335b7d16177f1977cc91db161adfa435945a7?s=96&d=mm&r=g\",\"url\":\"https:\\\/\\\/secure.gravatar.com\\\/avatar\\\/6c5a5cb12b74e9d517ee91cf570335b7d16177f1977cc91db161adfa435945a7?s=96&d=mm&r=g\",\"contentUrl\":\"https:\\\/\\\/secure.gravatar.com\\\/avatar\\\/6c5a5cb12b74e9d517ee91cf570335b7d16177f1977cc91db161adfa435945a7?s=96&d=mm&r=g\",\"caption\":\"favorite-news\"},\"url\":\"https:\\\/\\\/favorite-news.com\\\/pt\\\/author\\\/pt\\\/\"}]}<\/script>\n<!-- \/ Yoast SEO plugin. -->","yoast_head_json":{"title":"BCE anuncia mudan\u00e7as nas taxas de juro e infla\u00e7\u00e3o - Favorite News","robots":{"index":"index","follow":"follow","max-snippet":"max-snippet:-1","max-image-preview":"max-image-preview:large","max-video-preview":"max-video-preview:-1"},"canonical":"https:\/\/favorite-news.com\/pt\/bce-anuncia-mudancas-nas-taxas-de-juro-e-inflacao\/","og_locale":"pt_PT","og_type":"article","og_title":"BCE anuncia mudan\u00e7as nas taxas de juro e infla\u00e7\u00e3o - Favorite News","og_description":"Stephen Jaffe \/ IMF \/ FlickrChristine Lagarde, presidente do BCE O Banco Central Europeu (BCE) anunciou mudan\u00e7as na forma como vai calcular as taxas de juro e o tecto para a taxa de infla\u00e7\u00e3o na Zona Euro que passar\u00e1 a ser mais flex\u00edvel. O custo com a manuten\u00e7\u00e3o da casa ser\u00e1 incorporado nos c\u00e1lculos e [&hellip;]","og_url":"https:\/\/favorite-news.com\/pt\/bce-anuncia-mudancas-nas-taxas-de-juro-e-inflacao\/","og_site_name":"Favorite News","article_published_time":"2021-07-09T20:23:39+00:00","article_modified_time":"2021-07-09T20:23:42+00:00","og_image":[{"width":1024,"height":683,"url":"https:\/\/favorite-news.com\/pt\/wp-content\/uploads\/sites\/2\/2021\/07\/BCE-anuncia-mudancas-nas-taxas-de-juro-e-inflacao.jpg","type":"image\/jpeg"}],"author":"favorite-news","twitter_card":"summary_large_image","twitter_misc":{"Escrito por":"favorite-news","Tempo estimado de leitura":"3 minutos"},"schema":{"@context":"https:\/\/schema.org","@graph":[{"@type":"Article","@id":"https:\/\/favorite-news.com\/pt\/bce-anuncia-mudancas-nas-taxas-de-juro-e-inflacao\/#article","isPartOf":{"@id":"https:\/\/favorite-news.com\/pt\/bce-anuncia-mudancas-nas-taxas-de-juro-e-inflacao\/"},"author":{"name":"favorite-news","@id":"https:\/\/favorite-news.com\/pt\/#\/schema\/person\/b91573b717dcfa5e4696032a9d28d3e8"},"headline":"BCE anuncia mudan\u00e7as nas taxas de juro e infla\u00e7\u00e3o","datePublished":"2021-07-09T20:23:39+00:00","dateModified":"2021-07-09T20:23:42+00:00","mainEntityOfPage":{"@id":"https:\/\/favorite-news.com\/pt\/bce-anuncia-mudancas-nas-taxas-de-juro-e-inflacao\/"},"wordCount":586,"commentCount":0,"image":{"@id":"https:\/\/favorite-news.com\/pt\/bce-anuncia-mudancas-nas-taxas-de-juro-e-inflacao\/#primaryimage"},"thumbnailUrl":"https:\/\/favorite-news.com\/pt\/wp-content\/uploads\/sites\/2\/2021\/07\/BCE-anuncia-mudancas-nas-taxas-de-juro-e-inflacao.jpg","articleSection":["NOT\u00cdCIAS FINANCEIRAS"],"inLanguage":"pt-PT","potentialAction":[{"@type":"CommentAction","name":"Comment","target":["https:\/\/favorite-news.com\/pt\/bce-anuncia-mudancas-nas-taxas-de-juro-e-inflacao\/#respond"]}]},{"@type":"WebPage","@id":"https:\/\/favorite-news.com\/pt\/bce-anuncia-mudancas-nas-taxas-de-juro-e-inflacao\/","url":"https:\/\/favorite-news.com\/pt\/bce-anuncia-mudancas-nas-taxas-de-juro-e-inflacao\/","name":"BCE anuncia mudan\u00e7as nas taxas de juro e infla\u00e7\u00e3o - Favorite News","isPartOf":{"@id":"https:\/\/favorite-news.com\/pt\/#website"},"primaryImageOfPage":{"@id":"https:\/\/favorite-news.com\/pt\/bce-anuncia-mudancas-nas-taxas-de-juro-e-inflacao\/#primaryimage"},"image":{"@id":"https:\/\/favorite-news.com\/pt\/bce-anuncia-mudancas-nas-taxas-de-juro-e-inflacao\/#primaryimage"},"thumbnailUrl":"https:\/\/favorite-news.com\/pt\/wp-content\/uploads\/sites\/2\/2021\/07\/BCE-anuncia-mudancas-nas-taxas-de-juro-e-inflacao.jpg","datePublished":"2021-07-09T20:23:39+00:00","dateModified":"2021-07-09T20:23:42+00:00","author":{"@id":"https:\/\/favorite-news.com\/pt\/#\/schema\/person\/b91573b717dcfa5e4696032a9d28d3e8"},"breadcrumb":{"@id":"https:\/\/favorite-news.com\/pt\/bce-anuncia-mudancas-nas-taxas-de-juro-e-inflacao\/#breadcrumb"},"inLanguage":"pt-PT","potentialAction":[{"@type":"ReadAction","target":["https:\/\/favorite-news.com\/pt\/bce-anuncia-mudancas-nas-taxas-de-juro-e-inflacao\/"]}]},{"@type":"ImageObject","inLanguage":"pt-PT","@id":"https:\/\/favorite-news.com\/pt\/bce-anuncia-mudancas-nas-taxas-de-juro-e-inflacao\/#primaryimage","url":"https:\/\/favorite-news.com\/pt\/wp-content\/uploads\/sites\/2\/2021\/07\/BCE-anuncia-mudancas-nas-taxas-de-juro-e-inflacao.jpg","contentUrl":"https:\/\/favorite-news.com\/pt\/wp-content\/uploads\/sites\/2\/2021\/07\/BCE-anuncia-mudancas-nas-taxas-de-juro-e-inflacao.jpg","width":1024,"height":683,"caption":"Christine Lagarde, presidente do BCE"},{"@type":"BreadcrumbList","@id":"https:\/\/favorite-news.com\/pt\/bce-anuncia-mudancas-nas-taxas-de-juro-e-inflacao\/#breadcrumb","itemListElement":[{"@type":"ListItem","position":1,"name":"Home","item":"https:\/\/favorite-news.com\/pt\/"},{"@type":"ListItem","position":2,"name":"BCE anuncia mudan\u00e7as nas taxas de juro e infla\u00e7\u00e3o"}]},{"@type":"WebSite","@id":"https:\/\/favorite-news.com\/pt\/#website","url":"https:\/\/favorite-news.com\/pt\/","name":"Favorite News","description":"Favorite News Portugal","potentialAction":[{"@type":"SearchAction","target":{"@type":"EntryPoint","urlTemplate":"https:\/\/favorite-news.com\/pt\/?s={search_term_string}"},"query-input":{"@type":"PropertyValueSpecification","valueRequired":true,"valueName":"search_term_string"}}],"inLanguage":"pt-PT"},{"@type":"Person","@id":"https:\/\/favorite-news.com\/pt\/#\/schema\/person\/b91573b717dcfa5e4696032a9d28d3e8","name":"favorite-news","image":{"@type":"ImageObject","inLanguage":"pt-PT","@id":"https:\/\/secure.gravatar.com\/avatar\/6c5a5cb12b74e9d517ee91cf570335b7d16177f1977cc91db161adfa435945a7?s=96&d=mm&r=g","url":"https:\/\/secure.gravatar.com\/avatar\/6c5a5cb12b74e9d517ee91cf570335b7d16177f1977cc91db161adfa435945a7?s=96&d=mm&r=g","contentUrl":"https:\/\/secure.gravatar.com\/avatar\/6c5a5cb12b74e9d517ee91cf570335b7d16177f1977cc91db161adfa435945a7?s=96&d=mm&r=g","caption":"favorite-news"},"url":"https:\/\/favorite-news.com\/pt\/author\/pt\/"}]}},"_links":{"self":[{"href":"https:\/\/favorite-news.com\/pt\/wp-json\/wp\/v2\/posts\/10710","targetHints":{"allow":["GET"]}}],"collection":[{"href":"https:\/\/favorite-news.com\/pt\/wp-json\/wp\/v2\/posts"}],"about":[{"href":"https:\/\/favorite-news.com\/pt\/wp-json\/wp\/v2\/types\/post"}],"author":[{"embeddable":true,"href":"https:\/\/favorite-news.com\/pt\/wp-json\/wp\/v2\/users\/2"}],"replies":[{"embeddable":true,"href":"https:\/\/favorite-news.com\/pt\/wp-json\/wp\/v2\/comments?post=10710"}],"version-history":[{"count":1,"href":"https:\/\/favorite-news.com\/pt\/wp-json\/wp\/v2\/posts\/10710\/revisions"}],"predecessor-version":[{"id":10712,"href":"https:\/\/favorite-news.com\/pt\/wp-json\/wp\/v2\/posts\/10710\/revisions\/10712"}],"wp:featuredmedia":[{"embeddable":true,"href":"https:\/\/favorite-news.com\/pt\/wp-json\/wp\/v2\/media\/10711"}],"wp:attachment":[{"href":"https:\/\/favorite-news.com\/pt\/wp-json\/wp\/v2\/media?parent=10710"}],"wp:term":[{"taxonomy":"category","embeddable":true,"href":"https:\/\/favorite-news.com\/pt\/wp-json\/wp\/v2\/categories?post=10710"},{"taxonomy":"post_tag","embeddable":true,"href":"https:\/\/favorite-news.com\/pt\/wp-json\/wp\/v2\/tags?post=10710"}],"curies":[{"name":"wp","href":"https:\/\/api.w.org\/{rel}","templated":true}]}}