{"id":10708,"date":"2021-07-09T19:25:10","date_gmt":"2021-07-09T16:25:10","guid":{"rendered":"https:\/\/favorite-news.com\/pt\/a-comunicacao-e-uma-tendencia-ciclica-meios-publicidade\/"},"modified":"2021-07-09T19:25:12","modified_gmt":"2021-07-09T16:25:12","slug":"a-comunicacao-e-uma-tendencia-ciclica-meios-publicidade","status":"publish","type":"post","link":"https:\/\/favorite-news.com\/pt\/a-comunicacao-e-uma-tendencia-ciclica-meios-publicidade\/","title":{"rendered":"A comunica\u00e7\u00e3o \u00e9 uma tend\u00eancia c\u00edclica &#8211; Meios &#038; Publicidade"},"content":{"rendered":"<p>\t\t\tUm dos factores que faz movimentar a comunica\u00e7\u00e3o \u00e9 a tend\u00eancia e sabemos que essa est\u00e1 em constante muta\u00e7\u00e3o. Gra\u00e7as a esse movimento, \u00e9 poss\u00edvel n\u00e3o s\u00f3 adaptar a forma como comunicamos como nos permite explorar canais at\u00e9 ent\u00e3o nunca explorados. Por exemplo, n\u00e3o ser\u00e1 dif\u00edcil compreender a medida em que a pandemia afectou a forma de como comunicamos e como isso serviu de catalisador para mudar o pr\u00f3prio paradigma da comunica\u00e7\u00e3o.<br \/>\nHoje vemos uma tend\u00eancia crescente para o \u00e1udio e \u00e9 curioso como isso se assemelha ao passado quando tent\u00e1vamos imaginar os rostos que estavam por detr\u00e1s de uma emiss\u00e3o de r\u00e1dio. Ou mesmo o v\u00eddeo, que tem conquistado bastante terreno, faz recordar as grava\u00e7\u00f5es de anivers\u00e1rios, de viagens em fam\u00edlia, de cerim\u00f3nias, que faz\u00edamos com a camara de filmar e v\u00edamos posteriormente em VHS. O que antes era uma regra, hoje tornou-se uma escolha. Mas claro est\u00e1 que esta curiosa tend\u00eancia c\u00edclica na forma de como comunicamos exige adapta\u00e7\u00f5es aos tempos actuais.<br \/>\nOra, uma das grandes diferen\u00e7as \u00e9 que hoje um v\u00eddeo ou uma grava\u00e7\u00e3o de \u00e1udio n\u00e3o se faz apenas para partilhar com uma ou duas pessoas, mas sim com um conjunto de pessoas permitindo ampliar a mensagem de uma forma brutal. E com essa amplifica\u00e7\u00e3o, poder\u00e3o surgir algumas dificuldades. Afinal, quem ouve a minha mensagem? At\u00e9 onde \u00e9 que ela chega? A t\u00edtulo de exemplo, recentemente a SocialPubli desenvolveu um estudo acerca do TikTok em que 61,5% dos inquiridos acredita que a plataforma tornar-se-\u00e1 l\u00edder, e 28,7% espera que continue a crescer a m\u00e9dio prazo, podendo concluir que o v\u00eddeo continuar\u00e1 a tomar conta das tend\u00eancias de comunica\u00e7\u00e3o para os pr\u00f3ximos tempos.<br \/>\nMas para que isso seja poss\u00edvel, \u00e9 necess\u00e1rio criar uma estrat\u00e9gia digital onde n\u00e3o pode faltar o controlo das m\u00e9tricas de avalia\u00e7\u00e3o de forma a perceber qual o conte\u00fado preferido do nosso p\u00fablico. E, por exemplo, esse \u00e9 um dos pontos que, segundo os inquiridos deste estudo, deveria ser melhorado. Embora com o TikTok Pro j\u00e1 seja poss\u00edvel aceder a v\u00e1rios relat\u00f3rios, estes n\u00e3o s\u00e3o t\u00e3o pormenorizados em rela\u00e7\u00e3o \u00e0s outras plataformas. Afinal, 27,9% dos questionados concordam que um dos aspectos que deve ser melhorado no TikTok \u00e9 a an\u00e1lise.<br \/>\nNo entanto, este estudo fez cair alguns mitos, j\u00e1 que muitos v\u00eaem nesta plataforma um canal de entretenimento e a verdade \u00e9 que a realidade \u00e9 outra. O TikTok \u00e9 mais quem uma plataforma de divers\u00e3o e temos assistido a conte\u00fados como tutoriais e how to do super din\u00e2micos que funcionam lindamente para qualquer estrat\u00e9gia das marcas.<br \/>\nEm todo o caso, podemos constatar que a forma como comunicamos n\u00e3o mudou assim tanto, ao contr\u00e1rio das plataformas que s\u00e3o hoje mais que muitas, com o v\u00eddeo a conquistar cada vez mais adeptos. Ali\u00e1s, as pr\u00f3prias circunst\u00e2ncias da crise provocada pela covid-19 e a crescente digitaliza\u00e7\u00e3o global, reflectiu-se n\u00e3o s\u00f3 na utiliza\u00e7\u00e3o das redes sociais, mas tamb\u00e9m nesse crescimento abismal do TikTok.<br \/>\nArtigo de opini\u00e3o de Bruno Salom\u00e3o, country manager da SocialPubli Portugal<\/p>\n<p>\n<!--noindex--><br \/>\n<a href=\"https:\/\/www.meiosepublicidade.pt\/2021\/07\/a-comunicacao-e-uma-tendencia-ciclica\/?utm_source=rss&#038;utm_medium=rss&#038;utm_campaign=a-comunicacao-e-uma-tendencia-ciclica\" rel=\"nofollow\">Source link <\/a><br \/>\n<!--\/noindex--><\/p>\n","protected":false},"excerpt":{"rendered":"<p>Um dos factores que faz movimentar a comunica\u00e7\u00e3o \u00e9 a tend\u00eancia e sabemos que essa est\u00e1 em constante muta\u00e7\u00e3o. Gra\u00e7as a esse movimento, \u00e9 poss\u00edvel n\u00e3o s\u00f3 adaptar a forma como comunicamos como nos permite explorar canais at\u00e9 ent\u00e3o nunca explorados. Por exemplo, n\u00e3o ser\u00e1 dif\u00edcil compreender a medida em que a pandemia afectou a [&hellip;]<\/p>\n","protected":false},"author":2,"featured_media":8603,"comment_status":"open","ping_status":"open","sticky":false,"template":"","format":"standard","meta":{"footnotes":""},"categories":[3],"tags":[],"class_list":["post-10708","post","type-post","status-publish","format-standard","has-post-thumbnail","hentry","category-noticias-de-marketing-na-internet"],"yoast_head":"<!-- This site is optimized with the Yoast SEO plugin v27.4 - https:\/\/yoast.com\/product\/yoast-seo-wordpress\/ -->\n<title>A comunica\u00e7\u00e3o \u00e9 uma tend\u00eancia c\u00edclica - Meios &amp; Publicidade - Favorite News<\/title>\n<meta name=\"robots\" content=\"index, follow, max-snippet:-1, max-image-preview:large, max-video-preview:-1\" \/>\n<link rel=\"canonical\" href=\"https:\/\/favorite-news.com\/pt\/a-comunicacao-e-uma-tendencia-ciclica-meios-publicidade\/\" \/>\n<meta property=\"og:locale\" content=\"pt_PT\" \/>\n<meta property=\"og:type\" content=\"article\" \/>\n<meta property=\"og:title\" content=\"A comunica\u00e7\u00e3o \u00e9 uma tend\u00eancia c\u00edclica - Meios &amp; Publicidade - Favorite News\" \/>\n<meta property=\"og:description\" content=\"Um dos factores que faz movimentar a comunica\u00e7\u00e3o \u00e9 a tend\u00eancia e sabemos que essa est\u00e1 em constante muta\u00e7\u00e3o. Gra\u00e7as a esse movimento, \u00e9 poss\u00edvel n\u00e3o s\u00f3 adaptar a forma como comunicamos como nos permite explorar canais at\u00e9 ent\u00e3o nunca explorados. Por exemplo, n\u00e3o ser\u00e1 dif\u00edcil compreender a medida em que a pandemia afectou a [&hellip;]\" \/>\n<meta property=\"og:url\" content=\"https:\/\/favorite-news.com\/pt\/a-comunicacao-e-uma-tendencia-ciclica-meios-publicidade\/\" \/>\n<meta property=\"og:site_name\" content=\"Favorite News\" \/>\n<meta property=\"article:published_time\" content=\"2021-07-09T16:25:10+00:00\" \/>\n<meta property=\"article:modified_time\" content=\"2021-07-09T16:25:12+00:00\" \/>\n<meta property=\"og:image\" content=\"https:\/\/favorite-news.com\/pt\/wp-content\/uploads\/sites\/2\/2021\/01\/O-que-esperar-das-plataformas-de-influencia-em-2021.jpg\" \/>\n\t<meta property=\"og:image:width\" content=\"1020\" \/>\n\t<meta property=\"og:image:height\" content=\"792\" \/>\n\t<meta property=\"og:image:type\" content=\"image\/jpeg\" \/>\n<meta name=\"author\" content=\"favorite-news\" \/>\n<meta name=\"twitter:card\" content=\"summary_large_image\" \/>\n<meta name=\"twitter:label1\" content=\"Escrito por\" \/>\n\t<meta name=\"twitter:data1\" content=\"favorite-news\" \/>\n\t<meta name=\"twitter:label2\" content=\"Tempo estimado de leitura\" \/>\n\t<meta name=\"twitter:data2\" content=\"3 minutos\" \/>\n<script type=\"application\/ld+json\" class=\"yoast-schema-graph\">{\"@context\":\"https:\\\/\\\/schema.org\",\"@graph\":[{\"@type\":\"Article\",\"@id\":\"https:\\\/\\\/favorite-news.com\\\/pt\\\/a-comunicacao-e-uma-tendencia-ciclica-meios-publicidade\\\/#article\",\"isPartOf\":{\"@id\":\"https:\\\/\\\/favorite-news.com\\\/pt\\\/a-comunicacao-e-uma-tendencia-ciclica-meios-publicidade\\\/\"},\"author\":{\"name\":\"favorite-news\",\"@id\":\"https:\\\/\\\/favorite-news.com\\\/pt\\\/#\\\/schema\\\/person\\\/b91573b717dcfa5e4696032a9d28d3e8\"},\"headline\":\"A comunica\u00e7\u00e3o \u00e9 uma tend\u00eancia c\u00edclica &#8211; Meios &#038; Publicidade\",\"datePublished\":\"2021-07-09T16:25:10+00:00\",\"dateModified\":\"2021-07-09T16:25:12+00:00\",\"mainEntityOfPage\":{\"@id\":\"https:\\\/\\\/favorite-news.com\\\/pt\\\/a-comunicacao-e-uma-tendencia-ciclica-meios-publicidade\\\/\"},\"wordCount\":569,\"commentCount\":0,\"image\":{\"@id\":\"https:\\\/\\\/favorite-news.com\\\/pt\\\/a-comunicacao-e-uma-tendencia-ciclica-meios-publicidade\\\/#primaryimage\"},\"thumbnailUrl\":\"https:\\\/\\\/favorite-news.com\\\/pt\\\/wp-content\\\/uploads\\\/sites\\\/2\\\/2021\\\/01\\\/O-que-esperar-das-plataformas-de-influencia-em-2021.jpg\",\"articleSection\":[\"NOT\u00cdCIAS DE MARKETING NA INTERNET\"],\"inLanguage\":\"pt-PT\",\"potentialAction\":[{\"@type\":\"CommentAction\",\"name\":\"Comment\",\"target\":[\"https:\\\/\\\/favorite-news.com\\\/pt\\\/a-comunicacao-e-uma-tendencia-ciclica-meios-publicidade\\\/#respond\"]}]},{\"@type\":\"WebPage\",\"@id\":\"https:\\\/\\\/favorite-news.com\\\/pt\\\/a-comunicacao-e-uma-tendencia-ciclica-meios-publicidade\\\/\",\"url\":\"https:\\\/\\\/favorite-news.com\\\/pt\\\/a-comunicacao-e-uma-tendencia-ciclica-meios-publicidade\\\/\",\"name\":\"A comunica\u00e7\u00e3o \u00e9 uma tend\u00eancia c\u00edclica - Meios & Publicidade - Favorite News\",\"isPartOf\":{\"@id\":\"https:\\\/\\\/favorite-news.com\\\/pt\\\/#website\"},\"primaryImageOfPage\":{\"@id\":\"https:\\\/\\\/favorite-news.com\\\/pt\\\/a-comunicacao-e-uma-tendencia-ciclica-meios-publicidade\\\/#primaryimage\"},\"image\":{\"@id\":\"https:\\\/\\\/favorite-news.com\\\/pt\\\/a-comunicacao-e-uma-tendencia-ciclica-meios-publicidade\\\/#primaryimage\"},\"thumbnailUrl\":\"https:\\\/\\\/favorite-news.com\\\/pt\\\/wp-content\\\/uploads\\\/sites\\\/2\\\/2021\\\/01\\\/O-que-esperar-das-plataformas-de-influencia-em-2021.jpg\",\"datePublished\":\"2021-07-09T16:25:10+00:00\",\"dateModified\":\"2021-07-09T16:25:12+00:00\",\"author\":{\"@id\":\"https:\\\/\\\/favorite-news.com\\\/pt\\\/#\\\/schema\\\/person\\\/b91573b717dcfa5e4696032a9d28d3e8\"},\"breadcrumb\":{\"@id\":\"https:\\\/\\\/favorite-news.com\\\/pt\\\/a-comunicacao-e-uma-tendencia-ciclica-meios-publicidade\\\/#breadcrumb\"},\"inLanguage\":\"pt-PT\",\"potentialAction\":[{\"@type\":\"ReadAction\",\"target\":[\"https:\\\/\\\/favorite-news.com\\\/pt\\\/a-comunicacao-e-uma-tendencia-ciclica-meios-publicidade\\\/\"]}]},{\"@type\":\"ImageObject\",\"inLanguage\":\"pt-PT\",\"@id\":\"https:\\\/\\\/favorite-news.com\\\/pt\\\/a-comunicacao-e-uma-tendencia-ciclica-meios-publicidade\\\/#primaryimage\",\"url\":\"https:\\\/\\\/favorite-news.com\\\/pt\\\/wp-content\\\/uploads\\\/sites\\\/2\\\/2021\\\/01\\\/O-que-esperar-das-plataformas-de-influencia-em-2021.jpg\",\"contentUrl\":\"https:\\\/\\\/favorite-news.com\\\/pt\\\/wp-content\\\/uploads\\\/sites\\\/2\\\/2021\\\/01\\\/O-que-esperar-das-plataformas-de-influencia-em-2021.jpg\",\"width\":1020,\"height\":792,\"caption\":\"Bruno Salom\u00e3o SocialPubli #1\"},{\"@type\":\"BreadcrumbList\",\"@id\":\"https:\\\/\\\/favorite-news.com\\\/pt\\\/a-comunicacao-e-uma-tendencia-ciclica-meios-publicidade\\\/#breadcrumb\",\"itemListElement\":[{\"@type\":\"ListItem\",\"position\":1,\"name\":\"Home\",\"item\":\"https:\\\/\\\/favorite-news.com\\\/pt\\\/\"},{\"@type\":\"ListItem\",\"position\":2,\"name\":\"A comunica\u00e7\u00e3o \u00e9 uma tend\u00eancia c\u00edclica &#8211; Meios &#038; Publicidade\"}]},{\"@type\":\"WebSite\",\"@id\":\"https:\\\/\\\/favorite-news.com\\\/pt\\\/#website\",\"url\":\"https:\\\/\\\/favorite-news.com\\\/pt\\\/\",\"name\":\"Favorite News\",\"description\":\"Favorite News Portugal\",\"potentialAction\":[{\"@type\":\"SearchAction\",\"target\":{\"@type\":\"EntryPoint\",\"urlTemplate\":\"https:\\\/\\\/favorite-news.com\\\/pt\\\/?s={search_term_string}\"},\"query-input\":{\"@type\":\"PropertyValueSpecification\",\"valueRequired\":true,\"valueName\":\"search_term_string\"}}],\"inLanguage\":\"pt-PT\"},{\"@type\":\"Person\",\"@id\":\"https:\\\/\\\/favorite-news.com\\\/pt\\\/#\\\/schema\\\/person\\\/b91573b717dcfa5e4696032a9d28d3e8\",\"name\":\"favorite-news\",\"image\":{\"@type\":\"ImageObject\",\"inLanguage\":\"pt-PT\",\"@id\":\"https:\\\/\\\/secure.gravatar.com\\\/avatar\\\/6c5a5cb12b74e9d517ee91cf570335b7d16177f1977cc91db161adfa435945a7?s=96&d=mm&r=g\",\"url\":\"https:\\\/\\\/secure.gravatar.com\\\/avatar\\\/6c5a5cb12b74e9d517ee91cf570335b7d16177f1977cc91db161adfa435945a7?s=96&d=mm&r=g\",\"contentUrl\":\"https:\\\/\\\/secure.gravatar.com\\\/avatar\\\/6c5a5cb12b74e9d517ee91cf570335b7d16177f1977cc91db161adfa435945a7?s=96&d=mm&r=g\",\"caption\":\"favorite-news\"},\"url\":\"https:\\\/\\\/favorite-news.com\\\/pt\\\/author\\\/pt\\\/\"}]}<\/script>\n<!-- \/ Yoast SEO plugin. -->","yoast_head_json":{"title":"A comunica\u00e7\u00e3o \u00e9 uma tend\u00eancia c\u00edclica - Meios & Publicidade - Favorite News","robots":{"index":"index","follow":"follow","max-snippet":"max-snippet:-1","max-image-preview":"max-image-preview:large","max-video-preview":"max-video-preview:-1"},"canonical":"https:\/\/favorite-news.com\/pt\/a-comunicacao-e-uma-tendencia-ciclica-meios-publicidade\/","og_locale":"pt_PT","og_type":"article","og_title":"A comunica\u00e7\u00e3o \u00e9 uma tend\u00eancia c\u00edclica - Meios & Publicidade - Favorite News","og_description":"Um dos factores que faz movimentar a comunica\u00e7\u00e3o \u00e9 a tend\u00eancia e sabemos que essa est\u00e1 em constante muta\u00e7\u00e3o. Gra\u00e7as a esse movimento, \u00e9 poss\u00edvel n\u00e3o s\u00f3 adaptar a forma como comunicamos como nos permite explorar canais at\u00e9 ent\u00e3o nunca explorados. Por exemplo, n\u00e3o ser\u00e1 dif\u00edcil compreender a medida em que a pandemia afectou a [&hellip;]","og_url":"https:\/\/favorite-news.com\/pt\/a-comunicacao-e-uma-tendencia-ciclica-meios-publicidade\/","og_site_name":"Favorite News","article_published_time":"2021-07-09T16:25:10+00:00","article_modified_time":"2021-07-09T16:25:12+00:00","og_image":[{"width":1020,"height":792,"url":"https:\/\/favorite-news.com\/pt\/wp-content\/uploads\/sites\/2\/2021\/01\/O-que-esperar-das-plataformas-de-influencia-em-2021.jpg","type":"image\/jpeg"}],"author":"favorite-news","twitter_card":"summary_large_image","twitter_misc":{"Escrito por":"favorite-news","Tempo estimado de leitura":"3 minutos"},"schema":{"@context":"https:\/\/schema.org","@graph":[{"@type":"Article","@id":"https:\/\/favorite-news.com\/pt\/a-comunicacao-e-uma-tendencia-ciclica-meios-publicidade\/#article","isPartOf":{"@id":"https:\/\/favorite-news.com\/pt\/a-comunicacao-e-uma-tendencia-ciclica-meios-publicidade\/"},"author":{"name":"favorite-news","@id":"https:\/\/favorite-news.com\/pt\/#\/schema\/person\/b91573b717dcfa5e4696032a9d28d3e8"},"headline":"A comunica\u00e7\u00e3o \u00e9 uma tend\u00eancia c\u00edclica &#8211; Meios &#038; Publicidade","datePublished":"2021-07-09T16:25:10+00:00","dateModified":"2021-07-09T16:25:12+00:00","mainEntityOfPage":{"@id":"https:\/\/favorite-news.com\/pt\/a-comunicacao-e-uma-tendencia-ciclica-meios-publicidade\/"},"wordCount":569,"commentCount":0,"image":{"@id":"https:\/\/favorite-news.com\/pt\/a-comunicacao-e-uma-tendencia-ciclica-meios-publicidade\/#primaryimage"},"thumbnailUrl":"https:\/\/favorite-news.com\/pt\/wp-content\/uploads\/sites\/2\/2021\/01\/O-que-esperar-das-plataformas-de-influencia-em-2021.jpg","articleSection":["NOT\u00cdCIAS DE MARKETING NA INTERNET"],"inLanguage":"pt-PT","potentialAction":[{"@type":"CommentAction","name":"Comment","target":["https:\/\/favorite-news.com\/pt\/a-comunicacao-e-uma-tendencia-ciclica-meios-publicidade\/#respond"]}]},{"@type":"WebPage","@id":"https:\/\/favorite-news.com\/pt\/a-comunicacao-e-uma-tendencia-ciclica-meios-publicidade\/","url":"https:\/\/favorite-news.com\/pt\/a-comunicacao-e-uma-tendencia-ciclica-meios-publicidade\/","name":"A comunica\u00e7\u00e3o \u00e9 uma tend\u00eancia c\u00edclica - Meios & Publicidade - Favorite News","isPartOf":{"@id":"https:\/\/favorite-news.com\/pt\/#website"},"primaryImageOfPage":{"@id":"https:\/\/favorite-news.com\/pt\/a-comunicacao-e-uma-tendencia-ciclica-meios-publicidade\/#primaryimage"},"image":{"@id":"https:\/\/favorite-news.com\/pt\/a-comunicacao-e-uma-tendencia-ciclica-meios-publicidade\/#primaryimage"},"thumbnailUrl":"https:\/\/favorite-news.com\/pt\/wp-content\/uploads\/sites\/2\/2021\/01\/O-que-esperar-das-plataformas-de-influencia-em-2021.jpg","datePublished":"2021-07-09T16:25:10+00:00","dateModified":"2021-07-09T16:25:12+00:00","author":{"@id":"https:\/\/favorite-news.com\/pt\/#\/schema\/person\/b91573b717dcfa5e4696032a9d28d3e8"},"breadcrumb":{"@id":"https:\/\/favorite-news.com\/pt\/a-comunicacao-e-uma-tendencia-ciclica-meios-publicidade\/#breadcrumb"},"inLanguage":"pt-PT","potentialAction":[{"@type":"ReadAction","target":["https:\/\/favorite-news.com\/pt\/a-comunicacao-e-uma-tendencia-ciclica-meios-publicidade\/"]}]},{"@type":"ImageObject","inLanguage":"pt-PT","@id":"https:\/\/favorite-news.com\/pt\/a-comunicacao-e-uma-tendencia-ciclica-meios-publicidade\/#primaryimage","url":"https:\/\/favorite-news.com\/pt\/wp-content\/uploads\/sites\/2\/2021\/01\/O-que-esperar-das-plataformas-de-influencia-em-2021.jpg","contentUrl":"https:\/\/favorite-news.com\/pt\/wp-content\/uploads\/sites\/2\/2021\/01\/O-que-esperar-das-plataformas-de-influencia-em-2021.jpg","width":1020,"height":792,"caption":"Bruno Salom\u00e3o SocialPubli #1"},{"@type":"BreadcrumbList","@id":"https:\/\/favorite-news.com\/pt\/a-comunicacao-e-uma-tendencia-ciclica-meios-publicidade\/#breadcrumb","itemListElement":[{"@type":"ListItem","position":1,"name":"Home","item":"https:\/\/favorite-news.com\/pt\/"},{"@type":"ListItem","position":2,"name":"A comunica\u00e7\u00e3o \u00e9 uma tend\u00eancia c\u00edclica &#8211; Meios &#038; Publicidade"}]},{"@type":"WebSite","@id":"https:\/\/favorite-news.com\/pt\/#website","url":"https:\/\/favorite-news.com\/pt\/","name":"Favorite News","description":"Favorite News Portugal","potentialAction":[{"@type":"SearchAction","target":{"@type":"EntryPoint","urlTemplate":"https:\/\/favorite-news.com\/pt\/?s={search_term_string}"},"query-input":{"@type":"PropertyValueSpecification","valueRequired":true,"valueName":"search_term_string"}}],"inLanguage":"pt-PT"},{"@type":"Person","@id":"https:\/\/favorite-news.com\/pt\/#\/schema\/person\/b91573b717dcfa5e4696032a9d28d3e8","name":"favorite-news","image":{"@type":"ImageObject","inLanguage":"pt-PT","@id":"https:\/\/secure.gravatar.com\/avatar\/6c5a5cb12b74e9d517ee91cf570335b7d16177f1977cc91db161adfa435945a7?s=96&d=mm&r=g","url":"https:\/\/secure.gravatar.com\/avatar\/6c5a5cb12b74e9d517ee91cf570335b7d16177f1977cc91db161adfa435945a7?s=96&d=mm&r=g","contentUrl":"https:\/\/secure.gravatar.com\/avatar\/6c5a5cb12b74e9d517ee91cf570335b7d16177f1977cc91db161adfa435945a7?s=96&d=mm&r=g","caption":"favorite-news"},"url":"https:\/\/favorite-news.com\/pt\/author\/pt\/"}]}},"_links":{"self":[{"href":"https:\/\/favorite-news.com\/pt\/wp-json\/wp\/v2\/posts\/10708","targetHints":{"allow":["GET"]}}],"collection":[{"href":"https:\/\/favorite-news.com\/pt\/wp-json\/wp\/v2\/posts"}],"about":[{"href":"https:\/\/favorite-news.com\/pt\/wp-json\/wp\/v2\/types\/post"}],"author":[{"embeddable":true,"href":"https:\/\/favorite-news.com\/pt\/wp-json\/wp\/v2\/users\/2"}],"replies":[{"embeddable":true,"href":"https:\/\/favorite-news.com\/pt\/wp-json\/wp\/v2\/comments?post=10708"}],"version-history":[{"count":1,"href":"https:\/\/favorite-news.com\/pt\/wp-json\/wp\/v2\/posts\/10708\/revisions"}],"predecessor-version":[{"id":10709,"href":"https:\/\/favorite-news.com\/pt\/wp-json\/wp\/v2\/posts\/10708\/revisions\/10709"}],"wp:featuredmedia":[{"embeddable":true,"href":"https:\/\/favorite-news.com\/pt\/wp-json\/wp\/v2\/media\/8603"}],"wp:attachment":[{"href":"https:\/\/favorite-news.com\/pt\/wp-json\/wp\/v2\/media?parent=10708"}],"wp:term":[{"taxonomy":"category","embeddable":true,"href":"https:\/\/favorite-news.com\/pt\/wp-json\/wp\/v2\/categories?post=10708"},{"taxonomy":"post_tag","embeddable":true,"href":"https:\/\/favorite-news.com\/pt\/wp-json\/wp\/v2\/tags?post=10708"}],"curies":[{"name":"wp","href":"https:\/\/api.w.org\/{rel}","templated":true}]}}