{"id":10699,"date":"2021-07-08T23:11:22","date_gmt":"2021-07-08T20:11:22","guid":{"rendered":"https:\/\/favorite-news.com\/pt\/governo-cria-nova-linha-de-credito-para-micro-e-pequenas-empresas-zap\/"},"modified":"2021-07-08T23:11:26","modified_gmt":"2021-07-08T20:11:26","slug":"governo-cria-nova-linha-de-credito-para-micro-e-pequenas-empresas-zap","status":"publish","type":"post","link":"https:\/\/favorite-news.com\/pt\/governo-cria-nova-linha-de-credito-para-micro-e-pequenas-empresas-zap\/","title":{"rendered":"Governo cria nova linha de cr\u00e9dito para micro e pequenas empresas &#8211; ZAP"},"content":{"rendered":"<p>websummit \/ Flickr Pedro Siza Vieira, ministro de Estado, da Economia e da Transi\u00e7\u00e3o Digital<br \/>\nO Governo anunciou, esta quinta-feira, a cria\u00e7\u00e3o de uma nova linha de cr\u00e9dito para micro e pequenas empresas com um valor at\u00e9 750 milh\u00f5es de euros.<\/p>\n<p>O ministro da Economia, Pedro Siza Vieira, espera que a nova linha de cr\u00e9dito para empresas esteja operacional dentro de 15 dias e explica que j\u00e1 estava prevista no Or\u00e7amento do Estado para 2021.<br \/>\nA ideia \u00e9 que \u201catrav\u00e9s do IAPMEI possa ser concedido cr\u00e9dito a micro e a pequenas empresas com um per\u00edodo de car\u00eancia de 18 meses\u201d, sublinhou o governante.<br \/>\nA linha \u201creplicar\u00e1 em grande medida a experi\u00eancia que j\u00e1 temos em vigor para as empresas do Turismo \u2013 na linha gerida pelo Turismo de Portugal \u2013 e permitir\u00e1 o acesso as empresas desta dimens\u00e3o noutros ramos de atividade\u201d, acrescentou, citado pelo jornal online Observador.<\/p>\n<p>\u201cEla n\u00e3o vai ser absorvida de imediato, mas vamos come\u00e7ar a disponibilizar cr\u00e9dito. Esperamos ter at\u00e9 ao final do m\u00eas, ou in\u00edcio do pr\u00f3ximo, os formul\u00e1rios de candidatura dispon\u00edveis. E veremos, em fun\u00e7\u00e3o da procura, como vai evoluir\u201d, adiantou Siza Vieira.<br \/>\nO cr\u00e9dito a conceder depende da dimens\u00e3o da empresa, que \u00e9 determinada pelo n\u00famero de trabalhadores. Poder\u00e1 ser concedido um valor de cerca de 3.000 euros por cada posto de trabalho, at\u00e9 um limite de 25 mil euros nas micro-empresas e at\u00e9 um limite de 75 mil euros nas pequenas empresas.<br \/>\nO per\u00edodo de reembolso \u201cainda vai ser definido nos pr\u00f3ximos dias\u201d, mas Siza Vieira garante que \u201co custo ser\u00e1 reduzido\u201d, estando a apontar \u201cpara um custo que corresponde \u00e0 Euribor mais 1,5%\u201d.<br \/>\nComo tem sido h\u00e1bito nas outras linhas, as empresas candidatas n\u00e3o poder\u00e3o reduzir o quadro da empresa por um certo per\u00edodo.<br \/>\n\u201cEste apoio estende-se apenas aos setores mais afetados pela pandemia, que tiveram as maiores redu\u00e7\u00f5es de fatura\u00e7\u00e3o e que est\u00e3o a ter um ritmo de recupera\u00e7\u00e3o ainda desligado do conjunto da atividade econ\u00f3mica. Estamos a falar da fileira tur\u00edstica, do retalho, transportes e alguns segmentos da ind\u00fastria transformadora. As grandes empresas tamb\u00e9m poder\u00e3o aceder\u201d, disse ainda o respons\u00e1vel pela pasta da Economia.<br \/>\n ZAP \/\/ <\/p>\n<p>\n<!--noindex--><br \/>\n<a href=\"https:\/\/zap.aeiou.pt\/governo-cria-linha-de-credito-empresas-415870\" rel=\"nofollow\">Source link <\/a><br \/>\n<!--\/noindex--><\/p>\n","protected":false},"excerpt":{"rendered":"<p>websummit \/ Flickr Pedro Siza Vieira, ministro de Estado, da Economia e da Transi\u00e7\u00e3o Digital O Governo anunciou, esta quinta-feira, a cria\u00e7\u00e3o de uma nova linha de cr\u00e9dito para micro e pequenas empresas com um valor at\u00e9 750 milh\u00f5es de euros. O ministro da Economia, Pedro Siza Vieira, espera que a nova linha de cr\u00e9dito [&hellip;]<\/p>\n","protected":false},"author":2,"featured_media":10700,"comment_status":"open","ping_status":"open","sticky":false,"template":"","format":"standard","meta":{"footnotes":""},"categories":[1],"tags":[],"class_list":["post-10699","post","type-post","status-publish","format-standard","has-post-thumbnail","hentry","category-noticias-financeiras"],"yoast_head":"<!-- This site is optimized with the Yoast SEO plugin v27.4 - https:\/\/yoast.com\/product\/yoast-seo-wordpress\/ -->\n<title>Governo cria nova linha de cr\u00e9dito para micro e pequenas empresas - ZAP - Favorite News<\/title>\n<meta name=\"robots\" content=\"index, follow, max-snippet:-1, max-image-preview:large, max-video-preview:-1\" \/>\n<link rel=\"canonical\" href=\"https:\/\/favorite-news.com\/pt\/governo-cria-nova-linha-de-credito-para-micro-e-pequenas-empresas-zap\/\" \/>\n<meta property=\"og:locale\" content=\"pt_PT\" \/>\n<meta property=\"og:type\" content=\"article\" \/>\n<meta property=\"og:title\" content=\"Governo cria nova linha de cr\u00e9dito para micro e pequenas empresas - ZAP - Favorite News\" \/>\n<meta property=\"og:description\" content=\"websummit \/ Flickr Pedro Siza Vieira, ministro de Estado, da Economia e da Transi\u00e7\u00e3o Digital O Governo anunciou, esta quinta-feira, a cria\u00e7\u00e3o de uma nova linha de cr\u00e9dito para micro e pequenas empresas com um valor at\u00e9 750 milh\u00f5es de euros. O ministro da Economia, Pedro Siza Vieira, espera que a nova linha de cr\u00e9dito [&hellip;]\" \/>\n<meta property=\"og:url\" content=\"https:\/\/favorite-news.com\/pt\/governo-cria-nova-linha-de-credito-para-micro-e-pequenas-empresas-zap\/\" \/>\n<meta property=\"og:site_name\" content=\"Favorite News\" \/>\n<meta property=\"article:published_time\" content=\"2021-07-08T20:11:22+00:00\" \/>\n<meta property=\"article:modified_time\" content=\"2021-07-08T20:11:26+00:00\" \/>\n<meta property=\"og:image\" content=\"https:\/\/favorite-news.com\/pt\/wp-content\/uploads\/sites\/2\/2021\/07\/Governo-cria-nova-linha-de-credito-para-micro-e-pequenas.jpg\" \/>\n\t<meta property=\"og:image:width\" content=\"1024\" \/>\n\t<meta property=\"og:image:height\" content=\"683\" \/>\n\t<meta property=\"og:image:type\" content=\"image\/jpeg\" \/>\n<meta name=\"author\" content=\"favorite-news\" \/>\n<meta name=\"twitter:card\" content=\"summary_large_image\" \/>\n<meta name=\"twitter:label1\" content=\"Escrito por\" \/>\n\t<meta name=\"twitter:data1\" content=\"favorite-news\" \/>\n\t<meta name=\"twitter:label2\" content=\"Tempo estimado de leitura\" \/>\n\t<meta name=\"twitter:data2\" content=\"2 minutos\" \/>\n<script type=\"application\/ld+json\" class=\"yoast-schema-graph\">{\"@context\":\"https:\\\/\\\/schema.org\",\"@graph\":[{\"@type\":\"Article\",\"@id\":\"https:\\\/\\\/favorite-news.com\\\/pt\\\/governo-cria-nova-linha-de-credito-para-micro-e-pequenas-empresas-zap\\\/#article\",\"isPartOf\":{\"@id\":\"https:\\\/\\\/favorite-news.com\\\/pt\\\/governo-cria-nova-linha-de-credito-para-micro-e-pequenas-empresas-zap\\\/\"},\"author\":{\"name\":\"favorite-news\",\"@id\":\"https:\\\/\\\/favorite-news.com\\\/pt\\\/#\\\/schema\\\/person\\\/b91573b717dcfa5e4696032a9d28d3e8\"},\"headline\":\"Governo cria nova linha de cr\u00e9dito para micro e pequenas empresas &#8211; ZAP\",\"datePublished\":\"2021-07-08T20:11:22+00:00\",\"dateModified\":\"2021-07-08T20:11:26+00:00\",\"mainEntityOfPage\":{\"@id\":\"https:\\\/\\\/favorite-news.com\\\/pt\\\/governo-cria-nova-linha-de-credito-para-micro-e-pequenas-empresas-zap\\\/\"},\"wordCount\":398,\"commentCount\":0,\"image\":{\"@id\":\"https:\\\/\\\/favorite-news.com\\\/pt\\\/governo-cria-nova-linha-de-credito-para-micro-e-pequenas-empresas-zap\\\/#primaryimage\"},\"thumbnailUrl\":\"https:\\\/\\\/favorite-news.com\\\/pt\\\/wp-content\\\/uploads\\\/sites\\\/2\\\/2021\\\/07\\\/Governo-cria-nova-linha-de-credito-para-micro-e-pequenas.jpg\",\"articleSection\":[\"NOT\u00cdCIAS FINANCEIRAS\"],\"inLanguage\":\"pt-PT\",\"potentialAction\":[{\"@type\":\"CommentAction\",\"name\":\"Comment\",\"target\":[\"https:\\\/\\\/favorite-news.com\\\/pt\\\/governo-cria-nova-linha-de-credito-para-micro-e-pequenas-empresas-zap\\\/#respond\"]}]},{\"@type\":\"WebPage\",\"@id\":\"https:\\\/\\\/favorite-news.com\\\/pt\\\/governo-cria-nova-linha-de-credito-para-micro-e-pequenas-empresas-zap\\\/\",\"url\":\"https:\\\/\\\/favorite-news.com\\\/pt\\\/governo-cria-nova-linha-de-credito-para-micro-e-pequenas-empresas-zap\\\/\",\"name\":\"Governo cria nova linha de cr\u00e9dito para micro e pequenas empresas - ZAP - Favorite News\",\"isPartOf\":{\"@id\":\"https:\\\/\\\/favorite-news.com\\\/pt\\\/#website\"},\"primaryImageOfPage\":{\"@id\":\"https:\\\/\\\/favorite-news.com\\\/pt\\\/governo-cria-nova-linha-de-credito-para-micro-e-pequenas-empresas-zap\\\/#primaryimage\"},\"image\":{\"@id\":\"https:\\\/\\\/favorite-news.com\\\/pt\\\/governo-cria-nova-linha-de-credito-para-micro-e-pequenas-empresas-zap\\\/#primaryimage\"},\"thumbnailUrl\":\"https:\\\/\\\/favorite-news.com\\\/pt\\\/wp-content\\\/uploads\\\/sites\\\/2\\\/2021\\\/07\\\/Governo-cria-nova-linha-de-credito-para-micro-e-pequenas.jpg\",\"datePublished\":\"2021-07-08T20:11:22+00:00\",\"dateModified\":\"2021-07-08T20:11:26+00:00\",\"author\":{\"@id\":\"https:\\\/\\\/favorite-news.com\\\/pt\\\/#\\\/schema\\\/person\\\/b91573b717dcfa5e4696032a9d28d3e8\"},\"breadcrumb\":{\"@id\":\"https:\\\/\\\/favorite-news.com\\\/pt\\\/governo-cria-nova-linha-de-credito-para-micro-e-pequenas-empresas-zap\\\/#breadcrumb\"},\"inLanguage\":\"pt-PT\",\"potentialAction\":[{\"@type\":\"ReadAction\",\"target\":[\"https:\\\/\\\/favorite-news.com\\\/pt\\\/governo-cria-nova-linha-de-credito-para-micro-e-pequenas-empresas-zap\\\/\"]}]},{\"@type\":\"ImageObject\",\"inLanguage\":\"pt-PT\",\"@id\":\"https:\\\/\\\/favorite-news.com\\\/pt\\\/governo-cria-nova-linha-de-credito-para-micro-e-pequenas-empresas-zap\\\/#primaryimage\",\"url\":\"https:\\\/\\\/favorite-news.com\\\/pt\\\/wp-content\\\/uploads\\\/sites\\\/2\\\/2021\\\/07\\\/Governo-cria-nova-linha-de-credito-para-micro-e-pequenas.jpg\",\"contentUrl\":\"https:\\\/\\\/favorite-news.com\\\/pt\\\/wp-content\\\/uploads\\\/sites\\\/2\\\/2021\\\/07\\\/Governo-cria-nova-linha-de-credito-para-micro-e-pequenas.jpg\",\"width\":1024,\"height\":683,\"caption\":\"Governo cria nova linha de cr\u00e9dito para micro e pequenas empresas - ZAP\"},{\"@type\":\"BreadcrumbList\",\"@id\":\"https:\\\/\\\/favorite-news.com\\\/pt\\\/governo-cria-nova-linha-de-credito-para-micro-e-pequenas-empresas-zap\\\/#breadcrumb\",\"itemListElement\":[{\"@type\":\"ListItem\",\"position\":1,\"name\":\"Home\",\"item\":\"https:\\\/\\\/favorite-news.com\\\/pt\\\/\"},{\"@type\":\"ListItem\",\"position\":2,\"name\":\"Governo cria nova linha de cr\u00e9dito para micro e pequenas empresas &#8211; ZAP\"}]},{\"@type\":\"WebSite\",\"@id\":\"https:\\\/\\\/favorite-news.com\\\/pt\\\/#website\",\"url\":\"https:\\\/\\\/favorite-news.com\\\/pt\\\/\",\"name\":\"Favorite News\",\"description\":\"Favorite News Portugal\",\"potentialAction\":[{\"@type\":\"SearchAction\",\"target\":{\"@type\":\"EntryPoint\",\"urlTemplate\":\"https:\\\/\\\/favorite-news.com\\\/pt\\\/?s={search_term_string}\"},\"query-input\":{\"@type\":\"PropertyValueSpecification\",\"valueRequired\":true,\"valueName\":\"search_term_string\"}}],\"inLanguage\":\"pt-PT\"},{\"@type\":\"Person\",\"@id\":\"https:\\\/\\\/favorite-news.com\\\/pt\\\/#\\\/schema\\\/person\\\/b91573b717dcfa5e4696032a9d28d3e8\",\"name\":\"favorite-news\",\"image\":{\"@type\":\"ImageObject\",\"inLanguage\":\"pt-PT\",\"@id\":\"https:\\\/\\\/secure.gravatar.com\\\/avatar\\\/6c5a5cb12b74e9d517ee91cf570335b7d16177f1977cc91db161adfa435945a7?s=96&d=mm&r=g\",\"url\":\"https:\\\/\\\/secure.gravatar.com\\\/avatar\\\/6c5a5cb12b74e9d517ee91cf570335b7d16177f1977cc91db161adfa435945a7?s=96&d=mm&r=g\",\"contentUrl\":\"https:\\\/\\\/secure.gravatar.com\\\/avatar\\\/6c5a5cb12b74e9d517ee91cf570335b7d16177f1977cc91db161adfa435945a7?s=96&d=mm&r=g\",\"caption\":\"favorite-news\"},\"url\":\"https:\\\/\\\/favorite-news.com\\\/pt\\\/author\\\/pt\\\/\"}]}<\/script>\n<!-- \/ Yoast SEO plugin. -->","yoast_head_json":{"title":"Governo cria nova linha de cr\u00e9dito para micro e pequenas empresas - ZAP - Favorite News","robots":{"index":"index","follow":"follow","max-snippet":"max-snippet:-1","max-image-preview":"max-image-preview:large","max-video-preview":"max-video-preview:-1"},"canonical":"https:\/\/favorite-news.com\/pt\/governo-cria-nova-linha-de-credito-para-micro-e-pequenas-empresas-zap\/","og_locale":"pt_PT","og_type":"article","og_title":"Governo cria nova linha de cr\u00e9dito para micro e pequenas empresas - ZAP - Favorite News","og_description":"websummit \/ Flickr Pedro Siza Vieira, ministro de Estado, da Economia e da Transi\u00e7\u00e3o Digital O Governo anunciou, esta quinta-feira, a cria\u00e7\u00e3o de uma nova linha de cr\u00e9dito para micro e pequenas empresas com um valor at\u00e9 750 milh\u00f5es de euros. O ministro da Economia, Pedro Siza Vieira, espera que a nova linha de cr\u00e9dito [&hellip;]","og_url":"https:\/\/favorite-news.com\/pt\/governo-cria-nova-linha-de-credito-para-micro-e-pequenas-empresas-zap\/","og_site_name":"Favorite News","article_published_time":"2021-07-08T20:11:22+00:00","article_modified_time":"2021-07-08T20:11:26+00:00","og_image":[{"width":1024,"height":683,"url":"https:\/\/favorite-news.com\/pt\/wp-content\/uploads\/sites\/2\/2021\/07\/Governo-cria-nova-linha-de-credito-para-micro-e-pequenas.jpg","type":"image\/jpeg"}],"author":"favorite-news","twitter_card":"summary_large_image","twitter_misc":{"Escrito por":"favorite-news","Tempo estimado de leitura":"2 minutos"},"schema":{"@context":"https:\/\/schema.org","@graph":[{"@type":"Article","@id":"https:\/\/favorite-news.com\/pt\/governo-cria-nova-linha-de-credito-para-micro-e-pequenas-empresas-zap\/#article","isPartOf":{"@id":"https:\/\/favorite-news.com\/pt\/governo-cria-nova-linha-de-credito-para-micro-e-pequenas-empresas-zap\/"},"author":{"name":"favorite-news","@id":"https:\/\/favorite-news.com\/pt\/#\/schema\/person\/b91573b717dcfa5e4696032a9d28d3e8"},"headline":"Governo cria nova linha de cr\u00e9dito para micro e pequenas empresas &#8211; ZAP","datePublished":"2021-07-08T20:11:22+00:00","dateModified":"2021-07-08T20:11:26+00:00","mainEntityOfPage":{"@id":"https:\/\/favorite-news.com\/pt\/governo-cria-nova-linha-de-credito-para-micro-e-pequenas-empresas-zap\/"},"wordCount":398,"commentCount":0,"image":{"@id":"https:\/\/favorite-news.com\/pt\/governo-cria-nova-linha-de-credito-para-micro-e-pequenas-empresas-zap\/#primaryimage"},"thumbnailUrl":"https:\/\/favorite-news.com\/pt\/wp-content\/uploads\/sites\/2\/2021\/07\/Governo-cria-nova-linha-de-credito-para-micro-e-pequenas.jpg","articleSection":["NOT\u00cdCIAS FINANCEIRAS"],"inLanguage":"pt-PT","potentialAction":[{"@type":"CommentAction","name":"Comment","target":["https:\/\/favorite-news.com\/pt\/governo-cria-nova-linha-de-credito-para-micro-e-pequenas-empresas-zap\/#respond"]}]},{"@type":"WebPage","@id":"https:\/\/favorite-news.com\/pt\/governo-cria-nova-linha-de-credito-para-micro-e-pequenas-empresas-zap\/","url":"https:\/\/favorite-news.com\/pt\/governo-cria-nova-linha-de-credito-para-micro-e-pequenas-empresas-zap\/","name":"Governo cria nova linha de cr\u00e9dito para micro e pequenas empresas - ZAP - Favorite News","isPartOf":{"@id":"https:\/\/favorite-news.com\/pt\/#website"},"primaryImageOfPage":{"@id":"https:\/\/favorite-news.com\/pt\/governo-cria-nova-linha-de-credito-para-micro-e-pequenas-empresas-zap\/#primaryimage"},"image":{"@id":"https:\/\/favorite-news.com\/pt\/governo-cria-nova-linha-de-credito-para-micro-e-pequenas-empresas-zap\/#primaryimage"},"thumbnailUrl":"https:\/\/favorite-news.com\/pt\/wp-content\/uploads\/sites\/2\/2021\/07\/Governo-cria-nova-linha-de-credito-para-micro-e-pequenas.jpg","datePublished":"2021-07-08T20:11:22+00:00","dateModified":"2021-07-08T20:11:26+00:00","author":{"@id":"https:\/\/favorite-news.com\/pt\/#\/schema\/person\/b91573b717dcfa5e4696032a9d28d3e8"},"breadcrumb":{"@id":"https:\/\/favorite-news.com\/pt\/governo-cria-nova-linha-de-credito-para-micro-e-pequenas-empresas-zap\/#breadcrumb"},"inLanguage":"pt-PT","potentialAction":[{"@type":"ReadAction","target":["https:\/\/favorite-news.com\/pt\/governo-cria-nova-linha-de-credito-para-micro-e-pequenas-empresas-zap\/"]}]},{"@type":"ImageObject","inLanguage":"pt-PT","@id":"https:\/\/favorite-news.com\/pt\/governo-cria-nova-linha-de-credito-para-micro-e-pequenas-empresas-zap\/#primaryimage","url":"https:\/\/favorite-news.com\/pt\/wp-content\/uploads\/sites\/2\/2021\/07\/Governo-cria-nova-linha-de-credito-para-micro-e-pequenas.jpg","contentUrl":"https:\/\/favorite-news.com\/pt\/wp-content\/uploads\/sites\/2\/2021\/07\/Governo-cria-nova-linha-de-credito-para-micro-e-pequenas.jpg","width":1024,"height":683,"caption":"Governo cria nova linha de cr\u00e9dito para micro e pequenas empresas - ZAP"},{"@type":"BreadcrumbList","@id":"https:\/\/favorite-news.com\/pt\/governo-cria-nova-linha-de-credito-para-micro-e-pequenas-empresas-zap\/#breadcrumb","itemListElement":[{"@type":"ListItem","position":1,"name":"Home","item":"https:\/\/favorite-news.com\/pt\/"},{"@type":"ListItem","position":2,"name":"Governo cria nova linha de cr\u00e9dito para micro e pequenas empresas &#8211; ZAP"}]},{"@type":"WebSite","@id":"https:\/\/favorite-news.com\/pt\/#website","url":"https:\/\/favorite-news.com\/pt\/","name":"Favorite News","description":"Favorite News Portugal","potentialAction":[{"@type":"SearchAction","target":{"@type":"EntryPoint","urlTemplate":"https:\/\/favorite-news.com\/pt\/?s={search_term_string}"},"query-input":{"@type":"PropertyValueSpecification","valueRequired":true,"valueName":"search_term_string"}}],"inLanguage":"pt-PT"},{"@type":"Person","@id":"https:\/\/favorite-news.com\/pt\/#\/schema\/person\/b91573b717dcfa5e4696032a9d28d3e8","name":"favorite-news","image":{"@type":"ImageObject","inLanguage":"pt-PT","@id":"https:\/\/secure.gravatar.com\/avatar\/6c5a5cb12b74e9d517ee91cf570335b7d16177f1977cc91db161adfa435945a7?s=96&d=mm&r=g","url":"https:\/\/secure.gravatar.com\/avatar\/6c5a5cb12b74e9d517ee91cf570335b7d16177f1977cc91db161adfa435945a7?s=96&d=mm&r=g","contentUrl":"https:\/\/secure.gravatar.com\/avatar\/6c5a5cb12b74e9d517ee91cf570335b7d16177f1977cc91db161adfa435945a7?s=96&d=mm&r=g","caption":"favorite-news"},"url":"https:\/\/favorite-news.com\/pt\/author\/pt\/"}]}},"_links":{"self":[{"href":"https:\/\/favorite-news.com\/pt\/wp-json\/wp\/v2\/posts\/10699","targetHints":{"allow":["GET"]}}],"collection":[{"href":"https:\/\/favorite-news.com\/pt\/wp-json\/wp\/v2\/posts"}],"about":[{"href":"https:\/\/favorite-news.com\/pt\/wp-json\/wp\/v2\/types\/post"}],"author":[{"embeddable":true,"href":"https:\/\/favorite-news.com\/pt\/wp-json\/wp\/v2\/users\/2"}],"replies":[{"embeddable":true,"href":"https:\/\/favorite-news.com\/pt\/wp-json\/wp\/v2\/comments?post=10699"}],"version-history":[{"count":1,"href":"https:\/\/favorite-news.com\/pt\/wp-json\/wp\/v2\/posts\/10699\/revisions"}],"predecessor-version":[{"id":10701,"href":"https:\/\/favorite-news.com\/pt\/wp-json\/wp\/v2\/posts\/10699\/revisions\/10701"}],"wp:featuredmedia":[{"embeddable":true,"href":"https:\/\/favorite-news.com\/pt\/wp-json\/wp\/v2\/media\/10700"}],"wp:attachment":[{"href":"https:\/\/favorite-news.com\/pt\/wp-json\/wp\/v2\/media?parent=10699"}],"wp:term":[{"taxonomy":"category","embeddable":true,"href":"https:\/\/favorite-news.com\/pt\/wp-json\/wp\/v2\/categories?post=10699"},{"taxonomy":"post_tag","embeddable":true,"href":"https:\/\/favorite-news.com\/pt\/wp-json\/wp\/v2\/tags?post=10699"}],"curies":[{"name":"wp","href":"https:\/\/api.w.org\/{rel}","templated":true}]}}