{"id":10693,"date":"2021-07-08T11:10:36","date_gmt":"2021-07-08T08:10:36","guid":{"rendered":"https:\/\/favorite-news.com\/pt\/portugal-tem-2-a-maior-queda-nas-horas-de-trabalho-pagas-com-baixa-remuneracao-zap\/"},"modified":"2021-07-08T11:10:41","modified_gmt":"2021-07-08T08:10:41","slug":"portugal-tem-2-a-maior-queda-nas-horas-de-trabalho-pagas-com-baixa-remuneracao-zap","status":"publish","type":"post","link":"https:\/\/favorite-news.com\/pt\/portugal-tem-2-a-maior-queda-nas-horas-de-trabalho-pagas-com-baixa-remuneracao-zap\/","title":{"rendered":"Portugal tem 2.\u00aa maior queda nas horas de trabalho pagas com baixa remunera\u00e7\u00e3o &#8211; ZAP"},"content":{"rendered":"<p>(cv) Moodbeam \/ Youtube<br \/>\nPortugal foi o segundo pa\u00eds da OCDE onde as horas de trabalho em ocupa\u00e7\u00f5es com baixos sal\u00e1rios mais ca\u00edram no segundo trimestre de 2020, quando ocorreu o primeiro confinamento devido \u00e0 pandemia, segundo o Employment Outlook 2021, divulgado na passada quarta-feira.<\/p>\n<p>De acordo com um novo relat\u00f3rio da Organiza\u00e7\u00e3o para a Coopera\u00e7\u00e3o e Desenvolvimento Econ\u00f3mico (OCDE), as horas trabalhadas nas ocupa\u00e7\u00f5es com baixa remunera\u00e7\u00e3o registaram em Portugal uma redu\u00e7\u00e3o de 49,6% no segundo trimestre do ano passado, uma percentagem s\u00f3 ultrapassada pela Irlanda, que registou uma queda de 61,9%.<br \/>\nJ\u00e1 a m\u00e9dia de redu\u00e7\u00e3o de horas trabalhadas verificada no total de pa\u00edses da OCDE foi de 28%, mais 18 pontos percentuais do que o recuo registado entre as ocupa\u00e7\u00f5es de alta remunera\u00e7\u00e3o, indica o relat\u00f3rio.<br \/>\n\u201cA natureza altamente setorial da crise fez com que alguns trabalhadores tivessem arcado com a maior parte do fardo, enquanto outros n\u00e3o apenas sofreram menos, como beneficiaram mais rapidamente com a recupera\u00e7\u00e3o\u201d, afirma a OCDE.<br \/>\nO relat\u00f3rio de 2021 tamb\u00e9m faz notar que 14 milh\u00f5es de pessoas est\u00e3o inativas, nos pa\u00edses da OCDE, n\u00famero que supera o de 2019. Al\u00e9m disso declara que estas pessoas n\u00e3o est\u00e3o empregadas e tamb\u00e9m n\u00e3o est\u00e3o \u00e0 procura de um novo emprego<br \/>\nSegundo a organiza\u00e7\u00e3o, entre os que possuem baixo n\u00edvel de escolaridade, \u201co impacto da crise nas horas trabalhadas foi quase tr\u00eas vezes maior que o vivido por quem tinha alto n\u00edvel de escolaridade\u201d e as ocupa\u00e7\u00f5es de baixa remunera\u00e7\u00e3o \u201csofreram um forte golpe nos primeiros meses da crise\u201d.<br \/>\nA OCDE destaca que em pa\u00edses como Portugal e Espanha estas ocupa\u00e7\u00f5es de baixa remunera\u00e7\u00e3o registaram uma queda acima de 40%.<br \/>\nO relat\u00f3rio mostra que, em Portugal, as ocupa\u00e7\u00f5es mais bem pagas registaram uma redu\u00e7\u00e3o das horas trabalhadas para 13.4% no segundo trimestre de 2020, enquanto as ocupa\u00e7\u00f5es com sal\u00e1rios m\u00e9dios diminu\u00edram para 33,3%.<\/p>\n<p>A organiza\u00e7\u00e3o internacional refere ainda que Portugal est\u00e1 entre os pa\u00edses que registaram quedas significativas na taxa de contrata\u00e7\u00e3o de jovens nos primeiros meses de 2020 e que regista um aumento consider\u00e1vel na taxa de jovens NEET (jovens que n\u00e3o estudam, n\u00e3o trabalham nem frequentam forma\u00e7\u00e3o).<br \/>\nNo final de 2020, a taxa m\u00e9dia na OCDE dos jovens NEET entre os 15 e 29 anos de idade, foi de 12%, um ponto percentual acima do ano anterior, invertendo assim a tend\u00eancia de queda dos \u00faltimos anos.<br \/>\nEm 2018, havia em Portugal cerca de 160 mil jovens que nem estudavam nem trabalhavam. Segundo a TSF, em 2020 houve uma diminui\u00e7\u00e3o nestes n\u00fameros, tendo descido para 15,2% o n\u00famero de jovens NEET.<\/p>\n<p>O relat\u00f3rio, divulgado, no dia 7 de julho, indica que a taxa de emprego nos pa\u00edses da OCDE ainda vai estar abaixo dos n\u00edveis pr\u00e9-pandemia no final de 2022, depois de se terem perdido cerca de 22 milh\u00f5es de empregos em todos os pa\u00edses da organiza\u00e7\u00e3o.<br \/>\nA taxa de desemprego da OCDE diminuiu marginalmente em maio para 6,6%, contra 6,7% em abril de 2021, permanecendo 1,3 pontos percentuais acima do n\u00edvel pr\u00e9-pandemia observado em fevereiro de 2020.<br \/>\nO n\u00famero de trabalhadores desempregados na OCDE era de 43,5 milh\u00f5es em maio de 2021, mais 8,1 milh\u00f5es do que em fevereiro de 2020.<br \/>\nA taxa de desemprego jovem da OCDE atingiu 13,6% em maio de 2021, ficando 2,2 pontos percentuais acima do n\u00edvel pr\u00e9-pandemia.<\/p>\n<p>\n<!--noindex--><br \/>\n<a href=\"https:\/\/zap.aeiou.pt\/portugal-queda-horas-trabalho-pagas-baixa-remuneracao-415499\" rel=\"nofollow\">Source link <\/a><br \/>\n<!--\/noindex--><\/p>\n","protected":false},"excerpt":{"rendered":"<p>(cv) Moodbeam \/ Youtube Portugal foi o segundo pa\u00eds da OCDE onde as horas de trabalho em ocupa\u00e7\u00f5es com baixos sal\u00e1rios mais ca\u00edram no segundo trimestre de 2020, quando ocorreu o primeiro confinamento devido \u00e0 pandemia, segundo o Employment Outlook 2021, divulgado na passada quarta-feira. De acordo com um novo relat\u00f3rio da Organiza\u00e7\u00e3o para a [&hellip;]<\/p>\n","protected":false},"author":2,"featured_media":10694,"comment_status":"open","ping_status":"open","sticky":false,"template":"","format":"standard","meta":{"footnotes":""},"categories":[1],"tags":[],"class_list":["post-10693","post","type-post","status-publish","format-standard","has-post-thumbnail","hentry","category-noticias-financeiras"],"yoast_head":"<!-- This site is optimized with the Yoast SEO plugin v27.4 - https:\/\/yoast.com\/product\/yoast-seo-wordpress\/ -->\n<title>Portugal tem 2.\u00aa maior queda nas horas de trabalho pagas com baixa remunera\u00e7\u00e3o - ZAP - Favorite News<\/title>\n<meta name=\"robots\" content=\"index, follow, max-snippet:-1, max-image-preview:large, max-video-preview:-1\" \/>\n<link rel=\"canonical\" href=\"https:\/\/favorite-news.com\/pt\/portugal-tem-2-a-maior-queda-nas-horas-de-trabalho-pagas-com-baixa-remuneracao-zap\/\" \/>\n<meta property=\"og:locale\" content=\"pt_PT\" \/>\n<meta property=\"og:type\" content=\"article\" \/>\n<meta property=\"og:title\" content=\"Portugal tem 2.\u00aa maior queda nas horas de trabalho pagas com baixa remunera\u00e7\u00e3o - ZAP - Favorite News\" \/>\n<meta property=\"og:description\" content=\"(cv) Moodbeam \/ Youtube Portugal foi o segundo pa\u00eds da OCDE onde as horas de trabalho em ocupa\u00e7\u00f5es com baixos sal\u00e1rios mais ca\u00edram no segundo trimestre de 2020, quando ocorreu o primeiro confinamento devido \u00e0 pandemia, segundo o Employment Outlook 2021, divulgado na passada quarta-feira. De acordo com um novo relat\u00f3rio da Organiza\u00e7\u00e3o para a [&hellip;]\" \/>\n<meta property=\"og:url\" content=\"https:\/\/favorite-news.com\/pt\/portugal-tem-2-a-maior-queda-nas-horas-de-trabalho-pagas-com-baixa-remuneracao-zap\/\" \/>\n<meta property=\"og:site_name\" content=\"Favorite News\" \/>\n<meta property=\"article:published_time\" content=\"2021-07-08T08:10:36+00:00\" \/>\n<meta property=\"article:modified_time\" content=\"2021-07-08T08:10:41+00:00\" \/>\n<meta property=\"og:image\" content=\"https:\/\/favorite-news.com\/pt\/wp-content\/uploads\/sites\/2\/2021\/07\/Portugal-tem-2a-maior-queda-nas-horas-de-trabalho-pagas.png\" \/>\n\t<meta property=\"og:image:width\" content=\"1215\" \/>\n\t<meta property=\"og:image:height\" content=\"680\" \/>\n\t<meta property=\"og:image:type\" content=\"image\/png\" \/>\n<meta name=\"author\" content=\"favorite-news\" \/>\n<meta name=\"twitter:card\" content=\"summary_large_image\" \/>\n<meta name=\"twitter:label1\" content=\"Escrito por\" \/>\n\t<meta name=\"twitter:data1\" content=\"favorite-news\" \/>\n\t<meta name=\"twitter:label2\" content=\"Tempo estimado de leitura\" \/>\n\t<meta name=\"twitter:data2\" content=\"3 minutos\" \/>\n<script type=\"application\/ld+json\" class=\"yoast-schema-graph\">{\"@context\":\"https:\\\/\\\/schema.org\",\"@graph\":[{\"@type\":\"Article\",\"@id\":\"https:\\\/\\\/favorite-news.com\\\/pt\\\/portugal-tem-2-a-maior-queda-nas-horas-de-trabalho-pagas-com-baixa-remuneracao-zap\\\/#article\",\"isPartOf\":{\"@id\":\"https:\\\/\\\/favorite-news.com\\\/pt\\\/portugal-tem-2-a-maior-queda-nas-horas-de-trabalho-pagas-com-baixa-remuneracao-zap\\\/\"},\"author\":{\"name\":\"favorite-news\",\"@id\":\"https:\\\/\\\/favorite-news.com\\\/pt\\\/#\\\/schema\\\/person\\\/b91573b717dcfa5e4696032a9d28d3e8\"},\"headline\":\"Portugal tem 2.\u00aa maior queda nas horas de trabalho pagas com baixa remunera\u00e7\u00e3o &#8211; ZAP\",\"datePublished\":\"2021-07-08T08:10:36+00:00\",\"dateModified\":\"2021-07-08T08:10:41+00:00\",\"mainEntityOfPage\":{\"@id\":\"https:\\\/\\\/favorite-news.com\\\/pt\\\/portugal-tem-2-a-maior-queda-nas-horas-de-trabalho-pagas-com-baixa-remuneracao-zap\\\/\"},\"wordCount\":600,\"commentCount\":0,\"image\":{\"@id\":\"https:\\\/\\\/favorite-news.com\\\/pt\\\/portugal-tem-2-a-maior-queda-nas-horas-de-trabalho-pagas-com-baixa-remuneracao-zap\\\/#primaryimage\"},\"thumbnailUrl\":\"https:\\\/\\\/favorite-news.com\\\/pt\\\/wp-content\\\/uploads\\\/sites\\\/2\\\/2021\\\/07\\\/Portugal-tem-2a-maior-queda-nas-horas-de-trabalho-pagas.png\",\"articleSection\":[\"NOT\u00cdCIAS FINANCEIRAS\"],\"inLanguage\":\"pt-PT\",\"potentialAction\":[{\"@type\":\"CommentAction\",\"name\":\"Comment\",\"target\":[\"https:\\\/\\\/favorite-news.com\\\/pt\\\/portugal-tem-2-a-maior-queda-nas-horas-de-trabalho-pagas-com-baixa-remuneracao-zap\\\/#respond\"]}]},{\"@type\":\"WebPage\",\"@id\":\"https:\\\/\\\/favorite-news.com\\\/pt\\\/portugal-tem-2-a-maior-queda-nas-horas-de-trabalho-pagas-com-baixa-remuneracao-zap\\\/\",\"url\":\"https:\\\/\\\/favorite-news.com\\\/pt\\\/portugal-tem-2-a-maior-queda-nas-horas-de-trabalho-pagas-com-baixa-remuneracao-zap\\\/\",\"name\":\"Portugal tem 2.\u00aa maior queda nas horas de trabalho pagas com baixa remunera\u00e7\u00e3o - ZAP - Favorite News\",\"isPartOf\":{\"@id\":\"https:\\\/\\\/favorite-news.com\\\/pt\\\/#website\"},\"primaryImageOfPage\":{\"@id\":\"https:\\\/\\\/favorite-news.com\\\/pt\\\/portugal-tem-2-a-maior-queda-nas-horas-de-trabalho-pagas-com-baixa-remuneracao-zap\\\/#primaryimage\"},\"image\":{\"@id\":\"https:\\\/\\\/favorite-news.com\\\/pt\\\/portugal-tem-2-a-maior-queda-nas-horas-de-trabalho-pagas-com-baixa-remuneracao-zap\\\/#primaryimage\"},\"thumbnailUrl\":\"https:\\\/\\\/favorite-news.com\\\/pt\\\/wp-content\\\/uploads\\\/sites\\\/2\\\/2021\\\/07\\\/Portugal-tem-2a-maior-queda-nas-horas-de-trabalho-pagas.png\",\"datePublished\":\"2021-07-08T08:10:36+00:00\",\"dateModified\":\"2021-07-08T08:10:41+00:00\",\"author\":{\"@id\":\"https:\\\/\\\/favorite-news.com\\\/pt\\\/#\\\/schema\\\/person\\\/b91573b717dcfa5e4696032a9d28d3e8\"},\"breadcrumb\":{\"@id\":\"https:\\\/\\\/favorite-news.com\\\/pt\\\/portugal-tem-2-a-maior-queda-nas-horas-de-trabalho-pagas-com-baixa-remuneracao-zap\\\/#breadcrumb\"},\"inLanguage\":\"pt-PT\",\"potentialAction\":[{\"@type\":\"ReadAction\",\"target\":[\"https:\\\/\\\/favorite-news.com\\\/pt\\\/portugal-tem-2-a-maior-queda-nas-horas-de-trabalho-pagas-com-baixa-remuneracao-zap\\\/\"]}]},{\"@type\":\"ImageObject\",\"inLanguage\":\"pt-PT\",\"@id\":\"https:\\\/\\\/favorite-news.com\\\/pt\\\/portugal-tem-2-a-maior-queda-nas-horas-de-trabalho-pagas-com-baixa-remuneracao-zap\\\/#primaryimage\",\"url\":\"https:\\\/\\\/favorite-news.com\\\/pt\\\/wp-content\\\/uploads\\\/sites\\\/2\\\/2021\\\/07\\\/Portugal-tem-2a-maior-queda-nas-horas-de-trabalho-pagas.png\",\"contentUrl\":\"https:\\\/\\\/favorite-news.com\\\/pt\\\/wp-content\\\/uploads\\\/sites\\\/2\\\/2021\\\/07\\\/Portugal-tem-2a-maior-queda-nas-horas-de-trabalho-pagas.png\",\"width\":1215,\"height\":680,\"caption\":\"Portugal tem 2.\u00aa maior queda nas horas de trabalho pagas com baixa remunera\u00e7\u00e3o - ZAP\"},{\"@type\":\"BreadcrumbList\",\"@id\":\"https:\\\/\\\/favorite-news.com\\\/pt\\\/portugal-tem-2-a-maior-queda-nas-horas-de-trabalho-pagas-com-baixa-remuneracao-zap\\\/#breadcrumb\",\"itemListElement\":[{\"@type\":\"ListItem\",\"position\":1,\"name\":\"Home\",\"item\":\"https:\\\/\\\/favorite-news.com\\\/pt\\\/\"},{\"@type\":\"ListItem\",\"position\":2,\"name\":\"Portugal tem 2.\u00aa maior queda nas horas de trabalho pagas com baixa remunera\u00e7\u00e3o &#8211; ZAP\"}]},{\"@type\":\"WebSite\",\"@id\":\"https:\\\/\\\/favorite-news.com\\\/pt\\\/#website\",\"url\":\"https:\\\/\\\/favorite-news.com\\\/pt\\\/\",\"name\":\"Favorite News\",\"description\":\"Favorite News Portugal\",\"potentialAction\":[{\"@type\":\"SearchAction\",\"target\":{\"@type\":\"EntryPoint\",\"urlTemplate\":\"https:\\\/\\\/favorite-news.com\\\/pt\\\/?s={search_term_string}\"},\"query-input\":{\"@type\":\"PropertyValueSpecification\",\"valueRequired\":true,\"valueName\":\"search_term_string\"}}],\"inLanguage\":\"pt-PT\"},{\"@type\":\"Person\",\"@id\":\"https:\\\/\\\/favorite-news.com\\\/pt\\\/#\\\/schema\\\/person\\\/b91573b717dcfa5e4696032a9d28d3e8\",\"name\":\"favorite-news\",\"image\":{\"@type\":\"ImageObject\",\"inLanguage\":\"pt-PT\",\"@id\":\"https:\\\/\\\/secure.gravatar.com\\\/avatar\\\/6c5a5cb12b74e9d517ee91cf570335b7d16177f1977cc91db161adfa435945a7?s=96&d=mm&r=g\",\"url\":\"https:\\\/\\\/secure.gravatar.com\\\/avatar\\\/6c5a5cb12b74e9d517ee91cf570335b7d16177f1977cc91db161adfa435945a7?s=96&d=mm&r=g\",\"contentUrl\":\"https:\\\/\\\/secure.gravatar.com\\\/avatar\\\/6c5a5cb12b74e9d517ee91cf570335b7d16177f1977cc91db161adfa435945a7?s=96&d=mm&r=g\",\"caption\":\"favorite-news\"},\"url\":\"https:\\\/\\\/favorite-news.com\\\/pt\\\/author\\\/pt\\\/\"}]}<\/script>\n<!-- \/ Yoast SEO plugin. -->","yoast_head_json":{"title":"Portugal tem 2.\u00aa maior queda nas horas de trabalho pagas com baixa remunera\u00e7\u00e3o - ZAP - Favorite News","robots":{"index":"index","follow":"follow","max-snippet":"max-snippet:-1","max-image-preview":"max-image-preview:large","max-video-preview":"max-video-preview:-1"},"canonical":"https:\/\/favorite-news.com\/pt\/portugal-tem-2-a-maior-queda-nas-horas-de-trabalho-pagas-com-baixa-remuneracao-zap\/","og_locale":"pt_PT","og_type":"article","og_title":"Portugal tem 2.\u00aa maior queda nas horas de trabalho pagas com baixa remunera\u00e7\u00e3o - ZAP - Favorite News","og_description":"(cv) Moodbeam \/ Youtube Portugal foi o segundo pa\u00eds da OCDE onde as horas de trabalho em ocupa\u00e7\u00f5es com baixos sal\u00e1rios mais ca\u00edram no segundo trimestre de 2020, quando ocorreu o primeiro confinamento devido \u00e0 pandemia, segundo o Employment Outlook 2021, divulgado na passada quarta-feira. De acordo com um novo relat\u00f3rio da Organiza\u00e7\u00e3o para a [&hellip;]","og_url":"https:\/\/favorite-news.com\/pt\/portugal-tem-2-a-maior-queda-nas-horas-de-trabalho-pagas-com-baixa-remuneracao-zap\/","og_site_name":"Favorite News","article_published_time":"2021-07-08T08:10:36+00:00","article_modified_time":"2021-07-08T08:10:41+00:00","og_image":[{"width":1215,"height":680,"url":"https:\/\/favorite-news.com\/pt\/wp-content\/uploads\/sites\/2\/2021\/07\/Portugal-tem-2a-maior-queda-nas-horas-de-trabalho-pagas.png","type":"image\/png"}],"author":"favorite-news","twitter_card":"summary_large_image","twitter_misc":{"Escrito por":"favorite-news","Tempo estimado de leitura":"3 minutos"},"schema":{"@context":"https:\/\/schema.org","@graph":[{"@type":"Article","@id":"https:\/\/favorite-news.com\/pt\/portugal-tem-2-a-maior-queda-nas-horas-de-trabalho-pagas-com-baixa-remuneracao-zap\/#article","isPartOf":{"@id":"https:\/\/favorite-news.com\/pt\/portugal-tem-2-a-maior-queda-nas-horas-de-trabalho-pagas-com-baixa-remuneracao-zap\/"},"author":{"name":"favorite-news","@id":"https:\/\/favorite-news.com\/pt\/#\/schema\/person\/b91573b717dcfa5e4696032a9d28d3e8"},"headline":"Portugal tem 2.\u00aa maior queda nas horas de trabalho pagas com baixa remunera\u00e7\u00e3o &#8211; ZAP","datePublished":"2021-07-08T08:10:36+00:00","dateModified":"2021-07-08T08:10:41+00:00","mainEntityOfPage":{"@id":"https:\/\/favorite-news.com\/pt\/portugal-tem-2-a-maior-queda-nas-horas-de-trabalho-pagas-com-baixa-remuneracao-zap\/"},"wordCount":600,"commentCount":0,"image":{"@id":"https:\/\/favorite-news.com\/pt\/portugal-tem-2-a-maior-queda-nas-horas-de-trabalho-pagas-com-baixa-remuneracao-zap\/#primaryimage"},"thumbnailUrl":"https:\/\/favorite-news.com\/pt\/wp-content\/uploads\/sites\/2\/2021\/07\/Portugal-tem-2a-maior-queda-nas-horas-de-trabalho-pagas.png","articleSection":["NOT\u00cdCIAS FINANCEIRAS"],"inLanguage":"pt-PT","potentialAction":[{"@type":"CommentAction","name":"Comment","target":["https:\/\/favorite-news.com\/pt\/portugal-tem-2-a-maior-queda-nas-horas-de-trabalho-pagas-com-baixa-remuneracao-zap\/#respond"]}]},{"@type":"WebPage","@id":"https:\/\/favorite-news.com\/pt\/portugal-tem-2-a-maior-queda-nas-horas-de-trabalho-pagas-com-baixa-remuneracao-zap\/","url":"https:\/\/favorite-news.com\/pt\/portugal-tem-2-a-maior-queda-nas-horas-de-trabalho-pagas-com-baixa-remuneracao-zap\/","name":"Portugal tem 2.\u00aa maior queda nas horas de trabalho pagas com baixa remunera\u00e7\u00e3o - ZAP - Favorite News","isPartOf":{"@id":"https:\/\/favorite-news.com\/pt\/#website"},"primaryImageOfPage":{"@id":"https:\/\/favorite-news.com\/pt\/portugal-tem-2-a-maior-queda-nas-horas-de-trabalho-pagas-com-baixa-remuneracao-zap\/#primaryimage"},"image":{"@id":"https:\/\/favorite-news.com\/pt\/portugal-tem-2-a-maior-queda-nas-horas-de-trabalho-pagas-com-baixa-remuneracao-zap\/#primaryimage"},"thumbnailUrl":"https:\/\/favorite-news.com\/pt\/wp-content\/uploads\/sites\/2\/2021\/07\/Portugal-tem-2a-maior-queda-nas-horas-de-trabalho-pagas.png","datePublished":"2021-07-08T08:10:36+00:00","dateModified":"2021-07-08T08:10:41+00:00","author":{"@id":"https:\/\/favorite-news.com\/pt\/#\/schema\/person\/b91573b717dcfa5e4696032a9d28d3e8"},"breadcrumb":{"@id":"https:\/\/favorite-news.com\/pt\/portugal-tem-2-a-maior-queda-nas-horas-de-trabalho-pagas-com-baixa-remuneracao-zap\/#breadcrumb"},"inLanguage":"pt-PT","potentialAction":[{"@type":"ReadAction","target":["https:\/\/favorite-news.com\/pt\/portugal-tem-2-a-maior-queda-nas-horas-de-trabalho-pagas-com-baixa-remuneracao-zap\/"]}]},{"@type":"ImageObject","inLanguage":"pt-PT","@id":"https:\/\/favorite-news.com\/pt\/portugal-tem-2-a-maior-queda-nas-horas-de-trabalho-pagas-com-baixa-remuneracao-zap\/#primaryimage","url":"https:\/\/favorite-news.com\/pt\/wp-content\/uploads\/sites\/2\/2021\/07\/Portugal-tem-2a-maior-queda-nas-horas-de-trabalho-pagas.png","contentUrl":"https:\/\/favorite-news.com\/pt\/wp-content\/uploads\/sites\/2\/2021\/07\/Portugal-tem-2a-maior-queda-nas-horas-de-trabalho-pagas.png","width":1215,"height":680,"caption":"Portugal tem 2.\u00aa maior queda nas horas de trabalho pagas com baixa remunera\u00e7\u00e3o - ZAP"},{"@type":"BreadcrumbList","@id":"https:\/\/favorite-news.com\/pt\/portugal-tem-2-a-maior-queda-nas-horas-de-trabalho-pagas-com-baixa-remuneracao-zap\/#breadcrumb","itemListElement":[{"@type":"ListItem","position":1,"name":"Home","item":"https:\/\/favorite-news.com\/pt\/"},{"@type":"ListItem","position":2,"name":"Portugal tem 2.\u00aa maior queda nas horas de trabalho pagas com baixa remunera\u00e7\u00e3o &#8211; ZAP"}]},{"@type":"WebSite","@id":"https:\/\/favorite-news.com\/pt\/#website","url":"https:\/\/favorite-news.com\/pt\/","name":"Favorite News","description":"Favorite News Portugal","potentialAction":[{"@type":"SearchAction","target":{"@type":"EntryPoint","urlTemplate":"https:\/\/favorite-news.com\/pt\/?s={search_term_string}"},"query-input":{"@type":"PropertyValueSpecification","valueRequired":true,"valueName":"search_term_string"}}],"inLanguage":"pt-PT"},{"@type":"Person","@id":"https:\/\/favorite-news.com\/pt\/#\/schema\/person\/b91573b717dcfa5e4696032a9d28d3e8","name":"favorite-news","image":{"@type":"ImageObject","inLanguage":"pt-PT","@id":"https:\/\/secure.gravatar.com\/avatar\/6c5a5cb12b74e9d517ee91cf570335b7d16177f1977cc91db161adfa435945a7?s=96&d=mm&r=g","url":"https:\/\/secure.gravatar.com\/avatar\/6c5a5cb12b74e9d517ee91cf570335b7d16177f1977cc91db161adfa435945a7?s=96&d=mm&r=g","contentUrl":"https:\/\/secure.gravatar.com\/avatar\/6c5a5cb12b74e9d517ee91cf570335b7d16177f1977cc91db161adfa435945a7?s=96&d=mm&r=g","caption":"favorite-news"},"url":"https:\/\/favorite-news.com\/pt\/author\/pt\/"}]}},"_links":{"self":[{"href":"https:\/\/favorite-news.com\/pt\/wp-json\/wp\/v2\/posts\/10693","targetHints":{"allow":["GET"]}}],"collection":[{"href":"https:\/\/favorite-news.com\/pt\/wp-json\/wp\/v2\/posts"}],"about":[{"href":"https:\/\/favorite-news.com\/pt\/wp-json\/wp\/v2\/types\/post"}],"author":[{"embeddable":true,"href":"https:\/\/favorite-news.com\/pt\/wp-json\/wp\/v2\/users\/2"}],"replies":[{"embeddable":true,"href":"https:\/\/favorite-news.com\/pt\/wp-json\/wp\/v2\/comments?post=10693"}],"version-history":[{"count":1,"href":"https:\/\/favorite-news.com\/pt\/wp-json\/wp\/v2\/posts\/10693\/revisions"}],"predecessor-version":[{"id":10695,"href":"https:\/\/favorite-news.com\/pt\/wp-json\/wp\/v2\/posts\/10693\/revisions\/10695"}],"wp:featuredmedia":[{"embeddable":true,"href":"https:\/\/favorite-news.com\/pt\/wp-json\/wp\/v2\/media\/10694"}],"wp:attachment":[{"href":"https:\/\/favorite-news.com\/pt\/wp-json\/wp\/v2\/media?parent=10693"}],"wp:term":[{"taxonomy":"category","embeddable":true,"href":"https:\/\/favorite-news.com\/pt\/wp-json\/wp\/v2\/categories?post=10693"},{"taxonomy":"post_tag","embeddable":true,"href":"https:\/\/favorite-news.com\/pt\/wp-json\/wp\/v2\/tags?post=10693"}],"curies":[{"name":"wp","href":"https:\/\/api.w.org\/{rel}","templated":true}]}}