{"id":10690,"date":"2021-07-08T07:03:40","date_gmt":"2021-07-08T04:03:40","guid":{"rendered":"https:\/\/favorite-news.com\/pt\/daniel-vaz-passa-a-ceo-e-accionista-da-m-public-relations-meios-publicidade\/"},"modified":"2021-07-08T07:03:46","modified_gmt":"2021-07-08T04:03:46","slug":"daniel-vaz-passa-a-ceo-e-accionista-da-m-public-relations-meios-publicidade","status":"publish","type":"post","link":"https:\/\/favorite-news.com\/pt\/daniel-vaz-passa-a-ceo-e-accionista-da-m-public-relations-meios-publicidade\/","title":{"rendered":"Daniel Vaz passa a CEO e accionista da M Public Relations &#8211; Meios &#038; Publicidade"},"content":{"rendered":"<p>\t\t\tDaniel Vaz, CEO da M Public Relations<br \/>\nDaniel Vaz, desde 2014 director-geral da M Public Relations, passou a CEO da ag\u00eancia, fun\u00e7\u00e3o que n\u00e3o existia. A altera\u00e7\u00e3o, avan\u00e7ada ao M&amp;P, surge na sequ\u00eancia da sua entrada na administra\u00e7\u00e3o e no capital accionista da empresa.<br \/>\nDaniel Vaz det\u00e9m uma participa\u00e7\u00e3o de 10%,\u00a0sendo os restantes 90% propriedade da Zimbo, sociedade constitu\u00edda, entre outros,\u00a0 por Jo\u00e3o L\u00edbano Monteiro e V\u00edtor Cunha.PUB<\/p>\n<p>Em simult\u00e2neo, e com a passagem de Ana Torres Pereira, at\u00e9 aqui diretora-executiva, para communication manager da Janssen, Adriano Nobre e Ricardo Quintela sobem \u00e0 direc\u00e7\u00e3o, ambos como directores-adjuntos.\u201cO crescimento da M nos \u00faltimos meses, quer em n\u00famero de clientes quer em servi\u00e7os prestados, fez pensar numa nova estrutura constitu\u00edda por dois diretores-adjuntos a apoiar o CEO. Tanto o Adriano como o Ricardo s\u00e3o brilhantes consultores que est\u00e3o connosco h\u00e1 v\u00e1rios anos e cujo talento merece ser reconhecido. Cada um, \u00e0 sua maneira e nas suas fun\u00e7\u00f5es, ir\u00e1 contribuir para a M continuar a ajudar os seus clientes\u201d, justifica ao M&amp;P Daniel Vaz, que \u00e9 tamb\u00e9m, h\u00e1 14 anos, respons\u00e1vel pela comunica\u00e7\u00e3o institucional do Grupo Impresa.<br \/>\nAdriano Nobre foi jornalista durante 16 anos, tendo passado por A Bola, Meios &amp; Publicidade, Jornal de Neg\u00f3cios, i e Expresso, onde esteve sete anos. Em 2018, entrou na M Public Relations, onde acompanha clientes como a Galp Energia.<br \/>\nRicardo Quintela iniciou a carreira como jornalista na SIC, em 2008. Passou pela For\u00e7a A\u00e9rea, como oficial de rela\u00e7\u00f5es p\u00fablicas e pela Hill &amp; Knowlton. Ingressou na M Public Relations em 2017, acompanhando clientes como o\u00a0 Millennium bcp.<br \/>\nTamb\u00e9m Filipa Morais e Telma Martins passam a ser coordenadoras da equipa.<br \/>\nPara al\u00e9m destas altera\u00e7\u00f5es, a ag\u00eancia contratou dois consultores, Catarina Tavares Machado, at\u00e9 aqui na Hill+Knowlton, e Lu\u00eds Viegas, que esteve na Atrevia.\u00a0 A equipa fica com 13 profissionais.<br \/>\nMillennium bcp, Galp Energia, Funda\u00e7\u00e3o Calouste Gulbenkian, Siemens, Amorim Luxury, Finerge, Jaguar Land Rover, Janssen, Ocean\u00e1rio, UIP, Amazing Evolution e Heineken s\u00e3o os principais clientes da ag\u00eancia.<\/p>\n<p>\n<!--noindex--><br \/>\n<a href=\"https:\/\/www.meiosepublicidade.pt\/2021\/07\/daniel-vaz-passa-a-ceo-e-accionista-da-m-public-relations\/?utm_source=rss&#038;utm_medium=rss&#038;utm_campaign=daniel-vaz-passa-a-ceo-e-accionista-da-m-public-relations\" rel=\"nofollow\">Source link <\/a><br \/>\n<!--\/noindex--><\/p>\n","protected":false},"excerpt":{"rendered":"<p>Daniel Vaz, CEO da M Public Relations Daniel Vaz, desde 2014 director-geral da M Public Relations, passou a CEO da ag\u00eancia, fun\u00e7\u00e3o que n\u00e3o existia. A altera\u00e7\u00e3o, avan\u00e7ada ao M&amp;P, surge na sequ\u00eancia da sua entrada na administra\u00e7\u00e3o e no capital accionista da empresa. Daniel Vaz det\u00e9m uma participa\u00e7\u00e3o de 10%,\u00a0sendo os restantes 90% propriedade [&hellip;]<\/p>\n","protected":false},"author":2,"featured_media":10691,"comment_status":"open","ping_status":"open","sticky":false,"template":"","format":"standard","meta":{"footnotes":""},"categories":[3],"tags":[],"class_list":["post-10690","post","type-post","status-publish","format-standard","has-post-thumbnail","hentry","category-noticias-de-marketing-na-internet"],"yoast_head":"<!-- This site is optimized with the Yoast SEO plugin v27.4 - https:\/\/yoast.com\/product\/yoast-seo-wordpress\/ -->\n<title>Daniel Vaz passa a CEO e accionista da M Public Relations - Meios &amp; Publicidade - Favorite News<\/title>\n<meta name=\"robots\" content=\"index, follow, max-snippet:-1, max-image-preview:large, max-video-preview:-1\" \/>\n<link rel=\"canonical\" href=\"https:\/\/favorite-news.com\/pt\/daniel-vaz-passa-a-ceo-e-accionista-da-m-public-relations-meios-publicidade\/\" \/>\n<meta property=\"og:locale\" content=\"pt_PT\" \/>\n<meta property=\"og:type\" content=\"article\" \/>\n<meta property=\"og:title\" content=\"Daniel Vaz passa a CEO e accionista da M Public Relations - Meios &amp; Publicidade - Favorite News\" \/>\n<meta property=\"og:description\" content=\"Daniel Vaz, CEO da M Public Relations Daniel Vaz, desde 2014 director-geral da M Public Relations, passou a CEO da ag\u00eancia, fun\u00e7\u00e3o que n\u00e3o existia. A altera\u00e7\u00e3o, avan\u00e7ada ao M&amp;P, surge na sequ\u00eancia da sua entrada na administra\u00e7\u00e3o e no capital accionista da empresa. Daniel Vaz det\u00e9m uma participa\u00e7\u00e3o de 10%,\u00a0sendo os restantes 90% propriedade [&hellip;]\" \/>\n<meta property=\"og:url\" content=\"https:\/\/favorite-news.com\/pt\/daniel-vaz-passa-a-ceo-e-accionista-da-m-public-relations-meios-publicidade\/\" \/>\n<meta property=\"og:site_name\" content=\"Favorite News\" \/>\n<meta property=\"article:published_time\" content=\"2021-07-08T04:03:40+00:00\" \/>\n<meta property=\"article:modified_time\" content=\"2021-07-08T04:03:46+00:00\" \/>\n<meta property=\"og:image\" content=\"https:\/\/favorite-news.com\/pt\/wp-content\/uploads\/sites\/2\/2021\/07\/Daniel-Vaz-passa-a-CEO-e-accionista-da-M-Public.jpg\" \/>\n\t<meta property=\"og:image:width\" content=\"600\" \/>\n\t<meta property=\"og:image:height\" content=\"404\" \/>\n\t<meta property=\"og:image:type\" content=\"image\/jpeg\" \/>\n<meta name=\"author\" content=\"favorite-news\" \/>\n<meta name=\"twitter:card\" content=\"summary_large_image\" \/>\n<meta name=\"twitter:label1\" content=\"Escrito por\" \/>\n\t<meta name=\"twitter:data1\" content=\"favorite-news\" \/>\n\t<meta name=\"twitter:label2\" content=\"Tempo estimado de leitura\" \/>\n\t<meta name=\"twitter:data2\" content=\"2 minutos\" \/>\n<script type=\"application\/ld+json\" class=\"yoast-schema-graph\">{\"@context\":\"https:\\\/\\\/schema.org\",\"@graph\":[{\"@type\":\"Article\",\"@id\":\"https:\\\/\\\/favorite-news.com\\\/pt\\\/daniel-vaz-passa-a-ceo-e-accionista-da-m-public-relations-meios-publicidade\\\/#article\",\"isPartOf\":{\"@id\":\"https:\\\/\\\/favorite-news.com\\\/pt\\\/daniel-vaz-passa-a-ceo-e-accionista-da-m-public-relations-meios-publicidade\\\/\"},\"author\":{\"name\":\"favorite-news\",\"@id\":\"https:\\\/\\\/favorite-news.com\\\/pt\\\/#\\\/schema\\\/person\\\/b91573b717dcfa5e4696032a9d28d3e8\"},\"headline\":\"Daniel Vaz passa a CEO e accionista da M Public Relations &#8211; Meios &#038; Publicidade\",\"datePublished\":\"2021-07-08T04:03:40+00:00\",\"dateModified\":\"2021-07-08T04:03:46+00:00\",\"mainEntityOfPage\":{\"@id\":\"https:\\\/\\\/favorite-news.com\\\/pt\\\/daniel-vaz-passa-a-ceo-e-accionista-da-m-public-relations-meios-publicidade\\\/\"},\"wordCount\":380,\"commentCount\":0,\"image\":{\"@id\":\"https:\\\/\\\/favorite-news.com\\\/pt\\\/daniel-vaz-passa-a-ceo-e-accionista-da-m-public-relations-meios-publicidade\\\/#primaryimage\"},\"thumbnailUrl\":\"https:\\\/\\\/favorite-news.com\\\/pt\\\/wp-content\\\/uploads\\\/sites\\\/2\\\/2021\\\/07\\\/Daniel-Vaz-passa-a-CEO-e-accionista-da-M-Public.jpg\",\"articleSection\":[\"NOT\u00cdCIAS DE MARKETING NA INTERNET\"],\"inLanguage\":\"pt-PT\",\"potentialAction\":[{\"@type\":\"CommentAction\",\"name\":\"Comment\",\"target\":[\"https:\\\/\\\/favorite-news.com\\\/pt\\\/daniel-vaz-passa-a-ceo-e-accionista-da-m-public-relations-meios-publicidade\\\/#respond\"]}]},{\"@type\":\"WebPage\",\"@id\":\"https:\\\/\\\/favorite-news.com\\\/pt\\\/daniel-vaz-passa-a-ceo-e-accionista-da-m-public-relations-meios-publicidade\\\/\",\"url\":\"https:\\\/\\\/favorite-news.com\\\/pt\\\/daniel-vaz-passa-a-ceo-e-accionista-da-m-public-relations-meios-publicidade\\\/\",\"name\":\"Daniel Vaz passa a CEO e accionista da M Public Relations - Meios & Publicidade - Favorite News\",\"isPartOf\":{\"@id\":\"https:\\\/\\\/favorite-news.com\\\/pt\\\/#website\"},\"primaryImageOfPage\":{\"@id\":\"https:\\\/\\\/favorite-news.com\\\/pt\\\/daniel-vaz-passa-a-ceo-e-accionista-da-m-public-relations-meios-publicidade\\\/#primaryimage\"},\"image\":{\"@id\":\"https:\\\/\\\/favorite-news.com\\\/pt\\\/daniel-vaz-passa-a-ceo-e-accionista-da-m-public-relations-meios-publicidade\\\/#primaryimage\"},\"thumbnailUrl\":\"https:\\\/\\\/favorite-news.com\\\/pt\\\/wp-content\\\/uploads\\\/sites\\\/2\\\/2021\\\/07\\\/Daniel-Vaz-passa-a-CEO-e-accionista-da-M-Public.jpg\",\"datePublished\":\"2021-07-08T04:03:40+00:00\",\"dateModified\":\"2021-07-08T04:03:46+00:00\",\"author\":{\"@id\":\"https:\\\/\\\/favorite-news.com\\\/pt\\\/#\\\/schema\\\/person\\\/b91573b717dcfa5e4696032a9d28d3e8\"},\"breadcrumb\":{\"@id\":\"https:\\\/\\\/favorite-news.com\\\/pt\\\/daniel-vaz-passa-a-ceo-e-accionista-da-m-public-relations-meios-publicidade\\\/#breadcrumb\"},\"inLanguage\":\"pt-PT\",\"potentialAction\":[{\"@type\":\"ReadAction\",\"target\":[\"https:\\\/\\\/favorite-news.com\\\/pt\\\/daniel-vaz-passa-a-ceo-e-accionista-da-m-public-relations-meios-publicidade\\\/\"]}]},{\"@type\":\"ImageObject\",\"inLanguage\":\"pt-PT\",\"@id\":\"https:\\\/\\\/favorite-news.com\\\/pt\\\/daniel-vaz-passa-a-ceo-e-accionista-da-m-public-relations-meios-publicidade\\\/#primaryimage\",\"url\":\"https:\\\/\\\/favorite-news.com\\\/pt\\\/wp-content\\\/uploads\\\/sites\\\/2\\\/2021\\\/07\\\/Daniel-Vaz-passa-a-CEO-e-accionista-da-M-Public.jpg\",\"contentUrl\":\"https:\\\/\\\/favorite-news.com\\\/pt\\\/wp-content\\\/uploads\\\/sites\\\/2\\\/2021\\\/07\\\/Daniel-Vaz-passa-a-CEO-e-accionista-da-M-Public.jpg\",\"width\":600,\"height\":404,\"caption\":\"Daniel Vaz passa a CEO e accionista da M Public Relations - Meios & Publicidade\"},{\"@type\":\"BreadcrumbList\",\"@id\":\"https:\\\/\\\/favorite-news.com\\\/pt\\\/daniel-vaz-passa-a-ceo-e-accionista-da-m-public-relations-meios-publicidade\\\/#breadcrumb\",\"itemListElement\":[{\"@type\":\"ListItem\",\"position\":1,\"name\":\"Home\",\"item\":\"https:\\\/\\\/favorite-news.com\\\/pt\\\/\"},{\"@type\":\"ListItem\",\"position\":2,\"name\":\"Daniel Vaz passa a CEO e accionista da M Public Relations &#8211; Meios &#038; Publicidade\"}]},{\"@type\":\"WebSite\",\"@id\":\"https:\\\/\\\/favorite-news.com\\\/pt\\\/#website\",\"url\":\"https:\\\/\\\/favorite-news.com\\\/pt\\\/\",\"name\":\"Favorite News\",\"description\":\"Favorite News Portugal\",\"potentialAction\":[{\"@type\":\"SearchAction\",\"target\":{\"@type\":\"EntryPoint\",\"urlTemplate\":\"https:\\\/\\\/favorite-news.com\\\/pt\\\/?s={search_term_string}\"},\"query-input\":{\"@type\":\"PropertyValueSpecification\",\"valueRequired\":true,\"valueName\":\"search_term_string\"}}],\"inLanguage\":\"pt-PT\"},{\"@type\":\"Person\",\"@id\":\"https:\\\/\\\/favorite-news.com\\\/pt\\\/#\\\/schema\\\/person\\\/b91573b717dcfa5e4696032a9d28d3e8\",\"name\":\"favorite-news\",\"image\":{\"@type\":\"ImageObject\",\"inLanguage\":\"pt-PT\",\"@id\":\"https:\\\/\\\/secure.gravatar.com\\\/avatar\\\/6c5a5cb12b74e9d517ee91cf570335b7d16177f1977cc91db161adfa435945a7?s=96&d=mm&r=g\",\"url\":\"https:\\\/\\\/secure.gravatar.com\\\/avatar\\\/6c5a5cb12b74e9d517ee91cf570335b7d16177f1977cc91db161adfa435945a7?s=96&d=mm&r=g\",\"contentUrl\":\"https:\\\/\\\/secure.gravatar.com\\\/avatar\\\/6c5a5cb12b74e9d517ee91cf570335b7d16177f1977cc91db161adfa435945a7?s=96&d=mm&r=g\",\"caption\":\"favorite-news\"},\"url\":\"https:\\\/\\\/favorite-news.com\\\/pt\\\/author\\\/pt\\\/\"}]}<\/script>\n<!-- \/ Yoast SEO plugin. -->","yoast_head_json":{"title":"Daniel Vaz passa a CEO e accionista da M Public Relations - Meios & Publicidade - Favorite News","robots":{"index":"index","follow":"follow","max-snippet":"max-snippet:-1","max-image-preview":"max-image-preview:large","max-video-preview":"max-video-preview:-1"},"canonical":"https:\/\/favorite-news.com\/pt\/daniel-vaz-passa-a-ceo-e-accionista-da-m-public-relations-meios-publicidade\/","og_locale":"pt_PT","og_type":"article","og_title":"Daniel Vaz passa a CEO e accionista da M Public Relations - Meios & Publicidade - Favorite News","og_description":"Daniel Vaz, CEO da M Public Relations Daniel Vaz, desde 2014 director-geral da M Public Relations, passou a CEO da ag\u00eancia, fun\u00e7\u00e3o que n\u00e3o existia. A altera\u00e7\u00e3o, avan\u00e7ada ao M&amp;P, surge na sequ\u00eancia da sua entrada na administra\u00e7\u00e3o e no capital accionista da empresa. Daniel Vaz det\u00e9m uma participa\u00e7\u00e3o de 10%,\u00a0sendo os restantes 90% propriedade [&hellip;]","og_url":"https:\/\/favorite-news.com\/pt\/daniel-vaz-passa-a-ceo-e-accionista-da-m-public-relations-meios-publicidade\/","og_site_name":"Favorite News","article_published_time":"2021-07-08T04:03:40+00:00","article_modified_time":"2021-07-08T04:03:46+00:00","og_image":[{"width":600,"height":404,"url":"https:\/\/favorite-news.com\/pt\/wp-content\/uploads\/sites\/2\/2021\/07\/Daniel-Vaz-passa-a-CEO-e-accionista-da-M-Public.jpg","type":"image\/jpeg"}],"author":"favorite-news","twitter_card":"summary_large_image","twitter_misc":{"Escrito por":"favorite-news","Tempo estimado de leitura":"2 minutos"},"schema":{"@context":"https:\/\/schema.org","@graph":[{"@type":"Article","@id":"https:\/\/favorite-news.com\/pt\/daniel-vaz-passa-a-ceo-e-accionista-da-m-public-relations-meios-publicidade\/#article","isPartOf":{"@id":"https:\/\/favorite-news.com\/pt\/daniel-vaz-passa-a-ceo-e-accionista-da-m-public-relations-meios-publicidade\/"},"author":{"name":"favorite-news","@id":"https:\/\/favorite-news.com\/pt\/#\/schema\/person\/b91573b717dcfa5e4696032a9d28d3e8"},"headline":"Daniel Vaz passa a CEO e accionista da M Public Relations &#8211; Meios &#038; Publicidade","datePublished":"2021-07-08T04:03:40+00:00","dateModified":"2021-07-08T04:03:46+00:00","mainEntityOfPage":{"@id":"https:\/\/favorite-news.com\/pt\/daniel-vaz-passa-a-ceo-e-accionista-da-m-public-relations-meios-publicidade\/"},"wordCount":380,"commentCount":0,"image":{"@id":"https:\/\/favorite-news.com\/pt\/daniel-vaz-passa-a-ceo-e-accionista-da-m-public-relations-meios-publicidade\/#primaryimage"},"thumbnailUrl":"https:\/\/favorite-news.com\/pt\/wp-content\/uploads\/sites\/2\/2021\/07\/Daniel-Vaz-passa-a-CEO-e-accionista-da-M-Public.jpg","articleSection":["NOT\u00cdCIAS DE MARKETING NA INTERNET"],"inLanguage":"pt-PT","potentialAction":[{"@type":"CommentAction","name":"Comment","target":["https:\/\/favorite-news.com\/pt\/daniel-vaz-passa-a-ceo-e-accionista-da-m-public-relations-meios-publicidade\/#respond"]}]},{"@type":"WebPage","@id":"https:\/\/favorite-news.com\/pt\/daniel-vaz-passa-a-ceo-e-accionista-da-m-public-relations-meios-publicidade\/","url":"https:\/\/favorite-news.com\/pt\/daniel-vaz-passa-a-ceo-e-accionista-da-m-public-relations-meios-publicidade\/","name":"Daniel Vaz passa a CEO e accionista da M Public Relations - Meios & Publicidade - Favorite News","isPartOf":{"@id":"https:\/\/favorite-news.com\/pt\/#website"},"primaryImageOfPage":{"@id":"https:\/\/favorite-news.com\/pt\/daniel-vaz-passa-a-ceo-e-accionista-da-m-public-relations-meios-publicidade\/#primaryimage"},"image":{"@id":"https:\/\/favorite-news.com\/pt\/daniel-vaz-passa-a-ceo-e-accionista-da-m-public-relations-meios-publicidade\/#primaryimage"},"thumbnailUrl":"https:\/\/favorite-news.com\/pt\/wp-content\/uploads\/sites\/2\/2021\/07\/Daniel-Vaz-passa-a-CEO-e-accionista-da-M-Public.jpg","datePublished":"2021-07-08T04:03:40+00:00","dateModified":"2021-07-08T04:03:46+00:00","author":{"@id":"https:\/\/favorite-news.com\/pt\/#\/schema\/person\/b91573b717dcfa5e4696032a9d28d3e8"},"breadcrumb":{"@id":"https:\/\/favorite-news.com\/pt\/daniel-vaz-passa-a-ceo-e-accionista-da-m-public-relations-meios-publicidade\/#breadcrumb"},"inLanguage":"pt-PT","potentialAction":[{"@type":"ReadAction","target":["https:\/\/favorite-news.com\/pt\/daniel-vaz-passa-a-ceo-e-accionista-da-m-public-relations-meios-publicidade\/"]}]},{"@type":"ImageObject","inLanguage":"pt-PT","@id":"https:\/\/favorite-news.com\/pt\/daniel-vaz-passa-a-ceo-e-accionista-da-m-public-relations-meios-publicidade\/#primaryimage","url":"https:\/\/favorite-news.com\/pt\/wp-content\/uploads\/sites\/2\/2021\/07\/Daniel-Vaz-passa-a-CEO-e-accionista-da-M-Public.jpg","contentUrl":"https:\/\/favorite-news.com\/pt\/wp-content\/uploads\/sites\/2\/2021\/07\/Daniel-Vaz-passa-a-CEO-e-accionista-da-M-Public.jpg","width":600,"height":404,"caption":"Daniel Vaz passa a CEO e accionista da M Public Relations - Meios & Publicidade"},{"@type":"BreadcrumbList","@id":"https:\/\/favorite-news.com\/pt\/daniel-vaz-passa-a-ceo-e-accionista-da-m-public-relations-meios-publicidade\/#breadcrumb","itemListElement":[{"@type":"ListItem","position":1,"name":"Home","item":"https:\/\/favorite-news.com\/pt\/"},{"@type":"ListItem","position":2,"name":"Daniel Vaz passa a CEO e accionista da M Public Relations &#8211; Meios &#038; Publicidade"}]},{"@type":"WebSite","@id":"https:\/\/favorite-news.com\/pt\/#website","url":"https:\/\/favorite-news.com\/pt\/","name":"Favorite News","description":"Favorite News Portugal","potentialAction":[{"@type":"SearchAction","target":{"@type":"EntryPoint","urlTemplate":"https:\/\/favorite-news.com\/pt\/?s={search_term_string}"},"query-input":{"@type":"PropertyValueSpecification","valueRequired":true,"valueName":"search_term_string"}}],"inLanguage":"pt-PT"},{"@type":"Person","@id":"https:\/\/favorite-news.com\/pt\/#\/schema\/person\/b91573b717dcfa5e4696032a9d28d3e8","name":"favorite-news","image":{"@type":"ImageObject","inLanguage":"pt-PT","@id":"https:\/\/secure.gravatar.com\/avatar\/6c5a5cb12b74e9d517ee91cf570335b7d16177f1977cc91db161adfa435945a7?s=96&d=mm&r=g","url":"https:\/\/secure.gravatar.com\/avatar\/6c5a5cb12b74e9d517ee91cf570335b7d16177f1977cc91db161adfa435945a7?s=96&d=mm&r=g","contentUrl":"https:\/\/secure.gravatar.com\/avatar\/6c5a5cb12b74e9d517ee91cf570335b7d16177f1977cc91db161adfa435945a7?s=96&d=mm&r=g","caption":"favorite-news"},"url":"https:\/\/favorite-news.com\/pt\/author\/pt\/"}]}},"_links":{"self":[{"href":"https:\/\/favorite-news.com\/pt\/wp-json\/wp\/v2\/posts\/10690","targetHints":{"allow":["GET"]}}],"collection":[{"href":"https:\/\/favorite-news.com\/pt\/wp-json\/wp\/v2\/posts"}],"about":[{"href":"https:\/\/favorite-news.com\/pt\/wp-json\/wp\/v2\/types\/post"}],"author":[{"embeddable":true,"href":"https:\/\/favorite-news.com\/pt\/wp-json\/wp\/v2\/users\/2"}],"replies":[{"embeddable":true,"href":"https:\/\/favorite-news.com\/pt\/wp-json\/wp\/v2\/comments?post=10690"}],"version-history":[{"count":1,"href":"https:\/\/favorite-news.com\/pt\/wp-json\/wp\/v2\/posts\/10690\/revisions"}],"predecessor-version":[{"id":10692,"href":"https:\/\/favorite-news.com\/pt\/wp-json\/wp\/v2\/posts\/10690\/revisions\/10692"}],"wp:featuredmedia":[{"embeddable":true,"href":"https:\/\/favorite-news.com\/pt\/wp-json\/wp\/v2\/media\/10691"}],"wp:attachment":[{"href":"https:\/\/favorite-news.com\/pt\/wp-json\/wp\/v2\/media?parent=10690"}],"wp:term":[{"taxonomy":"category","embeddable":true,"href":"https:\/\/favorite-news.com\/pt\/wp-json\/wp\/v2\/categories?post=10690"},{"taxonomy":"post_tag","embeddable":true,"href":"https:\/\/favorite-news.com\/pt\/wp-json\/wp\/v2\/tags?post=10690"}],"curies":[{"name":"wp","href":"https:\/\/api.w.org\/{rel}","templated":true}]}}