{"id":10687,"date":"2021-07-07T23:09:05","date_gmt":"2021-07-07T20:09:05","guid":{"rendered":"https:\/\/favorite-news.com\/pt\/portugal-nao-voltara-a-austeridade-garante-joao-leao-zap\/"},"modified":"2021-07-07T23:09:10","modified_gmt":"2021-07-07T20:09:10","slug":"portugal-nao-voltara-a-austeridade-garante-joao-leao-zap","status":"publish","type":"post","link":"https:\/\/favorite-news.com\/pt\/portugal-nao-voltara-a-austeridade-garante-joao-leao-zap\/","title":{"rendered":"&#8220;Portugal n\u00e3o voltar\u00e1 \u00e0 austeridade&#8221;, garante Jo\u00e3o Le\u00e3o &#8211; ZAP"},"content":{"rendered":"<p> Ant\u00f3nio Pedro Santos \/ LusaO ministro de Estado e das Finan\u00e7as, Jo\u00e3o Le\u00e3o<br \/>\n\u201cPortugal n\u00e3o voltar\u00e1 \u00e0 austeridade\u201d, garantiu nesta quarta-feira o ministro das Finan\u00e7as, Jo\u00e3o Le\u00e3o, numa audi\u00e7\u00e3o parlamentar na qual foi acusado pelo PSD de n\u00e3o ser \u201cs\u00e9rio\u201d devido ao facto de comparar as duas crises, que foram \u201ccompletamente diferentes\u201d.<\/p>\n<p>\u201cOs apoios est\u00e3o a chegar a quem precisa\u201d, indicou, referindo que o \u201cpr\u00f3ximo Or\u00e7amento n\u00e3o ser\u00e1 mais f\u00e1cil ou menos exigente do que os anteriores\u201d.<br \/>\nA \u201csuspens\u00e3o tempor\u00e1ria das regras or\u00e7amentais em 2022 permite-nos manter os est\u00edmulos de natureza extraordin\u00e1ria \u00e0 economia\u201d, apontou, mas \u201cpermite tamb\u00e9m passar gradualmente de medidas de emerg\u00eancia para medidas de apoio ao forte relan\u00e7amento da economia, com o apoio do Programa de Recupera\u00e7\u00e3o e Resili\u00eancia\u201d.<br \/>\n\u201cMuitos portugueses recordam os sacrif\u00edcios impostos pela troika e estou seguro de que nenhum de n\u00f3s querer\u00e1 voltar a esses tempos\u201d, sublinhou.<\/p>\n<p>O deputado do PSD Afonso Oliveira criticou Jo\u00e3o Le\u00e3o por comparar \u201ccoisas que n\u00e3o s\u00e3o compar\u00e1veis\u201d, referindo-se \u00e0 crise de 2011 e \u00e0 crise pand\u00e9mica. \u201cN\u00e3o \u00e9 s\u00e9rio, n\u00e3o \u00e9 correto nem \u00e9 honesto do ponto de vista intelectual\u201d fazer essa compara\u00e7\u00e3o porque \u201ca crise foi completamente diferente\u201d.<br \/>\nContudo, \u201cao contr\u00e1rio de alguns pa\u00edses que j\u00e1 anunciaram aumentos de impostos para pagar a fatura da crise, Portugal n\u00e3o voltar\u00e1 \u00e0 austeridade\u201d, disse Jo\u00e3o Le\u00e3o, acrescentando que os membros do Governo est\u00e3o \u201ccomprometidos com a estabilidade fiscal e com o regresso \u00e0 trajet\u00f3ria de recupera\u00e7\u00e3o de rendimentos\u201d.<br \/>\n Ta\u00edsa Pagno \/\/ <\/p>\n<p>\n<!--noindex--><br \/>\n<a href=\"https:\/\/zap.aeiou.pt\/portugal-austeridade-joao-leao-415331\" rel=\"nofollow\">Source link <\/a><br \/>\n<!--\/noindex--><\/p>\n","protected":false},"excerpt":{"rendered":"<p>Ant\u00f3nio Pedro Santos \/ LusaO ministro de Estado e das Finan\u00e7as, Jo\u00e3o Le\u00e3o \u201cPortugal n\u00e3o voltar\u00e1 \u00e0 austeridade\u201d, garantiu nesta quarta-feira o ministro das Finan\u00e7as, Jo\u00e3o Le\u00e3o, numa audi\u00e7\u00e3o parlamentar na qual foi acusado pelo PSD de n\u00e3o ser \u201cs\u00e9rio\u201d devido ao facto de comparar as duas crises, que foram \u201ccompletamente diferentes\u201d. \u201cOs apoios est\u00e3o [&hellip;]<\/p>\n","protected":false},"author":2,"featured_media":10688,"comment_status":"open","ping_status":"open","sticky":false,"template":"","format":"standard","meta":{"footnotes":""},"categories":[1],"tags":[],"class_list":["post-10687","post","type-post","status-publish","format-standard","has-post-thumbnail","hentry","category-noticias-financeiras"],"yoast_head":"<!-- This site is optimized with the Yoast SEO plugin v27.4 - https:\/\/yoast.com\/product\/yoast-seo-wordpress\/ -->\n<title>&quot;Portugal n\u00e3o voltar\u00e1 \u00e0 austeridade&quot;, garante Jo\u00e3o Le\u00e3o - ZAP - Favorite News<\/title>\n<meta name=\"robots\" content=\"index, follow, max-snippet:-1, max-image-preview:large, max-video-preview:-1\" \/>\n<link rel=\"canonical\" href=\"https:\/\/favorite-news.com\/pt\/portugal-nao-voltara-a-austeridade-garante-joao-leao-zap\/\" \/>\n<meta property=\"og:locale\" content=\"pt_PT\" \/>\n<meta property=\"og:type\" content=\"article\" \/>\n<meta property=\"og:title\" content=\"&quot;Portugal n\u00e3o voltar\u00e1 \u00e0 austeridade&quot;, garante Jo\u00e3o Le\u00e3o - ZAP - Favorite News\" \/>\n<meta property=\"og:description\" content=\"Ant\u00f3nio Pedro Santos \/ LusaO ministro de Estado e das Finan\u00e7as, Jo\u00e3o Le\u00e3o \u201cPortugal n\u00e3o voltar\u00e1 \u00e0 austeridade\u201d, garantiu nesta quarta-feira o ministro das Finan\u00e7as, Jo\u00e3o Le\u00e3o, numa audi\u00e7\u00e3o parlamentar na qual foi acusado pelo PSD de n\u00e3o ser \u201cs\u00e9rio\u201d devido ao facto de comparar as duas crises, que foram \u201ccompletamente diferentes\u201d. \u201cOs apoios est\u00e3o [&hellip;]\" \/>\n<meta property=\"og:url\" content=\"https:\/\/favorite-news.com\/pt\/portugal-nao-voltara-a-austeridade-garante-joao-leao-zap\/\" \/>\n<meta property=\"og:site_name\" content=\"Favorite News\" \/>\n<meta property=\"article:published_time\" content=\"2021-07-07T20:09:05+00:00\" \/>\n<meta property=\"article:modified_time\" content=\"2021-07-07T20:09:10+00:00\" \/>\n<meta property=\"og:image\" content=\"https:\/\/favorite-news.com\/pt\/wp-content\/uploads\/sites\/2\/2021\/07\/Portugal-nao-voltara-a-austeridade-garante-Joao-Leao-ZAP.jpg\" \/>\n\t<meta property=\"og:image:width\" content=\"1200\" \/>\n\t<meta property=\"og:image:height\" content=\"800\" \/>\n\t<meta property=\"og:image:type\" content=\"image\/jpeg\" \/>\n<meta name=\"author\" content=\"favorite-news\" \/>\n<meta name=\"twitter:card\" content=\"summary_large_image\" \/>\n<meta name=\"twitter:label1\" content=\"Escrito por\" \/>\n\t<meta name=\"twitter:data1\" content=\"favorite-news\" \/>\n\t<meta name=\"twitter:label2\" content=\"Tempo estimado de leitura\" \/>\n\t<meta name=\"twitter:data2\" content=\"1 minuto\" \/>\n<script type=\"application\/ld+json\" class=\"yoast-schema-graph\">{\"@context\":\"https:\\\/\\\/schema.org\",\"@graph\":[{\"@type\":\"Article\",\"@id\":\"https:\\\/\\\/favorite-news.com\\\/pt\\\/portugal-nao-voltara-a-austeridade-garante-joao-leao-zap\\\/#article\",\"isPartOf\":{\"@id\":\"https:\\\/\\\/favorite-news.com\\\/pt\\\/portugal-nao-voltara-a-austeridade-garante-joao-leao-zap\\\/\"},\"author\":{\"name\":\"favorite-news\",\"@id\":\"https:\\\/\\\/favorite-news.com\\\/pt\\\/#\\\/schema\\\/person\\\/b91573b717dcfa5e4696032a9d28d3e8\"},\"headline\":\"&#8220;Portugal n\u00e3o voltar\u00e1 \u00e0 austeridade&#8221;, garante Jo\u00e3o Le\u00e3o &#8211; ZAP\",\"datePublished\":\"2021-07-07T20:09:05+00:00\",\"dateModified\":\"2021-07-07T20:09:10+00:00\",\"mainEntityOfPage\":{\"@id\":\"https:\\\/\\\/favorite-news.com\\\/pt\\\/portugal-nao-voltara-a-austeridade-garante-joao-leao-zap\\\/\"},\"wordCount\":291,\"commentCount\":0,\"image\":{\"@id\":\"https:\\\/\\\/favorite-news.com\\\/pt\\\/portugal-nao-voltara-a-austeridade-garante-joao-leao-zap\\\/#primaryimage\"},\"thumbnailUrl\":\"https:\\\/\\\/favorite-news.com\\\/pt\\\/wp-content\\\/uploads\\\/sites\\\/2\\\/2021\\\/07\\\/Portugal-nao-voltara-a-austeridade-garante-Joao-Leao-ZAP.jpg\",\"articleSection\":[\"NOT\u00cdCIAS FINANCEIRAS\"],\"inLanguage\":\"pt-PT\",\"potentialAction\":[{\"@type\":\"CommentAction\",\"name\":\"Comment\",\"target\":[\"https:\\\/\\\/favorite-news.com\\\/pt\\\/portugal-nao-voltara-a-austeridade-garante-joao-leao-zap\\\/#respond\"]}]},{\"@type\":\"WebPage\",\"@id\":\"https:\\\/\\\/favorite-news.com\\\/pt\\\/portugal-nao-voltara-a-austeridade-garante-joao-leao-zap\\\/\",\"url\":\"https:\\\/\\\/favorite-news.com\\\/pt\\\/portugal-nao-voltara-a-austeridade-garante-joao-leao-zap\\\/\",\"name\":\"\\\"Portugal n\u00e3o voltar\u00e1 \u00e0 austeridade\\\", garante Jo\u00e3o Le\u00e3o - ZAP - Favorite News\",\"isPartOf\":{\"@id\":\"https:\\\/\\\/favorite-news.com\\\/pt\\\/#website\"},\"primaryImageOfPage\":{\"@id\":\"https:\\\/\\\/favorite-news.com\\\/pt\\\/portugal-nao-voltara-a-austeridade-garante-joao-leao-zap\\\/#primaryimage\"},\"image\":{\"@id\":\"https:\\\/\\\/favorite-news.com\\\/pt\\\/portugal-nao-voltara-a-austeridade-garante-joao-leao-zap\\\/#primaryimage\"},\"thumbnailUrl\":\"https:\\\/\\\/favorite-news.com\\\/pt\\\/wp-content\\\/uploads\\\/sites\\\/2\\\/2021\\\/07\\\/Portugal-nao-voltara-a-austeridade-garante-Joao-Leao-ZAP.jpg\",\"datePublished\":\"2021-07-07T20:09:05+00:00\",\"dateModified\":\"2021-07-07T20:09:10+00:00\",\"author\":{\"@id\":\"https:\\\/\\\/favorite-news.com\\\/pt\\\/#\\\/schema\\\/person\\\/b91573b717dcfa5e4696032a9d28d3e8\"},\"breadcrumb\":{\"@id\":\"https:\\\/\\\/favorite-news.com\\\/pt\\\/portugal-nao-voltara-a-austeridade-garante-joao-leao-zap\\\/#breadcrumb\"},\"inLanguage\":\"pt-PT\",\"potentialAction\":[{\"@type\":\"ReadAction\",\"target\":[\"https:\\\/\\\/favorite-news.com\\\/pt\\\/portugal-nao-voltara-a-austeridade-garante-joao-leao-zap\\\/\"]}]},{\"@type\":\"ImageObject\",\"inLanguage\":\"pt-PT\",\"@id\":\"https:\\\/\\\/favorite-news.com\\\/pt\\\/portugal-nao-voltara-a-austeridade-garante-joao-leao-zap\\\/#primaryimage\",\"url\":\"https:\\\/\\\/favorite-news.com\\\/pt\\\/wp-content\\\/uploads\\\/sites\\\/2\\\/2021\\\/07\\\/Portugal-nao-voltara-a-austeridade-garante-Joao-Leao-ZAP.jpg\",\"contentUrl\":\"https:\\\/\\\/favorite-news.com\\\/pt\\\/wp-content\\\/uploads\\\/sites\\\/2\\\/2021\\\/07\\\/Portugal-nao-voltara-a-austeridade-garante-Joao-Leao-ZAP.jpg\",\"width\":1200,\"height\":800,\"caption\":\"\\\"Portugal n\u00e3o voltar\u00e1 \u00e0 austeridade\\\", garante Jo\u00e3o Le\u00e3o - ZAP\"},{\"@type\":\"BreadcrumbList\",\"@id\":\"https:\\\/\\\/favorite-news.com\\\/pt\\\/portugal-nao-voltara-a-austeridade-garante-joao-leao-zap\\\/#breadcrumb\",\"itemListElement\":[{\"@type\":\"ListItem\",\"position\":1,\"name\":\"Home\",\"item\":\"https:\\\/\\\/favorite-news.com\\\/pt\\\/\"},{\"@type\":\"ListItem\",\"position\":2,\"name\":\"&#8220;Portugal n\u00e3o voltar\u00e1 \u00e0 austeridade&#8221;, garante Jo\u00e3o Le\u00e3o &#8211; ZAP\"}]},{\"@type\":\"WebSite\",\"@id\":\"https:\\\/\\\/favorite-news.com\\\/pt\\\/#website\",\"url\":\"https:\\\/\\\/favorite-news.com\\\/pt\\\/\",\"name\":\"Favorite News\",\"description\":\"Favorite News Portugal\",\"potentialAction\":[{\"@type\":\"SearchAction\",\"target\":{\"@type\":\"EntryPoint\",\"urlTemplate\":\"https:\\\/\\\/favorite-news.com\\\/pt\\\/?s={search_term_string}\"},\"query-input\":{\"@type\":\"PropertyValueSpecification\",\"valueRequired\":true,\"valueName\":\"search_term_string\"}}],\"inLanguage\":\"pt-PT\"},{\"@type\":\"Person\",\"@id\":\"https:\\\/\\\/favorite-news.com\\\/pt\\\/#\\\/schema\\\/person\\\/b91573b717dcfa5e4696032a9d28d3e8\",\"name\":\"favorite-news\",\"image\":{\"@type\":\"ImageObject\",\"inLanguage\":\"pt-PT\",\"@id\":\"https:\\\/\\\/secure.gravatar.com\\\/avatar\\\/6c5a5cb12b74e9d517ee91cf570335b7d16177f1977cc91db161adfa435945a7?s=96&d=mm&r=g\",\"url\":\"https:\\\/\\\/secure.gravatar.com\\\/avatar\\\/6c5a5cb12b74e9d517ee91cf570335b7d16177f1977cc91db161adfa435945a7?s=96&d=mm&r=g\",\"contentUrl\":\"https:\\\/\\\/secure.gravatar.com\\\/avatar\\\/6c5a5cb12b74e9d517ee91cf570335b7d16177f1977cc91db161adfa435945a7?s=96&d=mm&r=g\",\"caption\":\"favorite-news\"},\"url\":\"https:\\\/\\\/favorite-news.com\\\/pt\\\/author\\\/pt\\\/\"}]}<\/script>\n<!-- \/ Yoast SEO plugin. -->","yoast_head_json":{"title":"\"Portugal n\u00e3o voltar\u00e1 \u00e0 austeridade\", garante Jo\u00e3o Le\u00e3o - ZAP - Favorite News","robots":{"index":"index","follow":"follow","max-snippet":"max-snippet:-1","max-image-preview":"max-image-preview:large","max-video-preview":"max-video-preview:-1"},"canonical":"https:\/\/favorite-news.com\/pt\/portugal-nao-voltara-a-austeridade-garante-joao-leao-zap\/","og_locale":"pt_PT","og_type":"article","og_title":"\"Portugal n\u00e3o voltar\u00e1 \u00e0 austeridade\", garante Jo\u00e3o Le\u00e3o - ZAP - Favorite News","og_description":"Ant\u00f3nio Pedro Santos \/ LusaO ministro de Estado e das Finan\u00e7as, Jo\u00e3o Le\u00e3o \u201cPortugal n\u00e3o voltar\u00e1 \u00e0 austeridade\u201d, garantiu nesta quarta-feira o ministro das Finan\u00e7as, Jo\u00e3o Le\u00e3o, numa audi\u00e7\u00e3o parlamentar na qual foi acusado pelo PSD de n\u00e3o ser \u201cs\u00e9rio\u201d devido ao facto de comparar as duas crises, que foram \u201ccompletamente diferentes\u201d. \u201cOs apoios est\u00e3o [&hellip;]","og_url":"https:\/\/favorite-news.com\/pt\/portugal-nao-voltara-a-austeridade-garante-joao-leao-zap\/","og_site_name":"Favorite News","article_published_time":"2021-07-07T20:09:05+00:00","article_modified_time":"2021-07-07T20:09:10+00:00","og_image":[{"width":1200,"height":800,"url":"https:\/\/favorite-news.com\/pt\/wp-content\/uploads\/sites\/2\/2021\/07\/Portugal-nao-voltara-a-austeridade-garante-Joao-Leao-ZAP.jpg","type":"image\/jpeg"}],"author":"favorite-news","twitter_card":"summary_large_image","twitter_misc":{"Escrito por":"favorite-news","Tempo estimado de leitura":"1 minuto"},"schema":{"@context":"https:\/\/schema.org","@graph":[{"@type":"Article","@id":"https:\/\/favorite-news.com\/pt\/portugal-nao-voltara-a-austeridade-garante-joao-leao-zap\/#article","isPartOf":{"@id":"https:\/\/favorite-news.com\/pt\/portugal-nao-voltara-a-austeridade-garante-joao-leao-zap\/"},"author":{"name":"favorite-news","@id":"https:\/\/favorite-news.com\/pt\/#\/schema\/person\/b91573b717dcfa5e4696032a9d28d3e8"},"headline":"&#8220;Portugal n\u00e3o voltar\u00e1 \u00e0 austeridade&#8221;, garante Jo\u00e3o Le\u00e3o &#8211; ZAP","datePublished":"2021-07-07T20:09:05+00:00","dateModified":"2021-07-07T20:09:10+00:00","mainEntityOfPage":{"@id":"https:\/\/favorite-news.com\/pt\/portugal-nao-voltara-a-austeridade-garante-joao-leao-zap\/"},"wordCount":291,"commentCount":0,"image":{"@id":"https:\/\/favorite-news.com\/pt\/portugal-nao-voltara-a-austeridade-garante-joao-leao-zap\/#primaryimage"},"thumbnailUrl":"https:\/\/favorite-news.com\/pt\/wp-content\/uploads\/sites\/2\/2021\/07\/Portugal-nao-voltara-a-austeridade-garante-Joao-Leao-ZAP.jpg","articleSection":["NOT\u00cdCIAS FINANCEIRAS"],"inLanguage":"pt-PT","potentialAction":[{"@type":"CommentAction","name":"Comment","target":["https:\/\/favorite-news.com\/pt\/portugal-nao-voltara-a-austeridade-garante-joao-leao-zap\/#respond"]}]},{"@type":"WebPage","@id":"https:\/\/favorite-news.com\/pt\/portugal-nao-voltara-a-austeridade-garante-joao-leao-zap\/","url":"https:\/\/favorite-news.com\/pt\/portugal-nao-voltara-a-austeridade-garante-joao-leao-zap\/","name":"\"Portugal n\u00e3o voltar\u00e1 \u00e0 austeridade\", garante Jo\u00e3o Le\u00e3o - ZAP - Favorite News","isPartOf":{"@id":"https:\/\/favorite-news.com\/pt\/#website"},"primaryImageOfPage":{"@id":"https:\/\/favorite-news.com\/pt\/portugal-nao-voltara-a-austeridade-garante-joao-leao-zap\/#primaryimage"},"image":{"@id":"https:\/\/favorite-news.com\/pt\/portugal-nao-voltara-a-austeridade-garante-joao-leao-zap\/#primaryimage"},"thumbnailUrl":"https:\/\/favorite-news.com\/pt\/wp-content\/uploads\/sites\/2\/2021\/07\/Portugal-nao-voltara-a-austeridade-garante-Joao-Leao-ZAP.jpg","datePublished":"2021-07-07T20:09:05+00:00","dateModified":"2021-07-07T20:09:10+00:00","author":{"@id":"https:\/\/favorite-news.com\/pt\/#\/schema\/person\/b91573b717dcfa5e4696032a9d28d3e8"},"breadcrumb":{"@id":"https:\/\/favorite-news.com\/pt\/portugal-nao-voltara-a-austeridade-garante-joao-leao-zap\/#breadcrumb"},"inLanguage":"pt-PT","potentialAction":[{"@type":"ReadAction","target":["https:\/\/favorite-news.com\/pt\/portugal-nao-voltara-a-austeridade-garante-joao-leao-zap\/"]}]},{"@type":"ImageObject","inLanguage":"pt-PT","@id":"https:\/\/favorite-news.com\/pt\/portugal-nao-voltara-a-austeridade-garante-joao-leao-zap\/#primaryimage","url":"https:\/\/favorite-news.com\/pt\/wp-content\/uploads\/sites\/2\/2021\/07\/Portugal-nao-voltara-a-austeridade-garante-Joao-Leao-ZAP.jpg","contentUrl":"https:\/\/favorite-news.com\/pt\/wp-content\/uploads\/sites\/2\/2021\/07\/Portugal-nao-voltara-a-austeridade-garante-Joao-Leao-ZAP.jpg","width":1200,"height":800,"caption":"\"Portugal n\u00e3o voltar\u00e1 \u00e0 austeridade\", garante Jo\u00e3o Le\u00e3o - ZAP"},{"@type":"BreadcrumbList","@id":"https:\/\/favorite-news.com\/pt\/portugal-nao-voltara-a-austeridade-garante-joao-leao-zap\/#breadcrumb","itemListElement":[{"@type":"ListItem","position":1,"name":"Home","item":"https:\/\/favorite-news.com\/pt\/"},{"@type":"ListItem","position":2,"name":"&#8220;Portugal n\u00e3o voltar\u00e1 \u00e0 austeridade&#8221;, garante Jo\u00e3o Le\u00e3o &#8211; ZAP"}]},{"@type":"WebSite","@id":"https:\/\/favorite-news.com\/pt\/#website","url":"https:\/\/favorite-news.com\/pt\/","name":"Favorite News","description":"Favorite News Portugal","potentialAction":[{"@type":"SearchAction","target":{"@type":"EntryPoint","urlTemplate":"https:\/\/favorite-news.com\/pt\/?s={search_term_string}"},"query-input":{"@type":"PropertyValueSpecification","valueRequired":true,"valueName":"search_term_string"}}],"inLanguage":"pt-PT"},{"@type":"Person","@id":"https:\/\/favorite-news.com\/pt\/#\/schema\/person\/b91573b717dcfa5e4696032a9d28d3e8","name":"favorite-news","image":{"@type":"ImageObject","inLanguage":"pt-PT","@id":"https:\/\/secure.gravatar.com\/avatar\/6c5a5cb12b74e9d517ee91cf570335b7d16177f1977cc91db161adfa435945a7?s=96&d=mm&r=g","url":"https:\/\/secure.gravatar.com\/avatar\/6c5a5cb12b74e9d517ee91cf570335b7d16177f1977cc91db161adfa435945a7?s=96&d=mm&r=g","contentUrl":"https:\/\/secure.gravatar.com\/avatar\/6c5a5cb12b74e9d517ee91cf570335b7d16177f1977cc91db161adfa435945a7?s=96&d=mm&r=g","caption":"favorite-news"},"url":"https:\/\/favorite-news.com\/pt\/author\/pt\/"}]}},"_links":{"self":[{"href":"https:\/\/favorite-news.com\/pt\/wp-json\/wp\/v2\/posts\/10687","targetHints":{"allow":["GET"]}}],"collection":[{"href":"https:\/\/favorite-news.com\/pt\/wp-json\/wp\/v2\/posts"}],"about":[{"href":"https:\/\/favorite-news.com\/pt\/wp-json\/wp\/v2\/types\/post"}],"author":[{"embeddable":true,"href":"https:\/\/favorite-news.com\/pt\/wp-json\/wp\/v2\/users\/2"}],"replies":[{"embeddable":true,"href":"https:\/\/favorite-news.com\/pt\/wp-json\/wp\/v2\/comments?post=10687"}],"version-history":[{"count":1,"href":"https:\/\/favorite-news.com\/pt\/wp-json\/wp\/v2\/posts\/10687\/revisions"}],"predecessor-version":[{"id":10689,"href":"https:\/\/favorite-news.com\/pt\/wp-json\/wp\/v2\/posts\/10687\/revisions\/10689"}],"wp:featuredmedia":[{"embeddable":true,"href":"https:\/\/favorite-news.com\/pt\/wp-json\/wp\/v2\/media\/10688"}],"wp:attachment":[{"href":"https:\/\/favorite-news.com\/pt\/wp-json\/wp\/v2\/media?parent=10687"}],"wp:term":[{"taxonomy":"category","embeddable":true,"href":"https:\/\/favorite-news.com\/pt\/wp-json\/wp\/v2\/categories?post=10687"},{"taxonomy":"post_tag","embeddable":true,"href":"https:\/\/favorite-news.com\/pt\/wp-json\/wp\/v2\/tags?post=10687"}],"curies":[{"name":"wp","href":"https:\/\/api.w.org\/{rel}","templated":true}]}}