{"id":10678,"date":"2021-07-07T06:56:48","date_gmt":"2021-07-07T03:56:48","guid":{"rendered":"https:\/\/favorite-news.com\/pt\/5002beyond-regista-marca-passagem-do-meio-do-ano-meios-publicidade\/"},"modified":"2021-07-07T06:56:53","modified_gmt":"2021-07-07T03:56:53","slug":"5002beyond-regista-marca-passagem-do-meio-do-ano-meios-publicidade","status":"publish","type":"post","link":"https:\/\/favorite-news.com\/pt\/5002beyond-regista-marca-passagem-do-meio-do-ano-meios-publicidade\/","title":{"rendered":"5002&#038;Beyond regista marca Passagem do Meio do Ano &#8211; Meios &#038; Publicidade"},"content":{"rendered":"<p>\t\t\t\tPor Rui Oliveira Marques a 6 de Julho de 2021<\/p>\n<p>\t\t\tFernanda Dias de Assun\u00e7\u00e3o e Jorge Coelho<br \/>\nA ag\u00eancia 5002&amp;Beyond est\u00e1 a desenvolver o conceito e marca Passagem do Meio do Ano, que pretende celebrar a data em que se assinala a metade do ano. As conting\u00eancias da pandemia s\u00f3 permitiram que no passado dia 2 de Julho a data fosse assinalada com um grupo pequeno de pessoas, mas a expectativa \u00e9 que o projecto possa ganhar escala.<br \/>\n\u201cPensado como uma oportunidade para criar um novo momento de conversa e tamb\u00e9m de consumo para algumas marcas, a marca Passagem do Meio do Ano surge como uma oportunidade para desafiar as marcas com uma solu\u00e7\u00e3o para estarem mais perto dos seus consumidores e f\u00e3s, com um conceito irreverente, que promete virar o disco e tocar o lado B do ano com concertos, ativa\u00e7\u00f5es de rua e at\u00e9 festas em casa, como numa verdadeira passagem de ano\u201d, refere o comunicado da ag\u00eancia fundada por Fernanda Dias de Assun\u00e7\u00e3o e Jorge Coelho. Os respons\u00e1veis asseguram que \u201calgumas das maiores marcas nacionais est\u00e3o j\u00e1 envolvidas e o segundo semestre de 2021 vai ser de planeamento e fecho de contratos, mas h\u00e1 ainda espa\u00e7o para incluir muitas mais\u201d.<br \/>\nA ideia \u00e9 que o o conceito Passagem do Meio do Ano seja adapt\u00e1vel \u00e0s necessidades de cada marca e neg\u00f3cio. O projecto envolve uma equipa de seis profissionais das \u00e1reas de activa\u00e7\u00e3o, parcerias, media, planeamento estrat\u00e9gico e criatividade.<\/p>\n<p>\n<!--noindex--><br \/>\n<a href=\"https:\/\/www.meiosepublicidade.pt\/2021\/07\/5002beyond-regista-marca-passagem-do-meio-do-ano\/?utm_source=rss&#038;utm_medium=rss&#038;utm_campaign=5002beyond-regista-marca-passagem-do-meio-do-ano\" rel=\"nofollow\">Source link <\/a><br \/>\n<!--\/noindex--><\/p>\n","protected":false},"excerpt":{"rendered":"<p>Por Rui Oliveira Marques a 6 de Julho de 2021 Fernanda Dias de Assun\u00e7\u00e3o e Jorge Coelho A ag\u00eancia 5002&amp;Beyond est\u00e1 a desenvolver o conceito e marca Passagem do Meio do Ano, que pretende celebrar a data em que se assinala a metade do ano. As conting\u00eancias da pandemia s\u00f3 permitiram que no passado dia [&hellip;]<\/p>\n","protected":false},"author":2,"featured_media":10679,"comment_status":"open","ping_status":"open","sticky":false,"template":"","format":"standard","meta":{"footnotes":""},"categories":[3],"tags":[],"class_list":["post-10678","post","type-post","status-publish","format-standard","has-post-thumbnail","hentry","category-noticias-de-marketing-na-internet"],"yoast_head":"<!-- This site is optimized with the Yoast SEO plugin v27.4 - https:\/\/yoast.com\/product\/yoast-seo-wordpress\/ -->\n<title>5002&amp;Beyond regista marca Passagem do Meio do Ano - Meios &amp; Publicidade - Favorite News<\/title>\n<meta name=\"robots\" content=\"index, follow, max-snippet:-1, max-image-preview:large, max-video-preview:-1\" \/>\n<link rel=\"canonical\" href=\"https:\/\/favorite-news.com\/pt\/5002beyond-regista-marca-passagem-do-meio-do-ano-meios-publicidade\/\" \/>\n<meta property=\"og:locale\" content=\"pt_PT\" \/>\n<meta property=\"og:type\" content=\"article\" \/>\n<meta property=\"og:title\" content=\"5002&amp;Beyond regista marca Passagem do Meio do Ano - Meios &amp; Publicidade - Favorite News\" \/>\n<meta property=\"og:description\" content=\"Por Rui Oliveira Marques a 6 de Julho de 2021 Fernanda Dias de Assun\u00e7\u00e3o e Jorge Coelho A ag\u00eancia 5002&amp;Beyond est\u00e1 a desenvolver o conceito e marca Passagem do Meio do Ano, que pretende celebrar a data em que se assinala a metade do ano. As conting\u00eancias da pandemia s\u00f3 permitiram que no passado dia [&hellip;]\" \/>\n<meta property=\"og:url\" content=\"https:\/\/favorite-news.com\/pt\/5002beyond-regista-marca-passagem-do-meio-do-ano-meios-publicidade\/\" \/>\n<meta property=\"og:site_name\" content=\"Favorite News\" \/>\n<meta property=\"article:published_time\" content=\"2021-07-07T03:56:48+00:00\" \/>\n<meta property=\"article:modified_time\" content=\"2021-07-07T03:56:53+00:00\" \/>\n<meta property=\"og:image\" content=\"https:\/\/favorite-news.com\/pt\/wp-content\/uploads\/sites\/2\/2021\/07\/5002Beyond-regista-marca-Passagem-do-Meio-do-Ano-Meios.jpg\" \/>\n\t<meta property=\"og:image:width\" content=\"1600\" \/>\n\t<meta property=\"og:image:height\" content=\"1067\" \/>\n\t<meta property=\"og:image:type\" content=\"image\/jpeg\" \/>\n<meta name=\"author\" content=\"favorite-news\" \/>\n<meta name=\"twitter:card\" content=\"summary_large_image\" \/>\n<meta name=\"twitter:label1\" content=\"Escrito por\" \/>\n\t<meta name=\"twitter:data1\" content=\"favorite-news\" \/>\n\t<meta name=\"twitter:label2\" content=\"Tempo estimado de leitura\" \/>\n\t<meta name=\"twitter:data2\" content=\"1 minuto\" \/>\n<script type=\"application\/ld+json\" class=\"yoast-schema-graph\">{\"@context\":\"https:\\\/\\\/schema.org\",\"@graph\":[{\"@type\":\"Article\",\"@id\":\"https:\\\/\\\/favorite-news.com\\\/pt\\\/5002beyond-regista-marca-passagem-do-meio-do-ano-meios-publicidade\\\/#article\",\"isPartOf\":{\"@id\":\"https:\\\/\\\/favorite-news.com\\\/pt\\\/5002beyond-regista-marca-passagem-do-meio-do-ano-meios-publicidade\\\/\"},\"author\":{\"name\":\"favorite-news\",\"@id\":\"https:\\\/\\\/favorite-news.com\\\/pt\\\/#\\\/schema\\\/person\\\/b91573b717dcfa5e4696032a9d28d3e8\"},\"headline\":\"5002&#038;Beyond regista marca Passagem do Meio do Ano &#8211; Meios &#038; Publicidade\",\"datePublished\":\"2021-07-07T03:56:48+00:00\",\"dateModified\":\"2021-07-07T03:56:53+00:00\",\"mainEntityOfPage\":{\"@id\":\"https:\\\/\\\/favorite-news.com\\\/pt\\\/5002beyond-regista-marca-passagem-do-meio-do-ano-meios-publicidade\\\/\"},\"wordCount\":266,\"commentCount\":0,\"image\":{\"@id\":\"https:\\\/\\\/favorite-news.com\\\/pt\\\/5002beyond-regista-marca-passagem-do-meio-do-ano-meios-publicidade\\\/#primaryimage\"},\"thumbnailUrl\":\"https:\\\/\\\/favorite-news.com\\\/pt\\\/wp-content\\\/uploads\\\/sites\\\/2\\\/2021\\\/07\\\/5002Beyond-regista-marca-Passagem-do-Meio-do-Ano-Meios.jpg\",\"articleSection\":[\"NOT\u00cdCIAS DE MARKETING NA INTERNET\"],\"inLanguage\":\"pt-PT\",\"potentialAction\":[{\"@type\":\"CommentAction\",\"name\":\"Comment\",\"target\":[\"https:\\\/\\\/favorite-news.com\\\/pt\\\/5002beyond-regista-marca-passagem-do-meio-do-ano-meios-publicidade\\\/#respond\"]}]},{\"@type\":\"WebPage\",\"@id\":\"https:\\\/\\\/favorite-news.com\\\/pt\\\/5002beyond-regista-marca-passagem-do-meio-do-ano-meios-publicidade\\\/\",\"url\":\"https:\\\/\\\/favorite-news.com\\\/pt\\\/5002beyond-regista-marca-passagem-do-meio-do-ano-meios-publicidade\\\/\",\"name\":\"5002&Beyond regista marca Passagem do Meio do Ano - Meios & Publicidade - Favorite News\",\"isPartOf\":{\"@id\":\"https:\\\/\\\/favorite-news.com\\\/pt\\\/#website\"},\"primaryImageOfPage\":{\"@id\":\"https:\\\/\\\/favorite-news.com\\\/pt\\\/5002beyond-regista-marca-passagem-do-meio-do-ano-meios-publicidade\\\/#primaryimage\"},\"image\":{\"@id\":\"https:\\\/\\\/favorite-news.com\\\/pt\\\/5002beyond-regista-marca-passagem-do-meio-do-ano-meios-publicidade\\\/#primaryimage\"},\"thumbnailUrl\":\"https:\\\/\\\/favorite-news.com\\\/pt\\\/wp-content\\\/uploads\\\/sites\\\/2\\\/2021\\\/07\\\/5002Beyond-regista-marca-Passagem-do-Meio-do-Ano-Meios.jpg\",\"datePublished\":\"2021-07-07T03:56:48+00:00\",\"dateModified\":\"2021-07-07T03:56:53+00:00\",\"author\":{\"@id\":\"https:\\\/\\\/favorite-news.com\\\/pt\\\/#\\\/schema\\\/person\\\/b91573b717dcfa5e4696032a9d28d3e8\"},\"breadcrumb\":{\"@id\":\"https:\\\/\\\/favorite-news.com\\\/pt\\\/5002beyond-regista-marca-passagem-do-meio-do-ano-meios-publicidade\\\/#breadcrumb\"},\"inLanguage\":\"pt-PT\",\"potentialAction\":[{\"@type\":\"ReadAction\",\"target\":[\"https:\\\/\\\/favorite-news.com\\\/pt\\\/5002beyond-regista-marca-passagem-do-meio-do-ano-meios-publicidade\\\/\"]}]},{\"@type\":\"ImageObject\",\"inLanguage\":\"pt-PT\",\"@id\":\"https:\\\/\\\/favorite-news.com\\\/pt\\\/5002beyond-regista-marca-passagem-do-meio-do-ano-meios-publicidade\\\/#primaryimage\",\"url\":\"https:\\\/\\\/favorite-news.com\\\/pt\\\/wp-content\\\/uploads\\\/sites\\\/2\\\/2021\\\/07\\\/5002Beyond-regista-marca-Passagem-do-Meio-do-Ano-Meios.jpg\",\"contentUrl\":\"https:\\\/\\\/favorite-news.com\\\/pt\\\/wp-content\\\/uploads\\\/sites\\\/2\\\/2021\\\/07\\\/5002Beyond-regista-marca-Passagem-do-Meio-do-Ano-Meios.jpg\",\"width\":1600,\"height\":1067,\"caption\":\"5002&Beyond regista marca Passagem do Meio do Ano - Meios & Publicidade\"},{\"@type\":\"BreadcrumbList\",\"@id\":\"https:\\\/\\\/favorite-news.com\\\/pt\\\/5002beyond-regista-marca-passagem-do-meio-do-ano-meios-publicidade\\\/#breadcrumb\",\"itemListElement\":[{\"@type\":\"ListItem\",\"position\":1,\"name\":\"Home\",\"item\":\"https:\\\/\\\/favorite-news.com\\\/pt\\\/\"},{\"@type\":\"ListItem\",\"position\":2,\"name\":\"5002&#038;Beyond regista marca Passagem do Meio do Ano &#8211; Meios &#038; Publicidade\"}]},{\"@type\":\"WebSite\",\"@id\":\"https:\\\/\\\/favorite-news.com\\\/pt\\\/#website\",\"url\":\"https:\\\/\\\/favorite-news.com\\\/pt\\\/\",\"name\":\"Favorite News\",\"description\":\"Favorite News Portugal\",\"potentialAction\":[{\"@type\":\"SearchAction\",\"target\":{\"@type\":\"EntryPoint\",\"urlTemplate\":\"https:\\\/\\\/favorite-news.com\\\/pt\\\/?s={search_term_string}\"},\"query-input\":{\"@type\":\"PropertyValueSpecification\",\"valueRequired\":true,\"valueName\":\"search_term_string\"}}],\"inLanguage\":\"pt-PT\"},{\"@type\":\"Person\",\"@id\":\"https:\\\/\\\/favorite-news.com\\\/pt\\\/#\\\/schema\\\/person\\\/b91573b717dcfa5e4696032a9d28d3e8\",\"name\":\"favorite-news\",\"image\":{\"@type\":\"ImageObject\",\"inLanguage\":\"pt-PT\",\"@id\":\"https:\\\/\\\/secure.gravatar.com\\\/avatar\\\/6c5a5cb12b74e9d517ee91cf570335b7d16177f1977cc91db161adfa435945a7?s=96&d=mm&r=g\",\"url\":\"https:\\\/\\\/secure.gravatar.com\\\/avatar\\\/6c5a5cb12b74e9d517ee91cf570335b7d16177f1977cc91db161adfa435945a7?s=96&d=mm&r=g\",\"contentUrl\":\"https:\\\/\\\/secure.gravatar.com\\\/avatar\\\/6c5a5cb12b74e9d517ee91cf570335b7d16177f1977cc91db161adfa435945a7?s=96&d=mm&r=g\",\"caption\":\"favorite-news\"},\"url\":\"https:\\\/\\\/favorite-news.com\\\/pt\\\/author\\\/pt\\\/\"}]}<\/script>\n<!-- \/ Yoast SEO plugin. -->","yoast_head_json":{"title":"5002&Beyond regista marca Passagem do Meio do Ano - Meios & Publicidade - Favorite News","robots":{"index":"index","follow":"follow","max-snippet":"max-snippet:-1","max-image-preview":"max-image-preview:large","max-video-preview":"max-video-preview:-1"},"canonical":"https:\/\/favorite-news.com\/pt\/5002beyond-regista-marca-passagem-do-meio-do-ano-meios-publicidade\/","og_locale":"pt_PT","og_type":"article","og_title":"5002&Beyond regista marca Passagem do Meio do Ano - Meios & Publicidade - Favorite News","og_description":"Por Rui Oliveira Marques a 6 de Julho de 2021 Fernanda Dias de Assun\u00e7\u00e3o e Jorge Coelho A ag\u00eancia 5002&amp;Beyond est\u00e1 a desenvolver o conceito e marca Passagem do Meio do Ano, que pretende celebrar a data em que se assinala a metade do ano. As conting\u00eancias da pandemia s\u00f3 permitiram que no passado dia [&hellip;]","og_url":"https:\/\/favorite-news.com\/pt\/5002beyond-regista-marca-passagem-do-meio-do-ano-meios-publicidade\/","og_site_name":"Favorite News","article_published_time":"2021-07-07T03:56:48+00:00","article_modified_time":"2021-07-07T03:56:53+00:00","og_image":[{"width":1600,"height":1067,"url":"https:\/\/favorite-news.com\/pt\/wp-content\/uploads\/sites\/2\/2021\/07\/5002Beyond-regista-marca-Passagem-do-Meio-do-Ano-Meios.jpg","type":"image\/jpeg"}],"author":"favorite-news","twitter_card":"summary_large_image","twitter_misc":{"Escrito por":"favorite-news","Tempo estimado de leitura":"1 minuto"},"schema":{"@context":"https:\/\/schema.org","@graph":[{"@type":"Article","@id":"https:\/\/favorite-news.com\/pt\/5002beyond-regista-marca-passagem-do-meio-do-ano-meios-publicidade\/#article","isPartOf":{"@id":"https:\/\/favorite-news.com\/pt\/5002beyond-regista-marca-passagem-do-meio-do-ano-meios-publicidade\/"},"author":{"name":"favorite-news","@id":"https:\/\/favorite-news.com\/pt\/#\/schema\/person\/b91573b717dcfa5e4696032a9d28d3e8"},"headline":"5002&#038;Beyond regista marca Passagem do Meio do Ano &#8211; Meios &#038; Publicidade","datePublished":"2021-07-07T03:56:48+00:00","dateModified":"2021-07-07T03:56:53+00:00","mainEntityOfPage":{"@id":"https:\/\/favorite-news.com\/pt\/5002beyond-regista-marca-passagem-do-meio-do-ano-meios-publicidade\/"},"wordCount":266,"commentCount":0,"image":{"@id":"https:\/\/favorite-news.com\/pt\/5002beyond-regista-marca-passagem-do-meio-do-ano-meios-publicidade\/#primaryimage"},"thumbnailUrl":"https:\/\/favorite-news.com\/pt\/wp-content\/uploads\/sites\/2\/2021\/07\/5002Beyond-regista-marca-Passagem-do-Meio-do-Ano-Meios.jpg","articleSection":["NOT\u00cdCIAS DE MARKETING NA INTERNET"],"inLanguage":"pt-PT","potentialAction":[{"@type":"CommentAction","name":"Comment","target":["https:\/\/favorite-news.com\/pt\/5002beyond-regista-marca-passagem-do-meio-do-ano-meios-publicidade\/#respond"]}]},{"@type":"WebPage","@id":"https:\/\/favorite-news.com\/pt\/5002beyond-regista-marca-passagem-do-meio-do-ano-meios-publicidade\/","url":"https:\/\/favorite-news.com\/pt\/5002beyond-regista-marca-passagem-do-meio-do-ano-meios-publicidade\/","name":"5002&Beyond regista marca Passagem do Meio do Ano - Meios & Publicidade - Favorite News","isPartOf":{"@id":"https:\/\/favorite-news.com\/pt\/#website"},"primaryImageOfPage":{"@id":"https:\/\/favorite-news.com\/pt\/5002beyond-regista-marca-passagem-do-meio-do-ano-meios-publicidade\/#primaryimage"},"image":{"@id":"https:\/\/favorite-news.com\/pt\/5002beyond-regista-marca-passagem-do-meio-do-ano-meios-publicidade\/#primaryimage"},"thumbnailUrl":"https:\/\/favorite-news.com\/pt\/wp-content\/uploads\/sites\/2\/2021\/07\/5002Beyond-regista-marca-Passagem-do-Meio-do-Ano-Meios.jpg","datePublished":"2021-07-07T03:56:48+00:00","dateModified":"2021-07-07T03:56:53+00:00","author":{"@id":"https:\/\/favorite-news.com\/pt\/#\/schema\/person\/b91573b717dcfa5e4696032a9d28d3e8"},"breadcrumb":{"@id":"https:\/\/favorite-news.com\/pt\/5002beyond-regista-marca-passagem-do-meio-do-ano-meios-publicidade\/#breadcrumb"},"inLanguage":"pt-PT","potentialAction":[{"@type":"ReadAction","target":["https:\/\/favorite-news.com\/pt\/5002beyond-regista-marca-passagem-do-meio-do-ano-meios-publicidade\/"]}]},{"@type":"ImageObject","inLanguage":"pt-PT","@id":"https:\/\/favorite-news.com\/pt\/5002beyond-regista-marca-passagem-do-meio-do-ano-meios-publicidade\/#primaryimage","url":"https:\/\/favorite-news.com\/pt\/wp-content\/uploads\/sites\/2\/2021\/07\/5002Beyond-regista-marca-Passagem-do-Meio-do-Ano-Meios.jpg","contentUrl":"https:\/\/favorite-news.com\/pt\/wp-content\/uploads\/sites\/2\/2021\/07\/5002Beyond-regista-marca-Passagem-do-Meio-do-Ano-Meios.jpg","width":1600,"height":1067,"caption":"5002&Beyond regista marca Passagem do Meio do Ano - Meios & Publicidade"},{"@type":"BreadcrumbList","@id":"https:\/\/favorite-news.com\/pt\/5002beyond-regista-marca-passagem-do-meio-do-ano-meios-publicidade\/#breadcrumb","itemListElement":[{"@type":"ListItem","position":1,"name":"Home","item":"https:\/\/favorite-news.com\/pt\/"},{"@type":"ListItem","position":2,"name":"5002&#038;Beyond regista marca Passagem do Meio do Ano &#8211; Meios &#038; Publicidade"}]},{"@type":"WebSite","@id":"https:\/\/favorite-news.com\/pt\/#website","url":"https:\/\/favorite-news.com\/pt\/","name":"Favorite News","description":"Favorite News Portugal","potentialAction":[{"@type":"SearchAction","target":{"@type":"EntryPoint","urlTemplate":"https:\/\/favorite-news.com\/pt\/?s={search_term_string}"},"query-input":{"@type":"PropertyValueSpecification","valueRequired":true,"valueName":"search_term_string"}}],"inLanguage":"pt-PT"},{"@type":"Person","@id":"https:\/\/favorite-news.com\/pt\/#\/schema\/person\/b91573b717dcfa5e4696032a9d28d3e8","name":"favorite-news","image":{"@type":"ImageObject","inLanguage":"pt-PT","@id":"https:\/\/secure.gravatar.com\/avatar\/6c5a5cb12b74e9d517ee91cf570335b7d16177f1977cc91db161adfa435945a7?s=96&d=mm&r=g","url":"https:\/\/secure.gravatar.com\/avatar\/6c5a5cb12b74e9d517ee91cf570335b7d16177f1977cc91db161adfa435945a7?s=96&d=mm&r=g","contentUrl":"https:\/\/secure.gravatar.com\/avatar\/6c5a5cb12b74e9d517ee91cf570335b7d16177f1977cc91db161adfa435945a7?s=96&d=mm&r=g","caption":"favorite-news"},"url":"https:\/\/favorite-news.com\/pt\/author\/pt\/"}]}},"_links":{"self":[{"href":"https:\/\/favorite-news.com\/pt\/wp-json\/wp\/v2\/posts\/10678","targetHints":{"allow":["GET"]}}],"collection":[{"href":"https:\/\/favorite-news.com\/pt\/wp-json\/wp\/v2\/posts"}],"about":[{"href":"https:\/\/favorite-news.com\/pt\/wp-json\/wp\/v2\/types\/post"}],"author":[{"embeddable":true,"href":"https:\/\/favorite-news.com\/pt\/wp-json\/wp\/v2\/users\/2"}],"replies":[{"embeddable":true,"href":"https:\/\/favorite-news.com\/pt\/wp-json\/wp\/v2\/comments?post=10678"}],"version-history":[{"count":1,"href":"https:\/\/favorite-news.com\/pt\/wp-json\/wp\/v2\/posts\/10678\/revisions"}],"predecessor-version":[{"id":10680,"href":"https:\/\/favorite-news.com\/pt\/wp-json\/wp\/v2\/posts\/10678\/revisions\/10680"}],"wp:featuredmedia":[{"embeddable":true,"href":"https:\/\/favorite-news.com\/pt\/wp-json\/wp\/v2\/media\/10679"}],"wp:attachment":[{"href":"https:\/\/favorite-news.com\/pt\/wp-json\/wp\/v2\/media?parent=10678"}],"wp:term":[{"taxonomy":"category","embeddable":true,"href":"https:\/\/favorite-news.com\/pt\/wp-json\/wp\/v2\/categories?post=10678"},{"taxonomy":"post_tag","embeddable":true,"href":"https:\/\/favorite-news.com\/pt\/wp-json\/wp\/v2\/tags?post=10678"}],"curies":[{"name":"wp","href":"https:\/\/api.w.org\/{rel}","templated":true}]}}