{"id":10672,"date":"2021-07-06T18:47:50","date_gmt":"2021-07-06T15:47:50","guid":{"rendered":"https:\/\/favorite-news.com\/pt\/prio-da-nome-a-evento-de-surf-com-proposito-solidario-meios-publicidade\/"},"modified":"2021-07-06T18:47:52","modified_gmt":"2021-07-06T15:47:52","slug":"prio-da-nome-a-evento-de-surf-com-proposito-solidario-meios-publicidade","status":"publish","type":"post","link":"https:\/\/favorite-news.com\/pt\/prio-da-nome-a-evento-de-surf-com-proposito-solidario-meios-publicidade\/","title":{"rendered":"Prio d\u00e1 nome a evento de surf com prop\u00f3sito solid\u00e1rio &#8211; Meios &#038; Publicidade"},"content":{"rendered":"<p>\t\t\t\tPor Pedro Dur\u00e3es a 6 de Julho de 2021<\/p>\n<p>\t\t\tAngariar 10 mil euros para as associa\u00e7\u00f5es portuguesas Acreditar, Crescer, Renascer e N\u00d3S \u00e9 o objectivo do Prio Softboard Heroes, evento de surf que ter\u00e1 lugar na praia da F\u00edsica em Santa Cruz, no pr\u00f3ximo dia 16 de Julho. \u201cEnquanto empresa socialmente respons\u00e1vel e consciente, fez-nos todo o sentido patrocinar um evento como este, que \u00e9, no fundo, uma causa e uma miss\u00e3o not\u00e1vel\u201d, Ana Pinho, directora de marketing da Prio, uma das marcas que se juntou \u00e0 iniciativa e que assume o naming do evento. \u201cO surf \u00e9 uma das modalidades que mais tem contribu\u00eddo para o panorama desportivo nacional e queremos ajudar a que possa ter a visibilidade e reconhecimento merecidos\u201d, completa a mesma respons\u00e1vel.<br \/>\nCom o apoio local da C\u00e2mara Municipal de Torres Vedras, do Noah Surf House e do OESTE Portugal, a competi\u00e7\u00e3o solid\u00e1ria de surf conta ainda com o patroc\u00ednio de marcas a Go Chill e a Corona, do grupo Nabeiro. \u201c\u00c9 cada vez mais importante existirem eventos como este, onde a competi\u00e7\u00e3o d\u00e1 lugar \u00e0 solidariedade. Este tipo de eventos apenas existe com apoio das marcas e n\u00f3s vemos a Go Chill a fazer o match perfeito com o Prio Softboard Heroes, estando a responsabilidade social bem presente no nosso ADN\u201d, referem Bernardo Caupers e Mariana Tropa, respons\u00e1veis da Go Chill.<br \/>\nLu\u00eds Gachineiro e Pedro Oliveira, respons\u00e1veis da marca Corona, sublinham que, no caso da marca de cerveja, \u201ch\u00e1 uma associa\u00e7\u00e3o de n\u00edvel internacional ao territ\u00f3rio do surf\u201d. \u201cNo caso deste evento, este \u00e9 uma demonstra\u00e7\u00e3o da forte liga\u00e7\u00e3o da marca a este territ\u00f3rio, juntando-se ao aspecto solid\u00e1rio de poder ajudar quem mais precisa, numa altura t\u00e3o complicada como a que vivemos actualmente\u201d, concluem. O Prio Softboard Heroes tem ainda como media partners a Mega Hits, SIC Esperan\u00e7a e SIC Radical.<\/p>\n<p>\n<!--noindex--><br \/>\n<a href=\"https:\/\/www.meiosepublicidade.pt\/2021\/07\/prio-da-nome-a-evento-de-surf-com-proposito-solidario\/?utm_source=rss&#038;utm_medium=rss&#038;utm_campaign=prio-da-nome-a-evento-de-surf-com-proposito-solidario\" rel=\"nofollow\">Source link <\/a><br \/>\n<!--\/noindex--><\/p>\n","protected":false},"excerpt":{"rendered":"<p>Por Pedro Dur\u00e3es a 6 de Julho de 2021 Angariar 10 mil euros para as associa\u00e7\u00f5es portuguesas Acreditar, Crescer, Renascer e N\u00d3S \u00e9 o objectivo do Prio Softboard Heroes, evento de surf que ter\u00e1 lugar na praia da F\u00edsica em Santa Cruz, no pr\u00f3ximo dia 16 de Julho. \u201cEnquanto empresa socialmente respons\u00e1vel e consciente, fez-nos [&hellip;]<\/p>\n","protected":false},"author":2,"featured_media":10673,"comment_status":"open","ping_status":"open","sticky":false,"template":"","format":"standard","meta":{"footnotes":""},"categories":[3],"tags":[],"class_list":["post-10672","post","type-post","status-publish","format-standard","has-post-thumbnail","hentry","category-noticias-de-marketing-na-internet"],"yoast_head":"<!-- This site is optimized with the Yoast SEO plugin v27.4 - https:\/\/yoast.com\/product\/yoast-seo-wordpress\/ -->\n<title>Prio d\u00e1 nome a evento de surf com prop\u00f3sito solid\u00e1rio - Meios &amp; Publicidade - Favorite News<\/title>\n<meta name=\"robots\" content=\"index, follow, max-snippet:-1, max-image-preview:large, max-video-preview:-1\" \/>\n<link rel=\"canonical\" href=\"https:\/\/favorite-news.com\/pt\/prio-da-nome-a-evento-de-surf-com-proposito-solidario-meios-publicidade\/\" \/>\n<meta property=\"og:locale\" content=\"pt_PT\" \/>\n<meta property=\"og:type\" content=\"article\" \/>\n<meta property=\"og:title\" content=\"Prio d\u00e1 nome a evento de surf com prop\u00f3sito solid\u00e1rio - Meios &amp; Publicidade - Favorite News\" \/>\n<meta property=\"og:description\" content=\"Por Pedro Dur\u00e3es a 6 de Julho de 2021 Angariar 10 mil euros para as associa\u00e7\u00f5es portuguesas Acreditar, Crescer, Renascer e N\u00d3S \u00e9 o objectivo do Prio Softboard Heroes, evento de surf que ter\u00e1 lugar na praia da F\u00edsica em Santa Cruz, no pr\u00f3ximo dia 16 de Julho. \u201cEnquanto empresa socialmente respons\u00e1vel e consciente, fez-nos [&hellip;]\" \/>\n<meta property=\"og:url\" content=\"https:\/\/favorite-news.com\/pt\/prio-da-nome-a-evento-de-surf-com-proposito-solidario-meios-publicidade\/\" \/>\n<meta property=\"og:site_name\" content=\"Favorite News\" \/>\n<meta property=\"article:published_time\" content=\"2021-07-06T15:47:50+00:00\" \/>\n<meta property=\"article:modified_time\" content=\"2021-07-06T15:47:52+00:00\" \/>\n<meta property=\"og:image\" content=\"https:\/\/favorite-news.com\/pt\/wp-content\/uploads\/sites\/2\/2021\/07\/Prio-da-nome-a-evento-de-surf-com-proposito-solidario.jpg\" \/>\n\t<meta property=\"og:image:width\" content=\"1014\" \/>\n\t<meta property=\"og:image:height\" content=\"428\" \/>\n\t<meta property=\"og:image:type\" content=\"image\/jpeg\" \/>\n<meta name=\"author\" content=\"favorite-news\" \/>\n<meta name=\"twitter:card\" content=\"summary_large_image\" \/>\n<meta name=\"twitter:label1\" content=\"Escrito por\" \/>\n\t<meta name=\"twitter:data1\" content=\"favorite-news\" \/>\n\t<meta name=\"twitter:label2\" content=\"Tempo estimado de leitura\" \/>\n\t<meta name=\"twitter:data2\" content=\"2 minutos\" \/>\n<script type=\"application\/ld+json\" class=\"yoast-schema-graph\">{\"@context\":\"https:\\\/\\\/schema.org\",\"@graph\":[{\"@type\":\"Article\",\"@id\":\"https:\\\/\\\/favorite-news.com\\\/pt\\\/prio-da-nome-a-evento-de-surf-com-proposito-solidario-meios-publicidade\\\/#article\",\"isPartOf\":{\"@id\":\"https:\\\/\\\/favorite-news.com\\\/pt\\\/prio-da-nome-a-evento-de-surf-com-proposito-solidario-meios-publicidade\\\/\"},\"author\":{\"name\":\"favorite-news\",\"@id\":\"https:\\\/\\\/favorite-news.com\\\/pt\\\/#\\\/schema\\\/person\\\/b91573b717dcfa5e4696032a9d28d3e8\"},\"headline\":\"Prio d\u00e1 nome a evento de surf com prop\u00f3sito solid\u00e1rio &#8211; Meios &#038; Publicidade\",\"datePublished\":\"2021-07-06T15:47:50+00:00\",\"dateModified\":\"2021-07-06T15:47:52+00:00\",\"mainEntityOfPage\":{\"@id\":\"https:\\\/\\\/favorite-news.com\\\/pt\\\/prio-da-nome-a-evento-de-surf-com-proposito-solidario-meios-publicidade\\\/\"},\"wordCount\":340,\"commentCount\":0,\"image\":{\"@id\":\"https:\\\/\\\/favorite-news.com\\\/pt\\\/prio-da-nome-a-evento-de-surf-com-proposito-solidario-meios-publicidade\\\/#primaryimage\"},\"thumbnailUrl\":\"https:\\\/\\\/favorite-news.com\\\/pt\\\/wp-content\\\/uploads\\\/sites\\\/2\\\/2021\\\/07\\\/Prio-da-nome-a-evento-de-surf-com-proposito-solidario.jpg\",\"articleSection\":[\"NOT\u00cdCIAS DE MARKETING NA INTERNET\"],\"inLanguage\":\"pt-PT\",\"potentialAction\":[{\"@type\":\"CommentAction\",\"name\":\"Comment\",\"target\":[\"https:\\\/\\\/favorite-news.com\\\/pt\\\/prio-da-nome-a-evento-de-surf-com-proposito-solidario-meios-publicidade\\\/#respond\"]}]},{\"@type\":\"WebPage\",\"@id\":\"https:\\\/\\\/favorite-news.com\\\/pt\\\/prio-da-nome-a-evento-de-surf-com-proposito-solidario-meios-publicidade\\\/\",\"url\":\"https:\\\/\\\/favorite-news.com\\\/pt\\\/prio-da-nome-a-evento-de-surf-com-proposito-solidario-meios-publicidade\\\/\",\"name\":\"Prio d\u00e1 nome a evento de surf com prop\u00f3sito solid\u00e1rio - Meios & Publicidade - Favorite News\",\"isPartOf\":{\"@id\":\"https:\\\/\\\/favorite-news.com\\\/pt\\\/#website\"},\"primaryImageOfPage\":{\"@id\":\"https:\\\/\\\/favorite-news.com\\\/pt\\\/prio-da-nome-a-evento-de-surf-com-proposito-solidario-meios-publicidade\\\/#primaryimage\"},\"image\":{\"@id\":\"https:\\\/\\\/favorite-news.com\\\/pt\\\/prio-da-nome-a-evento-de-surf-com-proposito-solidario-meios-publicidade\\\/#primaryimage\"},\"thumbnailUrl\":\"https:\\\/\\\/favorite-news.com\\\/pt\\\/wp-content\\\/uploads\\\/sites\\\/2\\\/2021\\\/07\\\/Prio-da-nome-a-evento-de-surf-com-proposito-solidario.jpg\",\"datePublished\":\"2021-07-06T15:47:50+00:00\",\"dateModified\":\"2021-07-06T15:47:52+00:00\",\"author\":{\"@id\":\"https:\\\/\\\/favorite-news.com\\\/pt\\\/#\\\/schema\\\/person\\\/b91573b717dcfa5e4696032a9d28d3e8\"},\"breadcrumb\":{\"@id\":\"https:\\\/\\\/favorite-news.com\\\/pt\\\/prio-da-nome-a-evento-de-surf-com-proposito-solidario-meios-publicidade\\\/#breadcrumb\"},\"inLanguage\":\"pt-PT\",\"potentialAction\":[{\"@type\":\"ReadAction\",\"target\":[\"https:\\\/\\\/favorite-news.com\\\/pt\\\/prio-da-nome-a-evento-de-surf-com-proposito-solidario-meios-publicidade\\\/\"]}]},{\"@type\":\"ImageObject\",\"inLanguage\":\"pt-PT\",\"@id\":\"https:\\\/\\\/favorite-news.com\\\/pt\\\/prio-da-nome-a-evento-de-surf-com-proposito-solidario-meios-publicidade\\\/#primaryimage\",\"url\":\"https:\\\/\\\/favorite-news.com\\\/pt\\\/wp-content\\\/uploads\\\/sites\\\/2\\\/2021\\\/07\\\/Prio-da-nome-a-evento-de-surf-com-proposito-solidario.jpg\",\"contentUrl\":\"https:\\\/\\\/favorite-news.com\\\/pt\\\/wp-content\\\/uploads\\\/sites\\\/2\\\/2021\\\/07\\\/Prio-da-nome-a-evento-de-surf-com-proposito-solidario.jpg\",\"width\":1014,\"height\":428,\"caption\":\"Prio d\u00e1 nome a evento de surf com prop\u00f3sito solid\u00e1rio - Meios & Publicidade\"},{\"@type\":\"BreadcrumbList\",\"@id\":\"https:\\\/\\\/favorite-news.com\\\/pt\\\/prio-da-nome-a-evento-de-surf-com-proposito-solidario-meios-publicidade\\\/#breadcrumb\",\"itemListElement\":[{\"@type\":\"ListItem\",\"position\":1,\"name\":\"Home\",\"item\":\"https:\\\/\\\/favorite-news.com\\\/pt\\\/\"},{\"@type\":\"ListItem\",\"position\":2,\"name\":\"Prio d\u00e1 nome a evento de surf com prop\u00f3sito solid\u00e1rio &#8211; Meios &#038; Publicidade\"}]},{\"@type\":\"WebSite\",\"@id\":\"https:\\\/\\\/favorite-news.com\\\/pt\\\/#website\",\"url\":\"https:\\\/\\\/favorite-news.com\\\/pt\\\/\",\"name\":\"Favorite News\",\"description\":\"Favorite News Portugal\",\"potentialAction\":[{\"@type\":\"SearchAction\",\"target\":{\"@type\":\"EntryPoint\",\"urlTemplate\":\"https:\\\/\\\/favorite-news.com\\\/pt\\\/?s={search_term_string}\"},\"query-input\":{\"@type\":\"PropertyValueSpecification\",\"valueRequired\":true,\"valueName\":\"search_term_string\"}}],\"inLanguage\":\"pt-PT\"},{\"@type\":\"Person\",\"@id\":\"https:\\\/\\\/favorite-news.com\\\/pt\\\/#\\\/schema\\\/person\\\/b91573b717dcfa5e4696032a9d28d3e8\",\"name\":\"favorite-news\",\"image\":{\"@type\":\"ImageObject\",\"inLanguage\":\"pt-PT\",\"@id\":\"https:\\\/\\\/secure.gravatar.com\\\/avatar\\\/6c5a5cb12b74e9d517ee91cf570335b7d16177f1977cc91db161adfa435945a7?s=96&d=mm&r=g\",\"url\":\"https:\\\/\\\/secure.gravatar.com\\\/avatar\\\/6c5a5cb12b74e9d517ee91cf570335b7d16177f1977cc91db161adfa435945a7?s=96&d=mm&r=g\",\"contentUrl\":\"https:\\\/\\\/secure.gravatar.com\\\/avatar\\\/6c5a5cb12b74e9d517ee91cf570335b7d16177f1977cc91db161adfa435945a7?s=96&d=mm&r=g\",\"caption\":\"favorite-news\"},\"url\":\"https:\\\/\\\/favorite-news.com\\\/pt\\\/author\\\/pt\\\/\"}]}<\/script>\n<!-- \/ Yoast SEO plugin. -->","yoast_head_json":{"title":"Prio d\u00e1 nome a evento de surf com prop\u00f3sito solid\u00e1rio - Meios & Publicidade - Favorite News","robots":{"index":"index","follow":"follow","max-snippet":"max-snippet:-1","max-image-preview":"max-image-preview:large","max-video-preview":"max-video-preview:-1"},"canonical":"https:\/\/favorite-news.com\/pt\/prio-da-nome-a-evento-de-surf-com-proposito-solidario-meios-publicidade\/","og_locale":"pt_PT","og_type":"article","og_title":"Prio d\u00e1 nome a evento de surf com prop\u00f3sito solid\u00e1rio - Meios & Publicidade - Favorite News","og_description":"Por Pedro Dur\u00e3es a 6 de Julho de 2021 Angariar 10 mil euros para as associa\u00e7\u00f5es portuguesas Acreditar, Crescer, Renascer e N\u00d3S \u00e9 o objectivo do Prio Softboard Heroes, evento de surf que ter\u00e1 lugar na praia da F\u00edsica em Santa Cruz, no pr\u00f3ximo dia 16 de Julho. \u201cEnquanto empresa socialmente respons\u00e1vel e consciente, fez-nos [&hellip;]","og_url":"https:\/\/favorite-news.com\/pt\/prio-da-nome-a-evento-de-surf-com-proposito-solidario-meios-publicidade\/","og_site_name":"Favorite News","article_published_time":"2021-07-06T15:47:50+00:00","article_modified_time":"2021-07-06T15:47:52+00:00","og_image":[{"width":1014,"height":428,"url":"https:\/\/favorite-news.com\/pt\/wp-content\/uploads\/sites\/2\/2021\/07\/Prio-da-nome-a-evento-de-surf-com-proposito-solidario.jpg","type":"image\/jpeg"}],"author":"favorite-news","twitter_card":"summary_large_image","twitter_misc":{"Escrito por":"favorite-news","Tempo estimado de leitura":"2 minutos"},"schema":{"@context":"https:\/\/schema.org","@graph":[{"@type":"Article","@id":"https:\/\/favorite-news.com\/pt\/prio-da-nome-a-evento-de-surf-com-proposito-solidario-meios-publicidade\/#article","isPartOf":{"@id":"https:\/\/favorite-news.com\/pt\/prio-da-nome-a-evento-de-surf-com-proposito-solidario-meios-publicidade\/"},"author":{"name":"favorite-news","@id":"https:\/\/favorite-news.com\/pt\/#\/schema\/person\/b91573b717dcfa5e4696032a9d28d3e8"},"headline":"Prio d\u00e1 nome a evento de surf com prop\u00f3sito solid\u00e1rio &#8211; Meios &#038; Publicidade","datePublished":"2021-07-06T15:47:50+00:00","dateModified":"2021-07-06T15:47:52+00:00","mainEntityOfPage":{"@id":"https:\/\/favorite-news.com\/pt\/prio-da-nome-a-evento-de-surf-com-proposito-solidario-meios-publicidade\/"},"wordCount":340,"commentCount":0,"image":{"@id":"https:\/\/favorite-news.com\/pt\/prio-da-nome-a-evento-de-surf-com-proposito-solidario-meios-publicidade\/#primaryimage"},"thumbnailUrl":"https:\/\/favorite-news.com\/pt\/wp-content\/uploads\/sites\/2\/2021\/07\/Prio-da-nome-a-evento-de-surf-com-proposito-solidario.jpg","articleSection":["NOT\u00cdCIAS DE MARKETING NA INTERNET"],"inLanguage":"pt-PT","potentialAction":[{"@type":"CommentAction","name":"Comment","target":["https:\/\/favorite-news.com\/pt\/prio-da-nome-a-evento-de-surf-com-proposito-solidario-meios-publicidade\/#respond"]}]},{"@type":"WebPage","@id":"https:\/\/favorite-news.com\/pt\/prio-da-nome-a-evento-de-surf-com-proposito-solidario-meios-publicidade\/","url":"https:\/\/favorite-news.com\/pt\/prio-da-nome-a-evento-de-surf-com-proposito-solidario-meios-publicidade\/","name":"Prio d\u00e1 nome a evento de surf com prop\u00f3sito solid\u00e1rio - Meios & Publicidade - Favorite News","isPartOf":{"@id":"https:\/\/favorite-news.com\/pt\/#website"},"primaryImageOfPage":{"@id":"https:\/\/favorite-news.com\/pt\/prio-da-nome-a-evento-de-surf-com-proposito-solidario-meios-publicidade\/#primaryimage"},"image":{"@id":"https:\/\/favorite-news.com\/pt\/prio-da-nome-a-evento-de-surf-com-proposito-solidario-meios-publicidade\/#primaryimage"},"thumbnailUrl":"https:\/\/favorite-news.com\/pt\/wp-content\/uploads\/sites\/2\/2021\/07\/Prio-da-nome-a-evento-de-surf-com-proposito-solidario.jpg","datePublished":"2021-07-06T15:47:50+00:00","dateModified":"2021-07-06T15:47:52+00:00","author":{"@id":"https:\/\/favorite-news.com\/pt\/#\/schema\/person\/b91573b717dcfa5e4696032a9d28d3e8"},"breadcrumb":{"@id":"https:\/\/favorite-news.com\/pt\/prio-da-nome-a-evento-de-surf-com-proposito-solidario-meios-publicidade\/#breadcrumb"},"inLanguage":"pt-PT","potentialAction":[{"@type":"ReadAction","target":["https:\/\/favorite-news.com\/pt\/prio-da-nome-a-evento-de-surf-com-proposito-solidario-meios-publicidade\/"]}]},{"@type":"ImageObject","inLanguage":"pt-PT","@id":"https:\/\/favorite-news.com\/pt\/prio-da-nome-a-evento-de-surf-com-proposito-solidario-meios-publicidade\/#primaryimage","url":"https:\/\/favorite-news.com\/pt\/wp-content\/uploads\/sites\/2\/2021\/07\/Prio-da-nome-a-evento-de-surf-com-proposito-solidario.jpg","contentUrl":"https:\/\/favorite-news.com\/pt\/wp-content\/uploads\/sites\/2\/2021\/07\/Prio-da-nome-a-evento-de-surf-com-proposito-solidario.jpg","width":1014,"height":428,"caption":"Prio d\u00e1 nome a evento de surf com prop\u00f3sito solid\u00e1rio - Meios & Publicidade"},{"@type":"BreadcrumbList","@id":"https:\/\/favorite-news.com\/pt\/prio-da-nome-a-evento-de-surf-com-proposito-solidario-meios-publicidade\/#breadcrumb","itemListElement":[{"@type":"ListItem","position":1,"name":"Home","item":"https:\/\/favorite-news.com\/pt\/"},{"@type":"ListItem","position":2,"name":"Prio d\u00e1 nome a evento de surf com prop\u00f3sito solid\u00e1rio &#8211; Meios &#038; Publicidade"}]},{"@type":"WebSite","@id":"https:\/\/favorite-news.com\/pt\/#website","url":"https:\/\/favorite-news.com\/pt\/","name":"Favorite News","description":"Favorite News Portugal","potentialAction":[{"@type":"SearchAction","target":{"@type":"EntryPoint","urlTemplate":"https:\/\/favorite-news.com\/pt\/?s={search_term_string}"},"query-input":{"@type":"PropertyValueSpecification","valueRequired":true,"valueName":"search_term_string"}}],"inLanguage":"pt-PT"},{"@type":"Person","@id":"https:\/\/favorite-news.com\/pt\/#\/schema\/person\/b91573b717dcfa5e4696032a9d28d3e8","name":"favorite-news","image":{"@type":"ImageObject","inLanguage":"pt-PT","@id":"https:\/\/secure.gravatar.com\/avatar\/6c5a5cb12b74e9d517ee91cf570335b7d16177f1977cc91db161adfa435945a7?s=96&d=mm&r=g","url":"https:\/\/secure.gravatar.com\/avatar\/6c5a5cb12b74e9d517ee91cf570335b7d16177f1977cc91db161adfa435945a7?s=96&d=mm&r=g","contentUrl":"https:\/\/secure.gravatar.com\/avatar\/6c5a5cb12b74e9d517ee91cf570335b7d16177f1977cc91db161adfa435945a7?s=96&d=mm&r=g","caption":"favorite-news"},"url":"https:\/\/favorite-news.com\/pt\/author\/pt\/"}]}},"_links":{"self":[{"href":"https:\/\/favorite-news.com\/pt\/wp-json\/wp\/v2\/posts\/10672","targetHints":{"allow":["GET"]}}],"collection":[{"href":"https:\/\/favorite-news.com\/pt\/wp-json\/wp\/v2\/posts"}],"about":[{"href":"https:\/\/favorite-news.com\/pt\/wp-json\/wp\/v2\/types\/post"}],"author":[{"embeddable":true,"href":"https:\/\/favorite-news.com\/pt\/wp-json\/wp\/v2\/users\/2"}],"replies":[{"embeddable":true,"href":"https:\/\/favorite-news.com\/pt\/wp-json\/wp\/v2\/comments?post=10672"}],"version-history":[{"count":1,"href":"https:\/\/favorite-news.com\/pt\/wp-json\/wp\/v2\/posts\/10672\/revisions"}],"predecessor-version":[{"id":10674,"href":"https:\/\/favorite-news.com\/pt\/wp-json\/wp\/v2\/posts\/10672\/revisions\/10674"}],"wp:featuredmedia":[{"embeddable":true,"href":"https:\/\/favorite-news.com\/pt\/wp-json\/wp\/v2\/media\/10673"}],"wp:attachment":[{"href":"https:\/\/favorite-news.com\/pt\/wp-json\/wp\/v2\/media?parent=10672"}],"wp:term":[{"taxonomy":"category","embeddable":true,"href":"https:\/\/favorite-news.com\/pt\/wp-json\/wp\/v2\/categories?post=10672"},{"taxonomy":"post_tag","embeddable":true,"href":"https:\/\/favorite-news.com\/pt\/wp-json\/wp\/v2\/tags?post=10672"}],"curies":[{"name":"wp","href":"https:\/\/api.w.org\/{rel}","templated":true}]}}