{"id":10669,"date":"2021-07-06T10:47:46","date_gmt":"2021-07-06T07:47:46","guid":{"rendered":"https:\/\/favorite-news.com\/pt\/combustivel-atinge-preco-mais-alto-desde-2012-e-deve-continuar-a-subir\/"},"modified":"2021-07-06T10:47:50","modified_gmt":"2021-07-06T07:47:50","slug":"combustivel-atinge-preco-mais-alto-desde-2012-e-deve-continuar-a-subir","status":"publish","type":"post","link":"https:\/\/favorite-news.com\/pt\/combustivel-atinge-preco-mais-alto-desde-2012-e-deve-continuar-a-subir\/","title":{"rendered":"Combust\u00edvel atinge pre\u00e7o mais alto desde 2012 (e deve continuar a subir)"},"content":{"rendered":"<p>otubo \/ Flickr<br \/>\nO pre\u00e7o dos combust\u00edveis, que n\u00e3o era t\u00e3o elevado desde 2012, vai continuar a aumentar nos pr\u00f3ximos tempos. Esta segunda-feira, a gasolina dever\u00e1 subir mais um c\u00eantimo.<\/p>\n<p>De acordo com o Di\u00e1rio de Not\u00edcias, as cota\u00e7\u00f5es do petr\u00f3leo cresceram, desde o in\u00edcio do ano, quase 50% e o pre\u00e7o ao consumidor subiu \u00e0 volta de 15%.<br \/>\nA \u201cculpa\u201d \u00e9 n\u00e3o s\u00f3 da subida das cota\u00e7\u00f5es do petr\u00f3leo nos mercados internacionais, mas tamb\u00e9m do elevado peso que os impostos t\u00eam no pre\u00e7o final dos combust\u00edveis em Portugal \u2013 j\u00e1 que cerca de 60% dos pre\u00e7os dos combust\u00edveis s\u00e3o encargos fiscais.<br \/>\nEsta segunda-feira, a gasolina dever\u00e1 subir um c\u00eantimo, empurrando o pre\u00e7o m\u00e9dio da gasolina simples 95 para os 1,66 euros o litro. J\u00e1 o gas\u00f3leo dever\u00e1 ficar inalterado, nos 1,448 euros em m\u00e9dia da \u00faltima semana.<\/p>\n<p>Mas n\u00e3o parece que os pre\u00e7os v\u00e3o diminuir em breve.<br \/>\nA Associa\u00e7\u00e3o Portuguesa de Empresas Petrol\u00edferas (Apetro) atribui o n\u00edvel atual de pre\u00e7os nos combust\u00edveis, superior\u00a0a 2008, ainda que a cota\u00e7\u00e3o do petr\u00f3leo seja inferior, \u00e0 incorpora\u00e7\u00e3o de combust\u00edveis e \u00e0 carga fiscal.<br \/>\n\u201cEspecula-se bastante porque \u00e9 que estando a cota\u00e7\u00e3o do petr\u00f3leo e dos refinados muito abaixo dos valores de pico de 2008, os pre\u00e7os de venda nas bombas s\u00e3o superiores a esse per\u00edodo\u201d, diz a Apetro, numa nota enviada \u00e0 Lusa.<br \/>\nA associa\u00e7\u00e3o apresenta, na mesma nota, dois gr\u00e1ficos que detalham os pre\u00e7os nas semanas de 7 de julho de 2008 e de 28 de junho de 2021, concluindo que \u201ca explica\u00e7\u00e3o para o aumento do pre\u00e7o est\u00e1 no sobrecusto da incorpora\u00e7\u00e3o de biocombust\u00edvel e sobretudo na carga fiscal\u201d (ISP \u2013 Imposto Sobre Produtos Petrol\u00edferos e ao IVA \u2013 Imposto sobre o Valor Acrescentado).<br \/>\nOs dados da Apetro mostram que no per\u00edodo em causa em 2008, a gasolina estava com um pre\u00e7o de 1,517 euros e em 2021 de 1,652 euros, com a cota\u00e7\u00e3o a descer e os impostos a subir, bem como os custos com incorpora\u00e7\u00e3o de combust\u00edvel.<br \/>\nO gas\u00f3leo tem um comportamento semelhante, tendo um pre\u00e7o m\u00e9dio de 1,419\u00a0euros em 2008 e de 1,448 euros em 2021, mas com uma redu\u00e7\u00e3o mais expressiva na cota\u00e7\u00e3o e aumentos maiores em impostos e custos com incorpora\u00e7\u00e3o de combust\u00edvel.<br \/>\nOs pre\u00e7os da gasolina simples 95 e do gas\u00f3leo simples subiram 1,2% e 2%, em maio, para 1,639 e 1,441 euros por litro, respetivamente, anunciou a Entidade Reguladora dos Servi\u00e7os Energ\u00e9ticos (ERSE), em 25 de junho.<br \/>\nDe acordo com o Boletim Mercado Combust\u00edveis \u2013\u00a0GPL relativo a maio de 2021, divulgado pelo regulador da energia, o pre\u00e7o de venda ao p\u00fablico (PVP) m\u00e9dio do gas\u00f3leo acompanhou a cota\u00e7\u00e3o do mercado internacional, registando um aumento de \u201c2% face ao m\u00eas anterior\u201d, e o da \u201cgasolina aumentou 1,2% no mesmo per\u00edodo\u201d.<br \/>\nA ERSE obrigou, no ano passado, a que as faturas dos postos de combust\u00edvel passassem a detalhar taxas e impostos cobrados, o sobrecusto da incorpora\u00e7\u00e3o de biocombust\u00edveis e descontos.<br \/>\nO regulamento da ERSE quis\u00a0melhorar a informa\u00e7\u00e3o ao consumidor \u201cde forma clara, objetiva e adequada\u201d, detalhando informa\u00e7\u00e3o sobre o pre\u00e7o total, taxas e impostos, encargos suplementares de transporte e at\u00e9 despesas de entrega.<br \/>\nJ\u00e1 o diploma que estabelece a subida da meta de incorpora\u00e7\u00e3o de biocombust\u00edveis para 11% nos combust\u00edveis para consumo em territ\u00f3rio nacional para 2021 foi publicado em Di\u00e1rio da Rep\u00fablica em 20 de janeiro e entrou em vigor no dia seguinte.<br \/>\nSegundo o diploma, \u201cos incorporadores [de biocombust\u00edveis] est\u00e3o obrigados a contribuir para o cumprimento das metas de incorpora\u00e7\u00e3o\u201d, que, para este ano, foi fixada em 11%.<br \/>\nFonte oficial do Minist\u00e9rio do Ambiente e da A\u00e7\u00e3o Clim\u00e1tica disse \u00e0 ag\u00eancia Lusa, em dezembro, que a meta de incorpora\u00e7\u00e3o de biocombust\u00edveis para 2021 seria de 11%, quando em 2020 era de 10%, mantendo-se em 0,5% a contribui\u00e7\u00e3o dos biocombust\u00edveis avan\u00e7ados, produzidos a partir de res\u00edduos e outras mat\u00e9rias-primas consideradas ambientalmente mais sustent\u00e1veis.<\/p>\n<p>\n<!--noindex--><br \/>\n<a href=\"https:\/\/zap.aeiou.pt\/combustiveis-atingem-preco-mais-elevado-414598\" rel=\"nofollow\">Source link <\/a><br \/>\n<!--\/noindex--><\/p>\n","protected":false},"excerpt":{"rendered":"<p>otubo \/ Flickr O pre\u00e7o dos combust\u00edveis, que n\u00e3o era t\u00e3o elevado desde 2012, vai continuar a aumentar nos pr\u00f3ximos tempos. Esta segunda-feira, a gasolina dever\u00e1 subir mais um c\u00eantimo. De acordo com o Di\u00e1rio de Not\u00edcias, as cota\u00e7\u00f5es do petr\u00f3leo cresceram, desde o in\u00edcio do ano, quase 50% e o pre\u00e7o ao consumidor subiu [&hellip;]<\/p>\n","protected":false},"author":2,"featured_media":10670,"comment_status":"open","ping_status":"open","sticky":false,"template":"","format":"standard","meta":{"footnotes":""},"categories":[1],"tags":[],"class_list":["post-10669","post","type-post","status-publish","format-standard","has-post-thumbnail","hentry","category-noticias-financeiras"],"yoast_head":"<!-- This site is optimized with the Yoast SEO plugin v27.4 - https:\/\/yoast.com\/product\/yoast-seo-wordpress\/ -->\n<title>Combust\u00edvel atinge pre\u00e7o mais alto desde 2012 (e deve continuar a subir) - Favorite News<\/title>\n<meta name=\"robots\" content=\"index, follow, max-snippet:-1, max-image-preview:large, max-video-preview:-1\" \/>\n<link rel=\"canonical\" href=\"https:\/\/favorite-news.com\/pt\/combustivel-atinge-preco-mais-alto-desde-2012-e-deve-continuar-a-subir\/\" \/>\n<meta property=\"og:locale\" content=\"pt_PT\" \/>\n<meta property=\"og:type\" content=\"article\" \/>\n<meta property=\"og:title\" content=\"Combust\u00edvel atinge pre\u00e7o mais alto desde 2012 (e deve continuar a subir) - Favorite News\" \/>\n<meta property=\"og:description\" content=\"otubo \/ Flickr O pre\u00e7o dos combust\u00edveis, que n\u00e3o era t\u00e3o elevado desde 2012, vai continuar a aumentar nos pr\u00f3ximos tempos. Esta segunda-feira, a gasolina dever\u00e1 subir mais um c\u00eantimo. De acordo com o Di\u00e1rio de Not\u00edcias, as cota\u00e7\u00f5es do petr\u00f3leo cresceram, desde o in\u00edcio do ano, quase 50% e o pre\u00e7o ao consumidor subiu [&hellip;]\" \/>\n<meta property=\"og:url\" content=\"https:\/\/favorite-news.com\/pt\/combustivel-atinge-preco-mais-alto-desde-2012-e-deve-continuar-a-subir\/\" \/>\n<meta property=\"og:site_name\" content=\"Favorite News\" \/>\n<meta property=\"article:published_time\" content=\"2021-07-06T07:47:46+00:00\" \/>\n<meta property=\"article:modified_time\" content=\"2021-07-06T07:47:50+00:00\" \/>\n<meta property=\"og:image\" content=\"https:\/\/favorite-news.com\/pt\/wp-content\/uploads\/sites\/2\/2021\/07\/Combustivel-atinge-preco-mais-alto-desde-2012-e-deve-continuar.jpg\" \/>\n\t<meta property=\"og:image:width\" content=\"1024\" \/>\n\t<meta property=\"og:image:height\" content=\"683\" \/>\n\t<meta property=\"og:image:type\" content=\"image\/jpeg\" \/>\n<meta name=\"author\" content=\"favorite-news\" \/>\n<meta name=\"twitter:card\" content=\"summary_large_image\" \/>\n<meta name=\"twitter:label1\" content=\"Escrito por\" \/>\n\t<meta name=\"twitter:data1\" content=\"favorite-news\" \/>\n\t<meta name=\"twitter:label2\" content=\"Tempo estimado de leitura\" \/>\n\t<meta name=\"twitter:data2\" content=\"3 minutos\" \/>\n<script type=\"application\/ld+json\" class=\"yoast-schema-graph\">{\"@context\":\"https:\\\/\\\/schema.org\",\"@graph\":[{\"@type\":\"Article\",\"@id\":\"https:\\\/\\\/favorite-news.com\\\/pt\\\/combustivel-atinge-preco-mais-alto-desde-2012-e-deve-continuar-a-subir\\\/#article\",\"isPartOf\":{\"@id\":\"https:\\\/\\\/favorite-news.com\\\/pt\\\/combustivel-atinge-preco-mais-alto-desde-2012-e-deve-continuar-a-subir\\\/\"},\"author\":{\"name\":\"favorite-news\",\"@id\":\"https:\\\/\\\/favorite-news.com\\\/pt\\\/#\\\/schema\\\/person\\\/b91573b717dcfa5e4696032a9d28d3e8\"},\"headline\":\"Combust\u00edvel atinge pre\u00e7o mais alto desde 2012 (e deve continuar a subir)\",\"datePublished\":\"2021-07-06T07:47:46+00:00\",\"dateModified\":\"2021-07-06T07:47:50+00:00\",\"mainEntityOfPage\":{\"@id\":\"https:\\\/\\\/favorite-news.com\\\/pt\\\/combustivel-atinge-preco-mais-alto-desde-2012-e-deve-continuar-a-subir\\\/\"},\"wordCount\":710,\"commentCount\":0,\"image\":{\"@id\":\"https:\\\/\\\/favorite-news.com\\\/pt\\\/combustivel-atinge-preco-mais-alto-desde-2012-e-deve-continuar-a-subir\\\/#primaryimage\"},\"thumbnailUrl\":\"https:\\\/\\\/favorite-news.com\\\/pt\\\/wp-content\\\/uploads\\\/sites\\\/2\\\/2021\\\/07\\\/Combustivel-atinge-preco-mais-alto-desde-2012-e-deve-continuar.jpg\",\"articleSection\":[\"NOT\u00cdCIAS FINANCEIRAS\"],\"inLanguage\":\"pt-PT\",\"potentialAction\":[{\"@type\":\"CommentAction\",\"name\":\"Comment\",\"target\":[\"https:\\\/\\\/favorite-news.com\\\/pt\\\/combustivel-atinge-preco-mais-alto-desde-2012-e-deve-continuar-a-subir\\\/#respond\"]}]},{\"@type\":\"WebPage\",\"@id\":\"https:\\\/\\\/favorite-news.com\\\/pt\\\/combustivel-atinge-preco-mais-alto-desde-2012-e-deve-continuar-a-subir\\\/\",\"url\":\"https:\\\/\\\/favorite-news.com\\\/pt\\\/combustivel-atinge-preco-mais-alto-desde-2012-e-deve-continuar-a-subir\\\/\",\"name\":\"Combust\u00edvel atinge pre\u00e7o mais alto desde 2012 (e deve continuar a subir) - Favorite News\",\"isPartOf\":{\"@id\":\"https:\\\/\\\/favorite-news.com\\\/pt\\\/#website\"},\"primaryImageOfPage\":{\"@id\":\"https:\\\/\\\/favorite-news.com\\\/pt\\\/combustivel-atinge-preco-mais-alto-desde-2012-e-deve-continuar-a-subir\\\/#primaryimage\"},\"image\":{\"@id\":\"https:\\\/\\\/favorite-news.com\\\/pt\\\/combustivel-atinge-preco-mais-alto-desde-2012-e-deve-continuar-a-subir\\\/#primaryimage\"},\"thumbnailUrl\":\"https:\\\/\\\/favorite-news.com\\\/pt\\\/wp-content\\\/uploads\\\/sites\\\/2\\\/2021\\\/07\\\/Combustivel-atinge-preco-mais-alto-desde-2012-e-deve-continuar.jpg\",\"datePublished\":\"2021-07-06T07:47:46+00:00\",\"dateModified\":\"2021-07-06T07:47:50+00:00\",\"author\":{\"@id\":\"https:\\\/\\\/favorite-news.com\\\/pt\\\/#\\\/schema\\\/person\\\/b91573b717dcfa5e4696032a9d28d3e8\"},\"breadcrumb\":{\"@id\":\"https:\\\/\\\/favorite-news.com\\\/pt\\\/combustivel-atinge-preco-mais-alto-desde-2012-e-deve-continuar-a-subir\\\/#breadcrumb\"},\"inLanguage\":\"pt-PT\",\"potentialAction\":[{\"@type\":\"ReadAction\",\"target\":[\"https:\\\/\\\/favorite-news.com\\\/pt\\\/combustivel-atinge-preco-mais-alto-desde-2012-e-deve-continuar-a-subir\\\/\"]}]},{\"@type\":\"ImageObject\",\"inLanguage\":\"pt-PT\",\"@id\":\"https:\\\/\\\/favorite-news.com\\\/pt\\\/combustivel-atinge-preco-mais-alto-desde-2012-e-deve-continuar-a-subir\\\/#primaryimage\",\"url\":\"https:\\\/\\\/favorite-news.com\\\/pt\\\/wp-content\\\/uploads\\\/sites\\\/2\\\/2021\\\/07\\\/Combustivel-atinge-preco-mais-alto-desde-2012-e-deve-continuar.jpg\",\"contentUrl\":\"https:\\\/\\\/favorite-news.com\\\/pt\\\/wp-content\\\/uploads\\\/sites\\\/2\\\/2021\\\/07\\\/Combustivel-atinge-preco-mais-alto-desde-2012-e-deve-continuar.jpg\",\"width\":1024,\"height\":683,\"caption\":\"Combust\u00edvel atinge pre\u00e7o mais alto desde 2012 (e deve continuar a subir)\"},{\"@type\":\"BreadcrumbList\",\"@id\":\"https:\\\/\\\/favorite-news.com\\\/pt\\\/combustivel-atinge-preco-mais-alto-desde-2012-e-deve-continuar-a-subir\\\/#breadcrumb\",\"itemListElement\":[{\"@type\":\"ListItem\",\"position\":1,\"name\":\"Home\",\"item\":\"https:\\\/\\\/favorite-news.com\\\/pt\\\/\"},{\"@type\":\"ListItem\",\"position\":2,\"name\":\"Combust\u00edvel atinge pre\u00e7o mais alto desde 2012 (e deve continuar a subir)\"}]},{\"@type\":\"WebSite\",\"@id\":\"https:\\\/\\\/favorite-news.com\\\/pt\\\/#website\",\"url\":\"https:\\\/\\\/favorite-news.com\\\/pt\\\/\",\"name\":\"Favorite News\",\"description\":\"Favorite News Portugal\",\"potentialAction\":[{\"@type\":\"SearchAction\",\"target\":{\"@type\":\"EntryPoint\",\"urlTemplate\":\"https:\\\/\\\/favorite-news.com\\\/pt\\\/?s={search_term_string}\"},\"query-input\":{\"@type\":\"PropertyValueSpecification\",\"valueRequired\":true,\"valueName\":\"search_term_string\"}}],\"inLanguage\":\"pt-PT\"},{\"@type\":\"Person\",\"@id\":\"https:\\\/\\\/favorite-news.com\\\/pt\\\/#\\\/schema\\\/person\\\/b91573b717dcfa5e4696032a9d28d3e8\",\"name\":\"favorite-news\",\"image\":{\"@type\":\"ImageObject\",\"inLanguage\":\"pt-PT\",\"@id\":\"https:\\\/\\\/secure.gravatar.com\\\/avatar\\\/6c5a5cb12b74e9d517ee91cf570335b7d16177f1977cc91db161adfa435945a7?s=96&d=mm&r=g\",\"url\":\"https:\\\/\\\/secure.gravatar.com\\\/avatar\\\/6c5a5cb12b74e9d517ee91cf570335b7d16177f1977cc91db161adfa435945a7?s=96&d=mm&r=g\",\"contentUrl\":\"https:\\\/\\\/secure.gravatar.com\\\/avatar\\\/6c5a5cb12b74e9d517ee91cf570335b7d16177f1977cc91db161adfa435945a7?s=96&d=mm&r=g\",\"caption\":\"favorite-news\"},\"url\":\"https:\\\/\\\/favorite-news.com\\\/pt\\\/author\\\/pt\\\/\"}]}<\/script>\n<!-- \/ Yoast SEO plugin. -->","yoast_head_json":{"title":"Combust\u00edvel atinge pre\u00e7o mais alto desde 2012 (e deve continuar a subir) - Favorite News","robots":{"index":"index","follow":"follow","max-snippet":"max-snippet:-1","max-image-preview":"max-image-preview:large","max-video-preview":"max-video-preview:-1"},"canonical":"https:\/\/favorite-news.com\/pt\/combustivel-atinge-preco-mais-alto-desde-2012-e-deve-continuar-a-subir\/","og_locale":"pt_PT","og_type":"article","og_title":"Combust\u00edvel atinge pre\u00e7o mais alto desde 2012 (e deve continuar a subir) - Favorite News","og_description":"otubo \/ Flickr O pre\u00e7o dos combust\u00edveis, que n\u00e3o era t\u00e3o elevado desde 2012, vai continuar a aumentar nos pr\u00f3ximos tempos. Esta segunda-feira, a gasolina dever\u00e1 subir mais um c\u00eantimo. De acordo com o Di\u00e1rio de Not\u00edcias, as cota\u00e7\u00f5es do petr\u00f3leo cresceram, desde o in\u00edcio do ano, quase 50% e o pre\u00e7o ao consumidor subiu [&hellip;]","og_url":"https:\/\/favorite-news.com\/pt\/combustivel-atinge-preco-mais-alto-desde-2012-e-deve-continuar-a-subir\/","og_site_name":"Favorite News","article_published_time":"2021-07-06T07:47:46+00:00","article_modified_time":"2021-07-06T07:47:50+00:00","og_image":[{"width":1024,"height":683,"url":"https:\/\/favorite-news.com\/pt\/wp-content\/uploads\/sites\/2\/2021\/07\/Combustivel-atinge-preco-mais-alto-desde-2012-e-deve-continuar.jpg","type":"image\/jpeg"}],"author":"favorite-news","twitter_card":"summary_large_image","twitter_misc":{"Escrito por":"favorite-news","Tempo estimado de leitura":"3 minutos"},"schema":{"@context":"https:\/\/schema.org","@graph":[{"@type":"Article","@id":"https:\/\/favorite-news.com\/pt\/combustivel-atinge-preco-mais-alto-desde-2012-e-deve-continuar-a-subir\/#article","isPartOf":{"@id":"https:\/\/favorite-news.com\/pt\/combustivel-atinge-preco-mais-alto-desde-2012-e-deve-continuar-a-subir\/"},"author":{"name":"favorite-news","@id":"https:\/\/favorite-news.com\/pt\/#\/schema\/person\/b91573b717dcfa5e4696032a9d28d3e8"},"headline":"Combust\u00edvel atinge pre\u00e7o mais alto desde 2012 (e deve continuar a subir)","datePublished":"2021-07-06T07:47:46+00:00","dateModified":"2021-07-06T07:47:50+00:00","mainEntityOfPage":{"@id":"https:\/\/favorite-news.com\/pt\/combustivel-atinge-preco-mais-alto-desde-2012-e-deve-continuar-a-subir\/"},"wordCount":710,"commentCount":0,"image":{"@id":"https:\/\/favorite-news.com\/pt\/combustivel-atinge-preco-mais-alto-desde-2012-e-deve-continuar-a-subir\/#primaryimage"},"thumbnailUrl":"https:\/\/favorite-news.com\/pt\/wp-content\/uploads\/sites\/2\/2021\/07\/Combustivel-atinge-preco-mais-alto-desde-2012-e-deve-continuar.jpg","articleSection":["NOT\u00cdCIAS FINANCEIRAS"],"inLanguage":"pt-PT","potentialAction":[{"@type":"CommentAction","name":"Comment","target":["https:\/\/favorite-news.com\/pt\/combustivel-atinge-preco-mais-alto-desde-2012-e-deve-continuar-a-subir\/#respond"]}]},{"@type":"WebPage","@id":"https:\/\/favorite-news.com\/pt\/combustivel-atinge-preco-mais-alto-desde-2012-e-deve-continuar-a-subir\/","url":"https:\/\/favorite-news.com\/pt\/combustivel-atinge-preco-mais-alto-desde-2012-e-deve-continuar-a-subir\/","name":"Combust\u00edvel atinge pre\u00e7o mais alto desde 2012 (e deve continuar a subir) - Favorite News","isPartOf":{"@id":"https:\/\/favorite-news.com\/pt\/#website"},"primaryImageOfPage":{"@id":"https:\/\/favorite-news.com\/pt\/combustivel-atinge-preco-mais-alto-desde-2012-e-deve-continuar-a-subir\/#primaryimage"},"image":{"@id":"https:\/\/favorite-news.com\/pt\/combustivel-atinge-preco-mais-alto-desde-2012-e-deve-continuar-a-subir\/#primaryimage"},"thumbnailUrl":"https:\/\/favorite-news.com\/pt\/wp-content\/uploads\/sites\/2\/2021\/07\/Combustivel-atinge-preco-mais-alto-desde-2012-e-deve-continuar.jpg","datePublished":"2021-07-06T07:47:46+00:00","dateModified":"2021-07-06T07:47:50+00:00","author":{"@id":"https:\/\/favorite-news.com\/pt\/#\/schema\/person\/b91573b717dcfa5e4696032a9d28d3e8"},"breadcrumb":{"@id":"https:\/\/favorite-news.com\/pt\/combustivel-atinge-preco-mais-alto-desde-2012-e-deve-continuar-a-subir\/#breadcrumb"},"inLanguage":"pt-PT","potentialAction":[{"@type":"ReadAction","target":["https:\/\/favorite-news.com\/pt\/combustivel-atinge-preco-mais-alto-desde-2012-e-deve-continuar-a-subir\/"]}]},{"@type":"ImageObject","inLanguage":"pt-PT","@id":"https:\/\/favorite-news.com\/pt\/combustivel-atinge-preco-mais-alto-desde-2012-e-deve-continuar-a-subir\/#primaryimage","url":"https:\/\/favorite-news.com\/pt\/wp-content\/uploads\/sites\/2\/2021\/07\/Combustivel-atinge-preco-mais-alto-desde-2012-e-deve-continuar.jpg","contentUrl":"https:\/\/favorite-news.com\/pt\/wp-content\/uploads\/sites\/2\/2021\/07\/Combustivel-atinge-preco-mais-alto-desde-2012-e-deve-continuar.jpg","width":1024,"height":683,"caption":"Combust\u00edvel atinge pre\u00e7o mais alto desde 2012 (e deve continuar a subir)"},{"@type":"BreadcrumbList","@id":"https:\/\/favorite-news.com\/pt\/combustivel-atinge-preco-mais-alto-desde-2012-e-deve-continuar-a-subir\/#breadcrumb","itemListElement":[{"@type":"ListItem","position":1,"name":"Home","item":"https:\/\/favorite-news.com\/pt\/"},{"@type":"ListItem","position":2,"name":"Combust\u00edvel atinge pre\u00e7o mais alto desde 2012 (e deve continuar a subir)"}]},{"@type":"WebSite","@id":"https:\/\/favorite-news.com\/pt\/#website","url":"https:\/\/favorite-news.com\/pt\/","name":"Favorite News","description":"Favorite News Portugal","potentialAction":[{"@type":"SearchAction","target":{"@type":"EntryPoint","urlTemplate":"https:\/\/favorite-news.com\/pt\/?s={search_term_string}"},"query-input":{"@type":"PropertyValueSpecification","valueRequired":true,"valueName":"search_term_string"}}],"inLanguage":"pt-PT"},{"@type":"Person","@id":"https:\/\/favorite-news.com\/pt\/#\/schema\/person\/b91573b717dcfa5e4696032a9d28d3e8","name":"favorite-news","image":{"@type":"ImageObject","inLanguage":"pt-PT","@id":"https:\/\/secure.gravatar.com\/avatar\/6c5a5cb12b74e9d517ee91cf570335b7d16177f1977cc91db161adfa435945a7?s=96&d=mm&r=g","url":"https:\/\/secure.gravatar.com\/avatar\/6c5a5cb12b74e9d517ee91cf570335b7d16177f1977cc91db161adfa435945a7?s=96&d=mm&r=g","contentUrl":"https:\/\/secure.gravatar.com\/avatar\/6c5a5cb12b74e9d517ee91cf570335b7d16177f1977cc91db161adfa435945a7?s=96&d=mm&r=g","caption":"favorite-news"},"url":"https:\/\/favorite-news.com\/pt\/author\/pt\/"}]}},"_links":{"self":[{"href":"https:\/\/favorite-news.com\/pt\/wp-json\/wp\/v2\/posts\/10669","targetHints":{"allow":["GET"]}}],"collection":[{"href":"https:\/\/favorite-news.com\/pt\/wp-json\/wp\/v2\/posts"}],"about":[{"href":"https:\/\/favorite-news.com\/pt\/wp-json\/wp\/v2\/types\/post"}],"author":[{"embeddable":true,"href":"https:\/\/favorite-news.com\/pt\/wp-json\/wp\/v2\/users\/2"}],"replies":[{"embeddable":true,"href":"https:\/\/favorite-news.com\/pt\/wp-json\/wp\/v2\/comments?post=10669"}],"version-history":[{"count":1,"href":"https:\/\/favorite-news.com\/pt\/wp-json\/wp\/v2\/posts\/10669\/revisions"}],"predecessor-version":[{"id":10671,"href":"https:\/\/favorite-news.com\/pt\/wp-json\/wp\/v2\/posts\/10669\/revisions\/10671"}],"wp:featuredmedia":[{"embeddable":true,"href":"https:\/\/favorite-news.com\/pt\/wp-json\/wp\/v2\/media\/10670"}],"wp:attachment":[{"href":"https:\/\/favorite-news.com\/pt\/wp-json\/wp\/v2\/media?parent=10669"}],"wp:term":[{"taxonomy":"category","embeddable":true,"href":"https:\/\/favorite-news.com\/pt\/wp-json\/wp\/v2\/categories?post=10669"},{"taxonomy":"post_tag","embeddable":true,"href":"https:\/\/favorite-news.com\/pt\/wp-json\/wp\/v2\/tags?post=10669"}],"curies":[{"name":"wp","href":"https:\/\/api.w.org\/{rel}","templated":true}]}}