{"id":10663,"date":"2021-07-05T22:41:28","date_gmt":"2021-07-05T19:41:28","guid":{"rendered":"https:\/\/favorite-news.com\/pt\/hoje-e-o-primeiro-dia-da-amazon-sem-bezos-andy-jassy-assume-o-leme\/"},"modified":"2021-07-05T22:41:31","modified_gmt":"2021-07-05T19:41:31","slug":"hoje-e-o-primeiro-dia-da-amazon-sem-bezos-andy-jassy-assume-o-leme","status":"publish","type":"post","link":"https:\/\/favorite-news.com\/pt\/hoje-e-o-primeiro-dia-da-amazon-sem-bezos-andy-jassy-assume-o-leme\/","title":{"rendered":"Hoje \u00e9 o primeiro dia da Amazon sem Bezos. Andy Jassy assume o leme"},"content":{"rendered":"<p>rwoan \/ Flickr Jeff Bezos, CEO da Amazon<br \/>\nJeff Bezos abandona o cargo de presidente executivo (CEO) da Amazon no mesmo dia em que a empresa completa 27 anos.<\/p>\n<p>Em fevereiro, a Amazon anunciou que Jeff Bezos iria abandonar o cargo de presidente executivo (CEO) da empresa. O dia chegou.<br \/>\n\u201cEstou animado em anunciar que neste terceiro trimestre farei a transi\u00e7\u00e3o para Presidente Executivo do Conselho da Amazon e Andy Jassy tornar-se-\u00e1 CEO. Na fun\u00e7\u00e3o de Presidente Executivo, pretendo concentrar as minhas energias e aten\u00e7\u00e3o em novos produtos e iniciativas\u201d, lia-se na carta que Bezos escreveu aos funcion\u00e1rios.<br \/>\nO fundador abandona, esta segunda feira, o cargo de diretor-geral para dedicar-se a outros projetos e viaja para o Espa\u00e7o dia 20 de julho. Ainda assim, Bezos vai assumir um papel fundamental na empresa que fundou, permanecendo como presidente executivo do conselho de administra\u00e7\u00e3o.<\/p>\n<p>Segundo o Jornal de Neg\u00f3cios, a data \u00e9 simb\u00f3lica: o empres\u00e1rio sai de cena no dia em que se assinalam os 27 anos da companhia.<br \/>\nO futuro \u00e9 incerto e cheio de desafios para o novo CEO. Andy Jassy \u201cdever\u00e1 ter a responsabilidade de manter os bons e s\u00f3lidos resultados dos \u00faltimos anos, que a empresa tem alcan\u00e7ado de forma consistente\u201d, salientou o analista Henrique Tom\u00e9, da XTB, ao Neg\u00f3cios.<br \/>\n\u201cSendo a Amazon uma marca de refer\u00eancia a n\u00edvel mundial, a press\u00e3o para que se mantenha a atual imagem que a empresa tem \u2013 ou melhore \u2013 ser\u00e1 constante\u201c, frisou.<br \/>\nUm dos desafios apontados est\u00e1 relacionado com os relatos de condi\u00e7\u00f5es intensas de trabalho e sal\u00e1rios baixos, que levaram \u00e0 tentativa de cria\u00e7\u00e3o de um sindicato na opera\u00e7\u00e3o de Alabama.<br \/>\n\u201cAbordar esta quest\u00e3o ser\u00e1 certamente um dos maiores objetivos do novo CEO\u201d, indicou Pierre Veyret, analista da ActivTrades, em declara\u00e7\u00f5es ao di\u00e1rio econ\u00f3mico.<br \/>\nA par da inova\u00e7\u00e3o, a abordagem a novos mercados \u00e9 outro grande desafio. \u201cA Amazon n\u00e3o quer repetir o falhan\u00e7o registado na China, quando em 2004 exportou o mesmo modelo dos EUA para o gigante asi\u00e1tico\u201d, explicou Veyret.<br \/>\nNa \u00f3tica do analista, uma aposta poderia ser a repeti\u00e7\u00e3o do modelo de entrada na \u00cdndia, em 2013: a empresa \u201cinjetou milhares de milh\u00f5es de d\u00f3lares a adaptar os seus servi\u00e7os e ofertas para estar mais perto dos consumidores locais\u201d.<br \/>\nAndy Jassy ter\u00e1 tamb\u00e9m pela frente o acordo no tema dos impostos digitais, numa altura em que 130 pa\u00edses subscreveram a proposta da OCDE para taxar as multinacionais.<\/p>\n<p> ZAP \/\/ <\/p>\n<p>\n<!--noindex--><br \/>\n<a href=\"https:\/\/zap.aeiou.pt\/primeiro-dia-da-amazon-sem-bezos-414578\" rel=\"nofollow\">Source link <\/a><br \/>\n<!--\/noindex--><\/p>\n","protected":false},"excerpt":{"rendered":"<p>rwoan \/ Flickr Jeff Bezos, CEO da Amazon Jeff Bezos abandona o cargo de presidente executivo (CEO) da Amazon no mesmo dia em que a empresa completa 27 anos. Em fevereiro, a Amazon anunciou que Jeff Bezos iria abandonar o cargo de presidente executivo (CEO) da empresa. O dia chegou. \u201cEstou animado em anunciar que [&hellip;]<\/p>\n","protected":false},"author":2,"featured_media":10664,"comment_status":"open","ping_status":"open","sticky":false,"template":"","format":"standard","meta":{"footnotes":""},"categories":[1],"tags":[],"class_list":["post-10663","post","type-post","status-publish","format-standard","has-post-thumbnail","hentry","category-noticias-financeiras"],"yoast_head":"<!-- This site is optimized with the Yoast SEO plugin v27.4 - https:\/\/yoast.com\/product\/yoast-seo-wordpress\/ -->\n<title>Hoje \u00e9 o primeiro dia da Amazon sem Bezos. Andy Jassy assume o leme - Favorite News<\/title>\n<meta name=\"robots\" content=\"index, follow, max-snippet:-1, max-image-preview:large, max-video-preview:-1\" \/>\n<link rel=\"canonical\" href=\"https:\/\/favorite-news.com\/pt\/hoje-e-o-primeiro-dia-da-amazon-sem-bezos-andy-jassy-assume-o-leme\/\" \/>\n<meta property=\"og:locale\" content=\"pt_PT\" \/>\n<meta property=\"og:type\" content=\"article\" \/>\n<meta property=\"og:title\" content=\"Hoje \u00e9 o primeiro dia da Amazon sem Bezos. Andy Jassy assume o leme - Favorite News\" \/>\n<meta property=\"og:description\" content=\"rwoan \/ Flickr Jeff Bezos, CEO da Amazon Jeff Bezos abandona o cargo de presidente executivo (CEO) da Amazon no mesmo dia em que a empresa completa 27 anos. Em fevereiro, a Amazon anunciou que Jeff Bezos iria abandonar o cargo de presidente executivo (CEO) da empresa. O dia chegou. \u201cEstou animado em anunciar que [&hellip;]\" \/>\n<meta property=\"og:url\" content=\"https:\/\/favorite-news.com\/pt\/hoje-e-o-primeiro-dia-da-amazon-sem-bezos-andy-jassy-assume-o-leme\/\" \/>\n<meta property=\"og:site_name\" content=\"Favorite News\" \/>\n<meta property=\"article:published_time\" content=\"2021-07-05T19:41:28+00:00\" \/>\n<meta property=\"article:modified_time\" content=\"2021-07-05T19:41:31+00:00\" \/>\n<meta property=\"og:image\" content=\"https:\/\/favorite-news.com\/pt\/wp-content\/uploads\/sites\/2\/2021\/07\/Hoje-e-o-primeiro-dia-da-Amazon-sem-Bezos-Andy.jpg\" \/>\n\t<meta property=\"og:image:width\" content=\"1024\" \/>\n\t<meta property=\"og:image:height\" content=\"683\" \/>\n\t<meta property=\"og:image:type\" content=\"image\/jpeg\" \/>\n<meta name=\"author\" content=\"favorite-news\" \/>\n<meta name=\"twitter:card\" content=\"summary_large_image\" \/>\n<meta name=\"twitter:label1\" content=\"Escrito por\" \/>\n\t<meta name=\"twitter:data1\" content=\"favorite-news\" \/>\n\t<meta name=\"twitter:label2\" content=\"Tempo estimado de leitura\" \/>\n\t<meta name=\"twitter:data2\" content=\"2 minutos\" \/>\n<script type=\"application\/ld+json\" class=\"yoast-schema-graph\">{\"@context\":\"https:\\\/\\\/schema.org\",\"@graph\":[{\"@type\":\"Article\",\"@id\":\"https:\\\/\\\/favorite-news.com\\\/pt\\\/hoje-e-o-primeiro-dia-da-amazon-sem-bezos-andy-jassy-assume-o-leme\\\/#article\",\"isPartOf\":{\"@id\":\"https:\\\/\\\/favorite-news.com\\\/pt\\\/hoje-e-o-primeiro-dia-da-amazon-sem-bezos-andy-jassy-assume-o-leme\\\/\"},\"author\":{\"name\":\"favorite-news\",\"@id\":\"https:\\\/\\\/favorite-news.com\\\/pt\\\/#\\\/schema\\\/person\\\/b91573b717dcfa5e4696032a9d28d3e8\"},\"headline\":\"Hoje \u00e9 o primeiro dia da Amazon sem Bezos. Andy Jassy assume o leme\",\"datePublished\":\"2021-07-05T19:41:28+00:00\",\"dateModified\":\"2021-07-05T19:41:31+00:00\",\"mainEntityOfPage\":{\"@id\":\"https:\\\/\\\/favorite-news.com\\\/pt\\\/hoje-e-o-primeiro-dia-da-amazon-sem-bezos-andy-jassy-assume-o-leme\\\/\"},\"wordCount\":437,\"commentCount\":0,\"image\":{\"@id\":\"https:\\\/\\\/favorite-news.com\\\/pt\\\/hoje-e-o-primeiro-dia-da-amazon-sem-bezos-andy-jassy-assume-o-leme\\\/#primaryimage\"},\"thumbnailUrl\":\"https:\\\/\\\/favorite-news.com\\\/pt\\\/wp-content\\\/uploads\\\/sites\\\/2\\\/2021\\\/07\\\/Hoje-e-o-primeiro-dia-da-Amazon-sem-Bezos-Andy.jpg\",\"articleSection\":[\"NOT\u00cdCIAS FINANCEIRAS\"],\"inLanguage\":\"pt-PT\",\"potentialAction\":[{\"@type\":\"CommentAction\",\"name\":\"Comment\",\"target\":[\"https:\\\/\\\/favorite-news.com\\\/pt\\\/hoje-e-o-primeiro-dia-da-amazon-sem-bezos-andy-jassy-assume-o-leme\\\/#respond\"]}]},{\"@type\":\"WebPage\",\"@id\":\"https:\\\/\\\/favorite-news.com\\\/pt\\\/hoje-e-o-primeiro-dia-da-amazon-sem-bezos-andy-jassy-assume-o-leme\\\/\",\"url\":\"https:\\\/\\\/favorite-news.com\\\/pt\\\/hoje-e-o-primeiro-dia-da-amazon-sem-bezos-andy-jassy-assume-o-leme\\\/\",\"name\":\"Hoje \u00e9 o primeiro dia da Amazon sem Bezos. Andy Jassy assume o leme - Favorite News\",\"isPartOf\":{\"@id\":\"https:\\\/\\\/favorite-news.com\\\/pt\\\/#website\"},\"primaryImageOfPage\":{\"@id\":\"https:\\\/\\\/favorite-news.com\\\/pt\\\/hoje-e-o-primeiro-dia-da-amazon-sem-bezos-andy-jassy-assume-o-leme\\\/#primaryimage\"},\"image\":{\"@id\":\"https:\\\/\\\/favorite-news.com\\\/pt\\\/hoje-e-o-primeiro-dia-da-amazon-sem-bezos-andy-jassy-assume-o-leme\\\/#primaryimage\"},\"thumbnailUrl\":\"https:\\\/\\\/favorite-news.com\\\/pt\\\/wp-content\\\/uploads\\\/sites\\\/2\\\/2021\\\/07\\\/Hoje-e-o-primeiro-dia-da-Amazon-sem-Bezos-Andy.jpg\",\"datePublished\":\"2021-07-05T19:41:28+00:00\",\"dateModified\":\"2021-07-05T19:41:31+00:00\",\"author\":{\"@id\":\"https:\\\/\\\/favorite-news.com\\\/pt\\\/#\\\/schema\\\/person\\\/b91573b717dcfa5e4696032a9d28d3e8\"},\"breadcrumb\":{\"@id\":\"https:\\\/\\\/favorite-news.com\\\/pt\\\/hoje-e-o-primeiro-dia-da-amazon-sem-bezos-andy-jassy-assume-o-leme\\\/#breadcrumb\"},\"inLanguage\":\"pt-PT\",\"potentialAction\":[{\"@type\":\"ReadAction\",\"target\":[\"https:\\\/\\\/favorite-news.com\\\/pt\\\/hoje-e-o-primeiro-dia-da-amazon-sem-bezos-andy-jassy-assume-o-leme\\\/\"]}]},{\"@type\":\"ImageObject\",\"inLanguage\":\"pt-PT\",\"@id\":\"https:\\\/\\\/favorite-news.com\\\/pt\\\/hoje-e-o-primeiro-dia-da-amazon-sem-bezos-andy-jassy-assume-o-leme\\\/#primaryimage\",\"url\":\"https:\\\/\\\/favorite-news.com\\\/pt\\\/wp-content\\\/uploads\\\/sites\\\/2\\\/2021\\\/07\\\/Hoje-e-o-primeiro-dia-da-Amazon-sem-Bezos-Andy.jpg\",\"contentUrl\":\"https:\\\/\\\/favorite-news.com\\\/pt\\\/wp-content\\\/uploads\\\/sites\\\/2\\\/2021\\\/07\\\/Hoje-e-o-primeiro-dia-da-Amazon-sem-Bezos-Andy.jpg\",\"width\":1024,\"height\":683,\"caption\":\"Hoje \u00e9 o primeiro dia da Amazon sem Bezos. Andy Jassy assume o leme\"},{\"@type\":\"BreadcrumbList\",\"@id\":\"https:\\\/\\\/favorite-news.com\\\/pt\\\/hoje-e-o-primeiro-dia-da-amazon-sem-bezos-andy-jassy-assume-o-leme\\\/#breadcrumb\",\"itemListElement\":[{\"@type\":\"ListItem\",\"position\":1,\"name\":\"Home\",\"item\":\"https:\\\/\\\/favorite-news.com\\\/pt\\\/\"},{\"@type\":\"ListItem\",\"position\":2,\"name\":\"Hoje \u00e9 o primeiro dia da Amazon sem Bezos. Andy Jassy assume o leme\"}]},{\"@type\":\"WebSite\",\"@id\":\"https:\\\/\\\/favorite-news.com\\\/pt\\\/#website\",\"url\":\"https:\\\/\\\/favorite-news.com\\\/pt\\\/\",\"name\":\"Favorite News\",\"description\":\"Favorite News Portugal\",\"potentialAction\":[{\"@type\":\"SearchAction\",\"target\":{\"@type\":\"EntryPoint\",\"urlTemplate\":\"https:\\\/\\\/favorite-news.com\\\/pt\\\/?s={search_term_string}\"},\"query-input\":{\"@type\":\"PropertyValueSpecification\",\"valueRequired\":true,\"valueName\":\"search_term_string\"}}],\"inLanguage\":\"pt-PT\"},{\"@type\":\"Person\",\"@id\":\"https:\\\/\\\/favorite-news.com\\\/pt\\\/#\\\/schema\\\/person\\\/b91573b717dcfa5e4696032a9d28d3e8\",\"name\":\"favorite-news\",\"image\":{\"@type\":\"ImageObject\",\"inLanguage\":\"pt-PT\",\"@id\":\"https:\\\/\\\/secure.gravatar.com\\\/avatar\\\/6c5a5cb12b74e9d517ee91cf570335b7d16177f1977cc91db161adfa435945a7?s=96&d=mm&r=g\",\"url\":\"https:\\\/\\\/secure.gravatar.com\\\/avatar\\\/6c5a5cb12b74e9d517ee91cf570335b7d16177f1977cc91db161adfa435945a7?s=96&d=mm&r=g\",\"contentUrl\":\"https:\\\/\\\/secure.gravatar.com\\\/avatar\\\/6c5a5cb12b74e9d517ee91cf570335b7d16177f1977cc91db161adfa435945a7?s=96&d=mm&r=g\",\"caption\":\"favorite-news\"},\"url\":\"https:\\\/\\\/favorite-news.com\\\/pt\\\/author\\\/pt\\\/\"}]}<\/script>\n<!-- \/ Yoast SEO plugin. -->","yoast_head_json":{"title":"Hoje \u00e9 o primeiro dia da Amazon sem Bezos. Andy Jassy assume o leme - Favorite News","robots":{"index":"index","follow":"follow","max-snippet":"max-snippet:-1","max-image-preview":"max-image-preview:large","max-video-preview":"max-video-preview:-1"},"canonical":"https:\/\/favorite-news.com\/pt\/hoje-e-o-primeiro-dia-da-amazon-sem-bezos-andy-jassy-assume-o-leme\/","og_locale":"pt_PT","og_type":"article","og_title":"Hoje \u00e9 o primeiro dia da Amazon sem Bezos. Andy Jassy assume o leme - Favorite News","og_description":"rwoan \/ Flickr Jeff Bezos, CEO da Amazon Jeff Bezos abandona o cargo de presidente executivo (CEO) da Amazon no mesmo dia em que a empresa completa 27 anos. Em fevereiro, a Amazon anunciou que Jeff Bezos iria abandonar o cargo de presidente executivo (CEO) da empresa. O dia chegou. \u201cEstou animado em anunciar que [&hellip;]","og_url":"https:\/\/favorite-news.com\/pt\/hoje-e-o-primeiro-dia-da-amazon-sem-bezos-andy-jassy-assume-o-leme\/","og_site_name":"Favorite News","article_published_time":"2021-07-05T19:41:28+00:00","article_modified_time":"2021-07-05T19:41:31+00:00","og_image":[{"width":1024,"height":683,"url":"https:\/\/favorite-news.com\/pt\/wp-content\/uploads\/sites\/2\/2021\/07\/Hoje-e-o-primeiro-dia-da-Amazon-sem-Bezos-Andy.jpg","type":"image\/jpeg"}],"author":"favorite-news","twitter_card":"summary_large_image","twitter_misc":{"Escrito por":"favorite-news","Tempo estimado de leitura":"2 minutos"},"schema":{"@context":"https:\/\/schema.org","@graph":[{"@type":"Article","@id":"https:\/\/favorite-news.com\/pt\/hoje-e-o-primeiro-dia-da-amazon-sem-bezos-andy-jassy-assume-o-leme\/#article","isPartOf":{"@id":"https:\/\/favorite-news.com\/pt\/hoje-e-o-primeiro-dia-da-amazon-sem-bezos-andy-jassy-assume-o-leme\/"},"author":{"name":"favorite-news","@id":"https:\/\/favorite-news.com\/pt\/#\/schema\/person\/b91573b717dcfa5e4696032a9d28d3e8"},"headline":"Hoje \u00e9 o primeiro dia da Amazon sem Bezos. Andy Jassy assume o leme","datePublished":"2021-07-05T19:41:28+00:00","dateModified":"2021-07-05T19:41:31+00:00","mainEntityOfPage":{"@id":"https:\/\/favorite-news.com\/pt\/hoje-e-o-primeiro-dia-da-amazon-sem-bezos-andy-jassy-assume-o-leme\/"},"wordCount":437,"commentCount":0,"image":{"@id":"https:\/\/favorite-news.com\/pt\/hoje-e-o-primeiro-dia-da-amazon-sem-bezos-andy-jassy-assume-o-leme\/#primaryimage"},"thumbnailUrl":"https:\/\/favorite-news.com\/pt\/wp-content\/uploads\/sites\/2\/2021\/07\/Hoje-e-o-primeiro-dia-da-Amazon-sem-Bezos-Andy.jpg","articleSection":["NOT\u00cdCIAS FINANCEIRAS"],"inLanguage":"pt-PT","potentialAction":[{"@type":"CommentAction","name":"Comment","target":["https:\/\/favorite-news.com\/pt\/hoje-e-o-primeiro-dia-da-amazon-sem-bezos-andy-jassy-assume-o-leme\/#respond"]}]},{"@type":"WebPage","@id":"https:\/\/favorite-news.com\/pt\/hoje-e-o-primeiro-dia-da-amazon-sem-bezos-andy-jassy-assume-o-leme\/","url":"https:\/\/favorite-news.com\/pt\/hoje-e-o-primeiro-dia-da-amazon-sem-bezos-andy-jassy-assume-o-leme\/","name":"Hoje \u00e9 o primeiro dia da Amazon sem Bezos. Andy Jassy assume o leme - Favorite News","isPartOf":{"@id":"https:\/\/favorite-news.com\/pt\/#website"},"primaryImageOfPage":{"@id":"https:\/\/favorite-news.com\/pt\/hoje-e-o-primeiro-dia-da-amazon-sem-bezos-andy-jassy-assume-o-leme\/#primaryimage"},"image":{"@id":"https:\/\/favorite-news.com\/pt\/hoje-e-o-primeiro-dia-da-amazon-sem-bezos-andy-jassy-assume-o-leme\/#primaryimage"},"thumbnailUrl":"https:\/\/favorite-news.com\/pt\/wp-content\/uploads\/sites\/2\/2021\/07\/Hoje-e-o-primeiro-dia-da-Amazon-sem-Bezos-Andy.jpg","datePublished":"2021-07-05T19:41:28+00:00","dateModified":"2021-07-05T19:41:31+00:00","author":{"@id":"https:\/\/favorite-news.com\/pt\/#\/schema\/person\/b91573b717dcfa5e4696032a9d28d3e8"},"breadcrumb":{"@id":"https:\/\/favorite-news.com\/pt\/hoje-e-o-primeiro-dia-da-amazon-sem-bezos-andy-jassy-assume-o-leme\/#breadcrumb"},"inLanguage":"pt-PT","potentialAction":[{"@type":"ReadAction","target":["https:\/\/favorite-news.com\/pt\/hoje-e-o-primeiro-dia-da-amazon-sem-bezos-andy-jassy-assume-o-leme\/"]}]},{"@type":"ImageObject","inLanguage":"pt-PT","@id":"https:\/\/favorite-news.com\/pt\/hoje-e-o-primeiro-dia-da-amazon-sem-bezos-andy-jassy-assume-o-leme\/#primaryimage","url":"https:\/\/favorite-news.com\/pt\/wp-content\/uploads\/sites\/2\/2021\/07\/Hoje-e-o-primeiro-dia-da-Amazon-sem-Bezos-Andy.jpg","contentUrl":"https:\/\/favorite-news.com\/pt\/wp-content\/uploads\/sites\/2\/2021\/07\/Hoje-e-o-primeiro-dia-da-Amazon-sem-Bezos-Andy.jpg","width":1024,"height":683,"caption":"Hoje \u00e9 o primeiro dia da Amazon sem Bezos. Andy Jassy assume o leme"},{"@type":"BreadcrumbList","@id":"https:\/\/favorite-news.com\/pt\/hoje-e-o-primeiro-dia-da-amazon-sem-bezos-andy-jassy-assume-o-leme\/#breadcrumb","itemListElement":[{"@type":"ListItem","position":1,"name":"Home","item":"https:\/\/favorite-news.com\/pt\/"},{"@type":"ListItem","position":2,"name":"Hoje \u00e9 o primeiro dia da Amazon sem Bezos. Andy Jassy assume o leme"}]},{"@type":"WebSite","@id":"https:\/\/favorite-news.com\/pt\/#website","url":"https:\/\/favorite-news.com\/pt\/","name":"Favorite News","description":"Favorite News Portugal","potentialAction":[{"@type":"SearchAction","target":{"@type":"EntryPoint","urlTemplate":"https:\/\/favorite-news.com\/pt\/?s={search_term_string}"},"query-input":{"@type":"PropertyValueSpecification","valueRequired":true,"valueName":"search_term_string"}}],"inLanguage":"pt-PT"},{"@type":"Person","@id":"https:\/\/favorite-news.com\/pt\/#\/schema\/person\/b91573b717dcfa5e4696032a9d28d3e8","name":"favorite-news","image":{"@type":"ImageObject","inLanguage":"pt-PT","@id":"https:\/\/secure.gravatar.com\/avatar\/6c5a5cb12b74e9d517ee91cf570335b7d16177f1977cc91db161adfa435945a7?s=96&d=mm&r=g","url":"https:\/\/secure.gravatar.com\/avatar\/6c5a5cb12b74e9d517ee91cf570335b7d16177f1977cc91db161adfa435945a7?s=96&d=mm&r=g","contentUrl":"https:\/\/secure.gravatar.com\/avatar\/6c5a5cb12b74e9d517ee91cf570335b7d16177f1977cc91db161adfa435945a7?s=96&d=mm&r=g","caption":"favorite-news"},"url":"https:\/\/favorite-news.com\/pt\/author\/pt\/"}]}},"_links":{"self":[{"href":"https:\/\/favorite-news.com\/pt\/wp-json\/wp\/v2\/posts\/10663","targetHints":{"allow":["GET"]}}],"collection":[{"href":"https:\/\/favorite-news.com\/pt\/wp-json\/wp\/v2\/posts"}],"about":[{"href":"https:\/\/favorite-news.com\/pt\/wp-json\/wp\/v2\/types\/post"}],"author":[{"embeddable":true,"href":"https:\/\/favorite-news.com\/pt\/wp-json\/wp\/v2\/users\/2"}],"replies":[{"embeddable":true,"href":"https:\/\/favorite-news.com\/pt\/wp-json\/wp\/v2\/comments?post=10663"}],"version-history":[{"count":1,"href":"https:\/\/favorite-news.com\/pt\/wp-json\/wp\/v2\/posts\/10663\/revisions"}],"predecessor-version":[{"id":10665,"href":"https:\/\/favorite-news.com\/pt\/wp-json\/wp\/v2\/posts\/10663\/revisions\/10665"}],"wp:featuredmedia":[{"embeddable":true,"href":"https:\/\/favorite-news.com\/pt\/wp-json\/wp\/v2\/media\/10664"}],"wp:attachment":[{"href":"https:\/\/favorite-news.com\/pt\/wp-json\/wp\/v2\/media?parent=10663"}],"wp:term":[{"taxonomy":"category","embeddable":true,"href":"https:\/\/favorite-news.com\/pt\/wp-json\/wp\/v2\/categories?post=10663"},{"taxonomy":"post_tag","embeddable":true,"href":"https:\/\/favorite-news.com\/pt\/wp-json\/wp\/v2\/tags?post=10663"}],"curies":[{"name":"wp","href":"https:\/\/api.w.org\/{rel}","templated":true}]}}