{"id":10660,"date":"2021-07-05T18:33:01","date_gmt":"2021-07-05T15:33:01","guid":{"rendered":"https:\/\/favorite-news.com\/pt\/helena-gouveia-assume-posicao-internacional-no-marketing-da-ikea-meios-publicidade\/"},"modified":"2021-07-05T18:33:06","modified_gmt":"2021-07-05T15:33:06","slug":"helena-gouveia-assume-posicao-internacional-no-marketing-da-ikea-meios-publicidade","status":"publish","type":"post","link":"https:\/\/favorite-news.com\/pt\/helena-gouveia-assume-posicao-internacional-no-marketing-da-ikea-meios-publicidade\/","title":{"rendered":"Helena Gouveia assume posi\u00e7\u00e3o internacional no marketing da Ikea &#8211; Meios &#038; Publicidade"},"content":{"rendered":"<p>\t\t\t\tPor Pedro Dur\u00e3es a 5 de Julho de 2021<\/p>\n<p>\t\t\tAp\u00f3s cerca de quatro anos como directora de marketing da Ikea Portugal, Helena Gouveia muda-se para a Su\u00e9cia, com responsabilidades sobre o posicionamento da marca em seis mercados. A profissional, que assumir\u00e1 agora fun\u00e7\u00f5es como country marketing manager da Ikea para o mercado sueco, ter\u00e1 igualmente sob a sua al\u00e7ada o posicionamento da marca sueca no grupo de pa\u00edses onde se incluem Portugal, Su\u00e9cia, Noruega, Finl\u00e2ndia, Dinamarca e B\u00e9lgica.<br \/>\n\u201cA Ikea \u00e9 a minha casa h\u00e1 13 anos e assim continuar\u00e1, agora num novo pa\u00eds. Estou muito entusiasmada com este novo desafio, tanto por poder viver no pa\u00eds de origem da marca, mas, tamb\u00e9m, por manter a rela\u00e7\u00e3o com o mercado e as equipas portuguesas, com quem cresci, aprendi tanto, e criei projectos de comunica\u00e7\u00e3o que s\u00e3o agora refer\u00eancias em todo o mundo\u201d, afirma, em comunicado, Helena Gouveia.<br \/>\nEm Portugal, o marketing da marca sueca ficar\u00e1 entregue a M\u00f3nica Sousa, profissional que integra os quadros da empresa desde Abril de 2018 e sucede a Helena Gouveia como directora de marketing da Ikea Portugal ap\u00f3s ter exercido fun\u00e7\u00f5es como marketing communications manager, sendo respons\u00e1vel por todo o conte\u00fado e comunica\u00e7\u00e3o externa da marca no mercado nacional. Antes de se juntar a marca, M\u00f3nica Sousa passou pela coordena\u00e7\u00e3o da estrat\u00e9gia de marketing de empresas como Fnac ou Sonae MC.<\/p>\n<p>\n<!--noindex--><br \/>\n<a href=\"https:\/\/www.meiosepublicidade.pt\/2021\/07\/helena-gouveia-assume-posicao-internacional-no-marketing-da-ikea\/?utm_source=rss&#038;utm_medium=rss&#038;utm_campaign=helena-gouveia-assume-posicao-internacional-no-marketing-da-ikea\" rel=\"nofollow\">Source link <\/a><br \/>\n<!--\/noindex--><\/p>\n","protected":false},"excerpt":{"rendered":"<p>Por Pedro Dur\u00e3es a 5 de Julho de 2021 Ap\u00f3s cerca de quatro anos como directora de marketing da Ikea Portugal, Helena Gouveia muda-se para a Su\u00e9cia, com responsabilidades sobre o posicionamento da marca em seis mercados. A profissional, que assumir\u00e1 agora fun\u00e7\u00f5es como country marketing manager da Ikea para o mercado sueco, ter\u00e1 igualmente [&hellip;]<\/p>\n","protected":false},"author":2,"featured_media":10661,"comment_status":"open","ping_status":"open","sticky":false,"template":"","format":"standard","meta":{"footnotes":""},"categories":[3],"tags":[],"class_list":["post-10660","post","type-post","status-publish","format-standard","has-post-thumbnail","hentry","category-noticias-de-marketing-na-internet"],"yoast_head":"<!-- This site is optimized with the Yoast SEO plugin v27.4 - https:\/\/yoast.com\/product\/yoast-seo-wordpress\/ -->\n<title>Helena Gouveia assume posi\u00e7\u00e3o internacional no marketing da Ikea - Meios &amp; Publicidade - Favorite News<\/title>\n<meta name=\"robots\" content=\"index, follow, max-snippet:-1, max-image-preview:large, max-video-preview:-1\" \/>\n<link rel=\"canonical\" href=\"https:\/\/favorite-news.com\/pt\/helena-gouveia-assume-posicao-internacional-no-marketing-da-ikea-meios-publicidade\/\" \/>\n<meta property=\"og:locale\" content=\"pt_PT\" \/>\n<meta property=\"og:type\" content=\"article\" \/>\n<meta property=\"og:title\" content=\"Helena Gouveia assume posi\u00e7\u00e3o internacional no marketing da Ikea - Meios &amp; Publicidade - Favorite News\" \/>\n<meta property=\"og:description\" content=\"Por Pedro Dur\u00e3es a 5 de Julho de 2021 Ap\u00f3s cerca de quatro anos como directora de marketing da Ikea Portugal, Helena Gouveia muda-se para a Su\u00e9cia, com responsabilidades sobre o posicionamento da marca em seis mercados. A profissional, que assumir\u00e1 agora fun\u00e7\u00f5es como country marketing manager da Ikea para o mercado sueco, ter\u00e1 igualmente [&hellip;]\" \/>\n<meta property=\"og:url\" content=\"https:\/\/favorite-news.com\/pt\/helena-gouveia-assume-posicao-internacional-no-marketing-da-ikea-meios-publicidade\/\" \/>\n<meta property=\"og:site_name\" content=\"Favorite News\" \/>\n<meta property=\"article:published_time\" content=\"2021-07-05T15:33:01+00:00\" \/>\n<meta property=\"article:modified_time\" content=\"2021-07-05T15:33:06+00:00\" \/>\n<meta property=\"og:image\" content=\"https:\/\/favorite-news.com\/pt\/wp-content\/uploads\/sites\/2\/2021\/07\/Helena-Gouveia-assume-posicao-internacional-no-marketing-da-Ikea.jpg\" \/>\n\t<meta property=\"og:image:width\" content=\"1000\" \/>\n\t<meta property=\"og:image:height\" content=\"667\" \/>\n\t<meta property=\"og:image:type\" content=\"image\/jpeg\" \/>\n<meta name=\"author\" content=\"favorite-news\" \/>\n<meta name=\"twitter:card\" content=\"summary_large_image\" \/>\n<meta name=\"twitter:label1\" content=\"Escrito por\" \/>\n\t<meta name=\"twitter:data1\" content=\"favorite-news\" \/>\n\t<meta name=\"twitter:label2\" content=\"Tempo estimado de leitura\" \/>\n\t<meta name=\"twitter:data2\" content=\"1 minuto\" \/>\n<script type=\"application\/ld+json\" class=\"yoast-schema-graph\">{\"@context\":\"https:\\\/\\\/schema.org\",\"@graph\":[{\"@type\":\"Article\",\"@id\":\"https:\\\/\\\/favorite-news.com\\\/pt\\\/helena-gouveia-assume-posicao-internacional-no-marketing-da-ikea-meios-publicidade\\\/#article\",\"isPartOf\":{\"@id\":\"https:\\\/\\\/favorite-news.com\\\/pt\\\/helena-gouveia-assume-posicao-internacional-no-marketing-da-ikea-meios-publicidade\\\/\"},\"author\":{\"name\":\"favorite-news\",\"@id\":\"https:\\\/\\\/favorite-news.com\\\/pt\\\/#\\\/schema\\\/person\\\/b91573b717dcfa5e4696032a9d28d3e8\"},\"headline\":\"Helena Gouveia assume posi\u00e7\u00e3o internacional no marketing da Ikea &#8211; Meios &#038; Publicidade\",\"datePublished\":\"2021-07-05T15:33:01+00:00\",\"dateModified\":\"2021-07-05T15:33:06+00:00\",\"mainEntityOfPage\":{\"@id\":\"https:\\\/\\\/favorite-news.com\\\/pt\\\/helena-gouveia-assume-posicao-internacional-no-marketing-da-ikea-meios-publicidade\\\/\"},\"wordCount\":261,\"commentCount\":0,\"image\":{\"@id\":\"https:\\\/\\\/favorite-news.com\\\/pt\\\/helena-gouveia-assume-posicao-internacional-no-marketing-da-ikea-meios-publicidade\\\/#primaryimage\"},\"thumbnailUrl\":\"https:\\\/\\\/favorite-news.com\\\/pt\\\/wp-content\\\/uploads\\\/sites\\\/2\\\/2021\\\/07\\\/Helena-Gouveia-assume-posicao-internacional-no-marketing-da-Ikea.jpg\",\"articleSection\":[\"NOT\u00cdCIAS DE MARKETING NA INTERNET\"],\"inLanguage\":\"pt-PT\",\"potentialAction\":[{\"@type\":\"CommentAction\",\"name\":\"Comment\",\"target\":[\"https:\\\/\\\/favorite-news.com\\\/pt\\\/helena-gouveia-assume-posicao-internacional-no-marketing-da-ikea-meios-publicidade\\\/#respond\"]}]},{\"@type\":\"WebPage\",\"@id\":\"https:\\\/\\\/favorite-news.com\\\/pt\\\/helena-gouveia-assume-posicao-internacional-no-marketing-da-ikea-meios-publicidade\\\/\",\"url\":\"https:\\\/\\\/favorite-news.com\\\/pt\\\/helena-gouveia-assume-posicao-internacional-no-marketing-da-ikea-meios-publicidade\\\/\",\"name\":\"Helena Gouveia assume posi\u00e7\u00e3o internacional no marketing da Ikea - Meios & Publicidade - Favorite News\",\"isPartOf\":{\"@id\":\"https:\\\/\\\/favorite-news.com\\\/pt\\\/#website\"},\"primaryImageOfPage\":{\"@id\":\"https:\\\/\\\/favorite-news.com\\\/pt\\\/helena-gouveia-assume-posicao-internacional-no-marketing-da-ikea-meios-publicidade\\\/#primaryimage\"},\"image\":{\"@id\":\"https:\\\/\\\/favorite-news.com\\\/pt\\\/helena-gouveia-assume-posicao-internacional-no-marketing-da-ikea-meios-publicidade\\\/#primaryimage\"},\"thumbnailUrl\":\"https:\\\/\\\/favorite-news.com\\\/pt\\\/wp-content\\\/uploads\\\/sites\\\/2\\\/2021\\\/07\\\/Helena-Gouveia-assume-posicao-internacional-no-marketing-da-Ikea.jpg\",\"datePublished\":\"2021-07-05T15:33:01+00:00\",\"dateModified\":\"2021-07-05T15:33:06+00:00\",\"author\":{\"@id\":\"https:\\\/\\\/favorite-news.com\\\/pt\\\/#\\\/schema\\\/person\\\/b91573b717dcfa5e4696032a9d28d3e8\"},\"breadcrumb\":{\"@id\":\"https:\\\/\\\/favorite-news.com\\\/pt\\\/helena-gouveia-assume-posicao-internacional-no-marketing-da-ikea-meios-publicidade\\\/#breadcrumb\"},\"inLanguage\":\"pt-PT\",\"potentialAction\":[{\"@type\":\"ReadAction\",\"target\":[\"https:\\\/\\\/favorite-news.com\\\/pt\\\/helena-gouveia-assume-posicao-internacional-no-marketing-da-ikea-meios-publicidade\\\/\"]}]},{\"@type\":\"ImageObject\",\"inLanguage\":\"pt-PT\",\"@id\":\"https:\\\/\\\/favorite-news.com\\\/pt\\\/helena-gouveia-assume-posicao-internacional-no-marketing-da-ikea-meios-publicidade\\\/#primaryimage\",\"url\":\"https:\\\/\\\/favorite-news.com\\\/pt\\\/wp-content\\\/uploads\\\/sites\\\/2\\\/2021\\\/07\\\/Helena-Gouveia-assume-posicao-internacional-no-marketing-da-Ikea.jpg\",\"contentUrl\":\"https:\\\/\\\/favorite-news.com\\\/pt\\\/wp-content\\\/uploads\\\/sites\\\/2\\\/2021\\\/07\\\/Helena-Gouveia-assume-posicao-internacional-no-marketing-da-Ikea.jpg\",\"width\":1000,\"height\":667,\"caption\":\"Helena Gouveia assume posi\u00e7\u00e3o internacional no marketing da Ikea - Meios & Publicidade\"},{\"@type\":\"BreadcrumbList\",\"@id\":\"https:\\\/\\\/favorite-news.com\\\/pt\\\/helena-gouveia-assume-posicao-internacional-no-marketing-da-ikea-meios-publicidade\\\/#breadcrumb\",\"itemListElement\":[{\"@type\":\"ListItem\",\"position\":1,\"name\":\"Home\",\"item\":\"https:\\\/\\\/favorite-news.com\\\/pt\\\/\"},{\"@type\":\"ListItem\",\"position\":2,\"name\":\"Helena Gouveia assume posi\u00e7\u00e3o internacional no marketing da Ikea &#8211; Meios &#038; Publicidade\"}]},{\"@type\":\"WebSite\",\"@id\":\"https:\\\/\\\/favorite-news.com\\\/pt\\\/#website\",\"url\":\"https:\\\/\\\/favorite-news.com\\\/pt\\\/\",\"name\":\"Favorite News\",\"description\":\"Favorite News Portugal\",\"potentialAction\":[{\"@type\":\"SearchAction\",\"target\":{\"@type\":\"EntryPoint\",\"urlTemplate\":\"https:\\\/\\\/favorite-news.com\\\/pt\\\/?s={search_term_string}\"},\"query-input\":{\"@type\":\"PropertyValueSpecification\",\"valueRequired\":true,\"valueName\":\"search_term_string\"}}],\"inLanguage\":\"pt-PT\"},{\"@type\":\"Person\",\"@id\":\"https:\\\/\\\/favorite-news.com\\\/pt\\\/#\\\/schema\\\/person\\\/b91573b717dcfa5e4696032a9d28d3e8\",\"name\":\"favorite-news\",\"image\":{\"@type\":\"ImageObject\",\"inLanguage\":\"pt-PT\",\"@id\":\"https:\\\/\\\/secure.gravatar.com\\\/avatar\\\/6c5a5cb12b74e9d517ee91cf570335b7d16177f1977cc91db161adfa435945a7?s=96&d=mm&r=g\",\"url\":\"https:\\\/\\\/secure.gravatar.com\\\/avatar\\\/6c5a5cb12b74e9d517ee91cf570335b7d16177f1977cc91db161adfa435945a7?s=96&d=mm&r=g\",\"contentUrl\":\"https:\\\/\\\/secure.gravatar.com\\\/avatar\\\/6c5a5cb12b74e9d517ee91cf570335b7d16177f1977cc91db161adfa435945a7?s=96&d=mm&r=g\",\"caption\":\"favorite-news\"},\"url\":\"https:\\\/\\\/favorite-news.com\\\/pt\\\/author\\\/pt\\\/\"}]}<\/script>\n<!-- \/ Yoast SEO plugin. -->","yoast_head_json":{"title":"Helena Gouveia assume posi\u00e7\u00e3o internacional no marketing da Ikea - Meios & Publicidade - Favorite News","robots":{"index":"index","follow":"follow","max-snippet":"max-snippet:-1","max-image-preview":"max-image-preview:large","max-video-preview":"max-video-preview:-1"},"canonical":"https:\/\/favorite-news.com\/pt\/helena-gouveia-assume-posicao-internacional-no-marketing-da-ikea-meios-publicidade\/","og_locale":"pt_PT","og_type":"article","og_title":"Helena Gouveia assume posi\u00e7\u00e3o internacional no marketing da Ikea - Meios & Publicidade - Favorite News","og_description":"Por Pedro Dur\u00e3es a 5 de Julho de 2021 Ap\u00f3s cerca de quatro anos como directora de marketing da Ikea Portugal, Helena Gouveia muda-se para a Su\u00e9cia, com responsabilidades sobre o posicionamento da marca em seis mercados. A profissional, que assumir\u00e1 agora fun\u00e7\u00f5es como country marketing manager da Ikea para o mercado sueco, ter\u00e1 igualmente [&hellip;]","og_url":"https:\/\/favorite-news.com\/pt\/helena-gouveia-assume-posicao-internacional-no-marketing-da-ikea-meios-publicidade\/","og_site_name":"Favorite News","article_published_time":"2021-07-05T15:33:01+00:00","article_modified_time":"2021-07-05T15:33:06+00:00","og_image":[{"width":1000,"height":667,"url":"https:\/\/favorite-news.com\/pt\/wp-content\/uploads\/sites\/2\/2021\/07\/Helena-Gouveia-assume-posicao-internacional-no-marketing-da-Ikea.jpg","type":"image\/jpeg"}],"author":"favorite-news","twitter_card":"summary_large_image","twitter_misc":{"Escrito por":"favorite-news","Tempo estimado de leitura":"1 minuto"},"schema":{"@context":"https:\/\/schema.org","@graph":[{"@type":"Article","@id":"https:\/\/favorite-news.com\/pt\/helena-gouveia-assume-posicao-internacional-no-marketing-da-ikea-meios-publicidade\/#article","isPartOf":{"@id":"https:\/\/favorite-news.com\/pt\/helena-gouveia-assume-posicao-internacional-no-marketing-da-ikea-meios-publicidade\/"},"author":{"name":"favorite-news","@id":"https:\/\/favorite-news.com\/pt\/#\/schema\/person\/b91573b717dcfa5e4696032a9d28d3e8"},"headline":"Helena Gouveia assume posi\u00e7\u00e3o internacional no marketing da Ikea &#8211; Meios &#038; Publicidade","datePublished":"2021-07-05T15:33:01+00:00","dateModified":"2021-07-05T15:33:06+00:00","mainEntityOfPage":{"@id":"https:\/\/favorite-news.com\/pt\/helena-gouveia-assume-posicao-internacional-no-marketing-da-ikea-meios-publicidade\/"},"wordCount":261,"commentCount":0,"image":{"@id":"https:\/\/favorite-news.com\/pt\/helena-gouveia-assume-posicao-internacional-no-marketing-da-ikea-meios-publicidade\/#primaryimage"},"thumbnailUrl":"https:\/\/favorite-news.com\/pt\/wp-content\/uploads\/sites\/2\/2021\/07\/Helena-Gouveia-assume-posicao-internacional-no-marketing-da-Ikea.jpg","articleSection":["NOT\u00cdCIAS DE MARKETING NA INTERNET"],"inLanguage":"pt-PT","potentialAction":[{"@type":"CommentAction","name":"Comment","target":["https:\/\/favorite-news.com\/pt\/helena-gouveia-assume-posicao-internacional-no-marketing-da-ikea-meios-publicidade\/#respond"]}]},{"@type":"WebPage","@id":"https:\/\/favorite-news.com\/pt\/helena-gouveia-assume-posicao-internacional-no-marketing-da-ikea-meios-publicidade\/","url":"https:\/\/favorite-news.com\/pt\/helena-gouveia-assume-posicao-internacional-no-marketing-da-ikea-meios-publicidade\/","name":"Helena Gouveia assume posi\u00e7\u00e3o internacional no marketing da Ikea - Meios & Publicidade - Favorite News","isPartOf":{"@id":"https:\/\/favorite-news.com\/pt\/#website"},"primaryImageOfPage":{"@id":"https:\/\/favorite-news.com\/pt\/helena-gouveia-assume-posicao-internacional-no-marketing-da-ikea-meios-publicidade\/#primaryimage"},"image":{"@id":"https:\/\/favorite-news.com\/pt\/helena-gouveia-assume-posicao-internacional-no-marketing-da-ikea-meios-publicidade\/#primaryimage"},"thumbnailUrl":"https:\/\/favorite-news.com\/pt\/wp-content\/uploads\/sites\/2\/2021\/07\/Helena-Gouveia-assume-posicao-internacional-no-marketing-da-Ikea.jpg","datePublished":"2021-07-05T15:33:01+00:00","dateModified":"2021-07-05T15:33:06+00:00","author":{"@id":"https:\/\/favorite-news.com\/pt\/#\/schema\/person\/b91573b717dcfa5e4696032a9d28d3e8"},"breadcrumb":{"@id":"https:\/\/favorite-news.com\/pt\/helena-gouveia-assume-posicao-internacional-no-marketing-da-ikea-meios-publicidade\/#breadcrumb"},"inLanguage":"pt-PT","potentialAction":[{"@type":"ReadAction","target":["https:\/\/favorite-news.com\/pt\/helena-gouveia-assume-posicao-internacional-no-marketing-da-ikea-meios-publicidade\/"]}]},{"@type":"ImageObject","inLanguage":"pt-PT","@id":"https:\/\/favorite-news.com\/pt\/helena-gouveia-assume-posicao-internacional-no-marketing-da-ikea-meios-publicidade\/#primaryimage","url":"https:\/\/favorite-news.com\/pt\/wp-content\/uploads\/sites\/2\/2021\/07\/Helena-Gouveia-assume-posicao-internacional-no-marketing-da-Ikea.jpg","contentUrl":"https:\/\/favorite-news.com\/pt\/wp-content\/uploads\/sites\/2\/2021\/07\/Helena-Gouveia-assume-posicao-internacional-no-marketing-da-Ikea.jpg","width":1000,"height":667,"caption":"Helena Gouveia assume posi\u00e7\u00e3o internacional no marketing da Ikea - Meios & Publicidade"},{"@type":"BreadcrumbList","@id":"https:\/\/favorite-news.com\/pt\/helena-gouveia-assume-posicao-internacional-no-marketing-da-ikea-meios-publicidade\/#breadcrumb","itemListElement":[{"@type":"ListItem","position":1,"name":"Home","item":"https:\/\/favorite-news.com\/pt\/"},{"@type":"ListItem","position":2,"name":"Helena Gouveia assume posi\u00e7\u00e3o internacional no marketing da Ikea &#8211; Meios &#038; Publicidade"}]},{"@type":"WebSite","@id":"https:\/\/favorite-news.com\/pt\/#website","url":"https:\/\/favorite-news.com\/pt\/","name":"Favorite News","description":"Favorite News Portugal","potentialAction":[{"@type":"SearchAction","target":{"@type":"EntryPoint","urlTemplate":"https:\/\/favorite-news.com\/pt\/?s={search_term_string}"},"query-input":{"@type":"PropertyValueSpecification","valueRequired":true,"valueName":"search_term_string"}}],"inLanguage":"pt-PT"},{"@type":"Person","@id":"https:\/\/favorite-news.com\/pt\/#\/schema\/person\/b91573b717dcfa5e4696032a9d28d3e8","name":"favorite-news","image":{"@type":"ImageObject","inLanguage":"pt-PT","@id":"https:\/\/secure.gravatar.com\/avatar\/6c5a5cb12b74e9d517ee91cf570335b7d16177f1977cc91db161adfa435945a7?s=96&d=mm&r=g","url":"https:\/\/secure.gravatar.com\/avatar\/6c5a5cb12b74e9d517ee91cf570335b7d16177f1977cc91db161adfa435945a7?s=96&d=mm&r=g","contentUrl":"https:\/\/secure.gravatar.com\/avatar\/6c5a5cb12b74e9d517ee91cf570335b7d16177f1977cc91db161adfa435945a7?s=96&d=mm&r=g","caption":"favorite-news"},"url":"https:\/\/favorite-news.com\/pt\/author\/pt\/"}]}},"_links":{"self":[{"href":"https:\/\/favorite-news.com\/pt\/wp-json\/wp\/v2\/posts\/10660","targetHints":{"allow":["GET"]}}],"collection":[{"href":"https:\/\/favorite-news.com\/pt\/wp-json\/wp\/v2\/posts"}],"about":[{"href":"https:\/\/favorite-news.com\/pt\/wp-json\/wp\/v2\/types\/post"}],"author":[{"embeddable":true,"href":"https:\/\/favorite-news.com\/pt\/wp-json\/wp\/v2\/users\/2"}],"replies":[{"embeddable":true,"href":"https:\/\/favorite-news.com\/pt\/wp-json\/wp\/v2\/comments?post=10660"}],"version-history":[{"count":1,"href":"https:\/\/favorite-news.com\/pt\/wp-json\/wp\/v2\/posts\/10660\/revisions"}],"predecessor-version":[{"id":10662,"href":"https:\/\/favorite-news.com\/pt\/wp-json\/wp\/v2\/posts\/10660\/revisions\/10662"}],"wp:featuredmedia":[{"embeddable":true,"href":"https:\/\/favorite-news.com\/pt\/wp-json\/wp\/v2\/media\/10661"}],"wp:attachment":[{"href":"https:\/\/favorite-news.com\/pt\/wp-json\/wp\/v2\/media?parent=10660"}],"wp:term":[{"taxonomy":"category","embeddable":true,"href":"https:\/\/favorite-news.com\/pt\/wp-json\/wp\/v2\/categories?post=10660"},{"taxonomy":"post_tag","embeddable":true,"href":"https:\/\/favorite-news.com\/pt\/wp-json\/wp\/v2\/tags?post=10660"}],"curies":[{"name":"wp","href":"https:\/\/api.w.org\/{rel}","templated":true}]}}