{"id":10658,"date":"2021-07-05T10:36:21","date_gmt":"2021-07-05T07:36:21","guid":{"rendered":"https:\/\/favorite-news.com\/pt\/cip-propoe-plano-pos-covid-para-por-fim-a-20-anos-de-crescimento-anemico\/"},"modified":"2021-07-05T10:36:23","modified_gmt":"2021-07-05T07:36:23","slug":"cip-propoe-plano-pos-covid-para-por-fim-a-20-anos-de-crescimento-anemico","status":"publish","type":"post","link":"https:\/\/favorite-news.com\/pt\/cip-propoe-plano-pos-covid-para-por-fim-a-20-anos-de-crescimento-anemico\/","title":{"rendered":"CIP prop\u00f5e plano p\u00f3s-covid para p\u00f4r fim a 20 anos de &#8220;crescimento an\u00e9mico&#8221;"},"content":{"rendered":"<p>Miguel A. Lopes \/ LusaO presidente da Confedera\u00e7\u00e3o Empresarial de Portugal (CIP), Ant\u00f3nio Saraiva<br \/>\nA CIP \u2014 Confedera\u00e7\u00e3o Empresarial de Portugal concluiu o plano, anunciado em mar\u00e7o, para ajudar o pa\u00eds a recuperar num contexto p\u00f3s-pand\u00e9mico.<\/p>\n<p>\u00d3scar Gaspar, membro da dire\u00e7\u00e3o do CIP, diz que o objetivo \u00e9 p\u00f4r fim a um per\u00edodo de duas d\u00e9cadas de \u201ccrescimento an\u00e9mico\u201d.<br \/>\nO documento ser\u00e1 apresentado ao Governo na pr\u00f3xima semana, contando com um conjunto de propostas em dez \u00e1reas. Ao Expresso, \u00d3scar Gaspar diz que o documento n\u00e3o especifica \u00e1reas de atividade em que o pa\u00eds deva apostar, uma vez que \u201ca CIP n\u00e3o faz considera\u00e7\u00f5es sectoriais, j\u00e1 que representa 150 mil empresas de diversos sectores\u201d.<br \/>\n\u201cTemos que pensar a economia p\u00f3s-pandemia. O pa\u00eds tem que assumir, de uma vez por todas, a necessidade de ganhar competitividade, prosseguir o desenvolvimento, ter mais e melhor investimento e emprego\u201d, destaca Ant\u00f3nio Saraiva.<\/p>\n<p>Entre as v\u00e1rias propostas, o CIP recomenda que os avisos para fundos comunit\u00e1rios deixem de ter janelas temporais para apresenta\u00e7\u00e3o de candidaturas e, em alguns casos, passem a permitir um \u201cacesso cont\u00ednuo\u201d.<br \/>\nO CIP prop\u00f5e ainda \u201cassumir a boa-f\u00e9 declarativa\u201d das diversas entidades e facilitar o acesso a novos apoios de empresas com um hist\u00f3rico conhecido de participa\u00e7\u00e3o em avisos e de cumprimento das regras.<br \/>\nA confedera\u00e7\u00e3o patronal faz v\u00e1rias recomenda\u00e7\u00f5es ao n\u00edvel da capitaliza\u00e7\u00e3o das empresas, como a convers\u00e3o de garantias estatais em incentivos a fundo perdido. A entidade defende ainda a cria\u00e7\u00e3o de um fundo de capitaliza\u00e7\u00e3o de emerg\u00eancia na \u00f3rbita do Banco Portugu\u00eas de Fomento com 3 mil milh\u00f5es de euros.<br \/>\n ZAP \/\/ <\/p>\n<p>\n<!--noindex--><br \/>\n<a href=\"https:\/\/zap.aeiou.pt\/cip-propoe-plano-pos-covid-414529\" rel=\"nofollow\">Source link <\/a><br \/>\n<!--\/noindex--><\/p>\n","protected":false},"excerpt":{"rendered":"<p>Miguel A. Lopes \/ LusaO presidente da Confedera\u00e7\u00e3o Empresarial de Portugal (CIP), Ant\u00f3nio Saraiva A CIP \u2014 Confedera\u00e7\u00e3o Empresarial de Portugal concluiu o plano, anunciado em mar\u00e7o, para ajudar o pa\u00eds a recuperar num contexto p\u00f3s-pand\u00e9mico. \u00d3scar Gaspar, membro da dire\u00e7\u00e3o do CIP, diz que o objetivo \u00e9 p\u00f4r fim a um per\u00edodo de duas [&hellip;]<\/p>\n","protected":false},"author":2,"featured_media":8392,"comment_status":"open","ping_status":"open","sticky":false,"template":"","format":"standard","meta":{"footnotes":""},"categories":[1],"tags":[],"class_list":["post-10658","post","type-post","status-publish","format-standard","has-post-thumbnail","hentry","category-noticias-financeiras"],"yoast_head":"<!-- This site is optimized with the Yoast SEO plugin v27.4 - https:\/\/yoast.com\/product\/yoast-seo-wordpress\/ -->\n<title>CIP prop\u00f5e plano p\u00f3s-covid para p\u00f4r fim a 20 anos de &quot;crescimento an\u00e9mico&quot; - Favorite News<\/title>\n<meta name=\"robots\" content=\"index, follow, max-snippet:-1, max-image-preview:large, max-video-preview:-1\" \/>\n<link rel=\"canonical\" href=\"https:\/\/favorite-news.com\/pt\/cip-propoe-plano-pos-covid-para-por-fim-a-20-anos-de-crescimento-anemico\/\" \/>\n<meta property=\"og:locale\" content=\"pt_PT\" \/>\n<meta property=\"og:type\" content=\"article\" \/>\n<meta property=\"og:title\" content=\"CIP prop\u00f5e plano p\u00f3s-covid para p\u00f4r fim a 20 anos de &quot;crescimento an\u00e9mico&quot; - Favorite News\" \/>\n<meta property=\"og:description\" content=\"Miguel A. Lopes \/ LusaO presidente da Confedera\u00e7\u00e3o Empresarial de Portugal (CIP), Ant\u00f3nio Saraiva A CIP \u2014 Confedera\u00e7\u00e3o Empresarial de Portugal concluiu o plano, anunciado em mar\u00e7o, para ajudar o pa\u00eds a recuperar num contexto p\u00f3s-pand\u00e9mico. \u00d3scar Gaspar, membro da dire\u00e7\u00e3o do CIP, diz que o objetivo \u00e9 p\u00f4r fim a um per\u00edodo de duas [&hellip;]\" \/>\n<meta property=\"og:url\" content=\"https:\/\/favorite-news.com\/pt\/cip-propoe-plano-pos-covid-para-por-fim-a-20-anos-de-crescimento-anemico\/\" \/>\n<meta property=\"og:site_name\" content=\"Favorite News\" \/>\n<meta property=\"article:published_time\" content=\"2021-07-05T07:36:21+00:00\" \/>\n<meta property=\"article:modified_time\" content=\"2021-07-05T07:36:23+00:00\" \/>\n<meta property=\"og:image\" content=\"https:\/\/favorite-news.com\/pt\/wp-content\/uploads\/sites\/2\/2020\/12\/Patroes-querem-dinheiro-da-bazuca-europeia-o-quanto-antes.jpg\" \/>\n\t<meta property=\"og:image:width\" content=\"1200\" \/>\n\t<meta property=\"og:image:height\" content=\"800\" \/>\n\t<meta property=\"og:image:type\" content=\"image\/jpeg\" \/>\n<meta name=\"author\" content=\"favorite-news\" \/>\n<meta name=\"twitter:card\" content=\"summary_large_image\" \/>\n<meta name=\"twitter:label1\" content=\"Escrito por\" \/>\n\t<meta name=\"twitter:data1\" content=\"favorite-news\" \/>\n\t<meta name=\"twitter:label2\" content=\"Tempo estimado de leitura\" \/>\n\t<meta name=\"twitter:data2\" content=\"1 minuto\" \/>\n<script type=\"application\/ld+json\" class=\"yoast-schema-graph\">{\"@context\":\"https:\\\/\\\/schema.org\",\"@graph\":[{\"@type\":\"Article\",\"@id\":\"https:\\\/\\\/favorite-news.com\\\/pt\\\/cip-propoe-plano-pos-covid-para-por-fim-a-20-anos-de-crescimento-anemico\\\/#article\",\"isPartOf\":{\"@id\":\"https:\\\/\\\/favorite-news.com\\\/pt\\\/cip-propoe-plano-pos-covid-para-por-fim-a-20-anos-de-crescimento-anemico\\\/\"},\"author\":{\"name\":\"favorite-news\",\"@id\":\"https:\\\/\\\/favorite-news.com\\\/pt\\\/#\\\/schema\\\/person\\\/b91573b717dcfa5e4696032a9d28d3e8\"},\"headline\":\"CIP prop\u00f5e plano p\u00f3s-covid para p\u00f4r fim a 20 anos de &#8220;crescimento an\u00e9mico&#8221;\",\"datePublished\":\"2021-07-05T07:36:21+00:00\",\"dateModified\":\"2021-07-05T07:36:23+00:00\",\"mainEntityOfPage\":{\"@id\":\"https:\\\/\\\/favorite-news.com\\\/pt\\\/cip-propoe-plano-pos-covid-para-por-fim-a-20-anos-de-crescimento-anemico\\\/\"},\"wordCount\":314,\"commentCount\":0,\"image\":{\"@id\":\"https:\\\/\\\/favorite-news.com\\\/pt\\\/cip-propoe-plano-pos-covid-para-por-fim-a-20-anos-de-crescimento-anemico\\\/#primaryimage\"},\"thumbnailUrl\":\"https:\\\/\\\/favorite-news.com\\\/pt\\\/wp-content\\\/uploads\\\/sites\\\/2\\\/2020\\\/12\\\/Patroes-querem-dinheiro-da-bazuca-europeia-o-quanto-antes.jpg\",\"articleSection\":[\"NOT\u00cdCIAS FINANCEIRAS\"],\"inLanguage\":\"pt-PT\",\"potentialAction\":[{\"@type\":\"CommentAction\",\"name\":\"Comment\",\"target\":[\"https:\\\/\\\/favorite-news.com\\\/pt\\\/cip-propoe-plano-pos-covid-para-por-fim-a-20-anos-de-crescimento-anemico\\\/#respond\"]}]},{\"@type\":\"WebPage\",\"@id\":\"https:\\\/\\\/favorite-news.com\\\/pt\\\/cip-propoe-plano-pos-covid-para-por-fim-a-20-anos-de-crescimento-anemico\\\/\",\"url\":\"https:\\\/\\\/favorite-news.com\\\/pt\\\/cip-propoe-plano-pos-covid-para-por-fim-a-20-anos-de-crescimento-anemico\\\/\",\"name\":\"CIP prop\u00f5e plano p\u00f3s-covid para p\u00f4r fim a 20 anos de \\\"crescimento an\u00e9mico\\\" - Favorite News\",\"isPartOf\":{\"@id\":\"https:\\\/\\\/favorite-news.com\\\/pt\\\/#website\"},\"primaryImageOfPage\":{\"@id\":\"https:\\\/\\\/favorite-news.com\\\/pt\\\/cip-propoe-plano-pos-covid-para-por-fim-a-20-anos-de-crescimento-anemico\\\/#primaryimage\"},\"image\":{\"@id\":\"https:\\\/\\\/favorite-news.com\\\/pt\\\/cip-propoe-plano-pos-covid-para-por-fim-a-20-anos-de-crescimento-anemico\\\/#primaryimage\"},\"thumbnailUrl\":\"https:\\\/\\\/favorite-news.com\\\/pt\\\/wp-content\\\/uploads\\\/sites\\\/2\\\/2020\\\/12\\\/Patroes-querem-dinheiro-da-bazuca-europeia-o-quanto-antes.jpg\",\"datePublished\":\"2021-07-05T07:36:21+00:00\",\"dateModified\":\"2021-07-05T07:36:23+00:00\",\"author\":{\"@id\":\"https:\\\/\\\/favorite-news.com\\\/pt\\\/#\\\/schema\\\/person\\\/b91573b717dcfa5e4696032a9d28d3e8\"},\"breadcrumb\":{\"@id\":\"https:\\\/\\\/favorite-news.com\\\/pt\\\/cip-propoe-plano-pos-covid-para-por-fim-a-20-anos-de-crescimento-anemico\\\/#breadcrumb\"},\"inLanguage\":\"pt-PT\",\"potentialAction\":[{\"@type\":\"ReadAction\",\"target\":[\"https:\\\/\\\/favorite-news.com\\\/pt\\\/cip-propoe-plano-pos-covid-para-por-fim-a-20-anos-de-crescimento-anemico\\\/\"]}]},{\"@type\":\"ImageObject\",\"inLanguage\":\"pt-PT\",\"@id\":\"https:\\\/\\\/favorite-news.com\\\/pt\\\/cip-propoe-plano-pos-covid-para-por-fim-a-20-anos-de-crescimento-anemico\\\/#primaryimage\",\"url\":\"https:\\\/\\\/favorite-news.com\\\/pt\\\/wp-content\\\/uploads\\\/sites\\\/2\\\/2020\\\/12\\\/Patroes-querem-dinheiro-da-bazuca-europeia-o-quanto-antes.jpg\",\"contentUrl\":\"https:\\\/\\\/favorite-news.com\\\/pt\\\/wp-content\\\/uploads\\\/sites\\\/2\\\/2020\\\/12\\\/Patroes-querem-dinheiro-da-bazuca-europeia-o-quanto-antes.jpg\",\"width\":1200,\"height\":800,\"caption\":\"Patr\u00f5es querem dinheiro da \\\"bazuca europeia\\\" o quanto antes - ZAP\"},{\"@type\":\"BreadcrumbList\",\"@id\":\"https:\\\/\\\/favorite-news.com\\\/pt\\\/cip-propoe-plano-pos-covid-para-por-fim-a-20-anos-de-crescimento-anemico\\\/#breadcrumb\",\"itemListElement\":[{\"@type\":\"ListItem\",\"position\":1,\"name\":\"Home\",\"item\":\"https:\\\/\\\/favorite-news.com\\\/pt\\\/\"},{\"@type\":\"ListItem\",\"position\":2,\"name\":\"CIP prop\u00f5e plano p\u00f3s-covid para p\u00f4r fim a 20 anos de &#8220;crescimento an\u00e9mico&#8221;\"}]},{\"@type\":\"WebSite\",\"@id\":\"https:\\\/\\\/favorite-news.com\\\/pt\\\/#website\",\"url\":\"https:\\\/\\\/favorite-news.com\\\/pt\\\/\",\"name\":\"Favorite News\",\"description\":\"Favorite News Portugal\",\"potentialAction\":[{\"@type\":\"SearchAction\",\"target\":{\"@type\":\"EntryPoint\",\"urlTemplate\":\"https:\\\/\\\/favorite-news.com\\\/pt\\\/?s={search_term_string}\"},\"query-input\":{\"@type\":\"PropertyValueSpecification\",\"valueRequired\":true,\"valueName\":\"search_term_string\"}}],\"inLanguage\":\"pt-PT\"},{\"@type\":\"Person\",\"@id\":\"https:\\\/\\\/favorite-news.com\\\/pt\\\/#\\\/schema\\\/person\\\/b91573b717dcfa5e4696032a9d28d3e8\",\"name\":\"favorite-news\",\"image\":{\"@type\":\"ImageObject\",\"inLanguage\":\"pt-PT\",\"@id\":\"https:\\\/\\\/secure.gravatar.com\\\/avatar\\\/6c5a5cb12b74e9d517ee91cf570335b7d16177f1977cc91db161adfa435945a7?s=96&d=mm&r=g\",\"url\":\"https:\\\/\\\/secure.gravatar.com\\\/avatar\\\/6c5a5cb12b74e9d517ee91cf570335b7d16177f1977cc91db161adfa435945a7?s=96&d=mm&r=g\",\"contentUrl\":\"https:\\\/\\\/secure.gravatar.com\\\/avatar\\\/6c5a5cb12b74e9d517ee91cf570335b7d16177f1977cc91db161adfa435945a7?s=96&d=mm&r=g\",\"caption\":\"favorite-news\"},\"url\":\"https:\\\/\\\/favorite-news.com\\\/pt\\\/author\\\/pt\\\/\"}]}<\/script>\n<!-- \/ Yoast SEO plugin. -->","yoast_head_json":{"title":"CIP prop\u00f5e plano p\u00f3s-covid para p\u00f4r fim a 20 anos de \"crescimento an\u00e9mico\" - Favorite News","robots":{"index":"index","follow":"follow","max-snippet":"max-snippet:-1","max-image-preview":"max-image-preview:large","max-video-preview":"max-video-preview:-1"},"canonical":"https:\/\/favorite-news.com\/pt\/cip-propoe-plano-pos-covid-para-por-fim-a-20-anos-de-crescimento-anemico\/","og_locale":"pt_PT","og_type":"article","og_title":"CIP prop\u00f5e plano p\u00f3s-covid para p\u00f4r fim a 20 anos de \"crescimento an\u00e9mico\" - Favorite News","og_description":"Miguel A. Lopes \/ LusaO presidente da Confedera\u00e7\u00e3o Empresarial de Portugal (CIP), Ant\u00f3nio Saraiva A CIP \u2014 Confedera\u00e7\u00e3o Empresarial de Portugal concluiu o plano, anunciado em mar\u00e7o, para ajudar o pa\u00eds a recuperar num contexto p\u00f3s-pand\u00e9mico. \u00d3scar Gaspar, membro da dire\u00e7\u00e3o do CIP, diz que o objetivo \u00e9 p\u00f4r fim a um per\u00edodo de duas [&hellip;]","og_url":"https:\/\/favorite-news.com\/pt\/cip-propoe-plano-pos-covid-para-por-fim-a-20-anos-de-crescimento-anemico\/","og_site_name":"Favorite News","article_published_time":"2021-07-05T07:36:21+00:00","article_modified_time":"2021-07-05T07:36:23+00:00","og_image":[{"width":1200,"height":800,"url":"https:\/\/favorite-news.com\/pt\/wp-content\/uploads\/sites\/2\/2020\/12\/Patroes-querem-dinheiro-da-bazuca-europeia-o-quanto-antes.jpg","type":"image\/jpeg"}],"author":"favorite-news","twitter_card":"summary_large_image","twitter_misc":{"Escrito por":"favorite-news","Tempo estimado de leitura":"1 minuto"},"schema":{"@context":"https:\/\/schema.org","@graph":[{"@type":"Article","@id":"https:\/\/favorite-news.com\/pt\/cip-propoe-plano-pos-covid-para-por-fim-a-20-anos-de-crescimento-anemico\/#article","isPartOf":{"@id":"https:\/\/favorite-news.com\/pt\/cip-propoe-plano-pos-covid-para-por-fim-a-20-anos-de-crescimento-anemico\/"},"author":{"name":"favorite-news","@id":"https:\/\/favorite-news.com\/pt\/#\/schema\/person\/b91573b717dcfa5e4696032a9d28d3e8"},"headline":"CIP prop\u00f5e plano p\u00f3s-covid para p\u00f4r fim a 20 anos de &#8220;crescimento an\u00e9mico&#8221;","datePublished":"2021-07-05T07:36:21+00:00","dateModified":"2021-07-05T07:36:23+00:00","mainEntityOfPage":{"@id":"https:\/\/favorite-news.com\/pt\/cip-propoe-plano-pos-covid-para-por-fim-a-20-anos-de-crescimento-anemico\/"},"wordCount":314,"commentCount":0,"image":{"@id":"https:\/\/favorite-news.com\/pt\/cip-propoe-plano-pos-covid-para-por-fim-a-20-anos-de-crescimento-anemico\/#primaryimage"},"thumbnailUrl":"https:\/\/favorite-news.com\/pt\/wp-content\/uploads\/sites\/2\/2020\/12\/Patroes-querem-dinheiro-da-bazuca-europeia-o-quanto-antes.jpg","articleSection":["NOT\u00cdCIAS FINANCEIRAS"],"inLanguage":"pt-PT","potentialAction":[{"@type":"CommentAction","name":"Comment","target":["https:\/\/favorite-news.com\/pt\/cip-propoe-plano-pos-covid-para-por-fim-a-20-anos-de-crescimento-anemico\/#respond"]}]},{"@type":"WebPage","@id":"https:\/\/favorite-news.com\/pt\/cip-propoe-plano-pos-covid-para-por-fim-a-20-anos-de-crescimento-anemico\/","url":"https:\/\/favorite-news.com\/pt\/cip-propoe-plano-pos-covid-para-por-fim-a-20-anos-de-crescimento-anemico\/","name":"CIP prop\u00f5e plano p\u00f3s-covid para p\u00f4r fim a 20 anos de \"crescimento an\u00e9mico\" - Favorite News","isPartOf":{"@id":"https:\/\/favorite-news.com\/pt\/#website"},"primaryImageOfPage":{"@id":"https:\/\/favorite-news.com\/pt\/cip-propoe-plano-pos-covid-para-por-fim-a-20-anos-de-crescimento-anemico\/#primaryimage"},"image":{"@id":"https:\/\/favorite-news.com\/pt\/cip-propoe-plano-pos-covid-para-por-fim-a-20-anos-de-crescimento-anemico\/#primaryimage"},"thumbnailUrl":"https:\/\/favorite-news.com\/pt\/wp-content\/uploads\/sites\/2\/2020\/12\/Patroes-querem-dinheiro-da-bazuca-europeia-o-quanto-antes.jpg","datePublished":"2021-07-05T07:36:21+00:00","dateModified":"2021-07-05T07:36:23+00:00","author":{"@id":"https:\/\/favorite-news.com\/pt\/#\/schema\/person\/b91573b717dcfa5e4696032a9d28d3e8"},"breadcrumb":{"@id":"https:\/\/favorite-news.com\/pt\/cip-propoe-plano-pos-covid-para-por-fim-a-20-anos-de-crescimento-anemico\/#breadcrumb"},"inLanguage":"pt-PT","potentialAction":[{"@type":"ReadAction","target":["https:\/\/favorite-news.com\/pt\/cip-propoe-plano-pos-covid-para-por-fim-a-20-anos-de-crescimento-anemico\/"]}]},{"@type":"ImageObject","inLanguage":"pt-PT","@id":"https:\/\/favorite-news.com\/pt\/cip-propoe-plano-pos-covid-para-por-fim-a-20-anos-de-crescimento-anemico\/#primaryimage","url":"https:\/\/favorite-news.com\/pt\/wp-content\/uploads\/sites\/2\/2020\/12\/Patroes-querem-dinheiro-da-bazuca-europeia-o-quanto-antes.jpg","contentUrl":"https:\/\/favorite-news.com\/pt\/wp-content\/uploads\/sites\/2\/2020\/12\/Patroes-querem-dinheiro-da-bazuca-europeia-o-quanto-antes.jpg","width":1200,"height":800,"caption":"Patr\u00f5es querem dinheiro da \"bazuca europeia\" o quanto antes - ZAP"},{"@type":"BreadcrumbList","@id":"https:\/\/favorite-news.com\/pt\/cip-propoe-plano-pos-covid-para-por-fim-a-20-anos-de-crescimento-anemico\/#breadcrumb","itemListElement":[{"@type":"ListItem","position":1,"name":"Home","item":"https:\/\/favorite-news.com\/pt\/"},{"@type":"ListItem","position":2,"name":"CIP prop\u00f5e plano p\u00f3s-covid para p\u00f4r fim a 20 anos de &#8220;crescimento an\u00e9mico&#8221;"}]},{"@type":"WebSite","@id":"https:\/\/favorite-news.com\/pt\/#website","url":"https:\/\/favorite-news.com\/pt\/","name":"Favorite News","description":"Favorite News Portugal","potentialAction":[{"@type":"SearchAction","target":{"@type":"EntryPoint","urlTemplate":"https:\/\/favorite-news.com\/pt\/?s={search_term_string}"},"query-input":{"@type":"PropertyValueSpecification","valueRequired":true,"valueName":"search_term_string"}}],"inLanguage":"pt-PT"},{"@type":"Person","@id":"https:\/\/favorite-news.com\/pt\/#\/schema\/person\/b91573b717dcfa5e4696032a9d28d3e8","name":"favorite-news","image":{"@type":"ImageObject","inLanguage":"pt-PT","@id":"https:\/\/secure.gravatar.com\/avatar\/6c5a5cb12b74e9d517ee91cf570335b7d16177f1977cc91db161adfa435945a7?s=96&d=mm&r=g","url":"https:\/\/secure.gravatar.com\/avatar\/6c5a5cb12b74e9d517ee91cf570335b7d16177f1977cc91db161adfa435945a7?s=96&d=mm&r=g","contentUrl":"https:\/\/secure.gravatar.com\/avatar\/6c5a5cb12b74e9d517ee91cf570335b7d16177f1977cc91db161adfa435945a7?s=96&d=mm&r=g","caption":"favorite-news"},"url":"https:\/\/favorite-news.com\/pt\/author\/pt\/"}]}},"_links":{"self":[{"href":"https:\/\/favorite-news.com\/pt\/wp-json\/wp\/v2\/posts\/10658","targetHints":{"allow":["GET"]}}],"collection":[{"href":"https:\/\/favorite-news.com\/pt\/wp-json\/wp\/v2\/posts"}],"about":[{"href":"https:\/\/favorite-news.com\/pt\/wp-json\/wp\/v2\/types\/post"}],"author":[{"embeddable":true,"href":"https:\/\/favorite-news.com\/pt\/wp-json\/wp\/v2\/users\/2"}],"replies":[{"embeddable":true,"href":"https:\/\/favorite-news.com\/pt\/wp-json\/wp\/v2\/comments?post=10658"}],"version-history":[{"count":1,"href":"https:\/\/favorite-news.com\/pt\/wp-json\/wp\/v2\/posts\/10658\/revisions"}],"predecessor-version":[{"id":10659,"href":"https:\/\/favorite-news.com\/pt\/wp-json\/wp\/v2\/posts\/10658\/revisions\/10659"}],"wp:featuredmedia":[{"embeddable":true,"href":"https:\/\/favorite-news.com\/pt\/wp-json\/wp\/v2\/media\/8392"}],"wp:attachment":[{"href":"https:\/\/favorite-news.com\/pt\/wp-json\/wp\/v2\/media?parent=10658"}],"wp:term":[{"taxonomy":"category","embeddable":true,"href":"https:\/\/favorite-news.com\/pt\/wp-json\/wp\/v2\/categories?post=10658"},{"taxonomy":"post_tag","embeddable":true,"href":"https:\/\/favorite-news.com\/pt\/wp-json\/wp\/v2\/tags?post=10658"}],"curies":[{"name":"wp","href":"https:\/\/api.w.org\/{rel}","templated":true}]}}