{"id":10655,"date":"2021-07-05T06:32:15","date_gmt":"2021-07-05T03:32:15","guid":{"rendered":"https:\/\/favorite-news.com\/pt\/profissionais-dos-eventos-e-festivais-voltaram-a-rua-contra-medidas-que-estao-a-estrangular-um-sector-fundamental-para-o-pais-meios-publicidade\/"},"modified":"2021-07-05T06:32:18","modified_gmt":"2021-07-05T03:32:18","slug":"profissionais-dos-eventos-e-festivais-voltaram-a-rua-contra-medidas-que-estao-a-estrangular-um-sector-fundamental-para-o-pais-meios-publicidade","status":"publish","type":"post","link":"https:\/\/favorite-news.com\/pt\/profissionais-dos-eventos-e-festivais-voltaram-a-rua-contra-medidas-que-estao-a-estrangular-um-sector-fundamental-para-o-pais-meios-publicidade\/","title":{"rendered":"Profissionais dos eventos e festivais voltaram \u00e0 rua contra medidas que est\u00e3o a \u201cestrangular um sector fundamental para o pa\u00eds\u201d &#8211; Meios &#038; Publicidade"},"content":{"rendered":"<p>\t\t\t\u201cEstamos a estrangular um sector fundamental para o pa\u00eds\u201d, alertou Pedro Magalh\u00e3es, presidente da APSTE (Associa\u00e7\u00e3o Portuguesa de Servi\u00e7os para Eventos), \u00e0 qual se juntou a APEFE (Associa\u00e7\u00e3o de Promotores de Espect\u00e1culos, Festivais e Eventos), numa manifesta\u00e7\u00e3o que trouxe de volta \u00e0s ruas de Lisboa as caixas negras dos profissionais do sector dos eventos. O protesto, que arrancou na pra\u00e7a do Marqu\u00eas de Pombal e percorreu a Avenida da Liberdade at\u00e9 aos Restauradores, surge na sequ\u00eancia das \u201cmais recentes medidas divulgadas pelo governo e pela DGS, que determinam a obrigatoriedade de testes \u00e0 covid-19 para os diferentes tipos de eventos, sem assumir as despesas inerentes\u201d, bem como a aus\u00eancia de conclus\u00f5es na sequ\u00eancia da iniciativa dos eventos-piloto. As associa\u00e7\u00f5es consideram, por isso, que \u201cn\u00e3o existe por parte do executivo uma estrat\u00e9gia concertada para apoiar o sector\u201d.<br \/>\nA manifesta\u00e7\u00e3o teve como objectivo \u201cchamar a aten\u00e7\u00e3o do governo para a necessidade urgente de criar medidas concretas que, de alguma forma, consigam garantir a subsist\u00eancia das empresas que, com todas as medidas impostas no decurso da pandemia covid-19, encontram-se em estado muito cr\u00edtico, estando muito perto de fechar portas\u201d.<br \/>\n\u201cA situa\u00e7\u00e3o que vivemos neste sector \u00e9 desesperante. Depois de mais de um ano sem trabalhar, as empresas n\u00e3o conseguem subsistir. Queremos uma estrat\u00e9gia, queremos trabalhar em conjunto com o governo para encontrar solu\u00e7\u00f5es, mas o que percebemos \u00e9 que as nossas reuni\u00f5es n\u00e3o t\u00eam dado frutos. N\u00e3o nos est\u00e3o a ouvir\u201d, aponta Pedro Magalh\u00e3es, alertando que \u201ca continuarmos assim, quando efectivamente conseguirmos voltar a fazer eventos, muitas empresas j\u00e1 n\u00e3o v\u00e3o conseguir fazer parte da retoma\u201d.<br \/>\nSobre as quest\u00f5es dos testes obrigat\u00f3rios e do atraso no tratamento dos dados relativos aos eventos-piloto realizados em Abril e Maio, o presidente da APSTE questiona \u201ccomo \u00e9 poss\u00edvel determinar-se a obrigatoriedade de testes \u00e0 covid-19 para os diferentes tipos de eventos sem assumir as despesas inerentes\u201d. \u201cMais uma vez n\u00e3o percebemos. Tivemos conhecimento, h\u00e1 poucos momentos, que o governo reconsiderou esta medida, mas mais uma vez repito, \u00e9 necess\u00e1rio chegarmos a este ponto? \u00c9 necess\u00e1rio virmos para a rua para finalmente serem aprovadas medidas que de alguma forma impactem positivamente o nosso sector?\u201d prosseguiu, sublinhando que \u201cmais uma vez, a aus\u00eancia de estrat\u00e9gia e de efectividade \u00e9 gritante\u201d.<\/p>\n<p>\n<!--noindex--><br \/>\n<a href=\"https:\/\/www.meiosepublicidade.pt\/2021\/07\/profissionais-dos-eventos-e-festivais-voltaram-a-rua-contra-medidas-que-estao-a-estrangular-um-sector-fundamental-para-o-pais\/?utm_source=rss&#038;utm_medium=rss&#038;utm_campaign=profissionais-dos-eventos-e-festivais-voltaram-a-rua-contra-medidas-que-estao-a-estrangular-um-sector-fundamental-para-o-pais\" rel=\"nofollow\">Source link <\/a><br \/>\n<!--\/noindex--><\/p>\n","protected":false},"excerpt":{"rendered":"<p>\u201cEstamos a estrangular um sector fundamental para o pa\u00eds\u201d, alertou Pedro Magalh\u00e3es, presidente da APSTE (Associa\u00e7\u00e3o Portuguesa de Servi\u00e7os para Eventos), \u00e0 qual se juntou a APEFE (Associa\u00e7\u00e3o de Promotores de Espect\u00e1culos, Festivais e Eventos), numa manifesta\u00e7\u00e3o que trouxe de volta \u00e0s ruas de Lisboa as caixas negras dos profissionais do sector dos eventos. O [&hellip;]<\/p>\n","protected":false},"author":2,"featured_media":10656,"comment_status":"open","ping_status":"open","sticky":false,"template":"","format":"standard","meta":{"footnotes":""},"categories":[3],"tags":[],"class_list":["post-10655","post","type-post","status-publish","format-standard","has-post-thumbnail","hentry","category-noticias-de-marketing-na-internet"],"yoast_head":"<!-- This site is optimized with the Yoast SEO plugin v27.4 - https:\/\/yoast.com\/product\/yoast-seo-wordpress\/ -->\n<title>Profissionais dos eventos e festivais voltaram \u00e0 rua contra medidas que est\u00e3o a \u201cestrangular um sector fundamental para o pa\u00eds\u201d - Meios &amp; Publicidade - Favorite News<\/title>\n<meta name=\"robots\" content=\"index, follow, max-snippet:-1, max-image-preview:large, max-video-preview:-1\" \/>\n<link rel=\"canonical\" href=\"https:\/\/favorite-news.com\/pt\/profissionais-dos-eventos-e-festivais-voltaram-a-rua-contra-medidas-que-estao-a-estrangular-um-sector-fundamental-para-o-pais-meios-publicidade\/\" \/>\n<meta property=\"og:locale\" content=\"pt_PT\" \/>\n<meta property=\"og:type\" content=\"article\" \/>\n<meta property=\"og:title\" content=\"Profissionais dos eventos e festivais voltaram \u00e0 rua contra medidas que est\u00e3o a \u201cestrangular um sector fundamental para o pa\u00eds\u201d - Meios &amp; Publicidade - Favorite News\" \/>\n<meta property=\"og:description\" content=\"\u201cEstamos a estrangular um sector fundamental para o pa\u00eds\u201d, alertou Pedro Magalh\u00e3es, presidente da APSTE (Associa\u00e7\u00e3o Portuguesa de Servi\u00e7os para Eventos), \u00e0 qual se juntou a APEFE (Associa\u00e7\u00e3o de Promotores de Espect\u00e1culos, Festivais e Eventos), numa manifesta\u00e7\u00e3o que trouxe de volta \u00e0s ruas de Lisboa as caixas negras dos profissionais do sector dos eventos. O [&hellip;]\" \/>\n<meta property=\"og:url\" content=\"https:\/\/favorite-news.com\/pt\/profissionais-dos-eventos-e-festivais-voltaram-a-rua-contra-medidas-que-estao-a-estrangular-um-sector-fundamental-para-o-pais-meios-publicidade\/\" \/>\n<meta property=\"og:site_name\" content=\"Favorite News\" \/>\n<meta property=\"article:published_time\" content=\"2021-07-05T03:32:15+00:00\" \/>\n<meta property=\"article:modified_time\" content=\"2021-07-05T03:32:18+00:00\" \/>\n<meta property=\"og:image\" content=\"https:\/\/favorite-news.com\/pt\/wp-content\/uploads\/sites\/2\/2021\/07\/Profissionais-dos-eventos-e-festivais-voltaram-a-rua-contra-medidas.jpg\" \/>\n\t<meta property=\"og:image:width\" content=\"1000\" \/>\n\t<meta property=\"og:image:height\" content=\"665\" \/>\n\t<meta property=\"og:image:type\" content=\"image\/jpeg\" \/>\n<meta name=\"author\" content=\"favorite-news\" \/>\n<meta name=\"twitter:card\" content=\"summary_large_image\" \/>\n<meta name=\"twitter:label1\" content=\"Escrito por\" \/>\n\t<meta name=\"twitter:data1\" content=\"favorite-news\" \/>\n\t<meta name=\"twitter:label2\" content=\"Tempo estimado de leitura\" \/>\n\t<meta name=\"twitter:data2\" content=\"2 minutos\" \/>\n<script type=\"application\/ld+json\" class=\"yoast-schema-graph\">{\"@context\":\"https:\\\/\\\/schema.org\",\"@graph\":[{\"@type\":\"Article\",\"@id\":\"https:\\\/\\\/favorite-news.com\\\/pt\\\/profissionais-dos-eventos-e-festivais-voltaram-a-rua-contra-medidas-que-estao-a-estrangular-um-sector-fundamental-para-o-pais-meios-publicidade\\\/#article\",\"isPartOf\":{\"@id\":\"https:\\\/\\\/favorite-news.com\\\/pt\\\/profissionais-dos-eventos-e-festivais-voltaram-a-rua-contra-medidas-que-estao-a-estrangular-um-sector-fundamental-para-o-pais-meios-publicidade\\\/\"},\"author\":{\"name\":\"favorite-news\",\"@id\":\"https:\\\/\\\/favorite-news.com\\\/pt\\\/#\\\/schema\\\/person\\\/b91573b717dcfa5e4696032a9d28d3e8\"},\"headline\":\"Profissionais dos eventos e festivais voltaram \u00e0 rua contra medidas que est\u00e3o a \u201cestrangular um sector fundamental para o pa\u00eds\u201d &#8211; Meios &#038; Publicidade\",\"datePublished\":\"2021-07-05T03:32:15+00:00\",\"dateModified\":\"2021-07-05T03:32:18+00:00\",\"mainEntityOfPage\":{\"@id\":\"https:\\\/\\\/favorite-news.com\\\/pt\\\/profissionais-dos-eventos-e-festivais-voltaram-a-rua-contra-medidas-que-estao-a-estrangular-um-sector-fundamental-para-o-pais-meios-publicidade\\\/\"},\"wordCount\":429,\"commentCount\":0,\"image\":{\"@id\":\"https:\\\/\\\/favorite-news.com\\\/pt\\\/profissionais-dos-eventos-e-festivais-voltaram-a-rua-contra-medidas-que-estao-a-estrangular-um-sector-fundamental-para-o-pais-meios-publicidade\\\/#primaryimage\"},\"thumbnailUrl\":\"https:\\\/\\\/favorite-news.com\\\/pt\\\/wp-content\\\/uploads\\\/sites\\\/2\\\/2021\\\/07\\\/Profissionais-dos-eventos-e-festivais-voltaram-a-rua-contra-medidas.jpg\",\"articleSection\":[\"NOT\u00cdCIAS DE MARKETING NA INTERNET\"],\"inLanguage\":\"pt-PT\",\"potentialAction\":[{\"@type\":\"CommentAction\",\"name\":\"Comment\",\"target\":[\"https:\\\/\\\/favorite-news.com\\\/pt\\\/profissionais-dos-eventos-e-festivais-voltaram-a-rua-contra-medidas-que-estao-a-estrangular-um-sector-fundamental-para-o-pais-meios-publicidade\\\/#respond\"]}]},{\"@type\":\"WebPage\",\"@id\":\"https:\\\/\\\/favorite-news.com\\\/pt\\\/profissionais-dos-eventos-e-festivais-voltaram-a-rua-contra-medidas-que-estao-a-estrangular-um-sector-fundamental-para-o-pais-meios-publicidade\\\/\",\"url\":\"https:\\\/\\\/favorite-news.com\\\/pt\\\/profissionais-dos-eventos-e-festivais-voltaram-a-rua-contra-medidas-que-estao-a-estrangular-um-sector-fundamental-para-o-pais-meios-publicidade\\\/\",\"name\":\"Profissionais dos eventos e festivais voltaram \u00e0 rua contra medidas que est\u00e3o a \u201cestrangular um sector fundamental para o pa\u00eds\u201d - Meios & Publicidade - Favorite News\",\"isPartOf\":{\"@id\":\"https:\\\/\\\/favorite-news.com\\\/pt\\\/#website\"},\"primaryImageOfPage\":{\"@id\":\"https:\\\/\\\/favorite-news.com\\\/pt\\\/profissionais-dos-eventos-e-festivais-voltaram-a-rua-contra-medidas-que-estao-a-estrangular-um-sector-fundamental-para-o-pais-meios-publicidade\\\/#primaryimage\"},\"image\":{\"@id\":\"https:\\\/\\\/favorite-news.com\\\/pt\\\/profissionais-dos-eventos-e-festivais-voltaram-a-rua-contra-medidas-que-estao-a-estrangular-um-sector-fundamental-para-o-pais-meios-publicidade\\\/#primaryimage\"},\"thumbnailUrl\":\"https:\\\/\\\/favorite-news.com\\\/pt\\\/wp-content\\\/uploads\\\/sites\\\/2\\\/2021\\\/07\\\/Profissionais-dos-eventos-e-festivais-voltaram-a-rua-contra-medidas.jpg\",\"datePublished\":\"2021-07-05T03:32:15+00:00\",\"dateModified\":\"2021-07-05T03:32:18+00:00\",\"author\":{\"@id\":\"https:\\\/\\\/favorite-news.com\\\/pt\\\/#\\\/schema\\\/person\\\/b91573b717dcfa5e4696032a9d28d3e8\"},\"breadcrumb\":{\"@id\":\"https:\\\/\\\/favorite-news.com\\\/pt\\\/profissionais-dos-eventos-e-festivais-voltaram-a-rua-contra-medidas-que-estao-a-estrangular-um-sector-fundamental-para-o-pais-meios-publicidade\\\/#breadcrumb\"},\"inLanguage\":\"pt-PT\",\"potentialAction\":[{\"@type\":\"ReadAction\",\"target\":[\"https:\\\/\\\/favorite-news.com\\\/pt\\\/profissionais-dos-eventos-e-festivais-voltaram-a-rua-contra-medidas-que-estao-a-estrangular-um-sector-fundamental-para-o-pais-meios-publicidade\\\/\"]}]},{\"@type\":\"ImageObject\",\"inLanguage\":\"pt-PT\",\"@id\":\"https:\\\/\\\/favorite-news.com\\\/pt\\\/profissionais-dos-eventos-e-festivais-voltaram-a-rua-contra-medidas-que-estao-a-estrangular-um-sector-fundamental-para-o-pais-meios-publicidade\\\/#primaryimage\",\"url\":\"https:\\\/\\\/favorite-news.com\\\/pt\\\/wp-content\\\/uploads\\\/sites\\\/2\\\/2021\\\/07\\\/Profissionais-dos-eventos-e-festivais-voltaram-a-rua-contra-medidas.jpg\",\"contentUrl\":\"https:\\\/\\\/favorite-news.com\\\/pt\\\/wp-content\\\/uploads\\\/sites\\\/2\\\/2021\\\/07\\\/Profissionais-dos-eventos-e-festivais-voltaram-a-rua-contra-medidas.jpg\",\"width\":1000,\"height\":665,\"caption\":\"Profissionais dos eventos e festivais voltaram \u00e0 rua contra medidas que est\u00e3o a \u201cestrangular um sector fundamental para o pa\u00eds\u201d - Meios & Publicidade\"},{\"@type\":\"BreadcrumbList\",\"@id\":\"https:\\\/\\\/favorite-news.com\\\/pt\\\/profissionais-dos-eventos-e-festivais-voltaram-a-rua-contra-medidas-que-estao-a-estrangular-um-sector-fundamental-para-o-pais-meios-publicidade\\\/#breadcrumb\",\"itemListElement\":[{\"@type\":\"ListItem\",\"position\":1,\"name\":\"Home\",\"item\":\"https:\\\/\\\/favorite-news.com\\\/pt\\\/\"},{\"@type\":\"ListItem\",\"position\":2,\"name\":\"Profissionais dos eventos e festivais voltaram \u00e0 rua contra medidas que est\u00e3o a \u201cestrangular um sector fundamental para o pa\u00eds\u201d &#8211; Meios &#038; Publicidade\"}]},{\"@type\":\"WebSite\",\"@id\":\"https:\\\/\\\/favorite-news.com\\\/pt\\\/#website\",\"url\":\"https:\\\/\\\/favorite-news.com\\\/pt\\\/\",\"name\":\"Favorite News\",\"description\":\"Favorite News Portugal\",\"potentialAction\":[{\"@type\":\"SearchAction\",\"target\":{\"@type\":\"EntryPoint\",\"urlTemplate\":\"https:\\\/\\\/favorite-news.com\\\/pt\\\/?s={search_term_string}\"},\"query-input\":{\"@type\":\"PropertyValueSpecification\",\"valueRequired\":true,\"valueName\":\"search_term_string\"}}],\"inLanguage\":\"pt-PT\"},{\"@type\":\"Person\",\"@id\":\"https:\\\/\\\/favorite-news.com\\\/pt\\\/#\\\/schema\\\/person\\\/b91573b717dcfa5e4696032a9d28d3e8\",\"name\":\"favorite-news\",\"image\":{\"@type\":\"ImageObject\",\"inLanguage\":\"pt-PT\",\"@id\":\"https:\\\/\\\/secure.gravatar.com\\\/avatar\\\/6c5a5cb12b74e9d517ee91cf570335b7d16177f1977cc91db161adfa435945a7?s=96&d=mm&r=g\",\"url\":\"https:\\\/\\\/secure.gravatar.com\\\/avatar\\\/6c5a5cb12b74e9d517ee91cf570335b7d16177f1977cc91db161adfa435945a7?s=96&d=mm&r=g\",\"contentUrl\":\"https:\\\/\\\/secure.gravatar.com\\\/avatar\\\/6c5a5cb12b74e9d517ee91cf570335b7d16177f1977cc91db161adfa435945a7?s=96&d=mm&r=g\",\"caption\":\"favorite-news\"},\"url\":\"https:\\\/\\\/favorite-news.com\\\/pt\\\/author\\\/pt\\\/\"}]}<\/script>\n<!-- \/ Yoast SEO plugin. -->","yoast_head_json":{"title":"Profissionais dos eventos e festivais voltaram \u00e0 rua contra medidas que est\u00e3o a \u201cestrangular um sector fundamental para o pa\u00eds\u201d - Meios & Publicidade - Favorite News","robots":{"index":"index","follow":"follow","max-snippet":"max-snippet:-1","max-image-preview":"max-image-preview:large","max-video-preview":"max-video-preview:-1"},"canonical":"https:\/\/favorite-news.com\/pt\/profissionais-dos-eventos-e-festivais-voltaram-a-rua-contra-medidas-que-estao-a-estrangular-um-sector-fundamental-para-o-pais-meios-publicidade\/","og_locale":"pt_PT","og_type":"article","og_title":"Profissionais dos eventos e festivais voltaram \u00e0 rua contra medidas que est\u00e3o a \u201cestrangular um sector fundamental para o pa\u00eds\u201d - Meios & Publicidade - Favorite News","og_description":"\u201cEstamos a estrangular um sector fundamental para o pa\u00eds\u201d, alertou Pedro Magalh\u00e3es, presidente da APSTE (Associa\u00e7\u00e3o Portuguesa de Servi\u00e7os para Eventos), \u00e0 qual se juntou a APEFE (Associa\u00e7\u00e3o de Promotores de Espect\u00e1culos, Festivais e Eventos), numa manifesta\u00e7\u00e3o que trouxe de volta \u00e0s ruas de Lisboa as caixas negras dos profissionais do sector dos eventos. O [&hellip;]","og_url":"https:\/\/favorite-news.com\/pt\/profissionais-dos-eventos-e-festivais-voltaram-a-rua-contra-medidas-que-estao-a-estrangular-um-sector-fundamental-para-o-pais-meios-publicidade\/","og_site_name":"Favorite News","article_published_time":"2021-07-05T03:32:15+00:00","article_modified_time":"2021-07-05T03:32:18+00:00","og_image":[{"width":1000,"height":665,"url":"https:\/\/favorite-news.com\/pt\/wp-content\/uploads\/sites\/2\/2021\/07\/Profissionais-dos-eventos-e-festivais-voltaram-a-rua-contra-medidas.jpg","type":"image\/jpeg"}],"author":"favorite-news","twitter_card":"summary_large_image","twitter_misc":{"Escrito por":"favorite-news","Tempo estimado de leitura":"2 minutos"},"schema":{"@context":"https:\/\/schema.org","@graph":[{"@type":"Article","@id":"https:\/\/favorite-news.com\/pt\/profissionais-dos-eventos-e-festivais-voltaram-a-rua-contra-medidas-que-estao-a-estrangular-um-sector-fundamental-para-o-pais-meios-publicidade\/#article","isPartOf":{"@id":"https:\/\/favorite-news.com\/pt\/profissionais-dos-eventos-e-festivais-voltaram-a-rua-contra-medidas-que-estao-a-estrangular-um-sector-fundamental-para-o-pais-meios-publicidade\/"},"author":{"name":"favorite-news","@id":"https:\/\/favorite-news.com\/pt\/#\/schema\/person\/b91573b717dcfa5e4696032a9d28d3e8"},"headline":"Profissionais dos eventos e festivais voltaram \u00e0 rua contra medidas que est\u00e3o a \u201cestrangular um sector fundamental para o pa\u00eds\u201d &#8211; Meios &#038; Publicidade","datePublished":"2021-07-05T03:32:15+00:00","dateModified":"2021-07-05T03:32:18+00:00","mainEntityOfPage":{"@id":"https:\/\/favorite-news.com\/pt\/profissionais-dos-eventos-e-festivais-voltaram-a-rua-contra-medidas-que-estao-a-estrangular-um-sector-fundamental-para-o-pais-meios-publicidade\/"},"wordCount":429,"commentCount":0,"image":{"@id":"https:\/\/favorite-news.com\/pt\/profissionais-dos-eventos-e-festivais-voltaram-a-rua-contra-medidas-que-estao-a-estrangular-um-sector-fundamental-para-o-pais-meios-publicidade\/#primaryimage"},"thumbnailUrl":"https:\/\/favorite-news.com\/pt\/wp-content\/uploads\/sites\/2\/2021\/07\/Profissionais-dos-eventos-e-festivais-voltaram-a-rua-contra-medidas.jpg","articleSection":["NOT\u00cdCIAS DE MARKETING NA INTERNET"],"inLanguage":"pt-PT","potentialAction":[{"@type":"CommentAction","name":"Comment","target":["https:\/\/favorite-news.com\/pt\/profissionais-dos-eventos-e-festivais-voltaram-a-rua-contra-medidas-que-estao-a-estrangular-um-sector-fundamental-para-o-pais-meios-publicidade\/#respond"]}]},{"@type":"WebPage","@id":"https:\/\/favorite-news.com\/pt\/profissionais-dos-eventos-e-festivais-voltaram-a-rua-contra-medidas-que-estao-a-estrangular-um-sector-fundamental-para-o-pais-meios-publicidade\/","url":"https:\/\/favorite-news.com\/pt\/profissionais-dos-eventos-e-festivais-voltaram-a-rua-contra-medidas-que-estao-a-estrangular-um-sector-fundamental-para-o-pais-meios-publicidade\/","name":"Profissionais dos eventos e festivais voltaram \u00e0 rua contra medidas que est\u00e3o a \u201cestrangular um sector fundamental para o pa\u00eds\u201d - Meios & Publicidade - Favorite News","isPartOf":{"@id":"https:\/\/favorite-news.com\/pt\/#website"},"primaryImageOfPage":{"@id":"https:\/\/favorite-news.com\/pt\/profissionais-dos-eventos-e-festivais-voltaram-a-rua-contra-medidas-que-estao-a-estrangular-um-sector-fundamental-para-o-pais-meios-publicidade\/#primaryimage"},"image":{"@id":"https:\/\/favorite-news.com\/pt\/profissionais-dos-eventos-e-festivais-voltaram-a-rua-contra-medidas-que-estao-a-estrangular-um-sector-fundamental-para-o-pais-meios-publicidade\/#primaryimage"},"thumbnailUrl":"https:\/\/favorite-news.com\/pt\/wp-content\/uploads\/sites\/2\/2021\/07\/Profissionais-dos-eventos-e-festivais-voltaram-a-rua-contra-medidas.jpg","datePublished":"2021-07-05T03:32:15+00:00","dateModified":"2021-07-05T03:32:18+00:00","author":{"@id":"https:\/\/favorite-news.com\/pt\/#\/schema\/person\/b91573b717dcfa5e4696032a9d28d3e8"},"breadcrumb":{"@id":"https:\/\/favorite-news.com\/pt\/profissionais-dos-eventos-e-festivais-voltaram-a-rua-contra-medidas-que-estao-a-estrangular-um-sector-fundamental-para-o-pais-meios-publicidade\/#breadcrumb"},"inLanguage":"pt-PT","potentialAction":[{"@type":"ReadAction","target":["https:\/\/favorite-news.com\/pt\/profissionais-dos-eventos-e-festivais-voltaram-a-rua-contra-medidas-que-estao-a-estrangular-um-sector-fundamental-para-o-pais-meios-publicidade\/"]}]},{"@type":"ImageObject","inLanguage":"pt-PT","@id":"https:\/\/favorite-news.com\/pt\/profissionais-dos-eventos-e-festivais-voltaram-a-rua-contra-medidas-que-estao-a-estrangular-um-sector-fundamental-para-o-pais-meios-publicidade\/#primaryimage","url":"https:\/\/favorite-news.com\/pt\/wp-content\/uploads\/sites\/2\/2021\/07\/Profissionais-dos-eventos-e-festivais-voltaram-a-rua-contra-medidas.jpg","contentUrl":"https:\/\/favorite-news.com\/pt\/wp-content\/uploads\/sites\/2\/2021\/07\/Profissionais-dos-eventos-e-festivais-voltaram-a-rua-contra-medidas.jpg","width":1000,"height":665,"caption":"Profissionais dos eventos e festivais voltaram \u00e0 rua contra medidas que est\u00e3o a \u201cestrangular um sector fundamental para o pa\u00eds\u201d - Meios & Publicidade"},{"@type":"BreadcrumbList","@id":"https:\/\/favorite-news.com\/pt\/profissionais-dos-eventos-e-festivais-voltaram-a-rua-contra-medidas-que-estao-a-estrangular-um-sector-fundamental-para-o-pais-meios-publicidade\/#breadcrumb","itemListElement":[{"@type":"ListItem","position":1,"name":"Home","item":"https:\/\/favorite-news.com\/pt\/"},{"@type":"ListItem","position":2,"name":"Profissionais dos eventos e festivais voltaram \u00e0 rua contra medidas que est\u00e3o a \u201cestrangular um sector fundamental para o pa\u00eds\u201d &#8211; Meios &#038; Publicidade"}]},{"@type":"WebSite","@id":"https:\/\/favorite-news.com\/pt\/#website","url":"https:\/\/favorite-news.com\/pt\/","name":"Favorite News","description":"Favorite News Portugal","potentialAction":[{"@type":"SearchAction","target":{"@type":"EntryPoint","urlTemplate":"https:\/\/favorite-news.com\/pt\/?s={search_term_string}"},"query-input":{"@type":"PropertyValueSpecification","valueRequired":true,"valueName":"search_term_string"}}],"inLanguage":"pt-PT"},{"@type":"Person","@id":"https:\/\/favorite-news.com\/pt\/#\/schema\/person\/b91573b717dcfa5e4696032a9d28d3e8","name":"favorite-news","image":{"@type":"ImageObject","inLanguage":"pt-PT","@id":"https:\/\/secure.gravatar.com\/avatar\/6c5a5cb12b74e9d517ee91cf570335b7d16177f1977cc91db161adfa435945a7?s=96&d=mm&r=g","url":"https:\/\/secure.gravatar.com\/avatar\/6c5a5cb12b74e9d517ee91cf570335b7d16177f1977cc91db161adfa435945a7?s=96&d=mm&r=g","contentUrl":"https:\/\/secure.gravatar.com\/avatar\/6c5a5cb12b74e9d517ee91cf570335b7d16177f1977cc91db161adfa435945a7?s=96&d=mm&r=g","caption":"favorite-news"},"url":"https:\/\/favorite-news.com\/pt\/author\/pt\/"}]}},"_links":{"self":[{"href":"https:\/\/favorite-news.com\/pt\/wp-json\/wp\/v2\/posts\/10655","targetHints":{"allow":["GET"]}}],"collection":[{"href":"https:\/\/favorite-news.com\/pt\/wp-json\/wp\/v2\/posts"}],"about":[{"href":"https:\/\/favorite-news.com\/pt\/wp-json\/wp\/v2\/types\/post"}],"author":[{"embeddable":true,"href":"https:\/\/favorite-news.com\/pt\/wp-json\/wp\/v2\/users\/2"}],"replies":[{"embeddable":true,"href":"https:\/\/favorite-news.com\/pt\/wp-json\/wp\/v2\/comments?post=10655"}],"version-history":[{"count":1,"href":"https:\/\/favorite-news.com\/pt\/wp-json\/wp\/v2\/posts\/10655\/revisions"}],"predecessor-version":[{"id":10657,"href":"https:\/\/favorite-news.com\/pt\/wp-json\/wp\/v2\/posts\/10655\/revisions\/10657"}],"wp:featuredmedia":[{"embeddable":true,"href":"https:\/\/favorite-news.com\/pt\/wp-json\/wp\/v2\/media\/10656"}],"wp:attachment":[{"href":"https:\/\/favorite-news.com\/pt\/wp-json\/wp\/v2\/media?parent=10655"}],"wp:term":[{"taxonomy":"category","embeddable":true,"href":"https:\/\/favorite-news.com\/pt\/wp-json\/wp\/v2\/categories?post=10655"},{"taxonomy":"post_tag","embeddable":true,"href":"https:\/\/favorite-news.com\/pt\/wp-json\/wp\/v2\/tags?post=10655"}],"curies":[{"name":"wp","href":"https:\/\/api.w.org\/{rel}","templated":true}]}}