{"id":10650,"date":"2021-07-04T18:22:16","date_gmt":"2021-07-04T15:22:16","guid":{"rendered":"https:\/\/favorite-news.com\/pt\/sede-da-wpp-em-portugal-muda-de-maos-meios-publicidade\/"},"modified":"2021-07-04T18:22:19","modified_gmt":"2021-07-04T15:22:19","slug":"sede-da-wpp-em-portugal-muda-de-maos-meios-publicidade","status":"publish","type":"post","link":"https:\/\/favorite-news.com\/pt\/sede-da-wpp-em-portugal-muda-de-maos-meios-publicidade\/","title":{"rendered":"Sede da WPP em Portugal muda de m\u00e3os &#8211; Meios &#038; Publicidade"},"content":{"rendered":"<p>\t\t\t\tPor Meios &amp; Publicidade a 2 de Julho de 2021<\/p>\n<p>\t\t\tA Tishman Speyer comprou o edif\u00edcio que acolhe as ag\u00eancias do grupo WPP Portugal, localizada na Avenida 24 de Julho, em Lisboa. A venda do edif\u00edcio conhecido como Garagem foi assessorada pela CBRE, que representou as entidades vendedoras Ardma e The Edge Group. Esta transac\u00e7\u00e3o representa o primeiro investimento do Core Fund da Tishman Speyer em Portugal.<br \/>\n\u201cO edif\u00edcio foi originalmente projectado no in\u00edcio dos anos 60 com o objectivo de ser um im\u00f3vel industrial. Adquirido pelo The Edge Group em 2016, passou por uma profunda interven\u00e7\u00e3o e foi convertido num edif\u00edcio de escrit\u00f3rios de qualidade superior\u201d, refere Jos\u00e9 Lu\u00eds Pinto Basto, CEO do The Edge Group em comunicado. \u201cEstamos muito satisfeitos com esta primeira aquisi\u00e7\u00e3o em Lisboa. Estamos convencidos que as empresas internacionais ir\u00e3o sempre procurar os centros de cidade vibrantes das principais cidades europeias. Este projecto espectacular com vista 360\u00b0 no topo representa tudo aquilo que os ocupantes procuram: conectividade, experi\u00eancia e compromissos ESG em edif\u00edcios de indiscut\u00edvel prest\u00edgio. \u00c9 uma excelente adi\u00e7\u00e3o ao portef\u00f3lio do nosso fundo European Core Fund, que j\u00e1 re\u00fane investimentos em Paris, Londres, Hamburgo, Berlim e Frankfurt\u201d, completa Philippe Joland, respons\u00e1vel pelas actividades em Fran\u00e7a e Sul da Europa da Tishman Speyer.<br \/>\nCom uma \u00e1rea 10.248 metros quadrados, o edif\u00edcio \u00e9 composto por nove pisos acima do solo e um piso abaixo do solo para estacionamento. No \u00faltimo piso, existe um terra\u00e7o com vista panor\u00e2mica sobre o rio Tejo.<\/p>\n<p>\n<!--noindex--><br \/>\n<a href=\"https:\/\/www.meiosepublicidade.pt\/2021\/07\/sede-da-wpp-em-portugal-muda-de-maos\/?utm_source=rss&#038;utm_medium=rss&#038;utm_campaign=sede-da-wpp-em-portugal-muda-de-maos\" rel=\"nofollow\">Source link <\/a><br \/>\n<!--\/noindex--><\/p>\n","protected":false},"excerpt":{"rendered":"<p>Por Meios &amp; Publicidade a 2 de Julho de 2021 A Tishman Speyer comprou o edif\u00edcio que acolhe as ag\u00eancias do grupo WPP Portugal, localizada na Avenida 24 de Julho, em Lisboa. A venda do edif\u00edcio conhecido como Garagem foi assessorada pela CBRE, que representou as entidades vendedoras Ardma e The Edge Group. Esta transac\u00e7\u00e3o [&hellip;]<\/p>\n","protected":false},"author":2,"featured_media":10651,"comment_status":"open","ping_status":"open","sticky":false,"template":"","format":"standard","meta":{"footnotes":""},"categories":[3],"tags":[],"class_list":["post-10650","post","type-post","status-publish","format-standard","has-post-thumbnail","hentry","category-noticias-de-marketing-na-internet"],"yoast_head":"<!-- This site is optimized with the Yoast SEO plugin v27.4 - https:\/\/yoast.com\/product\/yoast-seo-wordpress\/ -->\n<title>Sede da WPP em Portugal muda de m\u00e3os - Meios &amp; Publicidade - Favorite News<\/title>\n<meta name=\"robots\" content=\"index, follow, max-snippet:-1, max-image-preview:large, max-video-preview:-1\" \/>\n<link rel=\"canonical\" href=\"https:\/\/favorite-news.com\/pt\/sede-da-wpp-em-portugal-muda-de-maos-meios-publicidade\/\" \/>\n<meta property=\"og:locale\" content=\"pt_PT\" \/>\n<meta property=\"og:type\" content=\"article\" \/>\n<meta property=\"og:title\" content=\"Sede da WPP em Portugal muda de m\u00e3os - Meios &amp; Publicidade - Favorite News\" \/>\n<meta property=\"og:description\" content=\"Por Meios &amp; Publicidade a 2 de Julho de 2021 A Tishman Speyer comprou o edif\u00edcio que acolhe as ag\u00eancias do grupo WPP Portugal, localizada na Avenida 24 de Julho, em Lisboa. A venda do edif\u00edcio conhecido como Garagem foi assessorada pela CBRE, que representou as entidades vendedoras Ardma e The Edge Group. Esta transac\u00e7\u00e3o [&hellip;]\" \/>\n<meta property=\"og:url\" content=\"https:\/\/favorite-news.com\/pt\/sede-da-wpp-em-portugal-muda-de-maos-meios-publicidade\/\" \/>\n<meta property=\"og:site_name\" content=\"Favorite News\" \/>\n<meta property=\"article:published_time\" content=\"2021-07-04T15:22:16+00:00\" \/>\n<meta property=\"article:modified_time\" content=\"2021-07-04T15:22:19+00:00\" \/>\n<meta property=\"og:image\" content=\"https:\/\/favorite-news.com\/pt\/wp-content\/uploads\/sites\/2\/2021\/07\/Sede-da-WPP-em-Portugal-muda-de-maos-Meios.jpg\" \/>\n\t<meta property=\"og:image:width\" content=\"631\" \/>\n\t<meta property=\"og:image:height\" content=\"330\" \/>\n\t<meta property=\"og:image:type\" content=\"image\/jpeg\" \/>\n<meta name=\"author\" content=\"favorite-news\" \/>\n<meta name=\"twitter:card\" content=\"summary_large_image\" \/>\n<meta name=\"twitter:label1\" content=\"Escrito por\" \/>\n\t<meta name=\"twitter:data1\" content=\"favorite-news\" \/>\n\t<meta name=\"twitter:label2\" content=\"Tempo estimado de leitura\" \/>\n\t<meta name=\"twitter:data2\" content=\"1 minuto\" \/>\n<script type=\"application\/ld+json\" class=\"yoast-schema-graph\">{\"@context\":\"https:\\\/\\\/schema.org\",\"@graph\":[{\"@type\":\"Article\",\"@id\":\"https:\\\/\\\/favorite-news.com\\\/pt\\\/sede-da-wpp-em-portugal-muda-de-maos-meios-publicidade\\\/#article\",\"isPartOf\":{\"@id\":\"https:\\\/\\\/favorite-news.com\\\/pt\\\/sede-da-wpp-em-portugal-muda-de-maos-meios-publicidade\\\/\"},\"author\":{\"name\":\"favorite-news\",\"@id\":\"https:\\\/\\\/favorite-news.com\\\/pt\\\/#\\\/schema\\\/person\\\/b91573b717dcfa5e4696032a9d28d3e8\"},\"headline\":\"Sede da WPP em Portugal muda de m\u00e3os &#8211; Meios &#038; Publicidade\",\"datePublished\":\"2021-07-04T15:22:16+00:00\",\"dateModified\":\"2021-07-04T15:22:19+00:00\",\"mainEntityOfPage\":{\"@id\":\"https:\\\/\\\/favorite-news.com\\\/pt\\\/sede-da-wpp-em-portugal-muda-de-maos-meios-publicidade\\\/\"},\"wordCount\":276,\"commentCount\":0,\"image\":{\"@id\":\"https:\\\/\\\/favorite-news.com\\\/pt\\\/sede-da-wpp-em-portugal-muda-de-maos-meios-publicidade\\\/#primaryimage\"},\"thumbnailUrl\":\"https:\\\/\\\/favorite-news.com\\\/pt\\\/wp-content\\\/uploads\\\/sites\\\/2\\\/2021\\\/07\\\/Sede-da-WPP-em-Portugal-muda-de-maos-Meios.jpg\",\"articleSection\":[\"NOT\u00cdCIAS DE MARKETING NA INTERNET\"],\"inLanguage\":\"pt-PT\",\"potentialAction\":[{\"@type\":\"CommentAction\",\"name\":\"Comment\",\"target\":[\"https:\\\/\\\/favorite-news.com\\\/pt\\\/sede-da-wpp-em-portugal-muda-de-maos-meios-publicidade\\\/#respond\"]}]},{\"@type\":\"WebPage\",\"@id\":\"https:\\\/\\\/favorite-news.com\\\/pt\\\/sede-da-wpp-em-portugal-muda-de-maos-meios-publicidade\\\/\",\"url\":\"https:\\\/\\\/favorite-news.com\\\/pt\\\/sede-da-wpp-em-portugal-muda-de-maos-meios-publicidade\\\/\",\"name\":\"Sede da WPP em Portugal muda de m\u00e3os - Meios & Publicidade - Favorite News\",\"isPartOf\":{\"@id\":\"https:\\\/\\\/favorite-news.com\\\/pt\\\/#website\"},\"primaryImageOfPage\":{\"@id\":\"https:\\\/\\\/favorite-news.com\\\/pt\\\/sede-da-wpp-em-portugal-muda-de-maos-meios-publicidade\\\/#primaryimage\"},\"image\":{\"@id\":\"https:\\\/\\\/favorite-news.com\\\/pt\\\/sede-da-wpp-em-portugal-muda-de-maos-meios-publicidade\\\/#primaryimage\"},\"thumbnailUrl\":\"https:\\\/\\\/favorite-news.com\\\/pt\\\/wp-content\\\/uploads\\\/sites\\\/2\\\/2021\\\/07\\\/Sede-da-WPP-em-Portugal-muda-de-maos-Meios.jpg\",\"datePublished\":\"2021-07-04T15:22:16+00:00\",\"dateModified\":\"2021-07-04T15:22:19+00:00\",\"author\":{\"@id\":\"https:\\\/\\\/favorite-news.com\\\/pt\\\/#\\\/schema\\\/person\\\/b91573b717dcfa5e4696032a9d28d3e8\"},\"breadcrumb\":{\"@id\":\"https:\\\/\\\/favorite-news.com\\\/pt\\\/sede-da-wpp-em-portugal-muda-de-maos-meios-publicidade\\\/#breadcrumb\"},\"inLanguage\":\"pt-PT\",\"potentialAction\":[{\"@type\":\"ReadAction\",\"target\":[\"https:\\\/\\\/favorite-news.com\\\/pt\\\/sede-da-wpp-em-portugal-muda-de-maos-meios-publicidade\\\/\"]}]},{\"@type\":\"ImageObject\",\"inLanguage\":\"pt-PT\",\"@id\":\"https:\\\/\\\/favorite-news.com\\\/pt\\\/sede-da-wpp-em-portugal-muda-de-maos-meios-publicidade\\\/#primaryimage\",\"url\":\"https:\\\/\\\/favorite-news.com\\\/pt\\\/wp-content\\\/uploads\\\/sites\\\/2\\\/2021\\\/07\\\/Sede-da-WPP-em-Portugal-muda-de-maos-Meios.jpg\",\"contentUrl\":\"https:\\\/\\\/favorite-news.com\\\/pt\\\/wp-content\\\/uploads\\\/sites\\\/2\\\/2021\\\/07\\\/Sede-da-WPP-em-Portugal-muda-de-maos-Meios.jpg\",\"width\":631,\"height\":330,\"caption\":\"Sede da WPP em Portugal muda de m\u00e3os - Meios & Publicidade\"},{\"@type\":\"BreadcrumbList\",\"@id\":\"https:\\\/\\\/favorite-news.com\\\/pt\\\/sede-da-wpp-em-portugal-muda-de-maos-meios-publicidade\\\/#breadcrumb\",\"itemListElement\":[{\"@type\":\"ListItem\",\"position\":1,\"name\":\"Home\",\"item\":\"https:\\\/\\\/favorite-news.com\\\/pt\\\/\"},{\"@type\":\"ListItem\",\"position\":2,\"name\":\"Sede da WPP em Portugal muda de m\u00e3os &#8211; Meios &#038; Publicidade\"}]},{\"@type\":\"WebSite\",\"@id\":\"https:\\\/\\\/favorite-news.com\\\/pt\\\/#website\",\"url\":\"https:\\\/\\\/favorite-news.com\\\/pt\\\/\",\"name\":\"Favorite News\",\"description\":\"Favorite News Portugal\",\"potentialAction\":[{\"@type\":\"SearchAction\",\"target\":{\"@type\":\"EntryPoint\",\"urlTemplate\":\"https:\\\/\\\/favorite-news.com\\\/pt\\\/?s={search_term_string}\"},\"query-input\":{\"@type\":\"PropertyValueSpecification\",\"valueRequired\":true,\"valueName\":\"search_term_string\"}}],\"inLanguage\":\"pt-PT\"},{\"@type\":\"Person\",\"@id\":\"https:\\\/\\\/favorite-news.com\\\/pt\\\/#\\\/schema\\\/person\\\/b91573b717dcfa5e4696032a9d28d3e8\",\"name\":\"favorite-news\",\"image\":{\"@type\":\"ImageObject\",\"inLanguage\":\"pt-PT\",\"@id\":\"https:\\\/\\\/secure.gravatar.com\\\/avatar\\\/6c5a5cb12b74e9d517ee91cf570335b7d16177f1977cc91db161adfa435945a7?s=96&d=mm&r=g\",\"url\":\"https:\\\/\\\/secure.gravatar.com\\\/avatar\\\/6c5a5cb12b74e9d517ee91cf570335b7d16177f1977cc91db161adfa435945a7?s=96&d=mm&r=g\",\"contentUrl\":\"https:\\\/\\\/secure.gravatar.com\\\/avatar\\\/6c5a5cb12b74e9d517ee91cf570335b7d16177f1977cc91db161adfa435945a7?s=96&d=mm&r=g\",\"caption\":\"favorite-news\"},\"url\":\"https:\\\/\\\/favorite-news.com\\\/pt\\\/author\\\/pt\\\/\"}]}<\/script>\n<!-- \/ Yoast SEO plugin. -->","yoast_head_json":{"title":"Sede da WPP em Portugal muda de m\u00e3os - Meios & Publicidade - Favorite News","robots":{"index":"index","follow":"follow","max-snippet":"max-snippet:-1","max-image-preview":"max-image-preview:large","max-video-preview":"max-video-preview:-1"},"canonical":"https:\/\/favorite-news.com\/pt\/sede-da-wpp-em-portugal-muda-de-maos-meios-publicidade\/","og_locale":"pt_PT","og_type":"article","og_title":"Sede da WPP em Portugal muda de m\u00e3os - Meios & Publicidade - Favorite News","og_description":"Por Meios &amp; Publicidade a 2 de Julho de 2021 A Tishman Speyer comprou o edif\u00edcio que acolhe as ag\u00eancias do grupo WPP Portugal, localizada na Avenida 24 de Julho, em Lisboa. A venda do edif\u00edcio conhecido como Garagem foi assessorada pela CBRE, que representou as entidades vendedoras Ardma e The Edge Group. Esta transac\u00e7\u00e3o [&hellip;]","og_url":"https:\/\/favorite-news.com\/pt\/sede-da-wpp-em-portugal-muda-de-maos-meios-publicidade\/","og_site_name":"Favorite News","article_published_time":"2021-07-04T15:22:16+00:00","article_modified_time":"2021-07-04T15:22:19+00:00","og_image":[{"width":631,"height":330,"url":"https:\/\/favorite-news.com\/pt\/wp-content\/uploads\/sites\/2\/2021\/07\/Sede-da-WPP-em-Portugal-muda-de-maos-Meios.jpg","type":"image\/jpeg"}],"author":"favorite-news","twitter_card":"summary_large_image","twitter_misc":{"Escrito por":"favorite-news","Tempo estimado de leitura":"1 minuto"},"schema":{"@context":"https:\/\/schema.org","@graph":[{"@type":"Article","@id":"https:\/\/favorite-news.com\/pt\/sede-da-wpp-em-portugal-muda-de-maos-meios-publicidade\/#article","isPartOf":{"@id":"https:\/\/favorite-news.com\/pt\/sede-da-wpp-em-portugal-muda-de-maos-meios-publicidade\/"},"author":{"name":"favorite-news","@id":"https:\/\/favorite-news.com\/pt\/#\/schema\/person\/b91573b717dcfa5e4696032a9d28d3e8"},"headline":"Sede da WPP em Portugal muda de m\u00e3os &#8211; Meios &#038; Publicidade","datePublished":"2021-07-04T15:22:16+00:00","dateModified":"2021-07-04T15:22:19+00:00","mainEntityOfPage":{"@id":"https:\/\/favorite-news.com\/pt\/sede-da-wpp-em-portugal-muda-de-maos-meios-publicidade\/"},"wordCount":276,"commentCount":0,"image":{"@id":"https:\/\/favorite-news.com\/pt\/sede-da-wpp-em-portugal-muda-de-maos-meios-publicidade\/#primaryimage"},"thumbnailUrl":"https:\/\/favorite-news.com\/pt\/wp-content\/uploads\/sites\/2\/2021\/07\/Sede-da-WPP-em-Portugal-muda-de-maos-Meios.jpg","articleSection":["NOT\u00cdCIAS DE MARKETING NA INTERNET"],"inLanguage":"pt-PT","potentialAction":[{"@type":"CommentAction","name":"Comment","target":["https:\/\/favorite-news.com\/pt\/sede-da-wpp-em-portugal-muda-de-maos-meios-publicidade\/#respond"]}]},{"@type":"WebPage","@id":"https:\/\/favorite-news.com\/pt\/sede-da-wpp-em-portugal-muda-de-maos-meios-publicidade\/","url":"https:\/\/favorite-news.com\/pt\/sede-da-wpp-em-portugal-muda-de-maos-meios-publicidade\/","name":"Sede da WPP em Portugal muda de m\u00e3os - Meios & Publicidade - Favorite News","isPartOf":{"@id":"https:\/\/favorite-news.com\/pt\/#website"},"primaryImageOfPage":{"@id":"https:\/\/favorite-news.com\/pt\/sede-da-wpp-em-portugal-muda-de-maos-meios-publicidade\/#primaryimage"},"image":{"@id":"https:\/\/favorite-news.com\/pt\/sede-da-wpp-em-portugal-muda-de-maos-meios-publicidade\/#primaryimage"},"thumbnailUrl":"https:\/\/favorite-news.com\/pt\/wp-content\/uploads\/sites\/2\/2021\/07\/Sede-da-WPP-em-Portugal-muda-de-maos-Meios.jpg","datePublished":"2021-07-04T15:22:16+00:00","dateModified":"2021-07-04T15:22:19+00:00","author":{"@id":"https:\/\/favorite-news.com\/pt\/#\/schema\/person\/b91573b717dcfa5e4696032a9d28d3e8"},"breadcrumb":{"@id":"https:\/\/favorite-news.com\/pt\/sede-da-wpp-em-portugal-muda-de-maos-meios-publicidade\/#breadcrumb"},"inLanguage":"pt-PT","potentialAction":[{"@type":"ReadAction","target":["https:\/\/favorite-news.com\/pt\/sede-da-wpp-em-portugal-muda-de-maos-meios-publicidade\/"]}]},{"@type":"ImageObject","inLanguage":"pt-PT","@id":"https:\/\/favorite-news.com\/pt\/sede-da-wpp-em-portugal-muda-de-maos-meios-publicidade\/#primaryimage","url":"https:\/\/favorite-news.com\/pt\/wp-content\/uploads\/sites\/2\/2021\/07\/Sede-da-WPP-em-Portugal-muda-de-maos-Meios.jpg","contentUrl":"https:\/\/favorite-news.com\/pt\/wp-content\/uploads\/sites\/2\/2021\/07\/Sede-da-WPP-em-Portugal-muda-de-maos-Meios.jpg","width":631,"height":330,"caption":"Sede da WPP em Portugal muda de m\u00e3os - Meios & Publicidade"},{"@type":"BreadcrumbList","@id":"https:\/\/favorite-news.com\/pt\/sede-da-wpp-em-portugal-muda-de-maos-meios-publicidade\/#breadcrumb","itemListElement":[{"@type":"ListItem","position":1,"name":"Home","item":"https:\/\/favorite-news.com\/pt\/"},{"@type":"ListItem","position":2,"name":"Sede da WPP em Portugal muda de m\u00e3os &#8211; Meios &#038; Publicidade"}]},{"@type":"WebSite","@id":"https:\/\/favorite-news.com\/pt\/#website","url":"https:\/\/favorite-news.com\/pt\/","name":"Favorite News","description":"Favorite News Portugal","potentialAction":[{"@type":"SearchAction","target":{"@type":"EntryPoint","urlTemplate":"https:\/\/favorite-news.com\/pt\/?s={search_term_string}"},"query-input":{"@type":"PropertyValueSpecification","valueRequired":true,"valueName":"search_term_string"}}],"inLanguage":"pt-PT"},{"@type":"Person","@id":"https:\/\/favorite-news.com\/pt\/#\/schema\/person\/b91573b717dcfa5e4696032a9d28d3e8","name":"favorite-news","image":{"@type":"ImageObject","inLanguage":"pt-PT","@id":"https:\/\/secure.gravatar.com\/avatar\/6c5a5cb12b74e9d517ee91cf570335b7d16177f1977cc91db161adfa435945a7?s=96&d=mm&r=g","url":"https:\/\/secure.gravatar.com\/avatar\/6c5a5cb12b74e9d517ee91cf570335b7d16177f1977cc91db161adfa435945a7?s=96&d=mm&r=g","contentUrl":"https:\/\/secure.gravatar.com\/avatar\/6c5a5cb12b74e9d517ee91cf570335b7d16177f1977cc91db161adfa435945a7?s=96&d=mm&r=g","caption":"favorite-news"},"url":"https:\/\/favorite-news.com\/pt\/author\/pt\/"}]}},"_links":{"self":[{"href":"https:\/\/favorite-news.com\/pt\/wp-json\/wp\/v2\/posts\/10650","targetHints":{"allow":["GET"]}}],"collection":[{"href":"https:\/\/favorite-news.com\/pt\/wp-json\/wp\/v2\/posts"}],"about":[{"href":"https:\/\/favorite-news.com\/pt\/wp-json\/wp\/v2\/types\/post"}],"author":[{"embeddable":true,"href":"https:\/\/favorite-news.com\/pt\/wp-json\/wp\/v2\/users\/2"}],"replies":[{"embeddable":true,"href":"https:\/\/favorite-news.com\/pt\/wp-json\/wp\/v2\/comments?post=10650"}],"version-history":[{"count":1,"href":"https:\/\/favorite-news.com\/pt\/wp-json\/wp\/v2\/posts\/10650\/revisions"}],"predecessor-version":[{"id":10652,"href":"https:\/\/favorite-news.com\/pt\/wp-json\/wp\/v2\/posts\/10650\/revisions\/10652"}],"wp:featuredmedia":[{"embeddable":true,"href":"https:\/\/favorite-news.com\/pt\/wp-json\/wp\/v2\/media\/10651"}],"wp:attachment":[{"href":"https:\/\/favorite-news.com\/pt\/wp-json\/wp\/v2\/media?parent=10650"}],"wp:term":[{"taxonomy":"category","embeddable":true,"href":"https:\/\/favorite-news.com\/pt\/wp-json\/wp\/v2\/categories?post=10650"},{"taxonomy":"post_tag","embeddable":true,"href":"https:\/\/favorite-news.com\/pt\/wp-json\/wp\/v2\/tags?post=10650"}],"curies":[{"name":"wp","href":"https:\/\/api.w.org\/{rel}","templated":true}]}}