{"id":10633,"date":"2021-07-03T06:14:24","date_gmt":"2021-07-03T03:14:24","guid":{"rendered":"https:\/\/favorite-news.com\/pt\/hugo-vaz-de-oliveira-reforca-equipa-da-f5c-meios-publicidade\/"},"modified":"2021-07-03T06:14:28","modified_gmt":"2021-07-03T03:14:28","slug":"hugo-vaz-de-oliveira-reforca-equipa-da-f5c-meios-publicidade","status":"publish","type":"post","link":"https:\/\/favorite-news.com\/pt\/hugo-vaz-de-oliveira-reforca-equipa-da-f5c-meios-publicidade\/","title":{"rendered":"Hugo Vaz de Oliveira refor\u00e7a equipa da F5C &#8211; Meios &#038; Publicidade"},"content":{"rendered":"<p>\t\t\t\tPor Pedro Dur\u00e3es a 2 de Julho de 2021<\/p>\n<p>\t\t\tHugo Vaz de Oliveira, profissional que passou por ag\u00eancias como GCI, Brandia Central, LPM, Weber Shandwick ou Torke+CC, \u00e9 a mais recente contrata\u00e7\u00e3o da F5C. A informa\u00e7\u00e3o foi confirmada ao M&amp;P por Jo\u00e3o Tocha, director-geral da consultora de comunica\u00e7\u00e3o, adiantando que o profissional, que nos \u00faltimos dois anos desempenhou fun\u00e7\u00f5es como head of business development da produtora FIM, \u201c\u00e9 o novo consultor s\u00e9nior da F5C e integra o apoio a clientes na \u00e1rea de comunica\u00e7\u00e3o empresarial e institucional\u201d.<br \/>\nO percurso profissional de Hugo Vaz de Oliveira come\u00e7a no jornalismo, com passagens por t\u00edtulos como Di\u00e1rio de Not\u00edcias, Seman\u00e1rio Econ\u00f3mico ou P\u00fablico, antes de integrar pela primeira vez uma ag\u00eancia de comunica\u00e7\u00e3o, a GCI, entre 2001 e 2003. Regressaria ainda ao jornalismo atrav\u00e9s do M&amp;P, tendo mais tarde assumido o cargo de director-adjunto da revista Pr\u00e9mio e o de director da Pr\u00e9mio Viagens.<br \/>\nEm 2007 muda-se em definitivo para o sector da comunica\u00e7\u00e3o, como gestor de projectos na Brandia Central, seguindo depois para a LPM, Weber Shandwick e Torke+CC. Entre 2015 e 2019 integrou a equipa da Beta-i, primeiro como media relations &amp; business development e depois como head of media &amp; partnerships. Desde Setembro de 2019 ocupava o cargo de head of business development na FIM \u2013 Forever in Movies.<\/p>\n<p>\n<!--noindex--><br \/>\n<a href=\"https:\/\/www.meiosepublicidade.pt\/2021\/07\/hugo-vaz-de-oliveira-reforca-equipa-da-f5c\/?utm_source=rss&#038;utm_medium=rss&#038;utm_campaign=hugo-vaz-de-oliveira-reforca-equipa-da-f5c\" rel=\"nofollow\">Source link <\/a><br \/>\n<!--\/noindex--><\/p>\n","protected":false},"excerpt":{"rendered":"<p>Por Pedro Dur\u00e3es a 2 de Julho de 2021 Hugo Vaz de Oliveira, profissional que passou por ag\u00eancias como GCI, Brandia Central, LPM, Weber Shandwick ou Torke+CC, \u00e9 a mais recente contrata\u00e7\u00e3o da F5C. A informa\u00e7\u00e3o foi confirmada ao M&amp;P por Jo\u00e3o Tocha, director-geral da consultora de comunica\u00e7\u00e3o, adiantando que o profissional, que nos \u00faltimos [&hellip;]<\/p>\n","protected":false},"author":2,"featured_media":10634,"comment_status":"open","ping_status":"open","sticky":false,"template":"","format":"standard","meta":{"footnotes":""},"categories":[3],"tags":[],"class_list":["post-10633","post","type-post","status-publish","format-standard","has-post-thumbnail","hentry","category-noticias-de-marketing-na-internet"],"yoast_head":"<!-- This site is optimized with the Yoast SEO plugin v27.4 - https:\/\/yoast.com\/product\/yoast-seo-wordpress\/ -->\n<title>Hugo Vaz de Oliveira refor\u00e7a equipa da F5C - Meios &amp; Publicidade - Favorite News<\/title>\n<meta name=\"robots\" content=\"index, follow, max-snippet:-1, max-image-preview:large, max-video-preview:-1\" \/>\n<link rel=\"canonical\" href=\"https:\/\/favorite-news.com\/pt\/hugo-vaz-de-oliveira-reforca-equipa-da-f5c-meios-publicidade\/\" \/>\n<meta property=\"og:locale\" content=\"pt_PT\" \/>\n<meta property=\"og:type\" content=\"article\" \/>\n<meta property=\"og:title\" content=\"Hugo Vaz de Oliveira refor\u00e7a equipa da F5C - Meios &amp; Publicidade - Favorite News\" \/>\n<meta property=\"og:description\" content=\"Por Pedro Dur\u00e3es a 2 de Julho de 2021 Hugo Vaz de Oliveira, profissional que passou por ag\u00eancias como GCI, Brandia Central, LPM, Weber Shandwick ou Torke+CC, \u00e9 a mais recente contrata\u00e7\u00e3o da F5C. A informa\u00e7\u00e3o foi confirmada ao M&amp;P por Jo\u00e3o Tocha, director-geral da consultora de comunica\u00e7\u00e3o, adiantando que o profissional, que nos \u00faltimos [&hellip;]\" \/>\n<meta property=\"og:url\" content=\"https:\/\/favorite-news.com\/pt\/hugo-vaz-de-oliveira-reforca-equipa-da-f5c-meios-publicidade\/\" \/>\n<meta property=\"og:site_name\" content=\"Favorite News\" \/>\n<meta property=\"article:published_time\" content=\"2021-07-03T03:14:24+00:00\" \/>\n<meta property=\"article:modified_time\" content=\"2021-07-03T03:14:28+00:00\" \/>\n<meta property=\"og:image\" content=\"https:\/\/favorite-news.com\/pt\/wp-content\/uploads\/sites\/2\/2021\/07\/Hugo-Vaz-de-Oliveira-reforca-equipa-da-F5C-Meios.jpg\" \/>\n\t<meta property=\"og:image:width\" content=\"300\" \/>\n\t<meta property=\"og:image:height\" content=\"300\" \/>\n\t<meta property=\"og:image:type\" content=\"image\/jpeg\" \/>\n<meta name=\"author\" content=\"favorite-news\" \/>\n<meta name=\"twitter:card\" content=\"summary_large_image\" \/>\n<meta name=\"twitter:label1\" content=\"Escrito por\" \/>\n\t<meta name=\"twitter:data1\" content=\"favorite-news\" \/>\n\t<meta name=\"twitter:label2\" content=\"Tempo estimado de leitura\" \/>\n\t<meta name=\"twitter:data2\" content=\"1 minuto\" \/>\n<script type=\"application\/ld+json\" class=\"yoast-schema-graph\">{\"@context\":\"https:\\\/\\\/schema.org\",\"@graph\":[{\"@type\":\"Article\",\"@id\":\"https:\\\/\\\/favorite-news.com\\\/pt\\\/hugo-vaz-de-oliveira-reforca-equipa-da-f5c-meios-publicidade\\\/#article\",\"isPartOf\":{\"@id\":\"https:\\\/\\\/favorite-news.com\\\/pt\\\/hugo-vaz-de-oliveira-reforca-equipa-da-f5c-meios-publicidade\\\/\"},\"author\":{\"name\":\"favorite-news\",\"@id\":\"https:\\\/\\\/favorite-news.com\\\/pt\\\/#\\\/schema\\\/person\\\/b91573b717dcfa5e4696032a9d28d3e8\"},\"headline\":\"Hugo Vaz de Oliveira refor\u00e7a equipa da F5C &#8211; Meios &#038; Publicidade\",\"datePublished\":\"2021-07-03T03:14:24+00:00\",\"dateModified\":\"2021-07-03T03:14:28+00:00\",\"mainEntityOfPage\":{\"@id\":\"https:\\\/\\\/favorite-news.com\\\/pt\\\/hugo-vaz-de-oliveira-reforca-equipa-da-f5c-meios-publicidade\\\/\"},\"wordCount\":253,\"commentCount\":0,\"image\":{\"@id\":\"https:\\\/\\\/favorite-news.com\\\/pt\\\/hugo-vaz-de-oliveira-reforca-equipa-da-f5c-meios-publicidade\\\/#primaryimage\"},\"thumbnailUrl\":\"https:\\\/\\\/favorite-news.com\\\/pt\\\/wp-content\\\/uploads\\\/sites\\\/2\\\/2021\\\/07\\\/Hugo-Vaz-de-Oliveira-reforca-equipa-da-F5C-Meios.jpg\",\"articleSection\":[\"NOT\u00cdCIAS DE MARKETING NA INTERNET\"],\"inLanguage\":\"pt-PT\",\"potentialAction\":[{\"@type\":\"CommentAction\",\"name\":\"Comment\",\"target\":[\"https:\\\/\\\/favorite-news.com\\\/pt\\\/hugo-vaz-de-oliveira-reforca-equipa-da-f5c-meios-publicidade\\\/#respond\"]}]},{\"@type\":\"WebPage\",\"@id\":\"https:\\\/\\\/favorite-news.com\\\/pt\\\/hugo-vaz-de-oliveira-reforca-equipa-da-f5c-meios-publicidade\\\/\",\"url\":\"https:\\\/\\\/favorite-news.com\\\/pt\\\/hugo-vaz-de-oliveira-reforca-equipa-da-f5c-meios-publicidade\\\/\",\"name\":\"Hugo Vaz de Oliveira refor\u00e7a equipa da F5C - Meios & Publicidade - Favorite News\",\"isPartOf\":{\"@id\":\"https:\\\/\\\/favorite-news.com\\\/pt\\\/#website\"},\"primaryImageOfPage\":{\"@id\":\"https:\\\/\\\/favorite-news.com\\\/pt\\\/hugo-vaz-de-oliveira-reforca-equipa-da-f5c-meios-publicidade\\\/#primaryimage\"},\"image\":{\"@id\":\"https:\\\/\\\/favorite-news.com\\\/pt\\\/hugo-vaz-de-oliveira-reforca-equipa-da-f5c-meios-publicidade\\\/#primaryimage\"},\"thumbnailUrl\":\"https:\\\/\\\/favorite-news.com\\\/pt\\\/wp-content\\\/uploads\\\/sites\\\/2\\\/2021\\\/07\\\/Hugo-Vaz-de-Oliveira-reforca-equipa-da-F5C-Meios.jpg\",\"datePublished\":\"2021-07-03T03:14:24+00:00\",\"dateModified\":\"2021-07-03T03:14:28+00:00\",\"author\":{\"@id\":\"https:\\\/\\\/favorite-news.com\\\/pt\\\/#\\\/schema\\\/person\\\/b91573b717dcfa5e4696032a9d28d3e8\"},\"breadcrumb\":{\"@id\":\"https:\\\/\\\/favorite-news.com\\\/pt\\\/hugo-vaz-de-oliveira-reforca-equipa-da-f5c-meios-publicidade\\\/#breadcrumb\"},\"inLanguage\":\"pt-PT\",\"potentialAction\":[{\"@type\":\"ReadAction\",\"target\":[\"https:\\\/\\\/favorite-news.com\\\/pt\\\/hugo-vaz-de-oliveira-reforca-equipa-da-f5c-meios-publicidade\\\/\"]}]},{\"@type\":\"ImageObject\",\"inLanguage\":\"pt-PT\",\"@id\":\"https:\\\/\\\/favorite-news.com\\\/pt\\\/hugo-vaz-de-oliveira-reforca-equipa-da-f5c-meios-publicidade\\\/#primaryimage\",\"url\":\"https:\\\/\\\/favorite-news.com\\\/pt\\\/wp-content\\\/uploads\\\/sites\\\/2\\\/2021\\\/07\\\/Hugo-Vaz-de-Oliveira-reforca-equipa-da-F5C-Meios.jpg\",\"contentUrl\":\"https:\\\/\\\/favorite-news.com\\\/pt\\\/wp-content\\\/uploads\\\/sites\\\/2\\\/2021\\\/07\\\/Hugo-Vaz-de-Oliveira-reforca-equipa-da-F5C-Meios.jpg\",\"width\":300,\"height\":300,\"caption\":\"Hugo Vaz de Oliveira refor\u00e7a equipa da F5C - Meios & Publicidade\"},{\"@type\":\"BreadcrumbList\",\"@id\":\"https:\\\/\\\/favorite-news.com\\\/pt\\\/hugo-vaz-de-oliveira-reforca-equipa-da-f5c-meios-publicidade\\\/#breadcrumb\",\"itemListElement\":[{\"@type\":\"ListItem\",\"position\":1,\"name\":\"Home\",\"item\":\"https:\\\/\\\/favorite-news.com\\\/pt\\\/\"},{\"@type\":\"ListItem\",\"position\":2,\"name\":\"Hugo Vaz de Oliveira refor\u00e7a equipa da F5C &#8211; Meios &#038; Publicidade\"}]},{\"@type\":\"WebSite\",\"@id\":\"https:\\\/\\\/favorite-news.com\\\/pt\\\/#website\",\"url\":\"https:\\\/\\\/favorite-news.com\\\/pt\\\/\",\"name\":\"Favorite News\",\"description\":\"Favorite News Portugal\",\"potentialAction\":[{\"@type\":\"SearchAction\",\"target\":{\"@type\":\"EntryPoint\",\"urlTemplate\":\"https:\\\/\\\/favorite-news.com\\\/pt\\\/?s={search_term_string}\"},\"query-input\":{\"@type\":\"PropertyValueSpecification\",\"valueRequired\":true,\"valueName\":\"search_term_string\"}}],\"inLanguage\":\"pt-PT\"},{\"@type\":\"Person\",\"@id\":\"https:\\\/\\\/favorite-news.com\\\/pt\\\/#\\\/schema\\\/person\\\/b91573b717dcfa5e4696032a9d28d3e8\",\"name\":\"favorite-news\",\"image\":{\"@type\":\"ImageObject\",\"inLanguage\":\"pt-PT\",\"@id\":\"https:\\\/\\\/secure.gravatar.com\\\/avatar\\\/6c5a5cb12b74e9d517ee91cf570335b7d16177f1977cc91db161adfa435945a7?s=96&d=mm&r=g\",\"url\":\"https:\\\/\\\/secure.gravatar.com\\\/avatar\\\/6c5a5cb12b74e9d517ee91cf570335b7d16177f1977cc91db161adfa435945a7?s=96&d=mm&r=g\",\"contentUrl\":\"https:\\\/\\\/secure.gravatar.com\\\/avatar\\\/6c5a5cb12b74e9d517ee91cf570335b7d16177f1977cc91db161adfa435945a7?s=96&d=mm&r=g\",\"caption\":\"favorite-news\"},\"url\":\"https:\\\/\\\/favorite-news.com\\\/pt\\\/author\\\/pt\\\/\"}]}<\/script>\n<!-- \/ Yoast SEO plugin. -->","yoast_head_json":{"title":"Hugo Vaz de Oliveira refor\u00e7a equipa da F5C - Meios & Publicidade - Favorite News","robots":{"index":"index","follow":"follow","max-snippet":"max-snippet:-1","max-image-preview":"max-image-preview:large","max-video-preview":"max-video-preview:-1"},"canonical":"https:\/\/favorite-news.com\/pt\/hugo-vaz-de-oliveira-reforca-equipa-da-f5c-meios-publicidade\/","og_locale":"pt_PT","og_type":"article","og_title":"Hugo Vaz de Oliveira refor\u00e7a equipa da F5C - Meios & Publicidade - Favorite News","og_description":"Por Pedro Dur\u00e3es a 2 de Julho de 2021 Hugo Vaz de Oliveira, profissional que passou por ag\u00eancias como GCI, Brandia Central, LPM, Weber Shandwick ou Torke+CC, \u00e9 a mais recente contrata\u00e7\u00e3o da F5C. A informa\u00e7\u00e3o foi confirmada ao M&amp;P por Jo\u00e3o Tocha, director-geral da consultora de comunica\u00e7\u00e3o, adiantando que o profissional, que nos \u00faltimos [&hellip;]","og_url":"https:\/\/favorite-news.com\/pt\/hugo-vaz-de-oliveira-reforca-equipa-da-f5c-meios-publicidade\/","og_site_name":"Favorite News","article_published_time":"2021-07-03T03:14:24+00:00","article_modified_time":"2021-07-03T03:14:28+00:00","og_image":[{"width":300,"height":300,"url":"https:\/\/favorite-news.com\/pt\/wp-content\/uploads\/sites\/2\/2021\/07\/Hugo-Vaz-de-Oliveira-reforca-equipa-da-F5C-Meios.jpg","type":"image\/jpeg"}],"author":"favorite-news","twitter_card":"summary_large_image","twitter_misc":{"Escrito por":"favorite-news","Tempo estimado de leitura":"1 minuto"},"schema":{"@context":"https:\/\/schema.org","@graph":[{"@type":"Article","@id":"https:\/\/favorite-news.com\/pt\/hugo-vaz-de-oliveira-reforca-equipa-da-f5c-meios-publicidade\/#article","isPartOf":{"@id":"https:\/\/favorite-news.com\/pt\/hugo-vaz-de-oliveira-reforca-equipa-da-f5c-meios-publicidade\/"},"author":{"name":"favorite-news","@id":"https:\/\/favorite-news.com\/pt\/#\/schema\/person\/b91573b717dcfa5e4696032a9d28d3e8"},"headline":"Hugo Vaz de Oliveira refor\u00e7a equipa da F5C &#8211; Meios &#038; Publicidade","datePublished":"2021-07-03T03:14:24+00:00","dateModified":"2021-07-03T03:14:28+00:00","mainEntityOfPage":{"@id":"https:\/\/favorite-news.com\/pt\/hugo-vaz-de-oliveira-reforca-equipa-da-f5c-meios-publicidade\/"},"wordCount":253,"commentCount":0,"image":{"@id":"https:\/\/favorite-news.com\/pt\/hugo-vaz-de-oliveira-reforca-equipa-da-f5c-meios-publicidade\/#primaryimage"},"thumbnailUrl":"https:\/\/favorite-news.com\/pt\/wp-content\/uploads\/sites\/2\/2021\/07\/Hugo-Vaz-de-Oliveira-reforca-equipa-da-F5C-Meios.jpg","articleSection":["NOT\u00cdCIAS DE MARKETING NA INTERNET"],"inLanguage":"pt-PT","potentialAction":[{"@type":"CommentAction","name":"Comment","target":["https:\/\/favorite-news.com\/pt\/hugo-vaz-de-oliveira-reforca-equipa-da-f5c-meios-publicidade\/#respond"]}]},{"@type":"WebPage","@id":"https:\/\/favorite-news.com\/pt\/hugo-vaz-de-oliveira-reforca-equipa-da-f5c-meios-publicidade\/","url":"https:\/\/favorite-news.com\/pt\/hugo-vaz-de-oliveira-reforca-equipa-da-f5c-meios-publicidade\/","name":"Hugo Vaz de Oliveira refor\u00e7a equipa da F5C - Meios & Publicidade - Favorite News","isPartOf":{"@id":"https:\/\/favorite-news.com\/pt\/#website"},"primaryImageOfPage":{"@id":"https:\/\/favorite-news.com\/pt\/hugo-vaz-de-oliveira-reforca-equipa-da-f5c-meios-publicidade\/#primaryimage"},"image":{"@id":"https:\/\/favorite-news.com\/pt\/hugo-vaz-de-oliveira-reforca-equipa-da-f5c-meios-publicidade\/#primaryimage"},"thumbnailUrl":"https:\/\/favorite-news.com\/pt\/wp-content\/uploads\/sites\/2\/2021\/07\/Hugo-Vaz-de-Oliveira-reforca-equipa-da-F5C-Meios.jpg","datePublished":"2021-07-03T03:14:24+00:00","dateModified":"2021-07-03T03:14:28+00:00","author":{"@id":"https:\/\/favorite-news.com\/pt\/#\/schema\/person\/b91573b717dcfa5e4696032a9d28d3e8"},"breadcrumb":{"@id":"https:\/\/favorite-news.com\/pt\/hugo-vaz-de-oliveira-reforca-equipa-da-f5c-meios-publicidade\/#breadcrumb"},"inLanguage":"pt-PT","potentialAction":[{"@type":"ReadAction","target":["https:\/\/favorite-news.com\/pt\/hugo-vaz-de-oliveira-reforca-equipa-da-f5c-meios-publicidade\/"]}]},{"@type":"ImageObject","inLanguage":"pt-PT","@id":"https:\/\/favorite-news.com\/pt\/hugo-vaz-de-oliveira-reforca-equipa-da-f5c-meios-publicidade\/#primaryimage","url":"https:\/\/favorite-news.com\/pt\/wp-content\/uploads\/sites\/2\/2021\/07\/Hugo-Vaz-de-Oliveira-reforca-equipa-da-F5C-Meios.jpg","contentUrl":"https:\/\/favorite-news.com\/pt\/wp-content\/uploads\/sites\/2\/2021\/07\/Hugo-Vaz-de-Oliveira-reforca-equipa-da-F5C-Meios.jpg","width":300,"height":300,"caption":"Hugo Vaz de Oliveira refor\u00e7a equipa da F5C - Meios & Publicidade"},{"@type":"BreadcrumbList","@id":"https:\/\/favorite-news.com\/pt\/hugo-vaz-de-oliveira-reforca-equipa-da-f5c-meios-publicidade\/#breadcrumb","itemListElement":[{"@type":"ListItem","position":1,"name":"Home","item":"https:\/\/favorite-news.com\/pt\/"},{"@type":"ListItem","position":2,"name":"Hugo Vaz de Oliveira refor\u00e7a equipa da F5C &#8211; Meios &#038; Publicidade"}]},{"@type":"WebSite","@id":"https:\/\/favorite-news.com\/pt\/#website","url":"https:\/\/favorite-news.com\/pt\/","name":"Favorite News","description":"Favorite News Portugal","potentialAction":[{"@type":"SearchAction","target":{"@type":"EntryPoint","urlTemplate":"https:\/\/favorite-news.com\/pt\/?s={search_term_string}"},"query-input":{"@type":"PropertyValueSpecification","valueRequired":true,"valueName":"search_term_string"}}],"inLanguage":"pt-PT"},{"@type":"Person","@id":"https:\/\/favorite-news.com\/pt\/#\/schema\/person\/b91573b717dcfa5e4696032a9d28d3e8","name":"favorite-news","image":{"@type":"ImageObject","inLanguage":"pt-PT","@id":"https:\/\/secure.gravatar.com\/avatar\/6c5a5cb12b74e9d517ee91cf570335b7d16177f1977cc91db161adfa435945a7?s=96&d=mm&r=g","url":"https:\/\/secure.gravatar.com\/avatar\/6c5a5cb12b74e9d517ee91cf570335b7d16177f1977cc91db161adfa435945a7?s=96&d=mm&r=g","contentUrl":"https:\/\/secure.gravatar.com\/avatar\/6c5a5cb12b74e9d517ee91cf570335b7d16177f1977cc91db161adfa435945a7?s=96&d=mm&r=g","caption":"favorite-news"},"url":"https:\/\/favorite-news.com\/pt\/author\/pt\/"}]}},"_links":{"self":[{"href":"https:\/\/favorite-news.com\/pt\/wp-json\/wp\/v2\/posts\/10633","targetHints":{"allow":["GET"]}}],"collection":[{"href":"https:\/\/favorite-news.com\/pt\/wp-json\/wp\/v2\/posts"}],"about":[{"href":"https:\/\/favorite-news.com\/pt\/wp-json\/wp\/v2\/types\/post"}],"author":[{"embeddable":true,"href":"https:\/\/favorite-news.com\/pt\/wp-json\/wp\/v2\/users\/2"}],"replies":[{"embeddable":true,"href":"https:\/\/favorite-news.com\/pt\/wp-json\/wp\/v2\/comments?post=10633"}],"version-history":[{"count":1,"href":"https:\/\/favorite-news.com\/pt\/wp-json\/wp\/v2\/posts\/10633\/revisions"}],"predecessor-version":[{"id":10635,"href":"https:\/\/favorite-news.com\/pt\/wp-json\/wp\/v2\/posts\/10633\/revisions\/10635"}],"wp:featuredmedia":[{"embeddable":true,"href":"https:\/\/favorite-news.com\/pt\/wp-json\/wp\/v2\/media\/10634"}],"wp:attachment":[{"href":"https:\/\/favorite-news.com\/pt\/wp-json\/wp\/v2\/media?parent=10633"}],"wp:term":[{"taxonomy":"category","embeddable":true,"href":"https:\/\/favorite-news.com\/pt\/wp-json\/wp\/v2\/categories?post=10633"},{"taxonomy":"post_tag","embeddable":true,"href":"https:\/\/favorite-news.com\/pt\/wp-json\/wp\/v2\/tags?post=10633"}],"curies":[{"name":"wp","href":"https:\/\/api.w.org\/{rel}","templated":true}]}}