{"id":10612,"date":"2021-07-01T06:03:18","date_gmt":"2021-07-01T03:03:18","guid":{"rendered":"https:\/\/favorite-news.com\/pt\/maria-domingas-carvalhosa-sucede-a-teresa-figueira-na-presidencia-da-apecom-meios-publicidade\/"},"modified":"2021-07-01T06:03:23","modified_gmt":"2021-07-01T03:03:23","slug":"maria-domingas-carvalhosa-sucede-a-teresa-figueira-na-presidencia-da-apecom-meios-publicidade","status":"publish","type":"post","link":"https:\/\/favorite-news.com\/pt\/maria-domingas-carvalhosa-sucede-a-teresa-figueira-na-presidencia-da-apecom-meios-publicidade\/","title":{"rendered":"Maria Domingas Carvalhosa sucede a Teresa Figueira na presid\u00eancia da APECOM &#8211; Meios &#038; Publicidade"},"content":{"rendered":"<p>\t\t\t\tPor Pedro Dur\u00e3es a 30 de Junho de 2021<\/p>\n<p>\t\t\tMaria Domingas Carvalhosa, CEO da Wisdom Consulting, \u00e9 a nova presidente da APECOM, sucedendo a Teresa Figueira. A profissional ser\u00e1 acompanhada, na estrutura directiva da associa\u00e7\u00e3o que representa as consultoras de comunica\u00e7\u00e3o e cujos \u00f3rg\u00e3os sociais foram eleitos na assembleia-geral da passada sexta-feira, por Ricardo Salvo (Cunha Vaz &amp; Associados), Jos\u00e9 Franco (Corpcom), Sofia Gaio (F5C), Francisco Teixeira (Hill+Knowlton Strategies), Maria Jo\u00e3o Soares (JLM) e Tiago Vidal (LLYC), todos como vice-presidentes.<br \/>\n\u201cRefletir, redefinir e reposicionar o sector da comunica\u00e7\u00e3o\u201d, bem como \u201cactuar em mat\u00e9rias t\u00e3o distintas e determinantes como, entre outras, a necess\u00e1ria regulamenta\u00e7\u00e3o da actividade profissional da representa\u00e7\u00e3o de interesses leg\u00edtimos, a comunica\u00e7\u00e3o digital ou a activa\u00e7\u00e3o de marca\u201d est\u00e3o entre os objectivos tra\u00e7ados pelo novo executivo da associa\u00e7\u00e3o. \u201cAtrav\u00e9s de um esfor\u00e7o de unidade entre todos os seus associados\u201d, a nova direc\u00e7\u00e3o da APECOM pretende igualmente \u201cfazer face aos novos desafios e exig\u00eancias que as mudan\u00e7as que j\u00e1 se vislumbram na nossa sociedade, aceleradas por esta recente pandemia, vieram colocar \u00e0s consultoras\u201d.<br \/>\nTeresa Figueira, que se mudou recentemente para a Central de Informa\u00e7\u00e3o, assume a presid\u00eancia da assembleia geral ap\u00f3s ter presidido \u00e0 \u00faltima direc\u00e7\u00e3o, entre 2019 e 2021. J\u00e1 a presid\u00eancia do conselho iscal fica com Salvador da Cunha, CEO do grupo Lift. Integram ainda estes dois \u00f3rg\u00e3os, Daniel Vaz (M Public Relations), Ant\u00f3nio Jos\u00e9 Laranjeira (Midlandcom), Mariana Vitorino (Porter Novelli) e Renato P\u00f3voas (Guess What).<\/p>\n<p>\n<!--noindex--><br \/>\n<a href=\"https:\/\/www.meiosepublicidade.pt\/2021\/06\/maria-domingas-carvalhosa-sucede-a-teresa-figueira-na-presidencia-da-apecom\/?utm_source=rss&#038;utm_medium=rss&#038;utm_campaign=maria-domingas-carvalhosa-sucede-a-teresa-figueira-na-presidencia-da-apecom\" rel=\"nofollow\">Source link <\/a><br \/>\n<!--\/noindex--><\/p>\n","protected":false},"excerpt":{"rendered":"<p>Por Pedro Dur\u00e3es a 30 de Junho de 2021 Maria Domingas Carvalhosa, CEO da Wisdom Consulting, \u00e9 a nova presidente da APECOM, sucedendo a Teresa Figueira. A profissional ser\u00e1 acompanhada, na estrutura directiva da associa\u00e7\u00e3o que representa as consultoras de comunica\u00e7\u00e3o e cujos \u00f3rg\u00e3os sociais foram eleitos na assembleia-geral da passada sexta-feira, por Ricardo Salvo [&hellip;]<\/p>\n","protected":false},"author":2,"featured_media":10613,"comment_status":"open","ping_status":"open","sticky":false,"template":"","format":"standard","meta":{"footnotes":""},"categories":[3],"tags":[],"class_list":["post-10612","post","type-post","status-publish","format-standard","has-post-thumbnail","hentry","category-noticias-de-marketing-na-internet"],"yoast_head":"<!-- This site is optimized with the Yoast SEO plugin v27.4 - https:\/\/yoast.com\/product\/yoast-seo-wordpress\/ -->\n<title>Maria Domingas Carvalhosa sucede a Teresa Figueira na presid\u00eancia da APECOM - Meios &amp; Publicidade - Favorite News<\/title>\n<meta name=\"robots\" content=\"index, follow, max-snippet:-1, max-image-preview:large, max-video-preview:-1\" \/>\n<link rel=\"canonical\" href=\"https:\/\/favorite-news.com\/pt\/maria-domingas-carvalhosa-sucede-a-teresa-figueira-na-presidencia-da-apecom-meios-publicidade\/\" \/>\n<meta property=\"og:locale\" content=\"pt_PT\" \/>\n<meta property=\"og:type\" content=\"article\" \/>\n<meta property=\"og:title\" content=\"Maria Domingas Carvalhosa sucede a Teresa Figueira na presid\u00eancia da APECOM - Meios &amp; Publicidade - Favorite News\" \/>\n<meta property=\"og:description\" content=\"Por Pedro Dur\u00e3es a 30 de Junho de 2021 Maria Domingas Carvalhosa, CEO da Wisdom Consulting, \u00e9 a nova presidente da APECOM, sucedendo a Teresa Figueira. A profissional ser\u00e1 acompanhada, na estrutura directiva da associa\u00e7\u00e3o que representa as consultoras de comunica\u00e7\u00e3o e cujos \u00f3rg\u00e3os sociais foram eleitos na assembleia-geral da passada sexta-feira, por Ricardo Salvo [&hellip;]\" \/>\n<meta property=\"og:url\" content=\"https:\/\/favorite-news.com\/pt\/maria-domingas-carvalhosa-sucede-a-teresa-figueira-na-presidencia-da-apecom-meios-publicidade\/\" \/>\n<meta property=\"og:site_name\" content=\"Favorite News\" \/>\n<meta property=\"article:published_time\" content=\"2021-07-01T03:03:18+00:00\" \/>\n<meta property=\"article:modified_time\" content=\"2021-07-01T03:03:23+00:00\" \/>\n<meta property=\"og:image\" content=\"https:\/\/favorite-news.com\/pt\/wp-content\/uploads\/sites\/2\/2021\/07\/Maria-Domingas-Carvalhosa-sucede-a-Teresa-Figueira-na-presidencia-da.jpg\" \/>\n\t<meta property=\"og:image:width\" content=\"913\" \/>\n\t<meta property=\"og:image:height\" content=\"409\" \/>\n\t<meta property=\"og:image:type\" content=\"image\/jpeg\" \/>\n<meta name=\"author\" content=\"favorite-news\" \/>\n<meta name=\"twitter:card\" content=\"summary_large_image\" \/>\n<meta name=\"twitter:label1\" content=\"Escrito por\" \/>\n\t<meta name=\"twitter:data1\" content=\"favorite-news\" \/>\n\t<meta name=\"twitter:label2\" content=\"Tempo estimado de leitura\" \/>\n\t<meta name=\"twitter:data2\" content=\"1 minuto\" \/>\n<script type=\"application\/ld+json\" class=\"yoast-schema-graph\">{\"@context\":\"https:\\\/\\\/schema.org\",\"@graph\":[{\"@type\":\"Article\",\"@id\":\"https:\\\/\\\/favorite-news.com\\\/pt\\\/maria-domingas-carvalhosa-sucede-a-teresa-figueira-na-presidencia-da-apecom-meios-publicidade\\\/#article\",\"isPartOf\":{\"@id\":\"https:\\\/\\\/favorite-news.com\\\/pt\\\/maria-domingas-carvalhosa-sucede-a-teresa-figueira-na-presidencia-da-apecom-meios-publicidade\\\/\"},\"author\":{\"name\":\"favorite-news\",\"@id\":\"https:\\\/\\\/favorite-news.com\\\/pt\\\/#\\\/schema\\\/person\\\/b91573b717dcfa5e4696032a9d28d3e8\"},\"headline\":\"Maria Domingas Carvalhosa sucede a Teresa Figueira na presid\u00eancia da APECOM &#8211; Meios &#038; Publicidade\",\"datePublished\":\"2021-07-01T03:03:18+00:00\",\"dateModified\":\"2021-07-01T03:03:23+00:00\",\"mainEntityOfPage\":{\"@id\":\"https:\\\/\\\/favorite-news.com\\\/pt\\\/maria-domingas-carvalhosa-sucede-a-teresa-figueira-na-presidencia-da-apecom-meios-publicidade\\\/\"},\"wordCount\":281,\"commentCount\":0,\"image\":{\"@id\":\"https:\\\/\\\/favorite-news.com\\\/pt\\\/maria-domingas-carvalhosa-sucede-a-teresa-figueira-na-presidencia-da-apecom-meios-publicidade\\\/#primaryimage\"},\"thumbnailUrl\":\"https:\\\/\\\/favorite-news.com\\\/pt\\\/wp-content\\\/uploads\\\/sites\\\/2\\\/2021\\\/07\\\/Maria-Domingas-Carvalhosa-sucede-a-Teresa-Figueira-na-presidencia-da.jpg\",\"articleSection\":[\"NOT\u00cdCIAS DE MARKETING NA INTERNET\"],\"inLanguage\":\"pt-PT\",\"potentialAction\":[{\"@type\":\"CommentAction\",\"name\":\"Comment\",\"target\":[\"https:\\\/\\\/favorite-news.com\\\/pt\\\/maria-domingas-carvalhosa-sucede-a-teresa-figueira-na-presidencia-da-apecom-meios-publicidade\\\/#respond\"]}]},{\"@type\":\"WebPage\",\"@id\":\"https:\\\/\\\/favorite-news.com\\\/pt\\\/maria-domingas-carvalhosa-sucede-a-teresa-figueira-na-presidencia-da-apecom-meios-publicidade\\\/\",\"url\":\"https:\\\/\\\/favorite-news.com\\\/pt\\\/maria-domingas-carvalhosa-sucede-a-teresa-figueira-na-presidencia-da-apecom-meios-publicidade\\\/\",\"name\":\"Maria Domingas Carvalhosa sucede a Teresa Figueira na presid\u00eancia da APECOM - Meios & Publicidade - Favorite News\",\"isPartOf\":{\"@id\":\"https:\\\/\\\/favorite-news.com\\\/pt\\\/#website\"},\"primaryImageOfPage\":{\"@id\":\"https:\\\/\\\/favorite-news.com\\\/pt\\\/maria-domingas-carvalhosa-sucede-a-teresa-figueira-na-presidencia-da-apecom-meios-publicidade\\\/#primaryimage\"},\"image\":{\"@id\":\"https:\\\/\\\/favorite-news.com\\\/pt\\\/maria-domingas-carvalhosa-sucede-a-teresa-figueira-na-presidencia-da-apecom-meios-publicidade\\\/#primaryimage\"},\"thumbnailUrl\":\"https:\\\/\\\/favorite-news.com\\\/pt\\\/wp-content\\\/uploads\\\/sites\\\/2\\\/2021\\\/07\\\/Maria-Domingas-Carvalhosa-sucede-a-Teresa-Figueira-na-presidencia-da.jpg\",\"datePublished\":\"2021-07-01T03:03:18+00:00\",\"dateModified\":\"2021-07-01T03:03:23+00:00\",\"author\":{\"@id\":\"https:\\\/\\\/favorite-news.com\\\/pt\\\/#\\\/schema\\\/person\\\/b91573b717dcfa5e4696032a9d28d3e8\"},\"breadcrumb\":{\"@id\":\"https:\\\/\\\/favorite-news.com\\\/pt\\\/maria-domingas-carvalhosa-sucede-a-teresa-figueira-na-presidencia-da-apecom-meios-publicidade\\\/#breadcrumb\"},\"inLanguage\":\"pt-PT\",\"potentialAction\":[{\"@type\":\"ReadAction\",\"target\":[\"https:\\\/\\\/favorite-news.com\\\/pt\\\/maria-domingas-carvalhosa-sucede-a-teresa-figueira-na-presidencia-da-apecom-meios-publicidade\\\/\"]}]},{\"@type\":\"ImageObject\",\"inLanguage\":\"pt-PT\",\"@id\":\"https:\\\/\\\/favorite-news.com\\\/pt\\\/maria-domingas-carvalhosa-sucede-a-teresa-figueira-na-presidencia-da-apecom-meios-publicidade\\\/#primaryimage\",\"url\":\"https:\\\/\\\/favorite-news.com\\\/pt\\\/wp-content\\\/uploads\\\/sites\\\/2\\\/2021\\\/07\\\/Maria-Domingas-Carvalhosa-sucede-a-Teresa-Figueira-na-presidencia-da.jpg\",\"contentUrl\":\"https:\\\/\\\/favorite-news.com\\\/pt\\\/wp-content\\\/uploads\\\/sites\\\/2\\\/2021\\\/07\\\/Maria-Domingas-Carvalhosa-sucede-a-Teresa-Figueira-na-presidencia-da.jpg\",\"width\":913,\"height\":409,\"caption\":\"Maria Domingas Carvalhosa sucede a Teresa Figueira na presid\u00eancia da APECOM - Meios & Publicidade\"},{\"@type\":\"BreadcrumbList\",\"@id\":\"https:\\\/\\\/favorite-news.com\\\/pt\\\/maria-domingas-carvalhosa-sucede-a-teresa-figueira-na-presidencia-da-apecom-meios-publicidade\\\/#breadcrumb\",\"itemListElement\":[{\"@type\":\"ListItem\",\"position\":1,\"name\":\"Home\",\"item\":\"https:\\\/\\\/favorite-news.com\\\/pt\\\/\"},{\"@type\":\"ListItem\",\"position\":2,\"name\":\"Maria Domingas Carvalhosa sucede a Teresa Figueira na presid\u00eancia da APECOM &#8211; Meios &#038; Publicidade\"}]},{\"@type\":\"WebSite\",\"@id\":\"https:\\\/\\\/favorite-news.com\\\/pt\\\/#website\",\"url\":\"https:\\\/\\\/favorite-news.com\\\/pt\\\/\",\"name\":\"Favorite News\",\"description\":\"Favorite News Portugal\",\"potentialAction\":[{\"@type\":\"SearchAction\",\"target\":{\"@type\":\"EntryPoint\",\"urlTemplate\":\"https:\\\/\\\/favorite-news.com\\\/pt\\\/?s={search_term_string}\"},\"query-input\":{\"@type\":\"PropertyValueSpecification\",\"valueRequired\":true,\"valueName\":\"search_term_string\"}}],\"inLanguage\":\"pt-PT\"},{\"@type\":\"Person\",\"@id\":\"https:\\\/\\\/favorite-news.com\\\/pt\\\/#\\\/schema\\\/person\\\/b91573b717dcfa5e4696032a9d28d3e8\",\"name\":\"favorite-news\",\"image\":{\"@type\":\"ImageObject\",\"inLanguage\":\"pt-PT\",\"@id\":\"https:\\\/\\\/secure.gravatar.com\\\/avatar\\\/6c5a5cb12b74e9d517ee91cf570335b7d16177f1977cc91db161adfa435945a7?s=96&d=mm&r=g\",\"url\":\"https:\\\/\\\/secure.gravatar.com\\\/avatar\\\/6c5a5cb12b74e9d517ee91cf570335b7d16177f1977cc91db161adfa435945a7?s=96&d=mm&r=g\",\"contentUrl\":\"https:\\\/\\\/secure.gravatar.com\\\/avatar\\\/6c5a5cb12b74e9d517ee91cf570335b7d16177f1977cc91db161adfa435945a7?s=96&d=mm&r=g\",\"caption\":\"favorite-news\"},\"url\":\"https:\\\/\\\/favorite-news.com\\\/pt\\\/author\\\/pt\\\/\"}]}<\/script>\n<!-- \/ Yoast SEO plugin. -->","yoast_head_json":{"title":"Maria Domingas Carvalhosa sucede a Teresa Figueira na presid\u00eancia da APECOM - Meios & Publicidade - Favorite News","robots":{"index":"index","follow":"follow","max-snippet":"max-snippet:-1","max-image-preview":"max-image-preview:large","max-video-preview":"max-video-preview:-1"},"canonical":"https:\/\/favorite-news.com\/pt\/maria-domingas-carvalhosa-sucede-a-teresa-figueira-na-presidencia-da-apecom-meios-publicidade\/","og_locale":"pt_PT","og_type":"article","og_title":"Maria Domingas Carvalhosa sucede a Teresa Figueira na presid\u00eancia da APECOM - Meios & Publicidade - Favorite News","og_description":"Por Pedro Dur\u00e3es a 30 de Junho de 2021 Maria Domingas Carvalhosa, CEO da Wisdom Consulting, \u00e9 a nova presidente da APECOM, sucedendo a Teresa Figueira. A profissional ser\u00e1 acompanhada, na estrutura directiva da associa\u00e7\u00e3o que representa as consultoras de comunica\u00e7\u00e3o e cujos \u00f3rg\u00e3os sociais foram eleitos na assembleia-geral da passada sexta-feira, por Ricardo Salvo [&hellip;]","og_url":"https:\/\/favorite-news.com\/pt\/maria-domingas-carvalhosa-sucede-a-teresa-figueira-na-presidencia-da-apecom-meios-publicidade\/","og_site_name":"Favorite News","article_published_time":"2021-07-01T03:03:18+00:00","article_modified_time":"2021-07-01T03:03:23+00:00","og_image":[{"width":913,"height":409,"url":"https:\/\/favorite-news.com\/pt\/wp-content\/uploads\/sites\/2\/2021\/07\/Maria-Domingas-Carvalhosa-sucede-a-Teresa-Figueira-na-presidencia-da.jpg","type":"image\/jpeg"}],"author":"favorite-news","twitter_card":"summary_large_image","twitter_misc":{"Escrito por":"favorite-news","Tempo estimado de leitura":"1 minuto"},"schema":{"@context":"https:\/\/schema.org","@graph":[{"@type":"Article","@id":"https:\/\/favorite-news.com\/pt\/maria-domingas-carvalhosa-sucede-a-teresa-figueira-na-presidencia-da-apecom-meios-publicidade\/#article","isPartOf":{"@id":"https:\/\/favorite-news.com\/pt\/maria-domingas-carvalhosa-sucede-a-teresa-figueira-na-presidencia-da-apecom-meios-publicidade\/"},"author":{"name":"favorite-news","@id":"https:\/\/favorite-news.com\/pt\/#\/schema\/person\/b91573b717dcfa5e4696032a9d28d3e8"},"headline":"Maria Domingas Carvalhosa sucede a Teresa Figueira na presid\u00eancia da APECOM &#8211; Meios &#038; Publicidade","datePublished":"2021-07-01T03:03:18+00:00","dateModified":"2021-07-01T03:03:23+00:00","mainEntityOfPage":{"@id":"https:\/\/favorite-news.com\/pt\/maria-domingas-carvalhosa-sucede-a-teresa-figueira-na-presidencia-da-apecom-meios-publicidade\/"},"wordCount":281,"commentCount":0,"image":{"@id":"https:\/\/favorite-news.com\/pt\/maria-domingas-carvalhosa-sucede-a-teresa-figueira-na-presidencia-da-apecom-meios-publicidade\/#primaryimage"},"thumbnailUrl":"https:\/\/favorite-news.com\/pt\/wp-content\/uploads\/sites\/2\/2021\/07\/Maria-Domingas-Carvalhosa-sucede-a-Teresa-Figueira-na-presidencia-da.jpg","articleSection":["NOT\u00cdCIAS DE MARKETING NA INTERNET"],"inLanguage":"pt-PT","potentialAction":[{"@type":"CommentAction","name":"Comment","target":["https:\/\/favorite-news.com\/pt\/maria-domingas-carvalhosa-sucede-a-teresa-figueira-na-presidencia-da-apecom-meios-publicidade\/#respond"]}]},{"@type":"WebPage","@id":"https:\/\/favorite-news.com\/pt\/maria-domingas-carvalhosa-sucede-a-teresa-figueira-na-presidencia-da-apecom-meios-publicidade\/","url":"https:\/\/favorite-news.com\/pt\/maria-domingas-carvalhosa-sucede-a-teresa-figueira-na-presidencia-da-apecom-meios-publicidade\/","name":"Maria Domingas Carvalhosa sucede a Teresa Figueira na presid\u00eancia da APECOM - Meios & Publicidade - Favorite News","isPartOf":{"@id":"https:\/\/favorite-news.com\/pt\/#website"},"primaryImageOfPage":{"@id":"https:\/\/favorite-news.com\/pt\/maria-domingas-carvalhosa-sucede-a-teresa-figueira-na-presidencia-da-apecom-meios-publicidade\/#primaryimage"},"image":{"@id":"https:\/\/favorite-news.com\/pt\/maria-domingas-carvalhosa-sucede-a-teresa-figueira-na-presidencia-da-apecom-meios-publicidade\/#primaryimage"},"thumbnailUrl":"https:\/\/favorite-news.com\/pt\/wp-content\/uploads\/sites\/2\/2021\/07\/Maria-Domingas-Carvalhosa-sucede-a-Teresa-Figueira-na-presidencia-da.jpg","datePublished":"2021-07-01T03:03:18+00:00","dateModified":"2021-07-01T03:03:23+00:00","author":{"@id":"https:\/\/favorite-news.com\/pt\/#\/schema\/person\/b91573b717dcfa5e4696032a9d28d3e8"},"breadcrumb":{"@id":"https:\/\/favorite-news.com\/pt\/maria-domingas-carvalhosa-sucede-a-teresa-figueira-na-presidencia-da-apecom-meios-publicidade\/#breadcrumb"},"inLanguage":"pt-PT","potentialAction":[{"@type":"ReadAction","target":["https:\/\/favorite-news.com\/pt\/maria-domingas-carvalhosa-sucede-a-teresa-figueira-na-presidencia-da-apecom-meios-publicidade\/"]}]},{"@type":"ImageObject","inLanguage":"pt-PT","@id":"https:\/\/favorite-news.com\/pt\/maria-domingas-carvalhosa-sucede-a-teresa-figueira-na-presidencia-da-apecom-meios-publicidade\/#primaryimage","url":"https:\/\/favorite-news.com\/pt\/wp-content\/uploads\/sites\/2\/2021\/07\/Maria-Domingas-Carvalhosa-sucede-a-Teresa-Figueira-na-presidencia-da.jpg","contentUrl":"https:\/\/favorite-news.com\/pt\/wp-content\/uploads\/sites\/2\/2021\/07\/Maria-Domingas-Carvalhosa-sucede-a-Teresa-Figueira-na-presidencia-da.jpg","width":913,"height":409,"caption":"Maria Domingas Carvalhosa sucede a Teresa Figueira na presid\u00eancia da APECOM - Meios & Publicidade"},{"@type":"BreadcrumbList","@id":"https:\/\/favorite-news.com\/pt\/maria-domingas-carvalhosa-sucede-a-teresa-figueira-na-presidencia-da-apecom-meios-publicidade\/#breadcrumb","itemListElement":[{"@type":"ListItem","position":1,"name":"Home","item":"https:\/\/favorite-news.com\/pt\/"},{"@type":"ListItem","position":2,"name":"Maria Domingas Carvalhosa sucede a Teresa Figueira na presid\u00eancia da APECOM &#8211; Meios &#038; Publicidade"}]},{"@type":"WebSite","@id":"https:\/\/favorite-news.com\/pt\/#website","url":"https:\/\/favorite-news.com\/pt\/","name":"Favorite News","description":"Favorite News Portugal","potentialAction":[{"@type":"SearchAction","target":{"@type":"EntryPoint","urlTemplate":"https:\/\/favorite-news.com\/pt\/?s={search_term_string}"},"query-input":{"@type":"PropertyValueSpecification","valueRequired":true,"valueName":"search_term_string"}}],"inLanguage":"pt-PT"},{"@type":"Person","@id":"https:\/\/favorite-news.com\/pt\/#\/schema\/person\/b91573b717dcfa5e4696032a9d28d3e8","name":"favorite-news","image":{"@type":"ImageObject","inLanguage":"pt-PT","@id":"https:\/\/secure.gravatar.com\/avatar\/6c5a5cb12b74e9d517ee91cf570335b7d16177f1977cc91db161adfa435945a7?s=96&d=mm&r=g","url":"https:\/\/secure.gravatar.com\/avatar\/6c5a5cb12b74e9d517ee91cf570335b7d16177f1977cc91db161adfa435945a7?s=96&d=mm&r=g","contentUrl":"https:\/\/secure.gravatar.com\/avatar\/6c5a5cb12b74e9d517ee91cf570335b7d16177f1977cc91db161adfa435945a7?s=96&d=mm&r=g","caption":"favorite-news"},"url":"https:\/\/favorite-news.com\/pt\/author\/pt\/"}]}},"_links":{"self":[{"href":"https:\/\/favorite-news.com\/pt\/wp-json\/wp\/v2\/posts\/10612","targetHints":{"allow":["GET"]}}],"collection":[{"href":"https:\/\/favorite-news.com\/pt\/wp-json\/wp\/v2\/posts"}],"about":[{"href":"https:\/\/favorite-news.com\/pt\/wp-json\/wp\/v2\/types\/post"}],"author":[{"embeddable":true,"href":"https:\/\/favorite-news.com\/pt\/wp-json\/wp\/v2\/users\/2"}],"replies":[{"embeddable":true,"href":"https:\/\/favorite-news.com\/pt\/wp-json\/wp\/v2\/comments?post=10612"}],"version-history":[{"count":1,"href":"https:\/\/favorite-news.com\/pt\/wp-json\/wp\/v2\/posts\/10612\/revisions"}],"predecessor-version":[{"id":10614,"href":"https:\/\/favorite-news.com\/pt\/wp-json\/wp\/v2\/posts\/10612\/revisions\/10614"}],"wp:featuredmedia":[{"embeddable":true,"href":"https:\/\/favorite-news.com\/pt\/wp-json\/wp\/v2\/media\/10613"}],"wp:attachment":[{"href":"https:\/\/favorite-news.com\/pt\/wp-json\/wp\/v2\/media?parent=10612"}],"wp:term":[{"taxonomy":"category","embeddable":true,"href":"https:\/\/favorite-news.com\/pt\/wp-json\/wp\/v2\/categories?post=10612"},{"taxonomy":"post_tag","embeddable":true,"href":"https:\/\/favorite-news.com\/pt\/wp-json\/wp\/v2\/tags?post=10612"}],"curies":[{"name":"wp","href":"https:\/\/api.w.org\/{rel}","templated":true}]}}