{"id":10597,"date":"2021-06-29T17:54:30","date_gmt":"2021-06-29T14:54:30","guid":{"rendered":"https:\/\/favorite-news.com\/pt\/lidl-vai-abrir-supermercado-na-area-de-servico-da-a5-meios-publicidade\/"},"modified":"2021-06-29T17:54:33","modified_gmt":"2021-06-29T14:54:33","slug":"lidl-vai-abrir-supermercado-na-area-de-servico-da-a5-meios-publicidade","status":"publish","type":"post","link":"https:\/\/favorite-news.com\/pt\/lidl-vai-abrir-supermercado-na-area-de-servico-da-a5-meios-publicidade\/","title":{"rendered":"Lidl vai abrir supermercado na \u00e1rea de servi\u00e7o da A5 &#8211; Meios &#038; Publicidade"},"content":{"rendered":"<p>\t\t\t\tPor Rui Oliveira Marques a 29 de Junho de 2021<\/p>\n<p>\t\t\tO Lidl\u00a0 est\u00e1 a construir um novo supermercado na servi\u00e7o da A5, na direc\u00e7\u00e3o Lisboa-Cascais. Fonte oficial da marca refere ao M&amp;P que a nova localiza\u00e7\u00e3o na \u00e1rea de servi\u00e7o da auto-estrada \u201cespelha o conceito de conveni\u00eancia que procuramos proporcionar aos nossos clientes, uma vez que se trata de uma loja situada numa das principais art\u00e9rias da zona de Lisboa, muito frequentada por quem faz desloca\u00e7\u00f5es de e para o trabalho, diariamente, que desta forma poupa tempo, sem necessidade de desloca\u00e7\u00f5es adicionais para compras habituais ou de \u00faltima hora.\u201d<br \/>\nA empresa prefere n\u00e3o adiantar quais ser\u00e3o as caracter\u00edsticas da nova loja ou a data prevista para a abertura. O supermercado ir\u00e1 ocupar um edif\u00edcio de raiz que est\u00e1 neste momento a ser constru\u00eddo e que ter\u00e1 um parque de estacionamento pr\u00f3prio. A \u00e1rea de servi\u00e7o conta com uma bomba da Galp e uma loja Tangerina, assim como um restaurante McDonald\u2019s, uma loja Via Verde e uma oficina MForce.<\/p>\n<p>\n<!--noindex--><br \/>\n<a href=\"https:\/\/www.meiosepublicidade.pt\/2021\/06\/lidl-vai-abrir-supermercado-na-area-de-servico-da-a5\/?utm_source=rss&#038;utm_medium=rss&#038;utm_campaign=lidl-vai-abrir-supermercado-na-area-de-servico-da-a5\" rel=\"nofollow\">Source link <\/a><br \/>\n<!--\/noindex--><\/p>\n","protected":false},"excerpt":{"rendered":"<p>Por Rui Oliveira Marques a 29 de Junho de 2021 O Lidl\u00a0 est\u00e1 a construir um novo supermercado na servi\u00e7o da A5, na direc\u00e7\u00e3o Lisboa-Cascais. Fonte oficial da marca refere ao M&amp;P que a nova localiza\u00e7\u00e3o na \u00e1rea de servi\u00e7o da auto-estrada \u201cespelha o conceito de conveni\u00eancia que procuramos proporcionar aos nossos clientes, uma vez [&hellip;]<\/p>\n","protected":false},"author":2,"featured_media":10598,"comment_status":"open","ping_status":"open","sticky":false,"template":"","format":"standard","meta":{"footnotes":""},"categories":[3],"tags":[],"class_list":["post-10597","post","type-post","status-publish","format-standard","has-post-thumbnail","hentry","category-noticias-de-marketing-na-internet"],"yoast_head":"<!-- This site is optimized with the Yoast SEO plugin v27.4 - https:\/\/yoast.com\/product\/yoast-seo-wordpress\/ -->\n<title>Lidl vai abrir supermercado na \u00e1rea de servi\u00e7o da A5 - Meios &amp; Publicidade - Favorite News<\/title>\n<meta name=\"robots\" content=\"index, follow, max-snippet:-1, max-image-preview:large, max-video-preview:-1\" \/>\n<link rel=\"canonical\" href=\"https:\/\/favorite-news.com\/pt\/lidl-vai-abrir-supermercado-na-area-de-servico-da-a5-meios-publicidade\/\" \/>\n<meta property=\"og:locale\" content=\"pt_PT\" \/>\n<meta property=\"og:type\" content=\"article\" \/>\n<meta property=\"og:title\" content=\"Lidl vai abrir supermercado na \u00e1rea de servi\u00e7o da A5 - Meios &amp; Publicidade - Favorite News\" \/>\n<meta property=\"og:description\" content=\"Por Rui Oliveira Marques a 29 de Junho de 2021 O Lidl\u00a0 est\u00e1 a construir um novo supermercado na servi\u00e7o da A5, na direc\u00e7\u00e3o Lisboa-Cascais. Fonte oficial da marca refere ao M&amp;P que a nova localiza\u00e7\u00e3o na \u00e1rea de servi\u00e7o da auto-estrada \u201cespelha o conceito de conveni\u00eancia que procuramos proporcionar aos nossos clientes, uma vez [&hellip;]\" \/>\n<meta property=\"og:url\" content=\"https:\/\/favorite-news.com\/pt\/lidl-vai-abrir-supermercado-na-area-de-servico-da-a5-meios-publicidade\/\" \/>\n<meta property=\"og:site_name\" content=\"Favorite News\" \/>\n<meta property=\"article:published_time\" content=\"2021-06-29T14:54:30+00:00\" \/>\n<meta property=\"article:modified_time\" content=\"2021-06-29T14:54:33+00:00\" \/>\n<meta property=\"og:image\" content=\"https:\/\/favorite-news.com\/pt\/wp-content\/uploads\/sites\/2\/2021\/06\/Lidl-vai-abrir-supermercado-na-area-de-servico-da-A5.jpg\" \/>\n\t<meta property=\"og:image:width\" content=\"714\" \/>\n\t<meta property=\"og:image:height\" content=\"330\" \/>\n\t<meta property=\"og:image:type\" content=\"image\/jpeg\" \/>\n<meta name=\"author\" content=\"favorite-news\" \/>\n<meta name=\"twitter:card\" content=\"summary_large_image\" \/>\n<meta name=\"twitter:label1\" content=\"Escrito por\" \/>\n\t<meta name=\"twitter:data1\" content=\"favorite-news\" \/>\n\t<meta name=\"twitter:label2\" content=\"Tempo estimado de leitura\" \/>\n\t<meta name=\"twitter:data2\" content=\"1 minuto\" \/>\n<script type=\"application\/ld+json\" class=\"yoast-schema-graph\">{\"@context\":\"https:\\\/\\\/schema.org\",\"@graph\":[{\"@type\":\"Article\",\"@id\":\"https:\\\/\\\/favorite-news.com\\\/pt\\\/lidl-vai-abrir-supermercado-na-area-de-servico-da-a5-meios-publicidade\\\/#article\",\"isPartOf\":{\"@id\":\"https:\\\/\\\/favorite-news.com\\\/pt\\\/lidl-vai-abrir-supermercado-na-area-de-servico-da-a5-meios-publicidade\\\/\"},\"author\":{\"name\":\"favorite-news\",\"@id\":\"https:\\\/\\\/favorite-news.com\\\/pt\\\/#\\\/schema\\\/person\\\/b91573b717dcfa5e4696032a9d28d3e8\"},\"headline\":\"Lidl vai abrir supermercado na \u00e1rea de servi\u00e7o da A5 &#8211; Meios &#038; Publicidade\",\"datePublished\":\"2021-06-29T14:54:30+00:00\",\"dateModified\":\"2021-06-29T14:54:33+00:00\",\"mainEntityOfPage\":{\"@id\":\"https:\\\/\\\/favorite-news.com\\\/pt\\\/lidl-vai-abrir-supermercado-na-area-de-servico-da-a5-meios-publicidade\\\/\"},\"wordCount\":200,\"commentCount\":0,\"image\":{\"@id\":\"https:\\\/\\\/favorite-news.com\\\/pt\\\/lidl-vai-abrir-supermercado-na-area-de-servico-da-a5-meios-publicidade\\\/#primaryimage\"},\"thumbnailUrl\":\"https:\\\/\\\/favorite-news.com\\\/pt\\\/wp-content\\\/uploads\\\/sites\\\/2\\\/2021\\\/06\\\/Lidl-vai-abrir-supermercado-na-area-de-servico-da-A5.jpg\",\"articleSection\":[\"NOT\u00cdCIAS DE MARKETING NA INTERNET\"],\"inLanguage\":\"pt-PT\",\"potentialAction\":[{\"@type\":\"CommentAction\",\"name\":\"Comment\",\"target\":[\"https:\\\/\\\/favorite-news.com\\\/pt\\\/lidl-vai-abrir-supermercado-na-area-de-servico-da-a5-meios-publicidade\\\/#respond\"]}]},{\"@type\":\"WebPage\",\"@id\":\"https:\\\/\\\/favorite-news.com\\\/pt\\\/lidl-vai-abrir-supermercado-na-area-de-servico-da-a5-meios-publicidade\\\/\",\"url\":\"https:\\\/\\\/favorite-news.com\\\/pt\\\/lidl-vai-abrir-supermercado-na-area-de-servico-da-a5-meios-publicidade\\\/\",\"name\":\"Lidl vai abrir supermercado na \u00e1rea de servi\u00e7o da A5 - Meios & Publicidade - Favorite News\",\"isPartOf\":{\"@id\":\"https:\\\/\\\/favorite-news.com\\\/pt\\\/#website\"},\"primaryImageOfPage\":{\"@id\":\"https:\\\/\\\/favorite-news.com\\\/pt\\\/lidl-vai-abrir-supermercado-na-area-de-servico-da-a5-meios-publicidade\\\/#primaryimage\"},\"image\":{\"@id\":\"https:\\\/\\\/favorite-news.com\\\/pt\\\/lidl-vai-abrir-supermercado-na-area-de-servico-da-a5-meios-publicidade\\\/#primaryimage\"},\"thumbnailUrl\":\"https:\\\/\\\/favorite-news.com\\\/pt\\\/wp-content\\\/uploads\\\/sites\\\/2\\\/2021\\\/06\\\/Lidl-vai-abrir-supermercado-na-area-de-servico-da-A5.jpg\",\"datePublished\":\"2021-06-29T14:54:30+00:00\",\"dateModified\":\"2021-06-29T14:54:33+00:00\",\"author\":{\"@id\":\"https:\\\/\\\/favorite-news.com\\\/pt\\\/#\\\/schema\\\/person\\\/b91573b717dcfa5e4696032a9d28d3e8\"},\"breadcrumb\":{\"@id\":\"https:\\\/\\\/favorite-news.com\\\/pt\\\/lidl-vai-abrir-supermercado-na-area-de-servico-da-a5-meios-publicidade\\\/#breadcrumb\"},\"inLanguage\":\"pt-PT\",\"potentialAction\":[{\"@type\":\"ReadAction\",\"target\":[\"https:\\\/\\\/favorite-news.com\\\/pt\\\/lidl-vai-abrir-supermercado-na-area-de-servico-da-a5-meios-publicidade\\\/\"]}]},{\"@type\":\"ImageObject\",\"inLanguage\":\"pt-PT\",\"@id\":\"https:\\\/\\\/favorite-news.com\\\/pt\\\/lidl-vai-abrir-supermercado-na-area-de-servico-da-a5-meios-publicidade\\\/#primaryimage\",\"url\":\"https:\\\/\\\/favorite-news.com\\\/pt\\\/wp-content\\\/uploads\\\/sites\\\/2\\\/2021\\\/06\\\/Lidl-vai-abrir-supermercado-na-area-de-servico-da-A5.jpg\",\"contentUrl\":\"https:\\\/\\\/favorite-news.com\\\/pt\\\/wp-content\\\/uploads\\\/sites\\\/2\\\/2021\\\/06\\\/Lidl-vai-abrir-supermercado-na-area-de-servico-da-A5.jpg\",\"width\":714,\"height\":330,\"caption\":\"Lidl vai abrir supermercado na \u00e1rea de servi\u00e7o da A5 - Meios & Publicidade\"},{\"@type\":\"BreadcrumbList\",\"@id\":\"https:\\\/\\\/favorite-news.com\\\/pt\\\/lidl-vai-abrir-supermercado-na-area-de-servico-da-a5-meios-publicidade\\\/#breadcrumb\",\"itemListElement\":[{\"@type\":\"ListItem\",\"position\":1,\"name\":\"Home\",\"item\":\"https:\\\/\\\/favorite-news.com\\\/pt\\\/\"},{\"@type\":\"ListItem\",\"position\":2,\"name\":\"Lidl vai abrir supermercado na \u00e1rea de servi\u00e7o da A5 &#8211; Meios &#038; Publicidade\"}]},{\"@type\":\"WebSite\",\"@id\":\"https:\\\/\\\/favorite-news.com\\\/pt\\\/#website\",\"url\":\"https:\\\/\\\/favorite-news.com\\\/pt\\\/\",\"name\":\"Favorite News\",\"description\":\"Favorite News Portugal\",\"potentialAction\":[{\"@type\":\"SearchAction\",\"target\":{\"@type\":\"EntryPoint\",\"urlTemplate\":\"https:\\\/\\\/favorite-news.com\\\/pt\\\/?s={search_term_string}\"},\"query-input\":{\"@type\":\"PropertyValueSpecification\",\"valueRequired\":true,\"valueName\":\"search_term_string\"}}],\"inLanguage\":\"pt-PT\"},{\"@type\":\"Person\",\"@id\":\"https:\\\/\\\/favorite-news.com\\\/pt\\\/#\\\/schema\\\/person\\\/b91573b717dcfa5e4696032a9d28d3e8\",\"name\":\"favorite-news\",\"image\":{\"@type\":\"ImageObject\",\"inLanguage\":\"pt-PT\",\"@id\":\"https:\\\/\\\/secure.gravatar.com\\\/avatar\\\/6c5a5cb12b74e9d517ee91cf570335b7d16177f1977cc91db161adfa435945a7?s=96&d=mm&r=g\",\"url\":\"https:\\\/\\\/secure.gravatar.com\\\/avatar\\\/6c5a5cb12b74e9d517ee91cf570335b7d16177f1977cc91db161adfa435945a7?s=96&d=mm&r=g\",\"contentUrl\":\"https:\\\/\\\/secure.gravatar.com\\\/avatar\\\/6c5a5cb12b74e9d517ee91cf570335b7d16177f1977cc91db161adfa435945a7?s=96&d=mm&r=g\",\"caption\":\"favorite-news\"},\"url\":\"https:\\\/\\\/favorite-news.com\\\/pt\\\/author\\\/pt\\\/\"}]}<\/script>\n<!-- \/ Yoast SEO plugin. -->","yoast_head_json":{"title":"Lidl vai abrir supermercado na \u00e1rea de servi\u00e7o da A5 - Meios & Publicidade - Favorite News","robots":{"index":"index","follow":"follow","max-snippet":"max-snippet:-1","max-image-preview":"max-image-preview:large","max-video-preview":"max-video-preview:-1"},"canonical":"https:\/\/favorite-news.com\/pt\/lidl-vai-abrir-supermercado-na-area-de-servico-da-a5-meios-publicidade\/","og_locale":"pt_PT","og_type":"article","og_title":"Lidl vai abrir supermercado na \u00e1rea de servi\u00e7o da A5 - Meios & Publicidade - Favorite News","og_description":"Por Rui Oliveira Marques a 29 de Junho de 2021 O Lidl\u00a0 est\u00e1 a construir um novo supermercado na servi\u00e7o da A5, na direc\u00e7\u00e3o Lisboa-Cascais. Fonte oficial da marca refere ao M&amp;P que a nova localiza\u00e7\u00e3o na \u00e1rea de servi\u00e7o da auto-estrada \u201cespelha o conceito de conveni\u00eancia que procuramos proporcionar aos nossos clientes, uma vez [&hellip;]","og_url":"https:\/\/favorite-news.com\/pt\/lidl-vai-abrir-supermercado-na-area-de-servico-da-a5-meios-publicidade\/","og_site_name":"Favorite News","article_published_time":"2021-06-29T14:54:30+00:00","article_modified_time":"2021-06-29T14:54:33+00:00","og_image":[{"width":714,"height":330,"url":"https:\/\/favorite-news.com\/pt\/wp-content\/uploads\/sites\/2\/2021\/06\/Lidl-vai-abrir-supermercado-na-area-de-servico-da-A5.jpg","type":"image\/jpeg"}],"author":"favorite-news","twitter_card":"summary_large_image","twitter_misc":{"Escrito por":"favorite-news","Tempo estimado de leitura":"1 minuto"},"schema":{"@context":"https:\/\/schema.org","@graph":[{"@type":"Article","@id":"https:\/\/favorite-news.com\/pt\/lidl-vai-abrir-supermercado-na-area-de-servico-da-a5-meios-publicidade\/#article","isPartOf":{"@id":"https:\/\/favorite-news.com\/pt\/lidl-vai-abrir-supermercado-na-area-de-servico-da-a5-meios-publicidade\/"},"author":{"name":"favorite-news","@id":"https:\/\/favorite-news.com\/pt\/#\/schema\/person\/b91573b717dcfa5e4696032a9d28d3e8"},"headline":"Lidl vai abrir supermercado na \u00e1rea de servi\u00e7o da A5 &#8211; Meios &#038; Publicidade","datePublished":"2021-06-29T14:54:30+00:00","dateModified":"2021-06-29T14:54:33+00:00","mainEntityOfPage":{"@id":"https:\/\/favorite-news.com\/pt\/lidl-vai-abrir-supermercado-na-area-de-servico-da-a5-meios-publicidade\/"},"wordCount":200,"commentCount":0,"image":{"@id":"https:\/\/favorite-news.com\/pt\/lidl-vai-abrir-supermercado-na-area-de-servico-da-a5-meios-publicidade\/#primaryimage"},"thumbnailUrl":"https:\/\/favorite-news.com\/pt\/wp-content\/uploads\/sites\/2\/2021\/06\/Lidl-vai-abrir-supermercado-na-area-de-servico-da-A5.jpg","articleSection":["NOT\u00cdCIAS DE MARKETING NA INTERNET"],"inLanguage":"pt-PT","potentialAction":[{"@type":"CommentAction","name":"Comment","target":["https:\/\/favorite-news.com\/pt\/lidl-vai-abrir-supermercado-na-area-de-servico-da-a5-meios-publicidade\/#respond"]}]},{"@type":"WebPage","@id":"https:\/\/favorite-news.com\/pt\/lidl-vai-abrir-supermercado-na-area-de-servico-da-a5-meios-publicidade\/","url":"https:\/\/favorite-news.com\/pt\/lidl-vai-abrir-supermercado-na-area-de-servico-da-a5-meios-publicidade\/","name":"Lidl vai abrir supermercado na \u00e1rea de servi\u00e7o da A5 - Meios & Publicidade - Favorite News","isPartOf":{"@id":"https:\/\/favorite-news.com\/pt\/#website"},"primaryImageOfPage":{"@id":"https:\/\/favorite-news.com\/pt\/lidl-vai-abrir-supermercado-na-area-de-servico-da-a5-meios-publicidade\/#primaryimage"},"image":{"@id":"https:\/\/favorite-news.com\/pt\/lidl-vai-abrir-supermercado-na-area-de-servico-da-a5-meios-publicidade\/#primaryimage"},"thumbnailUrl":"https:\/\/favorite-news.com\/pt\/wp-content\/uploads\/sites\/2\/2021\/06\/Lidl-vai-abrir-supermercado-na-area-de-servico-da-A5.jpg","datePublished":"2021-06-29T14:54:30+00:00","dateModified":"2021-06-29T14:54:33+00:00","author":{"@id":"https:\/\/favorite-news.com\/pt\/#\/schema\/person\/b91573b717dcfa5e4696032a9d28d3e8"},"breadcrumb":{"@id":"https:\/\/favorite-news.com\/pt\/lidl-vai-abrir-supermercado-na-area-de-servico-da-a5-meios-publicidade\/#breadcrumb"},"inLanguage":"pt-PT","potentialAction":[{"@type":"ReadAction","target":["https:\/\/favorite-news.com\/pt\/lidl-vai-abrir-supermercado-na-area-de-servico-da-a5-meios-publicidade\/"]}]},{"@type":"ImageObject","inLanguage":"pt-PT","@id":"https:\/\/favorite-news.com\/pt\/lidl-vai-abrir-supermercado-na-area-de-servico-da-a5-meios-publicidade\/#primaryimage","url":"https:\/\/favorite-news.com\/pt\/wp-content\/uploads\/sites\/2\/2021\/06\/Lidl-vai-abrir-supermercado-na-area-de-servico-da-A5.jpg","contentUrl":"https:\/\/favorite-news.com\/pt\/wp-content\/uploads\/sites\/2\/2021\/06\/Lidl-vai-abrir-supermercado-na-area-de-servico-da-A5.jpg","width":714,"height":330,"caption":"Lidl vai abrir supermercado na \u00e1rea de servi\u00e7o da A5 - Meios & Publicidade"},{"@type":"BreadcrumbList","@id":"https:\/\/favorite-news.com\/pt\/lidl-vai-abrir-supermercado-na-area-de-servico-da-a5-meios-publicidade\/#breadcrumb","itemListElement":[{"@type":"ListItem","position":1,"name":"Home","item":"https:\/\/favorite-news.com\/pt\/"},{"@type":"ListItem","position":2,"name":"Lidl vai abrir supermercado na \u00e1rea de servi\u00e7o da A5 &#8211; Meios &#038; Publicidade"}]},{"@type":"WebSite","@id":"https:\/\/favorite-news.com\/pt\/#website","url":"https:\/\/favorite-news.com\/pt\/","name":"Favorite News","description":"Favorite News Portugal","potentialAction":[{"@type":"SearchAction","target":{"@type":"EntryPoint","urlTemplate":"https:\/\/favorite-news.com\/pt\/?s={search_term_string}"},"query-input":{"@type":"PropertyValueSpecification","valueRequired":true,"valueName":"search_term_string"}}],"inLanguage":"pt-PT"},{"@type":"Person","@id":"https:\/\/favorite-news.com\/pt\/#\/schema\/person\/b91573b717dcfa5e4696032a9d28d3e8","name":"favorite-news","image":{"@type":"ImageObject","inLanguage":"pt-PT","@id":"https:\/\/secure.gravatar.com\/avatar\/6c5a5cb12b74e9d517ee91cf570335b7d16177f1977cc91db161adfa435945a7?s=96&d=mm&r=g","url":"https:\/\/secure.gravatar.com\/avatar\/6c5a5cb12b74e9d517ee91cf570335b7d16177f1977cc91db161adfa435945a7?s=96&d=mm&r=g","contentUrl":"https:\/\/secure.gravatar.com\/avatar\/6c5a5cb12b74e9d517ee91cf570335b7d16177f1977cc91db161adfa435945a7?s=96&d=mm&r=g","caption":"favorite-news"},"url":"https:\/\/favorite-news.com\/pt\/author\/pt\/"}]}},"_links":{"self":[{"href":"https:\/\/favorite-news.com\/pt\/wp-json\/wp\/v2\/posts\/10597","targetHints":{"allow":["GET"]}}],"collection":[{"href":"https:\/\/favorite-news.com\/pt\/wp-json\/wp\/v2\/posts"}],"about":[{"href":"https:\/\/favorite-news.com\/pt\/wp-json\/wp\/v2\/types\/post"}],"author":[{"embeddable":true,"href":"https:\/\/favorite-news.com\/pt\/wp-json\/wp\/v2\/users\/2"}],"replies":[{"embeddable":true,"href":"https:\/\/favorite-news.com\/pt\/wp-json\/wp\/v2\/comments?post=10597"}],"version-history":[{"count":1,"href":"https:\/\/favorite-news.com\/pt\/wp-json\/wp\/v2\/posts\/10597\/revisions"}],"predecessor-version":[{"id":10599,"href":"https:\/\/favorite-news.com\/pt\/wp-json\/wp\/v2\/posts\/10597\/revisions\/10599"}],"wp:featuredmedia":[{"embeddable":true,"href":"https:\/\/favorite-news.com\/pt\/wp-json\/wp\/v2\/media\/10598"}],"wp:attachment":[{"href":"https:\/\/favorite-news.com\/pt\/wp-json\/wp\/v2\/media?parent=10597"}],"wp:term":[{"taxonomy":"category","embeddable":true,"href":"https:\/\/favorite-news.com\/pt\/wp-json\/wp\/v2\/categories?post=10597"},{"taxonomy":"post_tag","embeddable":true,"href":"https:\/\/favorite-news.com\/pt\/wp-json\/wp\/v2\/tags?post=10597"}],"curies":[{"name":"wp","href":"https:\/\/api.w.org\/{rel}","templated":true}]}}