{"id":10575,"date":"2021-06-27T17:39:45","date_gmt":"2021-06-27T14:39:45","guid":{"rendered":"https:\/\/favorite-news.com\/pt\/a-pandemia-reforcou-a-importancia-de-comprar-nacional-ou-local-meios-publicidade\/"},"modified":"2021-06-27T17:39:47","modified_gmt":"2021-06-27T14:39:47","slug":"a-pandemia-reforcou-a-importancia-de-comprar-nacional-ou-local-meios-publicidade","status":"publish","type":"post","link":"https:\/\/favorite-news.com\/pt\/a-pandemia-reforcou-a-importancia-de-comprar-nacional-ou-local-meios-publicidade\/","title":{"rendered":"&#8220;A pandemia refor\u00e7ou a import\u00e2ncia de comprar nacional ou local&#8221; &#8211; Meios &#038; Publicidade"},"content":{"rendered":"<p>\t\t\t\tPor Rui Oliveira Marques a 25 de Junho de 2021<\/p>\n<p>\t\t\tTiago Sim\u00f5es, director de marketing da Sonae MC<br \/>\nO tomate redondo, as nectarinas, o mel\u00e3o branco e a melancia preta sem sementes s\u00e3o os produtos em destaque na nova campanha de Frescos do Continente. \u201cAs nossas frutas e legumes chegam ao Sabor da Natureza\u201d \u00e9 o conceito da campanha dedicada aos produtos frescos da \u00e9poca que est\u00e1 no ar at\u00e9 11 de Julho. A criatividade \u00e9 da Fuel e a produ\u00e7\u00e3o assinada pela Bro.<br \/>\nO filme de TV \u00e9 uma viagem aos v\u00e1rios locais do pa\u00eds, de onde s\u00e3o origin\u00e1rios os produtos, com locu\u00e7\u00e3o de Eduardo R\u00eago.<br \/>\n\u201cAo longo dos \u00faltimos anos \u00e9 reconhecida uma evolu\u00e7\u00e3o favor\u00e1vel da venda de produtos frescos nas lojas Continente. Este crescimento de vendas decorre, em primeiro lugar, da aposta na qualidade dos produtos que s\u00e3o comercializados nas lojas Continente e que resultam do trabalho de parceria que a Sonae MC realiza, desde h\u00e1 muitos anos, com os produtores portugueses\u201d, aponta Tiago Sim\u00f5es, director de marketing da Sonae MC, em comunicado. \u201cA pandemia refor\u00e7ou a import\u00e2ncia de comprar nacional ou local e, consequentemente, de dar mais \u00eanfase \u00e0s cadeias curtas de abastecimento. No entanto, a produ\u00e7\u00e3o local sempre foi um dos eixos de actua\u00e7\u00e3o do Clube de Produtores Continente\u201d, refor\u00e7a Tiago Sim\u00f5es.<\/p>\n<p>\n<!--noindex--><br \/>\n<a href=\"https:\/\/www.meiosepublicidade.pt\/2021\/06\/a-pandemia-reforcou-a-importancia-de-comprar-nacional-ou-local\/?utm_source=rss&#038;utm_medium=rss&#038;utm_campaign=a-pandemia-reforcou-a-importancia-de-comprar-nacional-ou-local\" rel=\"nofollow\">Source link <\/a><br \/>\n<!--\/noindex--><\/p>\n","protected":false},"excerpt":{"rendered":"<p>Por Rui Oliveira Marques a 25 de Junho de 2021 Tiago Sim\u00f5es, director de marketing da Sonae MC O tomate redondo, as nectarinas, o mel\u00e3o branco e a melancia preta sem sementes s\u00e3o os produtos em destaque na nova campanha de Frescos do Continente. \u201cAs nossas frutas e legumes chegam ao Sabor da Natureza\u201d \u00e9 [&hellip;]<\/p>\n","protected":false},"author":2,"featured_media":8407,"comment_status":"open","ping_status":"open","sticky":false,"template":"","format":"standard","meta":{"footnotes":""},"categories":[3],"tags":[],"class_list":["post-10575","post","type-post","status-publish","format-standard","has-post-thumbnail","hentry","category-noticias-de-marketing-na-internet"],"yoast_head":"<!-- This site is optimized with the Yoast SEO plugin v27.4 - https:\/\/yoast.com\/product\/yoast-seo-wordpress\/ -->\n<title>&quot;A pandemia refor\u00e7ou a import\u00e2ncia de comprar nacional ou local&quot; - Meios &amp; Publicidade - Favorite News<\/title>\n<meta name=\"robots\" content=\"index, follow, max-snippet:-1, max-image-preview:large, max-video-preview:-1\" \/>\n<link rel=\"canonical\" href=\"https:\/\/favorite-news.com\/pt\/a-pandemia-reforcou-a-importancia-de-comprar-nacional-ou-local-meios-publicidade\/\" \/>\n<meta property=\"og:locale\" content=\"pt_PT\" \/>\n<meta property=\"og:type\" content=\"article\" \/>\n<meta property=\"og:title\" content=\"&quot;A pandemia refor\u00e7ou a import\u00e2ncia de comprar nacional ou local&quot; - Meios &amp; Publicidade - Favorite News\" \/>\n<meta property=\"og:description\" content=\"Por Rui Oliveira Marques a 25 de Junho de 2021 Tiago Sim\u00f5es, director de marketing da Sonae MC O tomate redondo, as nectarinas, o mel\u00e3o branco e a melancia preta sem sementes s\u00e3o os produtos em destaque na nova campanha de Frescos do Continente. \u201cAs nossas frutas e legumes chegam ao Sabor da Natureza\u201d \u00e9 [&hellip;]\" \/>\n<meta property=\"og:url\" content=\"https:\/\/favorite-news.com\/pt\/a-pandemia-reforcou-a-importancia-de-comprar-nacional-ou-local-meios-publicidade\/\" \/>\n<meta property=\"og:site_name\" content=\"Favorite News\" \/>\n<meta property=\"article:published_time\" content=\"2021-06-27T14:39:45+00:00\" \/>\n<meta property=\"article:modified_time\" content=\"2021-06-27T14:39:47+00:00\" \/>\n<meta property=\"og:image\" content=\"https:\/\/favorite-news.com\/pt\/wp-content\/uploads\/sites\/2\/2020\/12\/Nao-sendo-a-marca-que-mais-investe-em-publicidade-somos-a.jpg\" \/>\n\t<meta property=\"og:image:width\" content=\"1784\" \/>\n\t<meta property=\"og:image:height\" content=\"1120\" \/>\n\t<meta property=\"og:image:type\" content=\"image\/jpeg\" \/>\n<meta name=\"author\" content=\"favorite-news\" \/>\n<meta name=\"twitter:card\" content=\"summary_large_image\" \/>\n<meta name=\"twitter:label1\" content=\"Escrito por\" \/>\n\t<meta name=\"twitter:data1\" content=\"favorite-news\" \/>\n\t<meta name=\"twitter:label2\" content=\"Tempo estimado de leitura\" \/>\n\t<meta name=\"twitter:data2\" content=\"1 minuto\" \/>\n<script type=\"application\/ld+json\" class=\"yoast-schema-graph\">{\"@context\":\"https:\\\/\\\/schema.org\",\"@graph\":[{\"@type\":\"Article\",\"@id\":\"https:\\\/\\\/favorite-news.com\\\/pt\\\/a-pandemia-reforcou-a-importancia-de-comprar-nacional-ou-local-meios-publicidade\\\/#article\",\"isPartOf\":{\"@id\":\"https:\\\/\\\/favorite-news.com\\\/pt\\\/a-pandemia-reforcou-a-importancia-de-comprar-nacional-ou-local-meios-publicidade\\\/\"},\"author\":{\"name\":\"favorite-news\",\"@id\":\"https:\\\/\\\/favorite-news.com\\\/pt\\\/#\\\/schema\\\/person\\\/b91573b717dcfa5e4696032a9d28d3e8\"},\"headline\":\"&#8220;A pandemia refor\u00e7ou a import\u00e2ncia de comprar nacional ou local&#8221; &#8211; Meios &#038; Publicidade\",\"datePublished\":\"2021-06-27T14:39:45+00:00\",\"dateModified\":\"2021-06-27T14:39:47+00:00\",\"mainEntityOfPage\":{\"@id\":\"https:\\\/\\\/favorite-news.com\\\/pt\\\/a-pandemia-reforcou-a-importancia-de-comprar-nacional-ou-local-meios-publicidade\\\/\"},\"wordCount\":247,\"commentCount\":0,\"image\":{\"@id\":\"https:\\\/\\\/favorite-news.com\\\/pt\\\/a-pandemia-reforcou-a-importancia-de-comprar-nacional-ou-local-meios-publicidade\\\/#primaryimage\"},\"thumbnailUrl\":\"https:\\\/\\\/favorite-news.com\\\/pt\\\/wp-content\\\/uploads\\\/sites\\\/2\\\/2020\\\/12\\\/Nao-sendo-a-marca-que-mais-investe-em-publicidade-somos-a.jpg\",\"articleSection\":[\"NOT\u00cdCIAS DE MARKETING NA INTERNET\"],\"inLanguage\":\"pt-PT\",\"potentialAction\":[{\"@type\":\"CommentAction\",\"name\":\"Comment\",\"target\":[\"https:\\\/\\\/favorite-news.com\\\/pt\\\/a-pandemia-reforcou-a-importancia-de-comprar-nacional-ou-local-meios-publicidade\\\/#respond\"]}]},{\"@type\":\"WebPage\",\"@id\":\"https:\\\/\\\/favorite-news.com\\\/pt\\\/a-pandemia-reforcou-a-importancia-de-comprar-nacional-ou-local-meios-publicidade\\\/\",\"url\":\"https:\\\/\\\/favorite-news.com\\\/pt\\\/a-pandemia-reforcou-a-importancia-de-comprar-nacional-ou-local-meios-publicidade\\\/\",\"name\":\"\\\"A pandemia refor\u00e7ou a import\u00e2ncia de comprar nacional ou local\\\" - Meios & Publicidade - Favorite News\",\"isPartOf\":{\"@id\":\"https:\\\/\\\/favorite-news.com\\\/pt\\\/#website\"},\"primaryImageOfPage\":{\"@id\":\"https:\\\/\\\/favorite-news.com\\\/pt\\\/a-pandemia-reforcou-a-importancia-de-comprar-nacional-ou-local-meios-publicidade\\\/#primaryimage\"},\"image\":{\"@id\":\"https:\\\/\\\/favorite-news.com\\\/pt\\\/a-pandemia-reforcou-a-importancia-de-comprar-nacional-ou-local-meios-publicidade\\\/#primaryimage\"},\"thumbnailUrl\":\"https:\\\/\\\/favorite-news.com\\\/pt\\\/wp-content\\\/uploads\\\/sites\\\/2\\\/2020\\\/12\\\/Nao-sendo-a-marca-que-mais-investe-em-publicidade-somos-a.jpg\",\"datePublished\":\"2021-06-27T14:39:45+00:00\",\"dateModified\":\"2021-06-27T14:39:47+00:00\",\"author\":{\"@id\":\"https:\\\/\\\/favorite-news.com\\\/pt\\\/#\\\/schema\\\/person\\\/b91573b717dcfa5e4696032a9d28d3e8\"},\"breadcrumb\":{\"@id\":\"https:\\\/\\\/favorite-news.com\\\/pt\\\/a-pandemia-reforcou-a-importancia-de-comprar-nacional-ou-local-meios-publicidade\\\/#breadcrumb\"},\"inLanguage\":\"pt-PT\",\"potentialAction\":[{\"@type\":\"ReadAction\",\"target\":[\"https:\\\/\\\/favorite-news.com\\\/pt\\\/a-pandemia-reforcou-a-importancia-de-comprar-nacional-ou-local-meios-publicidade\\\/\"]}]},{\"@type\":\"ImageObject\",\"inLanguage\":\"pt-PT\",\"@id\":\"https:\\\/\\\/favorite-news.com\\\/pt\\\/a-pandemia-reforcou-a-importancia-de-comprar-nacional-ou-local-meios-publicidade\\\/#primaryimage\",\"url\":\"https:\\\/\\\/favorite-news.com\\\/pt\\\/wp-content\\\/uploads\\\/sites\\\/2\\\/2020\\\/12\\\/Nao-sendo-a-marca-que-mais-investe-em-publicidade-somos-a.jpg\",\"contentUrl\":\"https:\\\/\\\/favorite-news.com\\\/pt\\\/wp-content\\\/uploads\\\/sites\\\/2\\\/2020\\\/12\\\/Nao-sendo-a-marca-que-mais-investe-em-publicidade-somos-a.jpg\",\"width\":1784,\"height\":1120,\"caption\":\"\u201cN\u00e3o sendo\u00a0a marca que mais investe em publicidade, somos a que det\u00e9m maior notoriedade\u201d - Meios & Publicidade\"},{\"@type\":\"BreadcrumbList\",\"@id\":\"https:\\\/\\\/favorite-news.com\\\/pt\\\/a-pandemia-reforcou-a-importancia-de-comprar-nacional-ou-local-meios-publicidade\\\/#breadcrumb\",\"itemListElement\":[{\"@type\":\"ListItem\",\"position\":1,\"name\":\"Home\",\"item\":\"https:\\\/\\\/favorite-news.com\\\/pt\\\/\"},{\"@type\":\"ListItem\",\"position\":2,\"name\":\"&#8220;A pandemia refor\u00e7ou a import\u00e2ncia de comprar nacional ou local&#8221; &#8211; Meios &#038; Publicidade\"}]},{\"@type\":\"WebSite\",\"@id\":\"https:\\\/\\\/favorite-news.com\\\/pt\\\/#website\",\"url\":\"https:\\\/\\\/favorite-news.com\\\/pt\\\/\",\"name\":\"Favorite News\",\"description\":\"Favorite News Portugal\",\"potentialAction\":[{\"@type\":\"SearchAction\",\"target\":{\"@type\":\"EntryPoint\",\"urlTemplate\":\"https:\\\/\\\/favorite-news.com\\\/pt\\\/?s={search_term_string}\"},\"query-input\":{\"@type\":\"PropertyValueSpecification\",\"valueRequired\":true,\"valueName\":\"search_term_string\"}}],\"inLanguage\":\"pt-PT\"},{\"@type\":\"Person\",\"@id\":\"https:\\\/\\\/favorite-news.com\\\/pt\\\/#\\\/schema\\\/person\\\/b91573b717dcfa5e4696032a9d28d3e8\",\"name\":\"favorite-news\",\"image\":{\"@type\":\"ImageObject\",\"inLanguage\":\"pt-PT\",\"@id\":\"https:\\\/\\\/secure.gravatar.com\\\/avatar\\\/6c5a5cb12b74e9d517ee91cf570335b7d16177f1977cc91db161adfa435945a7?s=96&d=mm&r=g\",\"url\":\"https:\\\/\\\/secure.gravatar.com\\\/avatar\\\/6c5a5cb12b74e9d517ee91cf570335b7d16177f1977cc91db161adfa435945a7?s=96&d=mm&r=g\",\"contentUrl\":\"https:\\\/\\\/secure.gravatar.com\\\/avatar\\\/6c5a5cb12b74e9d517ee91cf570335b7d16177f1977cc91db161adfa435945a7?s=96&d=mm&r=g\",\"caption\":\"favorite-news\"},\"url\":\"https:\\\/\\\/favorite-news.com\\\/pt\\\/author\\\/pt\\\/\"}]}<\/script>\n<!-- \/ Yoast SEO plugin. -->","yoast_head_json":{"title":"\"A pandemia refor\u00e7ou a import\u00e2ncia de comprar nacional ou local\" - Meios & Publicidade - Favorite News","robots":{"index":"index","follow":"follow","max-snippet":"max-snippet:-1","max-image-preview":"max-image-preview:large","max-video-preview":"max-video-preview:-1"},"canonical":"https:\/\/favorite-news.com\/pt\/a-pandemia-reforcou-a-importancia-de-comprar-nacional-ou-local-meios-publicidade\/","og_locale":"pt_PT","og_type":"article","og_title":"\"A pandemia refor\u00e7ou a import\u00e2ncia de comprar nacional ou local\" - Meios & Publicidade - Favorite News","og_description":"Por Rui Oliveira Marques a 25 de Junho de 2021 Tiago Sim\u00f5es, director de marketing da Sonae MC O tomate redondo, as nectarinas, o mel\u00e3o branco e a melancia preta sem sementes s\u00e3o os produtos em destaque na nova campanha de Frescos do Continente. \u201cAs nossas frutas e legumes chegam ao Sabor da Natureza\u201d \u00e9 [&hellip;]","og_url":"https:\/\/favorite-news.com\/pt\/a-pandemia-reforcou-a-importancia-de-comprar-nacional-ou-local-meios-publicidade\/","og_site_name":"Favorite News","article_published_time":"2021-06-27T14:39:45+00:00","article_modified_time":"2021-06-27T14:39:47+00:00","og_image":[{"width":1784,"height":1120,"url":"https:\/\/favorite-news.com\/pt\/wp-content\/uploads\/sites\/2\/2020\/12\/Nao-sendo-a-marca-que-mais-investe-em-publicidade-somos-a.jpg","type":"image\/jpeg"}],"author":"favorite-news","twitter_card":"summary_large_image","twitter_misc":{"Escrito por":"favorite-news","Tempo estimado de leitura":"1 minuto"},"schema":{"@context":"https:\/\/schema.org","@graph":[{"@type":"Article","@id":"https:\/\/favorite-news.com\/pt\/a-pandemia-reforcou-a-importancia-de-comprar-nacional-ou-local-meios-publicidade\/#article","isPartOf":{"@id":"https:\/\/favorite-news.com\/pt\/a-pandemia-reforcou-a-importancia-de-comprar-nacional-ou-local-meios-publicidade\/"},"author":{"name":"favorite-news","@id":"https:\/\/favorite-news.com\/pt\/#\/schema\/person\/b91573b717dcfa5e4696032a9d28d3e8"},"headline":"&#8220;A pandemia refor\u00e7ou a import\u00e2ncia de comprar nacional ou local&#8221; &#8211; Meios &#038; Publicidade","datePublished":"2021-06-27T14:39:45+00:00","dateModified":"2021-06-27T14:39:47+00:00","mainEntityOfPage":{"@id":"https:\/\/favorite-news.com\/pt\/a-pandemia-reforcou-a-importancia-de-comprar-nacional-ou-local-meios-publicidade\/"},"wordCount":247,"commentCount":0,"image":{"@id":"https:\/\/favorite-news.com\/pt\/a-pandemia-reforcou-a-importancia-de-comprar-nacional-ou-local-meios-publicidade\/#primaryimage"},"thumbnailUrl":"https:\/\/favorite-news.com\/pt\/wp-content\/uploads\/sites\/2\/2020\/12\/Nao-sendo-a-marca-que-mais-investe-em-publicidade-somos-a.jpg","articleSection":["NOT\u00cdCIAS DE MARKETING NA INTERNET"],"inLanguage":"pt-PT","potentialAction":[{"@type":"CommentAction","name":"Comment","target":["https:\/\/favorite-news.com\/pt\/a-pandemia-reforcou-a-importancia-de-comprar-nacional-ou-local-meios-publicidade\/#respond"]}]},{"@type":"WebPage","@id":"https:\/\/favorite-news.com\/pt\/a-pandemia-reforcou-a-importancia-de-comprar-nacional-ou-local-meios-publicidade\/","url":"https:\/\/favorite-news.com\/pt\/a-pandemia-reforcou-a-importancia-de-comprar-nacional-ou-local-meios-publicidade\/","name":"\"A pandemia refor\u00e7ou a import\u00e2ncia de comprar nacional ou local\" - Meios & Publicidade - Favorite News","isPartOf":{"@id":"https:\/\/favorite-news.com\/pt\/#website"},"primaryImageOfPage":{"@id":"https:\/\/favorite-news.com\/pt\/a-pandemia-reforcou-a-importancia-de-comprar-nacional-ou-local-meios-publicidade\/#primaryimage"},"image":{"@id":"https:\/\/favorite-news.com\/pt\/a-pandemia-reforcou-a-importancia-de-comprar-nacional-ou-local-meios-publicidade\/#primaryimage"},"thumbnailUrl":"https:\/\/favorite-news.com\/pt\/wp-content\/uploads\/sites\/2\/2020\/12\/Nao-sendo-a-marca-que-mais-investe-em-publicidade-somos-a.jpg","datePublished":"2021-06-27T14:39:45+00:00","dateModified":"2021-06-27T14:39:47+00:00","author":{"@id":"https:\/\/favorite-news.com\/pt\/#\/schema\/person\/b91573b717dcfa5e4696032a9d28d3e8"},"breadcrumb":{"@id":"https:\/\/favorite-news.com\/pt\/a-pandemia-reforcou-a-importancia-de-comprar-nacional-ou-local-meios-publicidade\/#breadcrumb"},"inLanguage":"pt-PT","potentialAction":[{"@type":"ReadAction","target":["https:\/\/favorite-news.com\/pt\/a-pandemia-reforcou-a-importancia-de-comprar-nacional-ou-local-meios-publicidade\/"]}]},{"@type":"ImageObject","inLanguage":"pt-PT","@id":"https:\/\/favorite-news.com\/pt\/a-pandemia-reforcou-a-importancia-de-comprar-nacional-ou-local-meios-publicidade\/#primaryimage","url":"https:\/\/favorite-news.com\/pt\/wp-content\/uploads\/sites\/2\/2020\/12\/Nao-sendo-a-marca-que-mais-investe-em-publicidade-somos-a.jpg","contentUrl":"https:\/\/favorite-news.com\/pt\/wp-content\/uploads\/sites\/2\/2020\/12\/Nao-sendo-a-marca-que-mais-investe-em-publicidade-somos-a.jpg","width":1784,"height":1120,"caption":"\u201cN\u00e3o sendo\u00a0a marca que mais investe em publicidade, somos a que det\u00e9m maior notoriedade\u201d - Meios & Publicidade"},{"@type":"BreadcrumbList","@id":"https:\/\/favorite-news.com\/pt\/a-pandemia-reforcou-a-importancia-de-comprar-nacional-ou-local-meios-publicidade\/#breadcrumb","itemListElement":[{"@type":"ListItem","position":1,"name":"Home","item":"https:\/\/favorite-news.com\/pt\/"},{"@type":"ListItem","position":2,"name":"&#8220;A pandemia refor\u00e7ou a import\u00e2ncia de comprar nacional ou local&#8221; &#8211; Meios &#038; Publicidade"}]},{"@type":"WebSite","@id":"https:\/\/favorite-news.com\/pt\/#website","url":"https:\/\/favorite-news.com\/pt\/","name":"Favorite News","description":"Favorite News Portugal","potentialAction":[{"@type":"SearchAction","target":{"@type":"EntryPoint","urlTemplate":"https:\/\/favorite-news.com\/pt\/?s={search_term_string}"},"query-input":{"@type":"PropertyValueSpecification","valueRequired":true,"valueName":"search_term_string"}}],"inLanguage":"pt-PT"},{"@type":"Person","@id":"https:\/\/favorite-news.com\/pt\/#\/schema\/person\/b91573b717dcfa5e4696032a9d28d3e8","name":"favorite-news","image":{"@type":"ImageObject","inLanguage":"pt-PT","@id":"https:\/\/secure.gravatar.com\/avatar\/6c5a5cb12b74e9d517ee91cf570335b7d16177f1977cc91db161adfa435945a7?s=96&d=mm&r=g","url":"https:\/\/secure.gravatar.com\/avatar\/6c5a5cb12b74e9d517ee91cf570335b7d16177f1977cc91db161adfa435945a7?s=96&d=mm&r=g","contentUrl":"https:\/\/secure.gravatar.com\/avatar\/6c5a5cb12b74e9d517ee91cf570335b7d16177f1977cc91db161adfa435945a7?s=96&d=mm&r=g","caption":"favorite-news"},"url":"https:\/\/favorite-news.com\/pt\/author\/pt\/"}]}},"_links":{"self":[{"href":"https:\/\/favorite-news.com\/pt\/wp-json\/wp\/v2\/posts\/10575","targetHints":{"allow":["GET"]}}],"collection":[{"href":"https:\/\/favorite-news.com\/pt\/wp-json\/wp\/v2\/posts"}],"about":[{"href":"https:\/\/favorite-news.com\/pt\/wp-json\/wp\/v2\/types\/post"}],"author":[{"embeddable":true,"href":"https:\/\/favorite-news.com\/pt\/wp-json\/wp\/v2\/users\/2"}],"replies":[{"embeddable":true,"href":"https:\/\/favorite-news.com\/pt\/wp-json\/wp\/v2\/comments?post=10575"}],"version-history":[{"count":1,"href":"https:\/\/favorite-news.com\/pt\/wp-json\/wp\/v2\/posts\/10575\/revisions"}],"predecessor-version":[{"id":10576,"href":"https:\/\/favorite-news.com\/pt\/wp-json\/wp\/v2\/posts\/10575\/revisions\/10576"}],"wp:featuredmedia":[{"embeddable":true,"href":"https:\/\/favorite-news.com\/pt\/wp-json\/wp\/v2\/media\/8407"}],"wp:attachment":[{"href":"https:\/\/favorite-news.com\/pt\/wp-json\/wp\/v2\/media?parent=10575"}],"wp:term":[{"taxonomy":"category","embeddable":true,"href":"https:\/\/favorite-news.com\/pt\/wp-json\/wp\/v2\/categories?post=10575"},{"taxonomy":"post_tag","embeddable":true,"href":"https:\/\/favorite-news.com\/pt\/wp-json\/wp\/v2\/tags?post=10575"}],"curies":[{"name":"wp","href":"https:\/\/api.w.org\/{rel}","templated":true}]}}