{"id":10535,"date":"2021-06-24T04:57:13","date_gmt":"2021-06-24T01:57:13","guid":{"rendered":"https:\/\/favorite-news.com\/pt\/llyc-quer-captar-10-milhoes-para-duplicar-dimensao-em-cinco-anos-meios-publicidade\/"},"modified":"2021-06-24T04:57:18","modified_gmt":"2021-06-24T01:57:18","slug":"llyc-quer-captar-10-milhoes-para-duplicar-dimensao-em-cinco-anos-meios-publicidade","status":"publish","type":"post","link":"https:\/\/favorite-news.com\/pt\/llyc-quer-captar-10-milhoes-para-duplicar-dimensao-em-cinco-anos-meios-publicidade\/","title":{"rendered":"LLYC quer captar 10 milh\u00f5es para duplicar dimens\u00e3o em cinco anos &#8211; Meios &#038; Publicidade"},"content":{"rendered":"<p>\t\t\t\tPor Rui Oliveira Marques a 23 de Junho de 2021<\/p>\n<p>\t\t\tA consultora LLYC anunciou esta quarta-feira que pretende realizar uma oferta de subscri\u00e7\u00e3o de novas ac\u00e7\u00f5es dirigida a investidores institucionais e de retalho, tendo j\u00e1 solicitado a admiss\u00e3o \u00e0 negocia\u00e7\u00e3o de todas as suas ac\u00e7\u00f5es no mercado BME Growth.<br \/>\nCom esta oferta, a LLYC espera captar um m\u00e1ximo de 10 milh\u00f5es de euros, \u201cque destinar\u00e1 a impulsionar a sua estrat\u00e9gia de crescimento e a consolidar o seu posicionamento como refer\u00eancia do sector a n\u00edvel internacional\u201d, refere a consultora em comunicado.<br \/>\nO objectivo da LLYC passa por duplicar a dimens\u00e3o da consultora no prazo de cinco anos. \u201cO novo plano de neg\u00f3cios pretende duplicar a dimens\u00e3o do grupo nos pr\u00f3ximos cinco anos e contempla quatro eixos estrat\u00e9gicos para alcan\u00e7ar este objectivo: integrar as tecnologias exponenciais no portf\u00f3lio de servi\u00e7os, realizar aquisi\u00e7\u00f5es de valor para continuar a incorporar capacidades que contribuam para consolidar o posicionamento diferencial do grupo, estabelecer alian\u00e7as estrat\u00e9gicas para entrar em novos territ\u00f3rios e impulsionar o crescimento org\u00e2nico acima dos n\u00edveis do mercado, o que funcionar\u00e1 como base da expans\u00e3o e da gera\u00e7\u00e3o de valor\u201d, assegura a LLYC.<br \/>\nFundada em 1995 em Espanha, a LLYC conta com 600 profissionais em 16 escrit\u00f3rios, incluindo o de Lisboa. Jos\u00e9 Antonio Llorente, s\u00f3cio-fundador e presidente da LLYC, comenta que \u201cvoltamos a demonstrar o car\u00e1cter pioneiro da LLYC e a sua capacidade de antecipa\u00e7\u00e3o. O sector da comunica\u00e7\u00e3o apresenta excelentes perspectivas de crescimento, especialmente em segmentos relacionados com as oportunidades que as tecnologias exponenciais oferecem, um campo no qual a LLYC est\u00e1 bastante bem posicionada, gra\u00e7as ao talento e \u00e0s capacidades que dispomos internamente e ao ecossistema que desenvolvemos mediante alian\u00e7as e acordos de colabora\u00e7\u00e3o\u201d.<\/p>\n<p>\n<!--noindex--><br \/>\n<a href=\"https:\/\/www.meiosepublicidade.pt\/2021\/06\/llyc-quer-captar-10-milhoes-para-duplicar-dimensao-em-cinco-anos\/?utm_source=rss&#038;utm_medium=rss&#038;utm_campaign=llyc-quer-captar-10-milhoes-para-duplicar-dimensao-em-cinco-anos\" rel=\"nofollow\">Source link <\/a><br \/>\n<!--\/noindex--><\/p>\n","protected":false},"excerpt":{"rendered":"<p>Por Rui Oliveira Marques a 23 de Junho de 2021 A consultora LLYC anunciou esta quarta-feira que pretende realizar uma oferta de subscri\u00e7\u00e3o de novas ac\u00e7\u00f5es dirigida a investidores institucionais e de retalho, tendo j\u00e1 solicitado a admiss\u00e3o \u00e0 negocia\u00e7\u00e3o de todas as suas ac\u00e7\u00f5es no mercado BME Growth. Com esta oferta, a LLYC espera [&hellip;]<\/p>\n","protected":false},"author":2,"featured_media":10536,"comment_status":"open","ping_status":"open","sticky":false,"template":"","format":"standard","meta":{"footnotes":""},"categories":[3],"tags":[],"class_list":["post-10535","post","type-post","status-publish","format-standard","has-post-thumbnail","hentry","category-noticias-de-marketing-na-internet"],"yoast_head":"<!-- This site is optimized with the Yoast SEO plugin v27.4 - https:\/\/yoast.com\/product\/yoast-seo-wordpress\/ -->\n<title>LLYC quer captar 10 milh\u00f5es para duplicar dimens\u00e3o em cinco anos - Meios &amp; Publicidade - Favorite News<\/title>\n<meta name=\"robots\" content=\"index, follow, max-snippet:-1, max-image-preview:large, max-video-preview:-1\" \/>\n<link rel=\"canonical\" href=\"https:\/\/favorite-news.com\/pt\/llyc-quer-captar-10-milhoes-para-duplicar-dimensao-em-cinco-anos-meios-publicidade\/\" \/>\n<meta property=\"og:locale\" content=\"pt_PT\" \/>\n<meta property=\"og:type\" content=\"article\" \/>\n<meta property=\"og:title\" content=\"LLYC quer captar 10 milh\u00f5es para duplicar dimens\u00e3o em cinco anos - Meios &amp; Publicidade - Favorite News\" \/>\n<meta property=\"og:description\" content=\"Por Rui Oliveira Marques a 23 de Junho de 2021 A consultora LLYC anunciou esta quarta-feira que pretende realizar uma oferta de subscri\u00e7\u00e3o de novas ac\u00e7\u00f5es dirigida a investidores institucionais e de retalho, tendo j\u00e1 solicitado a admiss\u00e3o \u00e0 negocia\u00e7\u00e3o de todas as suas ac\u00e7\u00f5es no mercado BME Growth. Com esta oferta, a LLYC espera [&hellip;]\" \/>\n<meta property=\"og:url\" content=\"https:\/\/favorite-news.com\/pt\/llyc-quer-captar-10-milhoes-para-duplicar-dimensao-em-cinco-anos-meios-publicidade\/\" \/>\n<meta property=\"og:site_name\" content=\"Favorite News\" \/>\n<meta property=\"article:published_time\" content=\"2021-06-24T01:57:13+00:00\" \/>\n<meta property=\"article:modified_time\" content=\"2021-06-24T01:57:18+00:00\" \/>\n<meta property=\"og:image\" content=\"https:\/\/favorite-news.com\/pt\/wp-content\/uploads\/sites\/2\/2021\/06\/LLYC-quer-captar-10-milhoes-para-duplicar-dimensao-em-cinco.jpg\" \/>\n\t<meta property=\"og:image:width\" content=\"1920\" \/>\n\t<meta property=\"og:image:height\" content=\"1280\" \/>\n\t<meta property=\"og:image:type\" content=\"image\/jpeg\" \/>\n<meta name=\"author\" content=\"favorite-news\" \/>\n<meta name=\"twitter:card\" content=\"summary_large_image\" \/>\n<meta name=\"twitter:label1\" content=\"Escrito por\" \/>\n\t<meta name=\"twitter:data1\" content=\"favorite-news\" \/>\n\t<meta name=\"twitter:label2\" content=\"Tempo estimado de leitura\" \/>\n\t<meta name=\"twitter:data2\" content=\"2 minutos\" \/>\n<script type=\"application\/ld+json\" class=\"yoast-schema-graph\">{\"@context\":\"https:\\\/\\\/schema.org\",\"@graph\":[{\"@type\":\"Article\",\"@id\":\"https:\\\/\\\/favorite-news.com\\\/pt\\\/llyc-quer-captar-10-milhoes-para-duplicar-dimensao-em-cinco-anos-meios-publicidade\\\/#article\",\"isPartOf\":{\"@id\":\"https:\\\/\\\/favorite-news.com\\\/pt\\\/llyc-quer-captar-10-milhoes-para-duplicar-dimensao-em-cinco-anos-meios-publicidade\\\/\"},\"author\":{\"name\":\"favorite-news\",\"@id\":\"https:\\\/\\\/favorite-news.com\\\/pt\\\/#\\\/schema\\\/person\\\/b91573b717dcfa5e4696032a9d28d3e8\"},\"headline\":\"LLYC quer captar 10 milh\u00f5es para duplicar dimens\u00e3o em cinco anos &#8211; Meios &#038; Publicidade\",\"datePublished\":\"2021-06-24T01:57:13+00:00\",\"dateModified\":\"2021-06-24T01:57:18+00:00\",\"mainEntityOfPage\":{\"@id\":\"https:\\\/\\\/favorite-news.com\\\/pt\\\/llyc-quer-captar-10-milhoes-para-duplicar-dimensao-em-cinco-anos-meios-publicidade\\\/\"},\"wordCount\":326,\"commentCount\":0,\"image\":{\"@id\":\"https:\\\/\\\/favorite-news.com\\\/pt\\\/llyc-quer-captar-10-milhoes-para-duplicar-dimensao-em-cinco-anos-meios-publicidade\\\/#primaryimage\"},\"thumbnailUrl\":\"https:\\\/\\\/favorite-news.com\\\/pt\\\/wp-content\\\/uploads\\\/sites\\\/2\\\/2021\\\/06\\\/LLYC-quer-captar-10-milhoes-para-duplicar-dimensao-em-cinco.jpg\",\"articleSection\":[\"NOT\u00cdCIAS DE MARKETING NA INTERNET\"],\"inLanguage\":\"pt-PT\",\"potentialAction\":[{\"@type\":\"CommentAction\",\"name\":\"Comment\",\"target\":[\"https:\\\/\\\/favorite-news.com\\\/pt\\\/llyc-quer-captar-10-milhoes-para-duplicar-dimensao-em-cinco-anos-meios-publicidade\\\/#respond\"]}]},{\"@type\":\"WebPage\",\"@id\":\"https:\\\/\\\/favorite-news.com\\\/pt\\\/llyc-quer-captar-10-milhoes-para-duplicar-dimensao-em-cinco-anos-meios-publicidade\\\/\",\"url\":\"https:\\\/\\\/favorite-news.com\\\/pt\\\/llyc-quer-captar-10-milhoes-para-duplicar-dimensao-em-cinco-anos-meios-publicidade\\\/\",\"name\":\"LLYC quer captar 10 milh\u00f5es para duplicar dimens\u00e3o em cinco anos - Meios & Publicidade - Favorite News\",\"isPartOf\":{\"@id\":\"https:\\\/\\\/favorite-news.com\\\/pt\\\/#website\"},\"primaryImageOfPage\":{\"@id\":\"https:\\\/\\\/favorite-news.com\\\/pt\\\/llyc-quer-captar-10-milhoes-para-duplicar-dimensao-em-cinco-anos-meios-publicidade\\\/#primaryimage\"},\"image\":{\"@id\":\"https:\\\/\\\/favorite-news.com\\\/pt\\\/llyc-quer-captar-10-milhoes-para-duplicar-dimensao-em-cinco-anos-meios-publicidade\\\/#primaryimage\"},\"thumbnailUrl\":\"https:\\\/\\\/favorite-news.com\\\/pt\\\/wp-content\\\/uploads\\\/sites\\\/2\\\/2021\\\/06\\\/LLYC-quer-captar-10-milhoes-para-duplicar-dimensao-em-cinco.jpg\",\"datePublished\":\"2021-06-24T01:57:13+00:00\",\"dateModified\":\"2021-06-24T01:57:18+00:00\",\"author\":{\"@id\":\"https:\\\/\\\/favorite-news.com\\\/pt\\\/#\\\/schema\\\/person\\\/b91573b717dcfa5e4696032a9d28d3e8\"},\"breadcrumb\":{\"@id\":\"https:\\\/\\\/favorite-news.com\\\/pt\\\/llyc-quer-captar-10-milhoes-para-duplicar-dimensao-em-cinco-anos-meios-publicidade\\\/#breadcrumb\"},\"inLanguage\":\"pt-PT\",\"potentialAction\":[{\"@type\":\"ReadAction\",\"target\":[\"https:\\\/\\\/favorite-news.com\\\/pt\\\/llyc-quer-captar-10-milhoes-para-duplicar-dimensao-em-cinco-anos-meios-publicidade\\\/\"]}]},{\"@type\":\"ImageObject\",\"inLanguage\":\"pt-PT\",\"@id\":\"https:\\\/\\\/favorite-news.com\\\/pt\\\/llyc-quer-captar-10-milhoes-para-duplicar-dimensao-em-cinco-anos-meios-publicidade\\\/#primaryimage\",\"url\":\"https:\\\/\\\/favorite-news.com\\\/pt\\\/wp-content\\\/uploads\\\/sites\\\/2\\\/2021\\\/06\\\/LLYC-quer-captar-10-milhoes-para-duplicar-dimensao-em-cinco.jpg\",\"contentUrl\":\"https:\\\/\\\/favorite-news.com\\\/pt\\\/wp-content\\\/uploads\\\/sites\\\/2\\\/2021\\\/06\\\/LLYC-quer-captar-10-milhoes-para-duplicar-dimensao-em-cinco.jpg\",\"width\":1920,\"height\":1280,\"caption\":\"LLYC quer captar 10 milh\u00f5es para duplicar dimens\u00e3o em cinco anos - Meios & Publicidade\"},{\"@type\":\"BreadcrumbList\",\"@id\":\"https:\\\/\\\/favorite-news.com\\\/pt\\\/llyc-quer-captar-10-milhoes-para-duplicar-dimensao-em-cinco-anos-meios-publicidade\\\/#breadcrumb\",\"itemListElement\":[{\"@type\":\"ListItem\",\"position\":1,\"name\":\"Home\",\"item\":\"https:\\\/\\\/favorite-news.com\\\/pt\\\/\"},{\"@type\":\"ListItem\",\"position\":2,\"name\":\"LLYC quer captar 10 milh\u00f5es para duplicar dimens\u00e3o em cinco anos &#8211; Meios &#038; Publicidade\"}]},{\"@type\":\"WebSite\",\"@id\":\"https:\\\/\\\/favorite-news.com\\\/pt\\\/#website\",\"url\":\"https:\\\/\\\/favorite-news.com\\\/pt\\\/\",\"name\":\"Favorite News\",\"description\":\"Favorite News Portugal\",\"potentialAction\":[{\"@type\":\"SearchAction\",\"target\":{\"@type\":\"EntryPoint\",\"urlTemplate\":\"https:\\\/\\\/favorite-news.com\\\/pt\\\/?s={search_term_string}\"},\"query-input\":{\"@type\":\"PropertyValueSpecification\",\"valueRequired\":true,\"valueName\":\"search_term_string\"}}],\"inLanguage\":\"pt-PT\"},{\"@type\":\"Person\",\"@id\":\"https:\\\/\\\/favorite-news.com\\\/pt\\\/#\\\/schema\\\/person\\\/b91573b717dcfa5e4696032a9d28d3e8\",\"name\":\"favorite-news\",\"image\":{\"@type\":\"ImageObject\",\"inLanguage\":\"pt-PT\",\"@id\":\"https:\\\/\\\/secure.gravatar.com\\\/avatar\\\/6c5a5cb12b74e9d517ee91cf570335b7d16177f1977cc91db161adfa435945a7?s=96&d=mm&r=g\",\"url\":\"https:\\\/\\\/secure.gravatar.com\\\/avatar\\\/6c5a5cb12b74e9d517ee91cf570335b7d16177f1977cc91db161adfa435945a7?s=96&d=mm&r=g\",\"contentUrl\":\"https:\\\/\\\/secure.gravatar.com\\\/avatar\\\/6c5a5cb12b74e9d517ee91cf570335b7d16177f1977cc91db161adfa435945a7?s=96&d=mm&r=g\",\"caption\":\"favorite-news\"},\"url\":\"https:\\\/\\\/favorite-news.com\\\/pt\\\/author\\\/pt\\\/\"}]}<\/script>\n<!-- \/ Yoast SEO plugin. -->","yoast_head_json":{"title":"LLYC quer captar 10 milh\u00f5es para duplicar dimens\u00e3o em cinco anos - Meios & Publicidade - Favorite News","robots":{"index":"index","follow":"follow","max-snippet":"max-snippet:-1","max-image-preview":"max-image-preview:large","max-video-preview":"max-video-preview:-1"},"canonical":"https:\/\/favorite-news.com\/pt\/llyc-quer-captar-10-milhoes-para-duplicar-dimensao-em-cinco-anos-meios-publicidade\/","og_locale":"pt_PT","og_type":"article","og_title":"LLYC quer captar 10 milh\u00f5es para duplicar dimens\u00e3o em cinco anos - Meios & Publicidade - Favorite News","og_description":"Por Rui Oliveira Marques a 23 de Junho de 2021 A consultora LLYC anunciou esta quarta-feira que pretende realizar uma oferta de subscri\u00e7\u00e3o de novas ac\u00e7\u00f5es dirigida a investidores institucionais e de retalho, tendo j\u00e1 solicitado a admiss\u00e3o \u00e0 negocia\u00e7\u00e3o de todas as suas ac\u00e7\u00f5es no mercado BME Growth. Com esta oferta, a LLYC espera [&hellip;]","og_url":"https:\/\/favorite-news.com\/pt\/llyc-quer-captar-10-milhoes-para-duplicar-dimensao-em-cinco-anos-meios-publicidade\/","og_site_name":"Favorite News","article_published_time":"2021-06-24T01:57:13+00:00","article_modified_time":"2021-06-24T01:57:18+00:00","og_image":[{"width":1920,"height":1280,"url":"https:\/\/favorite-news.com\/pt\/wp-content\/uploads\/sites\/2\/2021\/06\/LLYC-quer-captar-10-milhoes-para-duplicar-dimensao-em-cinco.jpg","type":"image\/jpeg"}],"author":"favorite-news","twitter_card":"summary_large_image","twitter_misc":{"Escrito por":"favorite-news","Tempo estimado de leitura":"2 minutos"},"schema":{"@context":"https:\/\/schema.org","@graph":[{"@type":"Article","@id":"https:\/\/favorite-news.com\/pt\/llyc-quer-captar-10-milhoes-para-duplicar-dimensao-em-cinco-anos-meios-publicidade\/#article","isPartOf":{"@id":"https:\/\/favorite-news.com\/pt\/llyc-quer-captar-10-milhoes-para-duplicar-dimensao-em-cinco-anos-meios-publicidade\/"},"author":{"name":"favorite-news","@id":"https:\/\/favorite-news.com\/pt\/#\/schema\/person\/b91573b717dcfa5e4696032a9d28d3e8"},"headline":"LLYC quer captar 10 milh\u00f5es para duplicar dimens\u00e3o em cinco anos &#8211; Meios &#038; Publicidade","datePublished":"2021-06-24T01:57:13+00:00","dateModified":"2021-06-24T01:57:18+00:00","mainEntityOfPage":{"@id":"https:\/\/favorite-news.com\/pt\/llyc-quer-captar-10-milhoes-para-duplicar-dimensao-em-cinco-anos-meios-publicidade\/"},"wordCount":326,"commentCount":0,"image":{"@id":"https:\/\/favorite-news.com\/pt\/llyc-quer-captar-10-milhoes-para-duplicar-dimensao-em-cinco-anos-meios-publicidade\/#primaryimage"},"thumbnailUrl":"https:\/\/favorite-news.com\/pt\/wp-content\/uploads\/sites\/2\/2021\/06\/LLYC-quer-captar-10-milhoes-para-duplicar-dimensao-em-cinco.jpg","articleSection":["NOT\u00cdCIAS DE MARKETING NA INTERNET"],"inLanguage":"pt-PT","potentialAction":[{"@type":"CommentAction","name":"Comment","target":["https:\/\/favorite-news.com\/pt\/llyc-quer-captar-10-milhoes-para-duplicar-dimensao-em-cinco-anos-meios-publicidade\/#respond"]}]},{"@type":"WebPage","@id":"https:\/\/favorite-news.com\/pt\/llyc-quer-captar-10-milhoes-para-duplicar-dimensao-em-cinco-anos-meios-publicidade\/","url":"https:\/\/favorite-news.com\/pt\/llyc-quer-captar-10-milhoes-para-duplicar-dimensao-em-cinco-anos-meios-publicidade\/","name":"LLYC quer captar 10 milh\u00f5es para duplicar dimens\u00e3o em cinco anos - Meios & Publicidade - Favorite News","isPartOf":{"@id":"https:\/\/favorite-news.com\/pt\/#website"},"primaryImageOfPage":{"@id":"https:\/\/favorite-news.com\/pt\/llyc-quer-captar-10-milhoes-para-duplicar-dimensao-em-cinco-anos-meios-publicidade\/#primaryimage"},"image":{"@id":"https:\/\/favorite-news.com\/pt\/llyc-quer-captar-10-milhoes-para-duplicar-dimensao-em-cinco-anos-meios-publicidade\/#primaryimage"},"thumbnailUrl":"https:\/\/favorite-news.com\/pt\/wp-content\/uploads\/sites\/2\/2021\/06\/LLYC-quer-captar-10-milhoes-para-duplicar-dimensao-em-cinco.jpg","datePublished":"2021-06-24T01:57:13+00:00","dateModified":"2021-06-24T01:57:18+00:00","author":{"@id":"https:\/\/favorite-news.com\/pt\/#\/schema\/person\/b91573b717dcfa5e4696032a9d28d3e8"},"breadcrumb":{"@id":"https:\/\/favorite-news.com\/pt\/llyc-quer-captar-10-milhoes-para-duplicar-dimensao-em-cinco-anos-meios-publicidade\/#breadcrumb"},"inLanguage":"pt-PT","potentialAction":[{"@type":"ReadAction","target":["https:\/\/favorite-news.com\/pt\/llyc-quer-captar-10-milhoes-para-duplicar-dimensao-em-cinco-anos-meios-publicidade\/"]}]},{"@type":"ImageObject","inLanguage":"pt-PT","@id":"https:\/\/favorite-news.com\/pt\/llyc-quer-captar-10-milhoes-para-duplicar-dimensao-em-cinco-anos-meios-publicidade\/#primaryimage","url":"https:\/\/favorite-news.com\/pt\/wp-content\/uploads\/sites\/2\/2021\/06\/LLYC-quer-captar-10-milhoes-para-duplicar-dimensao-em-cinco.jpg","contentUrl":"https:\/\/favorite-news.com\/pt\/wp-content\/uploads\/sites\/2\/2021\/06\/LLYC-quer-captar-10-milhoes-para-duplicar-dimensao-em-cinco.jpg","width":1920,"height":1280,"caption":"LLYC quer captar 10 milh\u00f5es para duplicar dimens\u00e3o em cinco anos - Meios & Publicidade"},{"@type":"BreadcrumbList","@id":"https:\/\/favorite-news.com\/pt\/llyc-quer-captar-10-milhoes-para-duplicar-dimensao-em-cinco-anos-meios-publicidade\/#breadcrumb","itemListElement":[{"@type":"ListItem","position":1,"name":"Home","item":"https:\/\/favorite-news.com\/pt\/"},{"@type":"ListItem","position":2,"name":"LLYC quer captar 10 milh\u00f5es para duplicar dimens\u00e3o em cinco anos &#8211; Meios &#038; Publicidade"}]},{"@type":"WebSite","@id":"https:\/\/favorite-news.com\/pt\/#website","url":"https:\/\/favorite-news.com\/pt\/","name":"Favorite News","description":"Favorite News Portugal","potentialAction":[{"@type":"SearchAction","target":{"@type":"EntryPoint","urlTemplate":"https:\/\/favorite-news.com\/pt\/?s={search_term_string}"},"query-input":{"@type":"PropertyValueSpecification","valueRequired":true,"valueName":"search_term_string"}}],"inLanguage":"pt-PT"},{"@type":"Person","@id":"https:\/\/favorite-news.com\/pt\/#\/schema\/person\/b91573b717dcfa5e4696032a9d28d3e8","name":"favorite-news","image":{"@type":"ImageObject","inLanguage":"pt-PT","@id":"https:\/\/secure.gravatar.com\/avatar\/6c5a5cb12b74e9d517ee91cf570335b7d16177f1977cc91db161adfa435945a7?s=96&d=mm&r=g","url":"https:\/\/secure.gravatar.com\/avatar\/6c5a5cb12b74e9d517ee91cf570335b7d16177f1977cc91db161adfa435945a7?s=96&d=mm&r=g","contentUrl":"https:\/\/secure.gravatar.com\/avatar\/6c5a5cb12b74e9d517ee91cf570335b7d16177f1977cc91db161adfa435945a7?s=96&d=mm&r=g","caption":"favorite-news"},"url":"https:\/\/favorite-news.com\/pt\/author\/pt\/"}]}},"_links":{"self":[{"href":"https:\/\/favorite-news.com\/pt\/wp-json\/wp\/v2\/posts\/10535","targetHints":{"allow":["GET"]}}],"collection":[{"href":"https:\/\/favorite-news.com\/pt\/wp-json\/wp\/v2\/posts"}],"about":[{"href":"https:\/\/favorite-news.com\/pt\/wp-json\/wp\/v2\/types\/post"}],"author":[{"embeddable":true,"href":"https:\/\/favorite-news.com\/pt\/wp-json\/wp\/v2\/users\/2"}],"replies":[{"embeddable":true,"href":"https:\/\/favorite-news.com\/pt\/wp-json\/wp\/v2\/comments?post=10535"}],"version-history":[{"count":1,"href":"https:\/\/favorite-news.com\/pt\/wp-json\/wp\/v2\/posts\/10535\/revisions"}],"predecessor-version":[{"id":10537,"href":"https:\/\/favorite-news.com\/pt\/wp-json\/wp\/v2\/posts\/10535\/revisions\/10537"}],"wp:featuredmedia":[{"embeddable":true,"href":"https:\/\/favorite-news.com\/pt\/wp-json\/wp\/v2\/media\/10536"}],"wp:attachment":[{"href":"https:\/\/favorite-news.com\/pt\/wp-json\/wp\/v2\/media?parent=10535"}],"wp:term":[{"taxonomy":"category","embeddable":true,"href":"https:\/\/favorite-news.com\/pt\/wp-json\/wp\/v2\/categories?post=10535"},{"taxonomy":"post_tag","embeddable":true,"href":"https:\/\/favorite-news.com\/pt\/wp-json\/wp\/v2\/tags?post=10535"}],"curies":[{"name":"wp","href":"https:\/\/api.w.org\/{rel}","templated":true}]}}