{"id":10525,"date":"2021-06-23T04:54:11","date_gmt":"2021-06-23T01:54:11","guid":{"rendered":"https:\/\/favorite-news.com\/pt\/joana-peixoto-muda-se-da-deloitte-para-o-marketing-da-edenred-meios-publicidade\/"},"modified":"2021-06-23T04:54:17","modified_gmt":"2021-06-23T01:54:17","slug":"joana-peixoto-muda-se-da-deloitte-para-o-marketing-da-edenred-meios-publicidade","status":"publish","type":"post","link":"https:\/\/favorite-news.com\/pt\/joana-peixoto-muda-se-da-deloitte-para-o-marketing-da-edenred-meios-publicidade\/","title":{"rendered":"Joana Peixoto muda-se da Deloitte para o marketing da Edenred &#8211; Meios &#038; Publicidade"},"content":{"rendered":"<p>\t\t\t\tPor Pedro Dur\u00e3es a 22 de Junho de 2021<\/p>\n<p>\t\t\tAt\u00e9 aqui no marketing de consultoria da Deloitte, onde era respons\u00e1vel pela comunica\u00e7\u00e3o de novas ofertas e parcerias tecnol\u00f3gicas, Joana Peixoto \u00e9 a nova directora de marketing e comunica\u00e7\u00e3o da Edenred Portugal. Destacando o facto de assumir o cargo \u201cnuma altura em que o trabalho e respectivas compensa\u00e7\u00f5es e benef\u00edcios a colaboradores est\u00e1 a atravessar uma grande transforma\u00e7\u00e3o\u201d, a profissional afirma ser \u201ccom grande entusiasmo\u201d que se junta \u00e0 empresa que actua na \u00e1rea dos benef\u00edcios extra-salariais em especial neste contexto.<br \/>\n\u201cO cart\u00e3o Euroticket tem seguramente um papel de destaque nesta transforma\u00e7\u00e3o, especialmente no contexto de pandemia e crise econ\u00f3mica, e de transforma\u00e7\u00e3o dos modelos de trabalho, aos quais os sistemas de compensa\u00e7\u00f5es e benef\u00edcios n\u00e3o podem ser alheios\u201d, considera Joana Peixoto, salientando \u201ca oportunidade de trabalhar com clientes e parceiros de \u00e1reas t\u00e3o diferentes, como a restaura\u00e7\u00e3o e bens alimentares, \u00e0s \u00e1reas da educa\u00e7\u00e3o, sa\u00fade, turismo e cultura\u201d.<br \/>\nJoana Peixoto iniciou o seu percurso profissional na actual Coca-Cola European Partners, tendo trabalhado na \u00e1rea de trade marketing da empresa at\u00e9 transitar para a Opensoft, consultora tecnol\u00f3gica onde foi respons\u00e1vel pela direc\u00e7\u00e3o comercial e de marketing da Opensoft, tendo trabalhado no lan\u00e7amento de v\u00e1rios produtos de software, acompanhando ainda projectos de transforma\u00e7\u00e3o digital de clientes.<\/p>\n<p>\n<!--noindex--><br \/>\n<a href=\"https:\/\/www.meiosepublicidade.pt\/2021\/06\/joana-peixoto-muda-se-da-deloitte-para-o-marketing-da-edenred\/?utm_source=rss&#038;utm_medium=rss&#038;utm_campaign=joana-peixoto-muda-se-da-deloitte-para-o-marketing-da-edenred\" rel=\"nofollow\">Source link <\/a><br \/>\n<!--\/noindex--><\/p>\n","protected":false},"excerpt":{"rendered":"<p>Por Pedro Dur\u00e3es a 22 de Junho de 2021 At\u00e9 aqui no marketing de consultoria da Deloitte, onde era respons\u00e1vel pela comunica\u00e7\u00e3o de novas ofertas e parcerias tecnol\u00f3gicas, Joana Peixoto \u00e9 a nova directora de marketing e comunica\u00e7\u00e3o da Edenred Portugal. Destacando o facto de assumir o cargo \u201cnuma altura em que o trabalho e [&hellip;]<\/p>\n","protected":false},"author":2,"featured_media":10526,"comment_status":"open","ping_status":"open","sticky":false,"template":"","format":"standard","meta":{"footnotes":""},"categories":[3],"tags":[],"class_list":["post-10525","post","type-post","status-publish","format-standard","has-post-thumbnail","hentry","category-noticias-de-marketing-na-internet"],"yoast_head":"<!-- This site is optimized with the Yoast SEO plugin v27.4 - https:\/\/yoast.com\/product\/yoast-seo-wordpress\/ -->\n<title>Joana Peixoto muda-se da Deloitte para o marketing da Edenred - Meios &amp; Publicidade - Favorite News<\/title>\n<meta name=\"robots\" content=\"index, follow, max-snippet:-1, max-image-preview:large, max-video-preview:-1\" \/>\n<link rel=\"canonical\" href=\"https:\/\/favorite-news.com\/pt\/joana-peixoto-muda-se-da-deloitte-para-o-marketing-da-edenred-meios-publicidade\/\" \/>\n<meta property=\"og:locale\" content=\"pt_PT\" \/>\n<meta property=\"og:type\" content=\"article\" \/>\n<meta property=\"og:title\" content=\"Joana Peixoto muda-se da Deloitte para o marketing da Edenred - Meios &amp; Publicidade - Favorite News\" \/>\n<meta property=\"og:description\" content=\"Por Pedro Dur\u00e3es a 22 de Junho de 2021 At\u00e9 aqui no marketing de consultoria da Deloitte, onde era respons\u00e1vel pela comunica\u00e7\u00e3o de novas ofertas e parcerias tecnol\u00f3gicas, Joana Peixoto \u00e9 a nova directora de marketing e comunica\u00e7\u00e3o da Edenred Portugal. Destacando o facto de assumir o cargo \u201cnuma altura em que o trabalho e [&hellip;]\" \/>\n<meta property=\"og:url\" content=\"https:\/\/favorite-news.com\/pt\/joana-peixoto-muda-se-da-deloitte-para-o-marketing-da-edenred-meios-publicidade\/\" \/>\n<meta property=\"og:site_name\" content=\"Favorite News\" \/>\n<meta property=\"article:published_time\" content=\"2021-06-23T01:54:11+00:00\" \/>\n<meta property=\"article:modified_time\" content=\"2021-06-23T01:54:17+00:00\" \/>\n<meta property=\"og:image\" content=\"https:\/\/favorite-news.com\/pt\/wp-content\/uploads\/sites\/2\/2021\/06\/Joana-Peixoto-muda-se-da-Deloitte-para-o-marketing-da-Edenred.jpg\" \/>\n\t<meta property=\"og:image:width\" content=\"1920\" \/>\n\t<meta property=\"og:image:height\" content=\"1275\" \/>\n\t<meta property=\"og:image:type\" content=\"image\/jpeg\" \/>\n<meta name=\"author\" content=\"favorite-news\" \/>\n<meta name=\"twitter:card\" content=\"summary_large_image\" \/>\n<meta name=\"twitter:label1\" content=\"Escrito por\" \/>\n\t<meta name=\"twitter:data1\" content=\"favorite-news\" \/>\n\t<meta name=\"twitter:label2\" content=\"Tempo estimado de leitura\" \/>\n\t<meta name=\"twitter:data2\" content=\"1 minuto\" \/>\n<script type=\"application\/ld+json\" class=\"yoast-schema-graph\">{\"@context\":\"https:\\\/\\\/schema.org\",\"@graph\":[{\"@type\":\"Article\",\"@id\":\"https:\\\/\\\/favorite-news.com\\\/pt\\\/joana-peixoto-muda-se-da-deloitte-para-o-marketing-da-edenred-meios-publicidade\\\/#article\",\"isPartOf\":{\"@id\":\"https:\\\/\\\/favorite-news.com\\\/pt\\\/joana-peixoto-muda-se-da-deloitte-para-o-marketing-da-edenred-meios-publicidade\\\/\"},\"author\":{\"name\":\"favorite-news\",\"@id\":\"https:\\\/\\\/favorite-news.com\\\/pt\\\/#\\\/schema\\\/person\\\/b91573b717dcfa5e4696032a9d28d3e8\"},\"headline\":\"Joana Peixoto muda-se da Deloitte para o marketing da Edenred &#8211; Meios &#038; Publicidade\",\"datePublished\":\"2021-06-23T01:54:11+00:00\",\"dateModified\":\"2021-06-23T01:54:17+00:00\",\"mainEntityOfPage\":{\"@id\":\"https:\\\/\\\/favorite-news.com\\\/pt\\\/joana-peixoto-muda-se-da-deloitte-para-o-marketing-da-edenred-meios-publicidade\\\/\"},\"wordCount\":251,\"commentCount\":0,\"image\":{\"@id\":\"https:\\\/\\\/favorite-news.com\\\/pt\\\/joana-peixoto-muda-se-da-deloitte-para-o-marketing-da-edenred-meios-publicidade\\\/#primaryimage\"},\"thumbnailUrl\":\"https:\\\/\\\/favorite-news.com\\\/pt\\\/wp-content\\\/uploads\\\/sites\\\/2\\\/2021\\\/06\\\/Joana-Peixoto-muda-se-da-Deloitte-para-o-marketing-da-Edenred.jpg\",\"articleSection\":[\"NOT\u00cdCIAS DE MARKETING NA INTERNET\"],\"inLanguage\":\"pt-PT\",\"potentialAction\":[{\"@type\":\"CommentAction\",\"name\":\"Comment\",\"target\":[\"https:\\\/\\\/favorite-news.com\\\/pt\\\/joana-peixoto-muda-se-da-deloitte-para-o-marketing-da-edenred-meios-publicidade\\\/#respond\"]}]},{\"@type\":\"WebPage\",\"@id\":\"https:\\\/\\\/favorite-news.com\\\/pt\\\/joana-peixoto-muda-se-da-deloitte-para-o-marketing-da-edenred-meios-publicidade\\\/\",\"url\":\"https:\\\/\\\/favorite-news.com\\\/pt\\\/joana-peixoto-muda-se-da-deloitte-para-o-marketing-da-edenred-meios-publicidade\\\/\",\"name\":\"Joana Peixoto muda-se da Deloitte para o marketing da Edenred - Meios & Publicidade - Favorite News\",\"isPartOf\":{\"@id\":\"https:\\\/\\\/favorite-news.com\\\/pt\\\/#website\"},\"primaryImageOfPage\":{\"@id\":\"https:\\\/\\\/favorite-news.com\\\/pt\\\/joana-peixoto-muda-se-da-deloitte-para-o-marketing-da-edenred-meios-publicidade\\\/#primaryimage\"},\"image\":{\"@id\":\"https:\\\/\\\/favorite-news.com\\\/pt\\\/joana-peixoto-muda-se-da-deloitte-para-o-marketing-da-edenred-meios-publicidade\\\/#primaryimage\"},\"thumbnailUrl\":\"https:\\\/\\\/favorite-news.com\\\/pt\\\/wp-content\\\/uploads\\\/sites\\\/2\\\/2021\\\/06\\\/Joana-Peixoto-muda-se-da-Deloitte-para-o-marketing-da-Edenred.jpg\",\"datePublished\":\"2021-06-23T01:54:11+00:00\",\"dateModified\":\"2021-06-23T01:54:17+00:00\",\"author\":{\"@id\":\"https:\\\/\\\/favorite-news.com\\\/pt\\\/#\\\/schema\\\/person\\\/b91573b717dcfa5e4696032a9d28d3e8\"},\"breadcrumb\":{\"@id\":\"https:\\\/\\\/favorite-news.com\\\/pt\\\/joana-peixoto-muda-se-da-deloitte-para-o-marketing-da-edenred-meios-publicidade\\\/#breadcrumb\"},\"inLanguage\":\"pt-PT\",\"potentialAction\":[{\"@type\":\"ReadAction\",\"target\":[\"https:\\\/\\\/favorite-news.com\\\/pt\\\/joana-peixoto-muda-se-da-deloitte-para-o-marketing-da-edenred-meios-publicidade\\\/\"]}]},{\"@type\":\"ImageObject\",\"inLanguage\":\"pt-PT\",\"@id\":\"https:\\\/\\\/favorite-news.com\\\/pt\\\/joana-peixoto-muda-se-da-deloitte-para-o-marketing-da-edenred-meios-publicidade\\\/#primaryimage\",\"url\":\"https:\\\/\\\/favorite-news.com\\\/pt\\\/wp-content\\\/uploads\\\/sites\\\/2\\\/2021\\\/06\\\/Joana-Peixoto-muda-se-da-Deloitte-para-o-marketing-da-Edenred.jpg\",\"contentUrl\":\"https:\\\/\\\/favorite-news.com\\\/pt\\\/wp-content\\\/uploads\\\/sites\\\/2\\\/2021\\\/06\\\/Joana-Peixoto-muda-se-da-Deloitte-para-o-marketing-da-Edenred.jpg\",\"width\":1920,\"height\":1275,\"caption\":\"Joana Peixoto muda-se da Deloitte para o marketing da Edenred - Meios & Publicidade\"},{\"@type\":\"BreadcrumbList\",\"@id\":\"https:\\\/\\\/favorite-news.com\\\/pt\\\/joana-peixoto-muda-se-da-deloitte-para-o-marketing-da-edenred-meios-publicidade\\\/#breadcrumb\",\"itemListElement\":[{\"@type\":\"ListItem\",\"position\":1,\"name\":\"Home\",\"item\":\"https:\\\/\\\/favorite-news.com\\\/pt\\\/\"},{\"@type\":\"ListItem\",\"position\":2,\"name\":\"Joana Peixoto muda-se da Deloitte para o marketing da Edenred &#8211; Meios &#038; Publicidade\"}]},{\"@type\":\"WebSite\",\"@id\":\"https:\\\/\\\/favorite-news.com\\\/pt\\\/#website\",\"url\":\"https:\\\/\\\/favorite-news.com\\\/pt\\\/\",\"name\":\"Favorite News\",\"description\":\"Favorite News Portugal\",\"potentialAction\":[{\"@type\":\"SearchAction\",\"target\":{\"@type\":\"EntryPoint\",\"urlTemplate\":\"https:\\\/\\\/favorite-news.com\\\/pt\\\/?s={search_term_string}\"},\"query-input\":{\"@type\":\"PropertyValueSpecification\",\"valueRequired\":true,\"valueName\":\"search_term_string\"}}],\"inLanguage\":\"pt-PT\"},{\"@type\":\"Person\",\"@id\":\"https:\\\/\\\/favorite-news.com\\\/pt\\\/#\\\/schema\\\/person\\\/b91573b717dcfa5e4696032a9d28d3e8\",\"name\":\"favorite-news\",\"image\":{\"@type\":\"ImageObject\",\"inLanguage\":\"pt-PT\",\"@id\":\"https:\\\/\\\/secure.gravatar.com\\\/avatar\\\/6c5a5cb12b74e9d517ee91cf570335b7d16177f1977cc91db161adfa435945a7?s=96&d=mm&r=g\",\"url\":\"https:\\\/\\\/secure.gravatar.com\\\/avatar\\\/6c5a5cb12b74e9d517ee91cf570335b7d16177f1977cc91db161adfa435945a7?s=96&d=mm&r=g\",\"contentUrl\":\"https:\\\/\\\/secure.gravatar.com\\\/avatar\\\/6c5a5cb12b74e9d517ee91cf570335b7d16177f1977cc91db161adfa435945a7?s=96&d=mm&r=g\",\"caption\":\"favorite-news\"},\"url\":\"https:\\\/\\\/favorite-news.com\\\/pt\\\/author\\\/pt\\\/\"}]}<\/script>\n<!-- \/ Yoast SEO plugin. -->","yoast_head_json":{"title":"Joana Peixoto muda-se da Deloitte para o marketing da Edenred - Meios & Publicidade - Favorite News","robots":{"index":"index","follow":"follow","max-snippet":"max-snippet:-1","max-image-preview":"max-image-preview:large","max-video-preview":"max-video-preview:-1"},"canonical":"https:\/\/favorite-news.com\/pt\/joana-peixoto-muda-se-da-deloitte-para-o-marketing-da-edenred-meios-publicidade\/","og_locale":"pt_PT","og_type":"article","og_title":"Joana Peixoto muda-se da Deloitte para o marketing da Edenred - Meios & Publicidade - Favorite News","og_description":"Por Pedro Dur\u00e3es a 22 de Junho de 2021 At\u00e9 aqui no marketing de consultoria da Deloitte, onde era respons\u00e1vel pela comunica\u00e7\u00e3o de novas ofertas e parcerias tecnol\u00f3gicas, Joana Peixoto \u00e9 a nova directora de marketing e comunica\u00e7\u00e3o da Edenred Portugal. Destacando o facto de assumir o cargo \u201cnuma altura em que o trabalho e [&hellip;]","og_url":"https:\/\/favorite-news.com\/pt\/joana-peixoto-muda-se-da-deloitte-para-o-marketing-da-edenred-meios-publicidade\/","og_site_name":"Favorite News","article_published_time":"2021-06-23T01:54:11+00:00","article_modified_time":"2021-06-23T01:54:17+00:00","og_image":[{"width":1920,"height":1275,"url":"https:\/\/favorite-news.com\/pt\/wp-content\/uploads\/sites\/2\/2021\/06\/Joana-Peixoto-muda-se-da-Deloitte-para-o-marketing-da-Edenred.jpg","type":"image\/jpeg"}],"author":"favorite-news","twitter_card":"summary_large_image","twitter_misc":{"Escrito por":"favorite-news","Tempo estimado de leitura":"1 minuto"},"schema":{"@context":"https:\/\/schema.org","@graph":[{"@type":"Article","@id":"https:\/\/favorite-news.com\/pt\/joana-peixoto-muda-se-da-deloitte-para-o-marketing-da-edenred-meios-publicidade\/#article","isPartOf":{"@id":"https:\/\/favorite-news.com\/pt\/joana-peixoto-muda-se-da-deloitte-para-o-marketing-da-edenred-meios-publicidade\/"},"author":{"name":"favorite-news","@id":"https:\/\/favorite-news.com\/pt\/#\/schema\/person\/b91573b717dcfa5e4696032a9d28d3e8"},"headline":"Joana Peixoto muda-se da Deloitte para o marketing da Edenred &#8211; Meios &#038; Publicidade","datePublished":"2021-06-23T01:54:11+00:00","dateModified":"2021-06-23T01:54:17+00:00","mainEntityOfPage":{"@id":"https:\/\/favorite-news.com\/pt\/joana-peixoto-muda-se-da-deloitte-para-o-marketing-da-edenred-meios-publicidade\/"},"wordCount":251,"commentCount":0,"image":{"@id":"https:\/\/favorite-news.com\/pt\/joana-peixoto-muda-se-da-deloitte-para-o-marketing-da-edenred-meios-publicidade\/#primaryimage"},"thumbnailUrl":"https:\/\/favorite-news.com\/pt\/wp-content\/uploads\/sites\/2\/2021\/06\/Joana-Peixoto-muda-se-da-Deloitte-para-o-marketing-da-Edenred.jpg","articleSection":["NOT\u00cdCIAS DE MARKETING NA INTERNET"],"inLanguage":"pt-PT","potentialAction":[{"@type":"CommentAction","name":"Comment","target":["https:\/\/favorite-news.com\/pt\/joana-peixoto-muda-se-da-deloitte-para-o-marketing-da-edenred-meios-publicidade\/#respond"]}]},{"@type":"WebPage","@id":"https:\/\/favorite-news.com\/pt\/joana-peixoto-muda-se-da-deloitte-para-o-marketing-da-edenred-meios-publicidade\/","url":"https:\/\/favorite-news.com\/pt\/joana-peixoto-muda-se-da-deloitte-para-o-marketing-da-edenred-meios-publicidade\/","name":"Joana Peixoto muda-se da Deloitte para o marketing da Edenred - Meios & Publicidade - Favorite News","isPartOf":{"@id":"https:\/\/favorite-news.com\/pt\/#website"},"primaryImageOfPage":{"@id":"https:\/\/favorite-news.com\/pt\/joana-peixoto-muda-se-da-deloitte-para-o-marketing-da-edenred-meios-publicidade\/#primaryimage"},"image":{"@id":"https:\/\/favorite-news.com\/pt\/joana-peixoto-muda-se-da-deloitte-para-o-marketing-da-edenred-meios-publicidade\/#primaryimage"},"thumbnailUrl":"https:\/\/favorite-news.com\/pt\/wp-content\/uploads\/sites\/2\/2021\/06\/Joana-Peixoto-muda-se-da-Deloitte-para-o-marketing-da-Edenred.jpg","datePublished":"2021-06-23T01:54:11+00:00","dateModified":"2021-06-23T01:54:17+00:00","author":{"@id":"https:\/\/favorite-news.com\/pt\/#\/schema\/person\/b91573b717dcfa5e4696032a9d28d3e8"},"breadcrumb":{"@id":"https:\/\/favorite-news.com\/pt\/joana-peixoto-muda-se-da-deloitte-para-o-marketing-da-edenred-meios-publicidade\/#breadcrumb"},"inLanguage":"pt-PT","potentialAction":[{"@type":"ReadAction","target":["https:\/\/favorite-news.com\/pt\/joana-peixoto-muda-se-da-deloitte-para-o-marketing-da-edenred-meios-publicidade\/"]}]},{"@type":"ImageObject","inLanguage":"pt-PT","@id":"https:\/\/favorite-news.com\/pt\/joana-peixoto-muda-se-da-deloitte-para-o-marketing-da-edenred-meios-publicidade\/#primaryimage","url":"https:\/\/favorite-news.com\/pt\/wp-content\/uploads\/sites\/2\/2021\/06\/Joana-Peixoto-muda-se-da-Deloitte-para-o-marketing-da-Edenred.jpg","contentUrl":"https:\/\/favorite-news.com\/pt\/wp-content\/uploads\/sites\/2\/2021\/06\/Joana-Peixoto-muda-se-da-Deloitte-para-o-marketing-da-Edenred.jpg","width":1920,"height":1275,"caption":"Joana Peixoto muda-se da Deloitte para o marketing da Edenred - Meios & Publicidade"},{"@type":"BreadcrumbList","@id":"https:\/\/favorite-news.com\/pt\/joana-peixoto-muda-se-da-deloitte-para-o-marketing-da-edenred-meios-publicidade\/#breadcrumb","itemListElement":[{"@type":"ListItem","position":1,"name":"Home","item":"https:\/\/favorite-news.com\/pt\/"},{"@type":"ListItem","position":2,"name":"Joana Peixoto muda-se da Deloitte para o marketing da Edenred &#8211; Meios &#038; Publicidade"}]},{"@type":"WebSite","@id":"https:\/\/favorite-news.com\/pt\/#website","url":"https:\/\/favorite-news.com\/pt\/","name":"Favorite News","description":"Favorite News Portugal","potentialAction":[{"@type":"SearchAction","target":{"@type":"EntryPoint","urlTemplate":"https:\/\/favorite-news.com\/pt\/?s={search_term_string}"},"query-input":{"@type":"PropertyValueSpecification","valueRequired":true,"valueName":"search_term_string"}}],"inLanguage":"pt-PT"},{"@type":"Person","@id":"https:\/\/favorite-news.com\/pt\/#\/schema\/person\/b91573b717dcfa5e4696032a9d28d3e8","name":"favorite-news","image":{"@type":"ImageObject","inLanguage":"pt-PT","@id":"https:\/\/secure.gravatar.com\/avatar\/6c5a5cb12b74e9d517ee91cf570335b7d16177f1977cc91db161adfa435945a7?s=96&d=mm&r=g","url":"https:\/\/secure.gravatar.com\/avatar\/6c5a5cb12b74e9d517ee91cf570335b7d16177f1977cc91db161adfa435945a7?s=96&d=mm&r=g","contentUrl":"https:\/\/secure.gravatar.com\/avatar\/6c5a5cb12b74e9d517ee91cf570335b7d16177f1977cc91db161adfa435945a7?s=96&d=mm&r=g","caption":"favorite-news"},"url":"https:\/\/favorite-news.com\/pt\/author\/pt\/"}]}},"_links":{"self":[{"href":"https:\/\/favorite-news.com\/pt\/wp-json\/wp\/v2\/posts\/10525","targetHints":{"allow":["GET"]}}],"collection":[{"href":"https:\/\/favorite-news.com\/pt\/wp-json\/wp\/v2\/posts"}],"about":[{"href":"https:\/\/favorite-news.com\/pt\/wp-json\/wp\/v2\/types\/post"}],"author":[{"embeddable":true,"href":"https:\/\/favorite-news.com\/pt\/wp-json\/wp\/v2\/users\/2"}],"replies":[{"embeddable":true,"href":"https:\/\/favorite-news.com\/pt\/wp-json\/wp\/v2\/comments?post=10525"}],"version-history":[{"count":1,"href":"https:\/\/favorite-news.com\/pt\/wp-json\/wp\/v2\/posts\/10525\/revisions"}],"predecessor-version":[{"id":10527,"href":"https:\/\/favorite-news.com\/pt\/wp-json\/wp\/v2\/posts\/10525\/revisions\/10527"}],"wp:featuredmedia":[{"embeddable":true,"href":"https:\/\/favorite-news.com\/pt\/wp-json\/wp\/v2\/media\/10526"}],"wp:attachment":[{"href":"https:\/\/favorite-news.com\/pt\/wp-json\/wp\/v2\/media?parent=10525"}],"wp:term":[{"taxonomy":"category","embeddable":true,"href":"https:\/\/favorite-news.com\/pt\/wp-json\/wp\/v2\/categories?post=10525"},{"taxonomy":"post_tag","embeddable":true,"href":"https:\/\/favorite-news.com\/pt\/wp-json\/wp\/v2\/tags?post=10525"}],"curies":[{"name":"wp","href":"https:\/\/api.w.org\/{rel}","templated":true}]}}