{"id":10509,"date":"2021-06-21T16:27:04","date_gmt":"2021-06-21T13:27:04","guid":{"rendered":"https:\/\/favorite-news.com\/pt\/mais-dois-festivais-adiados-para-2022-meios-publicidade\/"},"modified":"2021-06-21T16:27:07","modified_gmt":"2021-06-21T13:27:07","slug":"mais-dois-festivais-adiados-para-2022-meios-publicidade","status":"publish","type":"post","link":"https:\/\/favorite-news.com\/pt\/mais-dois-festivais-adiados-para-2022-meios-publicidade\/","title":{"rendered":"Mais dois festivais adiados para 2022 &#8211; Meios &#038; Publicidade"},"content":{"rendered":"<p>\t\t\t\u201cA necessidade de proteger a sau\u0301de pu\u0301blica, e a paralisac\u0327a\u0303o do sector cultural e outros essenciais a\u0300 realizac\u0327a\u0303o de eventos desta natureza, tanto em Portugal como no mundo, impediram que se reunissem as condic\u0327o\u0303es necessa\u0301rias para realizar o festival em 2021.\u201d \u00c9 desta forma que a organiza\u00e7\u00e3o do festival Lisb-On Jardim Sonoro justifica o cancelamento da edi\u00e7\u00e3o deste ano do festival que decorre no Parque Eduardo VII, no centro de Lisboa. \u201cAos promotores, artistas, agentes, te\u0301cnicos e todos os que trabalham arduamente para nos oferecer cultura e entretenimento, gostari\u0301amos de deixar uma mensagem de solidariedade e apoio. Queremos ver os pape\u0301is da cultura e da mu\u0301sica reconhecidos como essenciais, e os seus agentes apoiados e protegidos. Mais que tudo queremos que o vosso trabalho, talento e criatividade possam voltar a enriquecer as nossas vidas muito em breve\u201d, pode ler-se em comunicado.<br \/>\nO evento dever\u00e1 agora decorrer entre os dias 2 e 4 de Setembro 2022. Carlsberg, Absolut, Beefeater, Casal Garcia, Delta Q, Jameson, Red Bull, Somersby e Seat s\u00e3o algumas das marcas associadas ao Lisb-On.<br \/>\nTamb\u00e9m a organiza\u00e7\u00e3o do EDP Vilar de Mouros anunciou esta ter\u00e7a-feira o cancelamento da edi\u00e7\u00e3o deste ano. \u201cA todos os que n\u00e3o desistiram de n\u00f3s e do EDP Vilar de Mouros, primeiro em 2020 e depois em 2021, e guardaram os seus bilhetes: Obrigado.\u00a0Porque n\u00f3s acredit\u00e1mos e empenh\u00e1mo-nos, at\u00e9 ao \u00faltimo segundo, na sua realiza\u00e7\u00e3o \u2014 por todos voc\u00eas, pelos artistas, pelos habitantes de Vilar de Mouros e de Caminha, pelos profissionais e parceiros que tornam o festival poss\u00edvel, ano ap\u00f3s ano. Mas fomos travados, quando j\u00e1 est\u00e1vamos perto de come\u00e7ar as montagens do nosso e vosso Festival\u201d, adiantou a promotora Surprise &amp; Expectation, em comunicado. A edi\u00e7\u00e3o 2022 dever\u00e1 decorrer entre os dias 25 e 27 de Agosto de 2022.<br \/>\nO RFM Somnii tinha sido o mais recente festival a comunicar o cancelamento da edi\u00e7\u00e3o de 2021.<br \/>\n(actualizado com informa\u00e7\u00e3o sobre o EDP Vilar de Mouros)<\/p>\n<p>\n<!--noindex--><br \/>\n<a href=\"https:\/\/www.meiosepublicidade.pt\/2021\/06\/mais-um-festival-adiado-para-2022\/?utm_source=rss&#038;utm_medium=rss&#038;utm_campaign=mais-um-festival-adiado-para-2022\" rel=\"nofollow\">Source link <\/a><br \/>\n<!--\/noindex--><\/p>\n","protected":false},"excerpt":{"rendered":"<p>\u201cA necessidade de proteger a sau\u0301de pu\u0301blica, e a paralisac\u0327a\u0303o do sector cultural e outros essenciais a\u0300 realizac\u0327a\u0303o de eventos desta natureza, tanto em Portugal como no mundo, impediram que se reunissem as condic\u0327o\u0303es necessa\u0301rias para realizar o festival em 2021.\u201d \u00c9 desta forma que a organiza\u00e7\u00e3o do festival Lisb-On Jardim Sonoro justifica o cancelamento [&hellip;]<\/p>\n","protected":false},"author":2,"featured_media":10510,"comment_status":"open","ping_status":"open","sticky":false,"template":"","format":"standard","meta":{"footnotes":""},"categories":[3],"tags":[],"class_list":["post-10509","post","type-post","status-publish","format-standard","has-post-thumbnail","hentry","category-noticias-de-marketing-na-internet"],"yoast_head":"<!-- This site is optimized with the Yoast SEO plugin v27.4 - https:\/\/yoast.com\/product\/yoast-seo-wordpress\/ -->\n<title>Mais dois festivais adiados para 2022 - Meios &amp; Publicidade - Favorite News<\/title>\n<meta name=\"robots\" content=\"index, follow, max-snippet:-1, max-image-preview:large, max-video-preview:-1\" \/>\n<link rel=\"canonical\" href=\"https:\/\/favorite-news.com\/pt\/mais-dois-festivais-adiados-para-2022-meios-publicidade\/\" \/>\n<meta property=\"og:locale\" content=\"pt_PT\" \/>\n<meta property=\"og:type\" content=\"article\" \/>\n<meta property=\"og:title\" content=\"Mais dois festivais adiados para 2022 - Meios &amp; Publicidade - Favorite News\" \/>\n<meta property=\"og:description\" content=\"\u201cA necessidade de proteger a sau\u0301de pu\u0301blica, e a paralisac\u0327a\u0303o do sector cultural e outros essenciais a\u0300 realizac\u0327a\u0303o de eventos desta natureza, tanto em Portugal como no mundo, impediram que se reunissem as condic\u0327o\u0303es necessa\u0301rias para realizar o festival em 2021.\u201d \u00c9 desta forma que a organiza\u00e7\u00e3o do festival Lisb-On Jardim Sonoro justifica o cancelamento [&hellip;]\" \/>\n<meta property=\"og:url\" content=\"https:\/\/favorite-news.com\/pt\/mais-dois-festivais-adiados-para-2022-meios-publicidade\/\" \/>\n<meta property=\"og:site_name\" content=\"Favorite News\" \/>\n<meta property=\"article:published_time\" content=\"2021-06-21T13:27:04+00:00\" \/>\n<meta property=\"article:modified_time\" content=\"2021-06-21T13:27:07+00:00\" \/>\n<meta property=\"og:image\" content=\"https:\/\/favorite-news.com\/pt\/wp-content\/uploads\/sites\/2\/2021\/06\/Mais-dois-festivais-adiados-para-2022-Meios-Publicidade.jpg\" \/>\n\t<meta property=\"og:image:width\" content=\"1280\" \/>\n\t<meta property=\"og:image:height\" content=\"721\" \/>\n\t<meta property=\"og:image:type\" content=\"image\/jpeg\" \/>\n<meta name=\"author\" content=\"favorite-news\" \/>\n<meta name=\"twitter:card\" content=\"summary_large_image\" \/>\n<meta name=\"twitter:label1\" content=\"Escrito por\" \/>\n\t<meta name=\"twitter:data1\" content=\"favorite-news\" \/>\n\t<meta name=\"twitter:label2\" content=\"Tempo estimado de leitura\" \/>\n\t<meta name=\"twitter:data2\" content=\"2 minutos\" \/>\n<script type=\"application\/ld+json\" class=\"yoast-schema-graph\">{\"@context\":\"https:\\\/\\\/schema.org\",\"@graph\":[{\"@type\":\"Article\",\"@id\":\"https:\\\/\\\/favorite-news.com\\\/pt\\\/mais-dois-festivais-adiados-para-2022-meios-publicidade\\\/#article\",\"isPartOf\":{\"@id\":\"https:\\\/\\\/favorite-news.com\\\/pt\\\/mais-dois-festivais-adiados-para-2022-meios-publicidade\\\/\"},\"author\":{\"name\":\"favorite-news\",\"@id\":\"https:\\\/\\\/favorite-news.com\\\/pt\\\/#\\\/schema\\\/person\\\/b91573b717dcfa5e4696032a9d28d3e8\"},\"headline\":\"Mais dois festivais adiados para 2022 &#8211; Meios &#038; Publicidade\",\"datePublished\":\"2021-06-21T13:27:04+00:00\",\"dateModified\":\"2021-06-21T13:27:07+00:00\",\"mainEntityOfPage\":{\"@id\":\"https:\\\/\\\/favorite-news.com\\\/pt\\\/mais-dois-festivais-adiados-para-2022-meios-publicidade\\\/\"},\"wordCount\":354,\"commentCount\":0,\"image\":{\"@id\":\"https:\\\/\\\/favorite-news.com\\\/pt\\\/mais-dois-festivais-adiados-para-2022-meios-publicidade\\\/#primaryimage\"},\"thumbnailUrl\":\"https:\\\/\\\/favorite-news.com\\\/pt\\\/wp-content\\\/uploads\\\/sites\\\/2\\\/2021\\\/06\\\/Mais-dois-festivais-adiados-para-2022-Meios-Publicidade.jpg\",\"articleSection\":[\"NOT\u00cdCIAS DE MARKETING NA INTERNET\"],\"inLanguage\":\"pt-PT\",\"potentialAction\":[{\"@type\":\"CommentAction\",\"name\":\"Comment\",\"target\":[\"https:\\\/\\\/favorite-news.com\\\/pt\\\/mais-dois-festivais-adiados-para-2022-meios-publicidade\\\/#respond\"]}]},{\"@type\":\"WebPage\",\"@id\":\"https:\\\/\\\/favorite-news.com\\\/pt\\\/mais-dois-festivais-adiados-para-2022-meios-publicidade\\\/\",\"url\":\"https:\\\/\\\/favorite-news.com\\\/pt\\\/mais-dois-festivais-adiados-para-2022-meios-publicidade\\\/\",\"name\":\"Mais dois festivais adiados para 2022 - Meios & Publicidade - Favorite News\",\"isPartOf\":{\"@id\":\"https:\\\/\\\/favorite-news.com\\\/pt\\\/#website\"},\"primaryImageOfPage\":{\"@id\":\"https:\\\/\\\/favorite-news.com\\\/pt\\\/mais-dois-festivais-adiados-para-2022-meios-publicidade\\\/#primaryimage\"},\"image\":{\"@id\":\"https:\\\/\\\/favorite-news.com\\\/pt\\\/mais-dois-festivais-adiados-para-2022-meios-publicidade\\\/#primaryimage\"},\"thumbnailUrl\":\"https:\\\/\\\/favorite-news.com\\\/pt\\\/wp-content\\\/uploads\\\/sites\\\/2\\\/2021\\\/06\\\/Mais-dois-festivais-adiados-para-2022-Meios-Publicidade.jpg\",\"datePublished\":\"2021-06-21T13:27:04+00:00\",\"dateModified\":\"2021-06-21T13:27:07+00:00\",\"author\":{\"@id\":\"https:\\\/\\\/favorite-news.com\\\/pt\\\/#\\\/schema\\\/person\\\/b91573b717dcfa5e4696032a9d28d3e8\"},\"breadcrumb\":{\"@id\":\"https:\\\/\\\/favorite-news.com\\\/pt\\\/mais-dois-festivais-adiados-para-2022-meios-publicidade\\\/#breadcrumb\"},\"inLanguage\":\"pt-PT\",\"potentialAction\":[{\"@type\":\"ReadAction\",\"target\":[\"https:\\\/\\\/favorite-news.com\\\/pt\\\/mais-dois-festivais-adiados-para-2022-meios-publicidade\\\/\"]}]},{\"@type\":\"ImageObject\",\"inLanguage\":\"pt-PT\",\"@id\":\"https:\\\/\\\/favorite-news.com\\\/pt\\\/mais-dois-festivais-adiados-para-2022-meios-publicidade\\\/#primaryimage\",\"url\":\"https:\\\/\\\/favorite-news.com\\\/pt\\\/wp-content\\\/uploads\\\/sites\\\/2\\\/2021\\\/06\\\/Mais-dois-festivais-adiados-para-2022-Meios-Publicidade.jpg\",\"contentUrl\":\"https:\\\/\\\/favorite-news.com\\\/pt\\\/wp-content\\\/uploads\\\/sites\\\/2\\\/2021\\\/06\\\/Mais-dois-festivais-adiados-para-2022-Meios-Publicidade.jpg\",\"width\":1280,\"height\":721,\"caption\":\"Mais dois festivais adiados para 2022 - Meios & Publicidade\"},{\"@type\":\"BreadcrumbList\",\"@id\":\"https:\\\/\\\/favorite-news.com\\\/pt\\\/mais-dois-festivais-adiados-para-2022-meios-publicidade\\\/#breadcrumb\",\"itemListElement\":[{\"@type\":\"ListItem\",\"position\":1,\"name\":\"Home\",\"item\":\"https:\\\/\\\/favorite-news.com\\\/pt\\\/\"},{\"@type\":\"ListItem\",\"position\":2,\"name\":\"Mais dois festivais adiados para 2022 &#8211; Meios &#038; Publicidade\"}]},{\"@type\":\"WebSite\",\"@id\":\"https:\\\/\\\/favorite-news.com\\\/pt\\\/#website\",\"url\":\"https:\\\/\\\/favorite-news.com\\\/pt\\\/\",\"name\":\"Favorite News\",\"description\":\"Favorite News Portugal\",\"potentialAction\":[{\"@type\":\"SearchAction\",\"target\":{\"@type\":\"EntryPoint\",\"urlTemplate\":\"https:\\\/\\\/favorite-news.com\\\/pt\\\/?s={search_term_string}\"},\"query-input\":{\"@type\":\"PropertyValueSpecification\",\"valueRequired\":true,\"valueName\":\"search_term_string\"}}],\"inLanguage\":\"pt-PT\"},{\"@type\":\"Person\",\"@id\":\"https:\\\/\\\/favorite-news.com\\\/pt\\\/#\\\/schema\\\/person\\\/b91573b717dcfa5e4696032a9d28d3e8\",\"name\":\"favorite-news\",\"image\":{\"@type\":\"ImageObject\",\"inLanguage\":\"pt-PT\",\"@id\":\"https:\\\/\\\/secure.gravatar.com\\\/avatar\\\/6c5a5cb12b74e9d517ee91cf570335b7d16177f1977cc91db161adfa435945a7?s=96&d=mm&r=g\",\"url\":\"https:\\\/\\\/secure.gravatar.com\\\/avatar\\\/6c5a5cb12b74e9d517ee91cf570335b7d16177f1977cc91db161adfa435945a7?s=96&d=mm&r=g\",\"contentUrl\":\"https:\\\/\\\/secure.gravatar.com\\\/avatar\\\/6c5a5cb12b74e9d517ee91cf570335b7d16177f1977cc91db161adfa435945a7?s=96&d=mm&r=g\",\"caption\":\"favorite-news\"},\"url\":\"https:\\\/\\\/favorite-news.com\\\/pt\\\/author\\\/pt\\\/\"}]}<\/script>\n<!-- \/ Yoast SEO plugin. -->","yoast_head_json":{"title":"Mais dois festivais adiados para 2022 - Meios & Publicidade - Favorite News","robots":{"index":"index","follow":"follow","max-snippet":"max-snippet:-1","max-image-preview":"max-image-preview:large","max-video-preview":"max-video-preview:-1"},"canonical":"https:\/\/favorite-news.com\/pt\/mais-dois-festivais-adiados-para-2022-meios-publicidade\/","og_locale":"pt_PT","og_type":"article","og_title":"Mais dois festivais adiados para 2022 - Meios & Publicidade - Favorite News","og_description":"\u201cA necessidade de proteger a sau\u0301de pu\u0301blica, e a paralisac\u0327a\u0303o do sector cultural e outros essenciais a\u0300 realizac\u0327a\u0303o de eventos desta natureza, tanto em Portugal como no mundo, impediram que se reunissem as condic\u0327o\u0303es necessa\u0301rias para realizar o festival em 2021.\u201d \u00c9 desta forma que a organiza\u00e7\u00e3o do festival Lisb-On Jardim Sonoro justifica o cancelamento [&hellip;]","og_url":"https:\/\/favorite-news.com\/pt\/mais-dois-festivais-adiados-para-2022-meios-publicidade\/","og_site_name":"Favorite News","article_published_time":"2021-06-21T13:27:04+00:00","article_modified_time":"2021-06-21T13:27:07+00:00","og_image":[{"width":1280,"height":721,"url":"https:\/\/favorite-news.com\/pt\/wp-content\/uploads\/sites\/2\/2021\/06\/Mais-dois-festivais-adiados-para-2022-Meios-Publicidade.jpg","type":"image\/jpeg"}],"author":"favorite-news","twitter_card":"summary_large_image","twitter_misc":{"Escrito por":"favorite-news","Tempo estimado de leitura":"2 minutos"},"schema":{"@context":"https:\/\/schema.org","@graph":[{"@type":"Article","@id":"https:\/\/favorite-news.com\/pt\/mais-dois-festivais-adiados-para-2022-meios-publicidade\/#article","isPartOf":{"@id":"https:\/\/favorite-news.com\/pt\/mais-dois-festivais-adiados-para-2022-meios-publicidade\/"},"author":{"name":"favorite-news","@id":"https:\/\/favorite-news.com\/pt\/#\/schema\/person\/b91573b717dcfa5e4696032a9d28d3e8"},"headline":"Mais dois festivais adiados para 2022 &#8211; Meios &#038; Publicidade","datePublished":"2021-06-21T13:27:04+00:00","dateModified":"2021-06-21T13:27:07+00:00","mainEntityOfPage":{"@id":"https:\/\/favorite-news.com\/pt\/mais-dois-festivais-adiados-para-2022-meios-publicidade\/"},"wordCount":354,"commentCount":0,"image":{"@id":"https:\/\/favorite-news.com\/pt\/mais-dois-festivais-adiados-para-2022-meios-publicidade\/#primaryimage"},"thumbnailUrl":"https:\/\/favorite-news.com\/pt\/wp-content\/uploads\/sites\/2\/2021\/06\/Mais-dois-festivais-adiados-para-2022-Meios-Publicidade.jpg","articleSection":["NOT\u00cdCIAS DE MARKETING NA INTERNET"],"inLanguage":"pt-PT","potentialAction":[{"@type":"CommentAction","name":"Comment","target":["https:\/\/favorite-news.com\/pt\/mais-dois-festivais-adiados-para-2022-meios-publicidade\/#respond"]}]},{"@type":"WebPage","@id":"https:\/\/favorite-news.com\/pt\/mais-dois-festivais-adiados-para-2022-meios-publicidade\/","url":"https:\/\/favorite-news.com\/pt\/mais-dois-festivais-adiados-para-2022-meios-publicidade\/","name":"Mais dois festivais adiados para 2022 - Meios & Publicidade - Favorite News","isPartOf":{"@id":"https:\/\/favorite-news.com\/pt\/#website"},"primaryImageOfPage":{"@id":"https:\/\/favorite-news.com\/pt\/mais-dois-festivais-adiados-para-2022-meios-publicidade\/#primaryimage"},"image":{"@id":"https:\/\/favorite-news.com\/pt\/mais-dois-festivais-adiados-para-2022-meios-publicidade\/#primaryimage"},"thumbnailUrl":"https:\/\/favorite-news.com\/pt\/wp-content\/uploads\/sites\/2\/2021\/06\/Mais-dois-festivais-adiados-para-2022-Meios-Publicidade.jpg","datePublished":"2021-06-21T13:27:04+00:00","dateModified":"2021-06-21T13:27:07+00:00","author":{"@id":"https:\/\/favorite-news.com\/pt\/#\/schema\/person\/b91573b717dcfa5e4696032a9d28d3e8"},"breadcrumb":{"@id":"https:\/\/favorite-news.com\/pt\/mais-dois-festivais-adiados-para-2022-meios-publicidade\/#breadcrumb"},"inLanguage":"pt-PT","potentialAction":[{"@type":"ReadAction","target":["https:\/\/favorite-news.com\/pt\/mais-dois-festivais-adiados-para-2022-meios-publicidade\/"]}]},{"@type":"ImageObject","inLanguage":"pt-PT","@id":"https:\/\/favorite-news.com\/pt\/mais-dois-festivais-adiados-para-2022-meios-publicidade\/#primaryimage","url":"https:\/\/favorite-news.com\/pt\/wp-content\/uploads\/sites\/2\/2021\/06\/Mais-dois-festivais-adiados-para-2022-Meios-Publicidade.jpg","contentUrl":"https:\/\/favorite-news.com\/pt\/wp-content\/uploads\/sites\/2\/2021\/06\/Mais-dois-festivais-adiados-para-2022-Meios-Publicidade.jpg","width":1280,"height":721,"caption":"Mais dois festivais adiados para 2022 - Meios & Publicidade"},{"@type":"BreadcrumbList","@id":"https:\/\/favorite-news.com\/pt\/mais-dois-festivais-adiados-para-2022-meios-publicidade\/#breadcrumb","itemListElement":[{"@type":"ListItem","position":1,"name":"Home","item":"https:\/\/favorite-news.com\/pt\/"},{"@type":"ListItem","position":2,"name":"Mais dois festivais adiados para 2022 &#8211; Meios &#038; Publicidade"}]},{"@type":"WebSite","@id":"https:\/\/favorite-news.com\/pt\/#website","url":"https:\/\/favorite-news.com\/pt\/","name":"Favorite News","description":"Favorite News Portugal","potentialAction":[{"@type":"SearchAction","target":{"@type":"EntryPoint","urlTemplate":"https:\/\/favorite-news.com\/pt\/?s={search_term_string}"},"query-input":{"@type":"PropertyValueSpecification","valueRequired":true,"valueName":"search_term_string"}}],"inLanguage":"pt-PT"},{"@type":"Person","@id":"https:\/\/favorite-news.com\/pt\/#\/schema\/person\/b91573b717dcfa5e4696032a9d28d3e8","name":"favorite-news","image":{"@type":"ImageObject","inLanguage":"pt-PT","@id":"https:\/\/secure.gravatar.com\/avatar\/6c5a5cb12b74e9d517ee91cf570335b7d16177f1977cc91db161adfa435945a7?s=96&d=mm&r=g","url":"https:\/\/secure.gravatar.com\/avatar\/6c5a5cb12b74e9d517ee91cf570335b7d16177f1977cc91db161adfa435945a7?s=96&d=mm&r=g","contentUrl":"https:\/\/secure.gravatar.com\/avatar\/6c5a5cb12b74e9d517ee91cf570335b7d16177f1977cc91db161adfa435945a7?s=96&d=mm&r=g","caption":"favorite-news"},"url":"https:\/\/favorite-news.com\/pt\/author\/pt\/"}]}},"_links":{"self":[{"href":"https:\/\/favorite-news.com\/pt\/wp-json\/wp\/v2\/posts\/10509","targetHints":{"allow":["GET"]}}],"collection":[{"href":"https:\/\/favorite-news.com\/pt\/wp-json\/wp\/v2\/posts"}],"about":[{"href":"https:\/\/favorite-news.com\/pt\/wp-json\/wp\/v2\/types\/post"}],"author":[{"embeddable":true,"href":"https:\/\/favorite-news.com\/pt\/wp-json\/wp\/v2\/users\/2"}],"replies":[{"embeddable":true,"href":"https:\/\/favorite-news.com\/pt\/wp-json\/wp\/v2\/comments?post=10509"}],"version-history":[{"count":1,"href":"https:\/\/favorite-news.com\/pt\/wp-json\/wp\/v2\/posts\/10509\/revisions"}],"predecessor-version":[{"id":10511,"href":"https:\/\/favorite-news.com\/pt\/wp-json\/wp\/v2\/posts\/10509\/revisions\/10511"}],"wp:featuredmedia":[{"embeddable":true,"href":"https:\/\/favorite-news.com\/pt\/wp-json\/wp\/v2\/media\/10510"}],"wp:attachment":[{"href":"https:\/\/favorite-news.com\/pt\/wp-json\/wp\/v2\/media?parent=10509"}],"wp:term":[{"taxonomy":"category","embeddable":true,"href":"https:\/\/favorite-news.com\/pt\/wp-json\/wp\/v2\/categories?post=10509"},{"taxonomy":"post_tag","embeddable":true,"href":"https:\/\/favorite-news.com\/pt\/wp-json\/wp\/v2\/tags?post=10509"}],"curies":[{"name":"wp","href":"https:\/\/api.w.org\/{rel}","templated":true}]}}