{"id":10469,"date":"2021-06-18T03:53:47","date_gmt":"2021-06-18T00:53:47","guid":{"rendered":"https:\/\/favorite-news.com\/pt\/curadoria-do-instagram-da-worten-nas-maos-de-paulo-futre-meios-publicidade\/"},"modified":"2021-06-18T03:53:50","modified_gmt":"2021-06-18T00:53:50","slug":"curadoria-do-instagram-da-worten-nas-maos-de-paulo-futre-meios-publicidade","status":"publish","type":"post","link":"https:\/\/favorite-news.com\/pt\/curadoria-do-instagram-da-worten-nas-maos-de-paulo-futre-meios-publicidade\/","title":{"rendered":"Curadoria do Instagram da Worten nas m\u00e3os de Paulo Futre &#8211; Meios &#038; Publicidade"},"content":{"rendered":"<p>\t\t\t\tPor Pedro Dur\u00e3es a 17 de Junho de 2021<\/p>\n<p>\t\t\tO ex-internacional portugu\u00eas Paulo Futre vai assumir as r\u00e9deas do perfil de Instagram da Worten ao longo de todo o m\u00eas em que decorre o Euro 2020, sendo \u201cpresen\u00e7a ass\u00eddua\u201d na rede social para \u201ccomentar os melhores momentos da equipa das quinas\u201d na competi\u00e7\u00e3o. \u201cEste m\u00eas, a nossa escolha para curador do Instagram s\u00f3 podia ir para um dos melhores jogadores de todos os tempos\u201d, come\u00e7a por referir Ant\u00f3nio Fuzeta da Ponte, director de marca e comunica\u00e7\u00e3o da Worten, lembrando que \u201cPaulo Futre \u00e9 uma refer\u00eancia incontorn\u00e1vel do futebol, tendo-se destacado por ser dos poucos que jogou nos \u2018tr\u00eas grandes\u2019 de Portugal\u201d. \u201cTalvez por isso mesmo seja uma das figuras mais consensuais e acarinhadas pelos adeptos\u201d, conclui o respons\u00e1vel.<br \/>\nEnquanto curador do perfil na marca na rede social, Paulo Futre ir\u00e1 \u201ccomentar, em stories e posts no Instagram da Worten, a presta\u00e7\u00e3o da selec\u00e7\u00e3o portuguesa neste Europeu, debatendo tamb\u00e9m os jogos das outras equipas, no seu estilo muito pr\u00f3prio\u201d.<\/p>\n<p>\n<!--noindex--><br \/>\n<a href=\"https:\/\/www.meiosepublicidade.pt\/2021\/06\/curadoria-do-instagram-da-worten-nas-maos-de-paulo-futre\/?utm_source=rss&#038;utm_medium=rss&#038;utm_campaign=curadoria-do-instagram-da-worten-nas-maos-de-paulo-futre\" rel=\"nofollow\">Source link <\/a><br \/>\n<!--\/noindex--><\/p>\n","protected":false},"excerpt":{"rendered":"<p>Por Pedro Dur\u00e3es a 17 de Junho de 2021 O ex-internacional portugu\u00eas Paulo Futre vai assumir as r\u00e9deas do perfil de Instagram da Worten ao longo de todo o m\u00eas em que decorre o Euro 2020, sendo \u201cpresen\u00e7a ass\u00eddua\u201d na rede social para \u201ccomentar os melhores momentos da equipa das quinas\u201d na competi\u00e7\u00e3o. \u201cEste m\u00eas, [&hellip;]<\/p>\n","protected":false},"author":2,"featured_media":10470,"comment_status":"open","ping_status":"open","sticky":false,"template":"","format":"standard","meta":{"footnotes":""},"categories":[3],"tags":[],"class_list":["post-10469","post","type-post","status-publish","format-standard","has-post-thumbnail","hentry","category-noticias-de-marketing-na-internet"],"yoast_head":"<!-- This site is optimized with the Yoast SEO plugin v27.4 - https:\/\/yoast.com\/product\/yoast-seo-wordpress\/ -->\n<title>Curadoria do Instagram da Worten nas m\u00e3os de Paulo Futre - Meios &amp; Publicidade - Favorite News<\/title>\n<meta name=\"robots\" content=\"index, follow, max-snippet:-1, max-image-preview:large, max-video-preview:-1\" \/>\n<link rel=\"canonical\" href=\"https:\/\/favorite-news.com\/pt\/curadoria-do-instagram-da-worten-nas-maos-de-paulo-futre-meios-publicidade\/\" \/>\n<meta property=\"og:locale\" content=\"pt_PT\" \/>\n<meta property=\"og:type\" content=\"article\" \/>\n<meta property=\"og:title\" content=\"Curadoria do Instagram da Worten nas m\u00e3os de Paulo Futre - Meios &amp; Publicidade - Favorite News\" \/>\n<meta property=\"og:description\" content=\"Por Pedro Dur\u00e3es a 17 de Junho de 2021 O ex-internacional portugu\u00eas Paulo Futre vai assumir as r\u00e9deas do perfil de Instagram da Worten ao longo de todo o m\u00eas em que decorre o Euro 2020, sendo \u201cpresen\u00e7a ass\u00eddua\u201d na rede social para \u201ccomentar os melhores momentos da equipa das quinas\u201d na competi\u00e7\u00e3o. \u201cEste m\u00eas, [&hellip;]\" \/>\n<meta property=\"og:url\" content=\"https:\/\/favorite-news.com\/pt\/curadoria-do-instagram-da-worten-nas-maos-de-paulo-futre-meios-publicidade\/\" \/>\n<meta property=\"og:site_name\" content=\"Favorite News\" \/>\n<meta property=\"article:published_time\" content=\"2021-06-18T00:53:47+00:00\" \/>\n<meta property=\"article:modified_time\" content=\"2021-06-18T00:53:50+00:00\" \/>\n<meta property=\"og:image\" content=\"https:\/\/favorite-news.com\/pt\/wp-content\/uploads\/sites\/2\/2021\/06\/Curadoria-do-Instagram-da-Worten-nas-maos-de-Paulo-Futre.jpg\" \/>\n\t<meta property=\"og:image:width\" content=\"1075\" \/>\n\t<meta property=\"og:image:height\" content=\"896\" \/>\n\t<meta property=\"og:image:type\" content=\"image\/jpeg\" \/>\n<meta name=\"author\" content=\"favorite-news\" \/>\n<meta name=\"twitter:card\" content=\"summary_large_image\" \/>\n<meta name=\"twitter:label1\" content=\"Escrito por\" \/>\n\t<meta name=\"twitter:data1\" content=\"favorite-news\" \/>\n\t<meta name=\"twitter:label2\" content=\"Tempo estimado de leitura\" \/>\n\t<meta name=\"twitter:data2\" content=\"1 minuto\" \/>\n<script type=\"application\/ld+json\" class=\"yoast-schema-graph\">{\"@context\":\"https:\\\/\\\/schema.org\",\"@graph\":[{\"@type\":\"Article\",\"@id\":\"https:\\\/\\\/favorite-news.com\\\/pt\\\/curadoria-do-instagram-da-worten-nas-maos-de-paulo-futre-meios-publicidade\\\/#article\",\"isPartOf\":{\"@id\":\"https:\\\/\\\/favorite-news.com\\\/pt\\\/curadoria-do-instagram-da-worten-nas-maos-de-paulo-futre-meios-publicidade\\\/\"},\"author\":{\"name\":\"favorite-news\",\"@id\":\"https:\\\/\\\/favorite-news.com\\\/pt\\\/#\\\/schema\\\/person\\\/b91573b717dcfa5e4696032a9d28d3e8\"},\"headline\":\"Curadoria do Instagram da Worten nas m\u00e3os de Paulo Futre &#8211; Meios &#038; Publicidade\",\"datePublished\":\"2021-06-18T00:53:47+00:00\",\"dateModified\":\"2021-06-18T00:53:50+00:00\",\"mainEntityOfPage\":{\"@id\":\"https:\\\/\\\/favorite-news.com\\\/pt\\\/curadoria-do-instagram-da-worten-nas-maos-de-paulo-futre-meios-publicidade\\\/\"},\"wordCount\":199,\"commentCount\":0,\"image\":{\"@id\":\"https:\\\/\\\/favorite-news.com\\\/pt\\\/curadoria-do-instagram-da-worten-nas-maos-de-paulo-futre-meios-publicidade\\\/#primaryimage\"},\"thumbnailUrl\":\"https:\\\/\\\/favorite-news.com\\\/pt\\\/wp-content\\\/uploads\\\/sites\\\/2\\\/2021\\\/06\\\/Curadoria-do-Instagram-da-Worten-nas-maos-de-Paulo-Futre.jpg\",\"articleSection\":[\"NOT\u00cdCIAS DE MARKETING NA INTERNET\"],\"inLanguage\":\"pt-PT\",\"potentialAction\":[{\"@type\":\"CommentAction\",\"name\":\"Comment\",\"target\":[\"https:\\\/\\\/favorite-news.com\\\/pt\\\/curadoria-do-instagram-da-worten-nas-maos-de-paulo-futre-meios-publicidade\\\/#respond\"]}]},{\"@type\":\"WebPage\",\"@id\":\"https:\\\/\\\/favorite-news.com\\\/pt\\\/curadoria-do-instagram-da-worten-nas-maos-de-paulo-futre-meios-publicidade\\\/\",\"url\":\"https:\\\/\\\/favorite-news.com\\\/pt\\\/curadoria-do-instagram-da-worten-nas-maos-de-paulo-futre-meios-publicidade\\\/\",\"name\":\"Curadoria do Instagram da Worten nas m\u00e3os de Paulo Futre - Meios & Publicidade - Favorite News\",\"isPartOf\":{\"@id\":\"https:\\\/\\\/favorite-news.com\\\/pt\\\/#website\"},\"primaryImageOfPage\":{\"@id\":\"https:\\\/\\\/favorite-news.com\\\/pt\\\/curadoria-do-instagram-da-worten-nas-maos-de-paulo-futre-meios-publicidade\\\/#primaryimage\"},\"image\":{\"@id\":\"https:\\\/\\\/favorite-news.com\\\/pt\\\/curadoria-do-instagram-da-worten-nas-maos-de-paulo-futre-meios-publicidade\\\/#primaryimage\"},\"thumbnailUrl\":\"https:\\\/\\\/favorite-news.com\\\/pt\\\/wp-content\\\/uploads\\\/sites\\\/2\\\/2021\\\/06\\\/Curadoria-do-Instagram-da-Worten-nas-maos-de-Paulo-Futre.jpg\",\"datePublished\":\"2021-06-18T00:53:47+00:00\",\"dateModified\":\"2021-06-18T00:53:50+00:00\",\"author\":{\"@id\":\"https:\\\/\\\/favorite-news.com\\\/pt\\\/#\\\/schema\\\/person\\\/b91573b717dcfa5e4696032a9d28d3e8\"},\"breadcrumb\":{\"@id\":\"https:\\\/\\\/favorite-news.com\\\/pt\\\/curadoria-do-instagram-da-worten-nas-maos-de-paulo-futre-meios-publicidade\\\/#breadcrumb\"},\"inLanguage\":\"pt-PT\",\"potentialAction\":[{\"@type\":\"ReadAction\",\"target\":[\"https:\\\/\\\/favorite-news.com\\\/pt\\\/curadoria-do-instagram-da-worten-nas-maos-de-paulo-futre-meios-publicidade\\\/\"]}]},{\"@type\":\"ImageObject\",\"inLanguage\":\"pt-PT\",\"@id\":\"https:\\\/\\\/favorite-news.com\\\/pt\\\/curadoria-do-instagram-da-worten-nas-maos-de-paulo-futre-meios-publicidade\\\/#primaryimage\",\"url\":\"https:\\\/\\\/favorite-news.com\\\/pt\\\/wp-content\\\/uploads\\\/sites\\\/2\\\/2021\\\/06\\\/Curadoria-do-Instagram-da-Worten-nas-maos-de-Paulo-Futre.jpg\",\"contentUrl\":\"https:\\\/\\\/favorite-news.com\\\/pt\\\/wp-content\\\/uploads\\\/sites\\\/2\\\/2021\\\/06\\\/Curadoria-do-Instagram-da-Worten-nas-maos-de-Paulo-Futre.jpg\",\"width\":1075,\"height\":896,\"caption\":\"Curadoria do Instagram da Worten nas m\u00e3os de Paulo Futre - Meios & Publicidade\"},{\"@type\":\"BreadcrumbList\",\"@id\":\"https:\\\/\\\/favorite-news.com\\\/pt\\\/curadoria-do-instagram-da-worten-nas-maos-de-paulo-futre-meios-publicidade\\\/#breadcrumb\",\"itemListElement\":[{\"@type\":\"ListItem\",\"position\":1,\"name\":\"Home\",\"item\":\"https:\\\/\\\/favorite-news.com\\\/pt\\\/\"},{\"@type\":\"ListItem\",\"position\":2,\"name\":\"Curadoria do Instagram da Worten nas m\u00e3os de Paulo Futre &#8211; Meios &#038; Publicidade\"}]},{\"@type\":\"WebSite\",\"@id\":\"https:\\\/\\\/favorite-news.com\\\/pt\\\/#website\",\"url\":\"https:\\\/\\\/favorite-news.com\\\/pt\\\/\",\"name\":\"Favorite News\",\"description\":\"Favorite News Portugal\",\"potentialAction\":[{\"@type\":\"SearchAction\",\"target\":{\"@type\":\"EntryPoint\",\"urlTemplate\":\"https:\\\/\\\/favorite-news.com\\\/pt\\\/?s={search_term_string}\"},\"query-input\":{\"@type\":\"PropertyValueSpecification\",\"valueRequired\":true,\"valueName\":\"search_term_string\"}}],\"inLanguage\":\"pt-PT\"},{\"@type\":\"Person\",\"@id\":\"https:\\\/\\\/favorite-news.com\\\/pt\\\/#\\\/schema\\\/person\\\/b91573b717dcfa5e4696032a9d28d3e8\",\"name\":\"favorite-news\",\"image\":{\"@type\":\"ImageObject\",\"inLanguage\":\"pt-PT\",\"@id\":\"https:\\\/\\\/secure.gravatar.com\\\/avatar\\\/6c5a5cb12b74e9d517ee91cf570335b7d16177f1977cc91db161adfa435945a7?s=96&d=mm&r=g\",\"url\":\"https:\\\/\\\/secure.gravatar.com\\\/avatar\\\/6c5a5cb12b74e9d517ee91cf570335b7d16177f1977cc91db161adfa435945a7?s=96&d=mm&r=g\",\"contentUrl\":\"https:\\\/\\\/secure.gravatar.com\\\/avatar\\\/6c5a5cb12b74e9d517ee91cf570335b7d16177f1977cc91db161adfa435945a7?s=96&d=mm&r=g\",\"caption\":\"favorite-news\"},\"url\":\"https:\\\/\\\/favorite-news.com\\\/pt\\\/author\\\/pt\\\/\"}]}<\/script>\n<!-- \/ Yoast SEO plugin. -->","yoast_head_json":{"title":"Curadoria do Instagram da Worten nas m\u00e3os de Paulo Futre - Meios & Publicidade - Favorite News","robots":{"index":"index","follow":"follow","max-snippet":"max-snippet:-1","max-image-preview":"max-image-preview:large","max-video-preview":"max-video-preview:-1"},"canonical":"https:\/\/favorite-news.com\/pt\/curadoria-do-instagram-da-worten-nas-maos-de-paulo-futre-meios-publicidade\/","og_locale":"pt_PT","og_type":"article","og_title":"Curadoria do Instagram da Worten nas m\u00e3os de Paulo Futre - Meios & Publicidade - Favorite News","og_description":"Por Pedro Dur\u00e3es a 17 de Junho de 2021 O ex-internacional portugu\u00eas Paulo Futre vai assumir as r\u00e9deas do perfil de Instagram da Worten ao longo de todo o m\u00eas em que decorre o Euro 2020, sendo \u201cpresen\u00e7a ass\u00eddua\u201d na rede social para \u201ccomentar os melhores momentos da equipa das quinas\u201d na competi\u00e7\u00e3o. \u201cEste m\u00eas, [&hellip;]","og_url":"https:\/\/favorite-news.com\/pt\/curadoria-do-instagram-da-worten-nas-maos-de-paulo-futre-meios-publicidade\/","og_site_name":"Favorite News","article_published_time":"2021-06-18T00:53:47+00:00","article_modified_time":"2021-06-18T00:53:50+00:00","og_image":[{"width":1075,"height":896,"url":"https:\/\/favorite-news.com\/pt\/wp-content\/uploads\/sites\/2\/2021\/06\/Curadoria-do-Instagram-da-Worten-nas-maos-de-Paulo-Futre.jpg","type":"image\/jpeg"}],"author":"favorite-news","twitter_card":"summary_large_image","twitter_misc":{"Escrito por":"favorite-news","Tempo estimado de leitura":"1 minuto"},"schema":{"@context":"https:\/\/schema.org","@graph":[{"@type":"Article","@id":"https:\/\/favorite-news.com\/pt\/curadoria-do-instagram-da-worten-nas-maos-de-paulo-futre-meios-publicidade\/#article","isPartOf":{"@id":"https:\/\/favorite-news.com\/pt\/curadoria-do-instagram-da-worten-nas-maos-de-paulo-futre-meios-publicidade\/"},"author":{"name":"favorite-news","@id":"https:\/\/favorite-news.com\/pt\/#\/schema\/person\/b91573b717dcfa5e4696032a9d28d3e8"},"headline":"Curadoria do Instagram da Worten nas m\u00e3os de Paulo Futre &#8211; Meios &#038; Publicidade","datePublished":"2021-06-18T00:53:47+00:00","dateModified":"2021-06-18T00:53:50+00:00","mainEntityOfPage":{"@id":"https:\/\/favorite-news.com\/pt\/curadoria-do-instagram-da-worten-nas-maos-de-paulo-futre-meios-publicidade\/"},"wordCount":199,"commentCount":0,"image":{"@id":"https:\/\/favorite-news.com\/pt\/curadoria-do-instagram-da-worten-nas-maos-de-paulo-futre-meios-publicidade\/#primaryimage"},"thumbnailUrl":"https:\/\/favorite-news.com\/pt\/wp-content\/uploads\/sites\/2\/2021\/06\/Curadoria-do-Instagram-da-Worten-nas-maos-de-Paulo-Futre.jpg","articleSection":["NOT\u00cdCIAS DE MARKETING NA INTERNET"],"inLanguage":"pt-PT","potentialAction":[{"@type":"CommentAction","name":"Comment","target":["https:\/\/favorite-news.com\/pt\/curadoria-do-instagram-da-worten-nas-maos-de-paulo-futre-meios-publicidade\/#respond"]}]},{"@type":"WebPage","@id":"https:\/\/favorite-news.com\/pt\/curadoria-do-instagram-da-worten-nas-maos-de-paulo-futre-meios-publicidade\/","url":"https:\/\/favorite-news.com\/pt\/curadoria-do-instagram-da-worten-nas-maos-de-paulo-futre-meios-publicidade\/","name":"Curadoria do Instagram da Worten nas m\u00e3os de Paulo Futre - Meios & Publicidade - Favorite News","isPartOf":{"@id":"https:\/\/favorite-news.com\/pt\/#website"},"primaryImageOfPage":{"@id":"https:\/\/favorite-news.com\/pt\/curadoria-do-instagram-da-worten-nas-maos-de-paulo-futre-meios-publicidade\/#primaryimage"},"image":{"@id":"https:\/\/favorite-news.com\/pt\/curadoria-do-instagram-da-worten-nas-maos-de-paulo-futre-meios-publicidade\/#primaryimage"},"thumbnailUrl":"https:\/\/favorite-news.com\/pt\/wp-content\/uploads\/sites\/2\/2021\/06\/Curadoria-do-Instagram-da-Worten-nas-maos-de-Paulo-Futre.jpg","datePublished":"2021-06-18T00:53:47+00:00","dateModified":"2021-06-18T00:53:50+00:00","author":{"@id":"https:\/\/favorite-news.com\/pt\/#\/schema\/person\/b91573b717dcfa5e4696032a9d28d3e8"},"breadcrumb":{"@id":"https:\/\/favorite-news.com\/pt\/curadoria-do-instagram-da-worten-nas-maos-de-paulo-futre-meios-publicidade\/#breadcrumb"},"inLanguage":"pt-PT","potentialAction":[{"@type":"ReadAction","target":["https:\/\/favorite-news.com\/pt\/curadoria-do-instagram-da-worten-nas-maos-de-paulo-futre-meios-publicidade\/"]}]},{"@type":"ImageObject","inLanguage":"pt-PT","@id":"https:\/\/favorite-news.com\/pt\/curadoria-do-instagram-da-worten-nas-maos-de-paulo-futre-meios-publicidade\/#primaryimage","url":"https:\/\/favorite-news.com\/pt\/wp-content\/uploads\/sites\/2\/2021\/06\/Curadoria-do-Instagram-da-Worten-nas-maos-de-Paulo-Futre.jpg","contentUrl":"https:\/\/favorite-news.com\/pt\/wp-content\/uploads\/sites\/2\/2021\/06\/Curadoria-do-Instagram-da-Worten-nas-maos-de-Paulo-Futre.jpg","width":1075,"height":896,"caption":"Curadoria do Instagram da Worten nas m\u00e3os de Paulo Futre - Meios & Publicidade"},{"@type":"BreadcrumbList","@id":"https:\/\/favorite-news.com\/pt\/curadoria-do-instagram-da-worten-nas-maos-de-paulo-futre-meios-publicidade\/#breadcrumb","itemListElement":[{"@type":"ListItem","position":1,"name":"Home","item":"https:\/\/favorite-news.com\/pt\/"},{"@type":"ListItem","position":2,"name":"Curadoria do Instagram da Worten nas m\u00e3os de Paulo Futre &#8211; Meios &#038; Publicidade"}]},{"@type":"WebSite","@id":"https:\/\/favorite-news.com\/pt\/#website","url":"https:\/\/favorite-news.com\/pt\/","name":"Favorite News","description":"Favorite News Portugal","potentialAction":[{"@type":"SearchAction","target":{"@type":"EntryPoint","urlTemplate":"https:\/\/favorite-news.com\/pt\/?s={search_term_string}"},"query-input":{"@type":"PropertyValueSpecification","valueRequired":true,"valueName":"search_term_string"}}],"inLanguage":"pt-PT"},{"@type":"Person","@id":"https:\/\/favorite-news.com\/pt\/#\/schema\/person\/b91573b717dcfa5e4696032a9d28d3e8","name":"favorite-news","image":{"@type":"ImageObject","inLanguage":"pt-PT","@id":"https:\/\/secure.gravatar.com\/avatar\/6c5a5cb12b74e9d517ee91cf570335b7d16177f1977cc91db161adfa435945a7?s=96&d=mm&r=g","url":"https:\/\/secure.gravatar.com\/avatar\/6c5a5cb12b74e9d517ee91cf570335b7d16177f1977cc91db161adfa435945a7?s=96&d=mm&r=g","contentUrl":"https:\/\/secure.gravatar.com\/avatar\/6c5a5cb12b74e9d517ee91cf570335b7d16177f1977cc91db161adfa435945a7?s=96&d=mm&r=g","caption":"favorite-news"},"url":"https:\/\/favorite-news.com\/pt\/author\/pt\/"}]}},"_links":{"self":[{"href":"https:\/\/favorite-news.com\/pt\/wp-json\/wp\/v2\/posts\/10469","targetHints":{"allow":["GET"]}}],"collection":[{"href":"https:\/\/favorite-news.com\/pt\/wp-json\/wp\/v2\/posts"}],"about":[{"href":"https:\/\/favorite-news.com\/pt\/wp-json\/wp\/v2\/types\/post"}],"author":[{"embeddable":true,"href":"https:\/\/favorite-news.com\/pt\/wp-json\/wp\/v2\/users\/2"}],"replies":[{"embeddable":true,"href":"https:\/\/favorite-news.com\/pt\/wp-json\/wp\/v2\/comments?post=10469"}],"version-history":[{"count":1,"href":"https:\/\/favorite-news.com\/pt\/wp-json\/wp\/v2\/posts\/10469\/revisions"}],"predecessor-version":[{"id":10471,"href":"https:\/\/favorite-news.com\/pt\/wp-json\/wp\/v2\/posts\/10469\/revisions\/10471"}],"wp:featuredmedia":[{"embeddable":true,"href":"https:\/\/favorite-news.com\/pt\/wp-json\/wp\/v2\/media\/10470"}],"wp:attachment":[{"href":"https:\/\/favorite-news.com\/pt\/wp-json\/wp\/v2\/media?parent=10469"}],"wp:term":[{"taxonomy":"category","embeddable":true,"href":"https:\/\/favorite-news.com\/pt\/wp-json\/wp\/v2\/categories?post=10469"},{"taxonomy":"post_tag","embeddable":true,"href":"https:\/\/favorite-news.com\/pt\/wp-json\/wp\/v2\/tags?post=10469"}],"curies":[{"name":"wp","href":"https:\/\/api.w.org\/{rel}","templated":true}]}}