{"id":10418,"date":"2021-06-13T15:24:51","date_gmt":"2021-06-13T12:24:51","guid":{"rendered":"https:\/\/favorite-news.com\/pt\/bimbo-tem-nova-responsavel-de-comunicacao-nos-mercados-ibericos-meios-publicidade\/"},"modified":"2021-06-13T15:24:57","modified_gmt":"2021-06-13T12:24:57","slug":"bimbo-tem-nova-responsavel-de-comunicacao-nos-mercados-ibericos-meios-publicidade","status":"publish","type":"post","link":"https:\/\/favorite-news.com\/pt\/bimbo-tem-nova-responsavel-de-comunicacao-nos-mercados-ibericos-meios-publicidade\/","title":{"rendered":"Bimbo tem nova respons\u00e1vel de comunica\u00e7\u00e3o nos mercados ib\u00e9ricos &#8211; Meios &#038; Publicidade"},"content":{"rendered":"<p>\t\t\t\tPor Pedro Dur\u00e3es a 7 de Junho de 2021<\/p>\n<p>\t\t\tAp\u00f3s 14 anos na direc\u00e7\u00e3o de assuntos corporativos da Mars Ib\u00e9ria, Olga Martinez \u00e9 a nova respons\u00e1vel pela comunica\u00e7\u00e3o do grupo Bimbo para Portugal e Espanha. \u201cContribuir para refor\u00e7ar a rela\u00e7\u00e3o com o consumidor e consolidar o posicionamento da empresa\u201d ser\u00e3o os objectivos da nova directora de comunica\u00e7\u00e3o externa e assuntos corporativos para os mercados ib\u00e9ricos, \u00e1rea agora criada pela empresa para dar resposta \u201c\u00e0s exig\u00eancias da sociedade actual quanto \u00e0 necessidade de informa\u00e7\u00e3o e escuta activa, apostando numa comunica\u00e7\u00e3o regular, transparente e comprometida que permita conectar mais e melhor, com todos os seus p\u00fablicos sobre a sua actividade, inova\u00e7\u00e3o e compromisso social e ambiental\u201d.<br \/>\n\u201cHoje, as empresas enfrentam desafios importantes, tanto factores econ\u00f3micos como sociais, e os departamentos de comunica\u00e7\u00e3o devem ajudar a dar resposta\u201d, defende Olga Mart\u00ednez, profissional que ter\u00e1 sob a sua responsabilidade, ao servi\u00e7o da Bimbo, \u00e1reas que abrangem o \u201ccuidado da sua reputa\u00e7\u00e3o corporativa e imagem como marca hist\u00f3rica e ic\u00f3nica, o desenvolvimento das rela\u00e7\u00f5es com a administra\u00e7\u00e3o p\u00fablica, o terceiro sector e outros stakeholders\u201d, bem como \u201ca continua consolida\u00e7\u00e3o do seu posicionamento perante a opini\u00e3o p\u00fablica como empresa de refer\u00eancia e l\u00edder no sector alimentar\u201d.<br \/>\nOlga Martinez, que ocupou nos \u00faltimos 14 anos o cargo de directora de assuntos corporativos da Mars Ib\u00e9ria, conta com um percurso profissional marcado pela lideran\u00e7a da \u00e1rea de comunica\u00e7\u00e3o de empresas como HayGroup, United Biscuits ou Nabisco-Kraft Foods.<\/p>\n<p>\n<!--noindex--><br \/>\n<a href=\"https:\/\/www.meiosepublicidade.pt\/2021\/06\/bimbo-tem-nova-responsavel-de-comunicacao-nos-mercados-ibericos\/?utm_source=rss&#038;utm_medium=rss&#038;utm_campaign=bimbo-tem-nova-responsavel-de-comunicacao-nos-mercados-ibericos\" rel=\"nofollow\">Source link <\/a><br \/>\n<!--\/noindex--><\/p>\n","protected":false},"excerpt":{"rendered":"<p>Por Pedro Dur\u00e3es a 7 de Junho de 2021 Ap\u00f3s 14 anos na direc\u00e7\u00e3o de assuntos corporativos da Mars Ib\u00e9ria, Olga Martinez \u00e9 a nova respons\u00e1vel pela comunica\u00e7\u00e3o do grupo Bimbo para Portugal e Espanha. \u201cContribuir para refor\u00e7ar a rela\u00e7\u00e3o com o consumidor e consolidar o posicionamento da empresa\u201d ser\u00e3o os objectivos da nova directora [&hellip;]<\/p>\n","protected":false},"author":2,"featured_media":10419,"comment_status":"open","ping_status":"open","sticky":false,"template":"","format":"standard","meta":{"footnotes":""},"categories":[3],"tags":[],"class_list":["post-10418","post","type-post","status-publish","format-standard","has-post-thumbnail","hentry","category-noticias-de-marketing-na-internet"],"yoast_head":"<!-- This site is optimized with the Yoast SEO plugin v27.4 - https:\/\/yoast.com\/product\/yoast-seo-wordpress\/ -->\n<title>Bimbo tem nova respons\u00e1vel de comunica\u00e7\u00e3o nos mercados ib\u00e9ricos - Meios &amp; Publicidade - Favorite News<\/title>\n<meta name=\"robots\" content=\"index, follow, max-snippet:-1, max-image-preview:large, max-video-preview:-1\" \/>\n<link rel=\"canonical\" href=\"https:\/\/favorite-news.com\/pt\/bimbo-tem-nova-responsavel-de-comunicacao-nos-mercados-ibericos-meios-publicidade\/\" \/>\n<meta property=\"og:locale\" content=\"pt_PT\" \/>\n<meta property=\"og:type\" content=\"article\" \/>\n<meta property=\"og:title\" content=\"Bimbo tem nova respons\u00e1vel de comunica\u00e7\u00e3o nos mercados ib\u00e9ricos - Meios &amp; Publicidade - Favorite News\" \/>\n<meta property=\"og:description\" content=\"Por Pedro Dur\u00e3es a 7 de Junho de 2021 Ap\u00f3s 14 anos na direc\u00e7\u00e3o de assuntos corporativos da Mars Ib\u00e9ria, Olga Martinez \u00e9 a nova respons\u00e1vel pela comunica\u00e7\u00e3o do grupo Bimbo para Portugal e Espanha. \u201cContribuir para refor\u00e7ar a rela\u00e7\u00e3o com o consumidor e consolidar o posicionamento da empresa\u201d ser\u00e3o os objectivos da nova directora [&hellip;]\" \/>\n<meta property=\"og:url\" content=\"https:\/\/favorite-news.com\/pt\/bimbo-tem-nova-responsavel-de-comunicacao-nos-mercados-ibericos-meios-publicidade\/\" \/>\n<meta property=\"og:site_name\" content=\"Favorite News\" \/>\n<meta property=\"article:published_time\" content=\"2021-06-13T12:24:51+00:00\" \/>\n<meta property=\"article:modified_time\" content=\"2021-06-13T12:24:57+00:00\" \/>\n<meta property=\"og:image\" content=\"https:\/\/favorite-news.com\/pt\/wp-content\/uploads\/sites\/2\/2021\/06\/Bimbo-tem-nova-responsavel-de-comunicacao-nos-mercados-ibericos.jpg\" \/>\n\t<meta property=\"og:image:width\" content=\"1920\" \/>\n\t<meta property=\"og:image:height\" content=\"1467\" \/>\n\t<meta property=\"og:image:type\" content=\"image\/jpeg\" \/>\n<meta name=\"author\" content=\"favorite-news\" \/>\n<meta name=\"twitter:card\" content=\"summary_large_image\" \/>\n<meta name=\"twitter:label1\" content=\"Escrito por\" \/>\n\t<meta name=\"twitter:data1\" content=\"favorite-news\" \/>\n\t<meta name=\"twitter:label2\" content=\"Tempo estimado de leitura\" \/>\n\t<meta name=\"twitter:data2\" content=\"1 minuto\" \/>\n<script type=\"application\/ld+json\" class=\"yoast-schema-graph\">{\"@context\":\"https:\\\/\\\/schema.org\",\"@graph\":[{\"@type\":\"Article\",\"@id\":\"https:\\\/\\\/favorite-news.com\\\/pt\\\/bimbo-tem-nova-responsavel-de-comunicacao-nos-mercados-ibericos-meios-publicidade\\\/#article\",\"isPartOf\":{\"@id\":\"https:\\\/\\\/favorite-news.com\\\/pt\\\/bimbo-tem-nova-responsavel-de-comunicacao-nos-mercados-ibericos-meios-publicidade\\\/\"},\"author\":{\"name\":\"favorite-news\",\"@id\":\"https:\\\/\\\/favorite-news.com\\\/pt\\\/#\\\/schema\\\/person\\\/b91573b717dcfa5e4696032a9d28d3e8\"},\"headline\":\"Bimbo tem nova respons\u00e1vel de comunica\u00e7\u00e3o nos mercados ib\u00e9ricos &#8211; Meios &#038; Publicidade\",\"datePublished\":\"2021-06-13T12:24:51+00:00\",\"dateModified\":\"2021-06-13T12:24:57+00:00\",\"mainEntityOfPage\":{\"@id\":\"https:\\\/\\\/favorite-news.com\\\/pt\\\/bimbo-tem-nova-responsavel-de-comunicacao-nos-mercados-ibericos-meios-publicidade\\\/\"},\"wordCount\":284,\"commentCount\":0,\"image\":{\"@id\":\"https:\\\/\\\/favorite-news.com\\\/pt\\\/bimbo-tem-nova-responsavel-de-comunicacao-nos-mercados-ibericos-meios-publicidade\\\/#primaryimage\"},\"thumbnailUrl\":\"https:\\\/\\\/favorite-news.com\\\/pt\\\/wp-content\\\/uploads\\\/sites\\\/2\\\/2021\\\/06\\\/Bimbo-tem-nova-responsavel-de-comunicacao-nos-mercados-ibericos.jpg\",\"articleSection\":[\"NOT\u00cdCIAS DE MARKETING NA INTERNET\"],\"inLanguage\":\"pt-PT\",\"potentialAction\":[{\"@type\":\"CommentAction\",\"name\":\"Comment\",\"target\":[\"https:\\\/\\\/favorite-news.com\\\/pt\\\/bimbo-tem-nova-responsavel-de-comunicacao-nos-mercados-ibericos-meios-publicidade\\\/#respond\"]}]},{\"@type\":\"WebPage\",\"@id\":\"https:\\\/\\\/favorite-news.com\\\/pt\\\/bimbo-tem-nova-responsavel-de-comunicacao-nos-mercados-ibericos-meios-publicidade\\\/\",\"url\":\"https:\\\/\\\/favorite-news.com\\\/pt\\\/bimbo-tem-nova-responsavel-de-comunicacao-nos-mercados-ibericos-meios-publicidade\\\/\",\"name\":\"Bimbo tem nova respons\u00e1vel de comunica\u00e7\u00e3o nos mercados ib\u00e9ricos - Meios & Publicidade - Favorite News\",\"isPartOf\":{\"@id\":\"https:\\\/\\\/favorite-news.com\\\/pt\\\/#website\"},\"primaryImageOfPage\":{\"@id\":\"https:\\\/\\\/favorite-news.com\\\/pt\\\/bimbo-tem-nova-responsavel-de-comunicacao-nos-mercados-ibericos-meios-publicidade\\\/#primaryimage\"},\"image\":{\"@id\":\"https:\\\/\\\/favorite-news.com\\\/pt\\\/bimbo-tem-nova-responsavel-de-comunicacao-nos-mercados-ibericos-meios-publicidade\\\/#primaryimage\"},\"thumbnailUrl\":\"https:\\\/\\\/favorite-news.com\\\/pt\\\/wp-content\\\/uploads\\\/sites\\\/2\\\/2021\\\/06\\\/Bimbo-tem-nova-responsavel-de-comunicacao-nos-mercados-ibericos.jpg\",\"datePublished\":\"2021-06-13T12:24:51+00:00\",\"dateModified\":\"2021-06-13T12:24:57+00:00\",\"author\":{\"@id\":\"https:\\\/\\\/favorite-news.com\\\/pt\\\/#\\\/schema\\\/person\\\/b91573b717dcfa5e4696032a9d28d3e8\"},\"breadcrumb\":{\"@id\":\"https:\\\/\\\/favorite-news.com\\\/pt\\\/bimbo-tem-nova-responsavel-de-comunicacao-nos-mercados-ibericos-meios-publicidade\\\/#breadcrumb\"},\"inLanguage\":\"pt-PT\",\"potentialAction\":[{\"@type\":\"ReadAction\",\"target\":[\"https:\\\/\\\/favorite-news.com\\\/pt\\\/bimbo-tem-nova-responsavel-de-comunicacao-nos-mercados-ibericos-meios-publicidade\\\/\"]}]},{\"@type\":\"ImageObject\",\"inLanguage\":\"pt-PT\",\"@id\":\"https:\\\/\\\/favorite-news.com\\\/pt\\\/bimbo-tem-nova-responsavel-de-comunicacao-nos-mercados-ibericos-meios-publicidade\\\/#primaryimage\",\"url\":\"https:\\\/\\\/favorite-news.com\\\/pt\\\/wp-content\\\/uploads\\\/sites\\\/2\\\/2021\\\/06\\\/Bimbo-tem-nova-responsavel-de-comunicacao-nos-mercados-ibericos.jpg\",\"contentUrl\":\"https:\\\/\\\/favorite-news.com\\\/pt\\\/wp-content\\\/uploads\\\/sites\\\/2\\\/2021\\\/06\\\/Bimbo-tem-nova-responsavel-de-comunicacao-nos-mercados-ibericos.jpg\",\"width\":1920,\"height\":1467,\"caption\":\"Bimbo tem nova respons\u00e1vel de comunica\u00e7\u00e3o nos mercados ib\u00e9ricos - Meios & Publicidade\"},{\"@type\":\"BreadcrumbList\",\"@id\":\"https:\\\/\\\/favorite-news.com\\\/pt\\\/bimbo-tem-nova-responsavel-de-comunicacao-nos-mercados-ibericos-meios-publicidade\\\/#breadcrumb\",\"itemListElement\":[{\"@type\":\"ListItem\",\"position\":1,\"name\":\"Home\",\"item\":\"https:\\\/\\\/favorite-news.com\\\/pt\\\/\"},{\"@type\":\"ListItem\",\"position\":2,\"name\":\"Bimbo tem nova respons\u00e1vel de comunica\u00e7\u00e3o nos mercados ib\u00e9ricos &#8211; Meios &#038; Publicidade\"}]},{\"@type\":\"WebSite\",\"@id\":\"https:\\\/\\\/favorite-news.com\\\/pt\\\/#website\",\"url\":\"https:\\\/\\\/favorite-news.com\\\/pt\\\/\",\"name\":\"Favorite News\",\"description\":\"Favorite News Portugal\",\"potentialAction\":[{\"@type\":\"SearchAction\",\"target\":{\"@type\":\"EntryPoint\",\"urlTemplate\":\"https:\\\/\\\/favorite-news.com\\\/pt\\\/?s={search_term_string}\"},\"query-input\":{\"@type\":\"PropertyValueSpecification\",\"valueRequired\":true,\"valueName\":\"search_term_string\"}}],\"inLanguage\":\"pt-PT\"},{\"@type\":\"Person\",\"@id\":\"https:\\\/\\\/favorite-news.com\\\/pt\\\/#\\\/schema\\\/person\\\/b91573b717dcfa5e4696032a9d28d3e8\",\"name\":\"favorite-news\",\"image\":{\"@type\":\"ImageObject\",\"inLanguage\":\"pt-PT\",\"@id\":\"https:\\\/\\\/secure.gravatar.com\\\/avatar\\\/6c5a5cb12b74e9d517ee91cf570335b7d16177f1977cc91db161adfa435945a7?s=96&d=mm&r=g\",\"url\":\"https:\\\/\\\/secure.gravatar.com\\\/avatar\\\/6c5a5cb12b74e9d517ee91cf570335b7d16177f1977cc91db161adfa435945a7?s=96&d=mm&r=g\",\"contentUrl\":\"https:\\\/\\\/secure.gravatar.com\\\/avatar\\\/6c5a5cb12b74e9d517ee91cf570335b7d16177f1977cc91db161adfa435945a7?s=96&d=mm&r=g\",\"caption\":\"favorite-news\"},\"url\":\"https:\\\/\\\/favorite-news.com\\\/pt\\\/author\\\/pt\\\/\"}]}<\/script>\n<!-- \/ Yoast SEO plugin. -->","yoast_head_json":{"title":"Bimbo tem nova respons\u00e1vel de comunica\u00e7\u00e3o nos mercados ib\u00e9ricos - Meios & Publicidade - Favorite News","robots":{"index":"index","follow":"follow","max-snippet":"max-snippet:-1","max-image-preview":"max-image-preview:large","max-video-preview":"max-video-preview:-1"},"canonical":"https:\/\/favorite-news.com\/pt\/bimbo-tem-nova-responsavel-de-comunicacao-nos-mercados-ibericos-meios-publicidade\/","og_locale":"pt_PT","og_type":"article","og_title":"Bimbo tem nova respons\u00e1vel de comunica\u00e7\u00e3o nos mercados ib\u00e9ricos - Meios & Publicidade - Favorite News","og_description":"Por Pedro Dur\u00e3es a 7 de Junho de 2021 Ap\u00f3s 14 anos na direc\u00e7\u00e3o de assuntos corporativos da Mars Ib\u00e9ria, Olga Martinez \u00e9 a nova respons\u00e1vel pela comunica\u00e7\u00e3o do grupo Bimbo para Portugal e Espanha. \u201cContribuir para refor\u00e7ar a rela\u00e7\u00e3o com o consumidor e consolidar o posicionamento da empresa\u201d ser\u00e3o os objectivos da nova directora [&hellip;]","og_url":"https:\/\/favorite-news.com\/pt\/bimbo-tem-nova-responsavel-de-comunicacao-nos-mercados-ibericos-meios-publicidade\/","og_site_name":"Favorite News","article_published_time":"2021-06-13T12:24:51+00:00","article_modified_time":"2021-06-13T12:24:57+00:00","og_image":[{"width":1920,"height":1467,"url":"https:\/\/favorite-news.com\/pt\/wp-content\/uploads\/sites\/2\/2021\/06\/Bimbo-tem-nova-responsavel-de-comunicacao-nos-mercados-ibericos.jpg","type":"image\/jpeg"}],"author":"favorite-news","twitter_card":"summary_large_image","twitter_misc":{"Escrito por":"favorite-news","Tempo estimado de leitura":"1 minuto"},"schema":{"@context":"https:\/\/schema.org","@graph":[{"@type":"Article","@id":"https:\/\/favorite-news.com\/pt\/bimbo-tem-nova-responsavel-de-comunicacao-nos-mercados-ibericos-meios-publicidade\/#article","isPartOf":{"@id":"https:\/\/favorite-news.com\/pt\/bimbo-tem-nova-responsavel-de-comunicacao-nos-mercados-ibericos-meios-publicidade\/"},"author":{"name":"favorite-news","@id":"https:\/\/favorite-news.com\/pt\/#\/schema\/person\/b91573b717dcfa5e4696032a9d28d3e8"},"headline":"Bimbo tem nova respons\u00e1vel de comunica\u00e7\u00e3o nos mercados ib\u00e9ricos &#8211; Meios &#038; Publicidade","datePublished":"2021-06-13T12:24:51+00:00","dateModified":"2021-06-13T12:24:57+00:00","mainEntityOfPage":{"@id":"https:\/\/favorite-news.com\/pt\/bimbo-tem-nova-responsavel-de-comunicacao-nos-mercados-ibericos-meios-publicidade\/"},"wordCount":284,"commentCount":0,"image":{"@id":"https:\/\/favorite-news.com\/pt\/bimbo-tem-nova-responsavel-de-comunicacao-nos-mercados-ibericos-meios-publicidade\/#primaryimage"},"thumbnailUrl":"https:\/\/favorite-news.com\/pt\/wp-content\/uploads\/sites\/2\/2021\/06\/Bimbo-tem-nova-responsavel-de-comunicacao-nos-mercados-ibericos.jpg","articleSection":["NOT\u00cdCIAS DE MARKETING NA INTERNET"],"inLanguage":"pt-PT","potentialAction":[{"@type":"CommentAction","name":"Comment","target":["https:\/\/favorite-news.com\/pt\/bimbo-tem-nova-responsavel-de-comunicacao-nos-mercados-ibericos-meios-publicidade\/#respond"]}]},{"@type":"WebPage","@id":"https:\/\/favorite-news.com\/pt\/bimbo-tem-nova-responsavel-de-comunicacao-nos-mercados-ibericos-meios-publicidade\/","url":"https:\/\/favorite-news.com\/pt\/bimbo-tem-nova-responsavel-de-comunicacao-nos-mercados-ibericos-meios-publicidade\/","name":"Bimbo tem nova respons\u00e1vel de comunica\u00e7\u00e3o nos mercados ib\u00e9ricos - Meios & Publicidade - Favorite News","isPartOf":{"@id":"https:\/\/favorite-news.com\/pt\/#website"},"primaryImageOfPage":{"@id":"https:\/\/favorite-news.com\/pt\/bimbo-tem-nova-responsavel-de-comunicacao-nos-mercados-ibericos-meios-publicidade\/#primaryimage"},"image":{"@id":"https:\/\/favorite-news.com\/pt\/bimbo-tem-nova-responsavel-de-comunicacao-nos-mercados-ibericos-meios-publicidade\/#primaryimage"},"thumbnailUrl":"https:\/\/favorite-news.com\/pt\/wp-content\/uploads\/sites\/2\/2021\/06\/Bimbo-tem-nova-responsavel-de-comunicacao-nos-mercados-ibericos.jpg","datePublished":"2021-06-13T12:24:51+00:00","dateModified":"2021-06-13T12:24:57+00:00","author":{"@id":"https:\/\/favorite-news.com\/pt\/#\/schema\/person\/b91573b717dcfa5e4696032a9d28d3e8"},"breadcrumb":{"@id":"https:\/\/favorite-news.com\/pt\/bimbo-tem-nova-responsavel-de-comunicacao-nos-mercados-ibericos-meios-publicidade\/#breadcrumb"},"inLanguage":"pt-PT","potentialAction":[{"@type":"ReadAction","target":["https:\/\/favorite-news.com\/pt\/bimbo-tem-nova-responsavel-de-comunicacao-nos-mercados-ibericos-meios-publicidade\/"]}]},{"@type":"ImageObject","inLanguage":"pt-PT","@id":"https:\/\/favorite-news.com\/pt\/bimbo-tem-nova-responsavel-de-comunicacao-nos-mercados-ibericos-meios-publicidade\/#primaryimage","url":"https:\/\/favorite-news.com\/pt\/wp-content\/uploads\/sites\/2\/2021\/06\/Bimbo-tem-nova-responsavel-de-comunicacao-nos-mercados-ibericos.jpg","contentUrl":"https:\/\/favorite-news.com\/pt\/wp-content\/uploads\/sites\/2\/2021\/06\/Bimbo-tem-nova-responsavel-de-comunicacao-nos-mercados-ibericos.jpg","width":1920,"height":1467,"caption":"Bimbo tem nova respons\u00e1vel de comunica\u00e7\u00e3o nos mercados ib\u00e9ricos - Meios & Publicidade"},{"@type":"BreadcrumbList","@id":"https:\/\/favorite-news.com\/pt\/bimbo-tem-nova-responsavel-de-comunicacao-nos-mercados-ibericos-meios-publicidade\/#breadcrumb","itemListElement":[{"@type":"ListItem","position":1,"name":"Home","item":"https:\/\/favorite-news.com\/pt\/"},{"@type":"ListItem","position":2,"name":"Bimbo tem nova respons\u00e1vel de comunica\u00e7\u00e3o nos mercados ib\u00e9ricos &#8211; Meios &#038; Publicidade"}]},{"@type":"WebSite","@id":"https:\/\/favorite-news.com\/pt\/#website","url":"https:\/\/favorite-news.com\/pt\/","name":"Favorite News","description":"Favorite News Portugal","potentialAction":[{"@type":"SearchAction","target":{"@type":"EntryPoint","urlTemplate":"https:\/\/favorite-news.com\/pt\/?s={search_term_string}"},"query-input":{"@type":"PropertyValueSpecification","valueRequired":true,"valueName":"search_term_string"}}],"inLanguage":"pt-PT"},{"@type":"Person","@id":"https:\/\/favorite-news.com\/pt\/#\/schema\/person\/b91573b717dcfa5e4696032a9d28d3e8","name":"favorite-news","image":{"@type":"ImageObject","inLanguage":"pt-PT","@id":"https:\/\/secure.gravatar.com\/avatar\/6c5a5cb12b74e9d517ee91cf570335b7d16177f1977cc91db161adfa435945a7?s=96&d=mm&r=g","url":"https:\/\/secure.gravatar.com\/avatar\/6c5a5cb12b74e9d517ee91cf570335b7d16177f1977cc91db161adfa435945a7?s=96&d=mm&r=g","contentUrl":"https:\/\/secure.gravatar.com\/avatar\/6c5a5cb12b74e9d517ee91cf570335b7d16177f1977cc91db161adfa435945a7?s=96&d=mm&r=g","caption":"favorite-news"},"url":"https:\/\/favorite-news.com\/pt\/author\/pt\/"}]}},"_links":{"self":[{"href":"https:\/\/favorite-news.com\/pt\/wp-json\/wp\/v2\/posts\/10418","targetHints":{"allow":["GET"]}}],"collection":[{"href":"https:\/\/favorite-news.com\/pt\/wp-json\/wp\/v2\/posts"}],"about":[{"href":"https:\/\/favorite-news.com\/pt\/wp-json\/wp\/v2\/types\/post"}],"author":[{"embeddable":true,"href":"https:\/\/favorite-news.com\/pt\/wp-json\/wp\/v2\/users\/2"}],"replies":[{"embeddable":true,"href":"https:\/\/favorite-news.com\/pt\/wp-json\/wp\/v2\/comments?post=10418"}],"version-history":[{"count":1,"href":"https:\/\/favorite-news.com\/pt\/wp-json\/wp\/v2\/posts\/10418\/revisions"}],"predecessor-version":[{"id":10420,"href":"https:\/\/favorite-news.com\/pt\/wp-json\/wp\/v2\/posts\/10418\/revisions\/10420"}],"wp:featuredmedia":[{"embeddable":true,"href":"https:\/\/favorite-news.com\/pt\/wp-json\/wp\/v2\/media\/10419"}],"wp:attachment":[{"href":"https:\/\/favorite-news.com\/pt\/wp-json\/wp\/v2\/media?parent=10418"}],"wp:term":[{"taxonomy":"category","embeddable":true,"href":"https:\/\/favorite-news.com\/pt\/wp-json\/wp\/v2\/categories?post=10418"},{"taxonomy":"post_tag","embeddable":true,"href":"https:\/\/favorite-news.com\/pt\/wp-json\/wp\/v2\/tags?post=10418"}],"curies":[{"name":"wp","href":"https:\/\/api.w.org\/{rel}","templated":true}]}}