{"id":10390,"date":"2021-06-11T02:56:10","date_gmt":"2021-06-10T23:56:10","guid":{"rendered":"https:\/\/favorite-news.com\/pt\/antiga-sede-da-sic-para-venda-ou-arrendamento-meios-publicidade\/"},"modified":"2021-06-11T02:56:13","modified_gmt":"2021-06-10T23:56:13","slug":"antiga-sede-da-sic-para-venda-ou-arrendamento-meios-publicidade","status":"publish","type":"post","link":"https:\/\/favorite-news.com\/pt\/antiga-sede-da-sic-para-venda-ou-arrendamento-meios-publicidade\/","title":{"rendered":"Antiga sede da SIC para venda ou arrendamento &#8211; Meios &#038; Publicidade"},"content":{"rendered":"<p>\t\t\t\tPor Meios &amp; Publicidade a 9 de Junho de 2021<\/p>\n<p>\t\t\tA JLL est\u00e1 a comercializar, em regime de exclusividade, as antigas instala\u00e7\u00f5es da SIC, na Estrada da Outurela, em Carnaxide. Propriedade de um fundo imobili\u00e1rio gerido pela Santander Asset Management, o im\u00f3vel est\u00e1 dispon\u00edvel para arrendamento ou venda.<br \/>\nO espa\u00e7o, de acordo com a empresa, est\u00e1 apto para ser convertido em escrit\u00f3rios ou num espa\u00e7o comercial. \u201cConsiderando a sua diversidade de caracter\u00edsticas e a localiza\u00e7\u00e3o, este edif\u00edcio \u00e9 ideal para conjugar uma sede corporativa na \u00e1rea de escrit\u00f3rios, com uma ocupa\u00e7\u00e3o no retalho para lojas de m\u00e9dia dimens\u00e3o na \u00e1rea anteriormente dedicada aos est\u00fadios. Beneficia de um amplo logradouro com estacionamento, que \u00e9 um factor muito interessante quer para as empresas que procuram escrit\u00f3rios quer para os retalhistas, al\u00e9m de estar a pouco minutos de Lisboa, num eixo de grande movimento e com \u00f3ptimos acessos\u201d, aponta Mariana Rosa, head of Leasing Markets Advisory da JLL. A mesma respons\u00e1vel acredita que o edif\u00edcio poder\u00e1 atrair empresas das \u00e1reas farmac\u00eautica e tecnol\u00f3gica ou ent\u00e3o operadores de supermercado, gin\u00e1sios ou servi\u00e7os de sa\u00fade.<br \/>\nO im\u00f3vel que albergou os escrit\u00f3rios e est\u00fadios de televis\u00e3o da SIC, constru\u00eddo no in\u00edcio da d\u00e9cada de 90, conta com 7.080 m\u00b2 de \u00e1rea loc\u00e1vel distribu\u00eddos em quatro pisos. O piso t\u00e9rreo apresenta 4.140 m\u00b2 destinados a com\u00e9rcio e servi\u00e7os. Os pisos 1 e 2 t\u00eam cerca de 950 m\u00b2 para escrit\u00f3rios. O piso -1 concentra as \u00e1reas t\u00e9cnicas. O im\u00f3vel conta com estacionamento exterior com capacidade para 115 viaturas.<\/p>\n<p>\n<!--noindex--><br \/>\n<a href=\"https:\/\/www.meiosepublicidade.pt\/2021\/06\/antiga-sede-da-sic-para-venda-ou-arrendamento\/?utm_source=rss&#038;utm_medium=rss&#038;utm_campaign=antiga-sede-da-sic-para-venda-ou-arrendamento\" rel=\"nofollow\">Source link <\/a><br \/>\n<!--\/noindex--><\/p>\n","protected":false},"excerpt":{"rendered":"<p>Por Meios &amp; Publicidade a 9 de Junho de 2021 A JLL est\u00e1 a comercializar, em regime de exclusividade, as antigas instala\u00e7\u00f5es da SIC, na Estrada da Outurela, em Carnaxide. Propriedade de um fundo imobili\u00e1rio gerido pela Santander Asset Management, o im\u00f3vel est\u00e1 dispon\u00edvel para arrendamento ou venda. O espa\u00e7o, de acordo com a empresa, [&hellip;]<\/p>\n","protected":false},"author":2,"featured_media":10391,"comment_status":"open","ping_status":"open","sticky":false,"template":"","format":"standard","meta":{"footnotes":""},"categories":[3],"tags":[],"class_list":["post-10390","post","type-post","status-publish","format-standard","has-post-thumbnail","hentry","category-noticias-de-marketing-na-internet"],"yoast_head":"<!-- This site is optimized with the Yoast SEO plugin v27.4 - https:\/\/yoast.com\/product\/yoast-seo-wordpress\/ -->\n<title>Antiga sede da SIC para venda ou arrendamento - Meios &amp; Publicidade - Favorite News<\/title>\n<meta name=\"robots\" content=\"index, follow, max-snippet:-1, max-image-preview:large, max-video-preview:-1\" \/>\n<link rel=\"canonical\" href=\"https:\/\/favorite-news.com\/pt\/antiga-sede-da-sic-para-venda-ou-arrendamento-meios-publicidade\/\" \/>\n<meta property=\"og:locale\" content=\"pt_PT\" \/>\n<meta property=\"og:type\" content=\"article\" \/>\n<meta property=\"og:title\" content=\"Antiga sede da SIC para venda ou arrendamento - Meios &amp; Publicidade - Favorite News\" \/>\n<meta property=\"og:description\" content=\"Por Meios &amp; Publicidade a 9 de Junho de 2021 A JLL est\u00e1 a comercializar, em regime de exclusividade, as antigas instala\u00e7\u00f5es da SIC, na Estrada da Outurela, em Carnaxide. Propriedade de um fundo imobili\u00e1rio gerido pela Santander Asset Management, o im\u00f3vel est\u00e1 dispon\u00edvel para arrendamento ou venda. O espa\u00e7o, de acordo com a empresa, [&hellip;]\" \/>\n<meta property=\"og:url\" content=\"https:\/\/favorite-news.com\/pt\/antiga-sede-da-sic-para-venda-ou-arrendamento-meios-publicidade\/\" \/>\n<meta property=\"og:site_name\" content=\"Favorite News\" \/>\n<meta property=\"article:published_time\" content=\"2021-06-10T23:56:10+00:00\" \/>\n<meta property=\"article:modified_time\" content=\"2021-06-10T23:56:13+00:00\" \/>\n<meta property=\"og:image\" content=\"https:\/\/favorite-news.com\/pt\/wp-content\/uploads\/sites\/2\/2021\/06\/Antiga-sede-da-SIC-para-venda-ou-arrendamento-Meios.jpg\" \/>\n\t<meta property=\"og:image:width\" content=\"665\" \/>\n\t<meta property=\"og:image:height\" content=\"337\" \/>\n\t<meta property=\"og:image:type\" content=\"image\/jpeg\" \/>\n<meta name=\"author\" content=\"favorite-news\" \/>\n<meta name=\"twitter:card\" content=\"summary_large_image\" \/>\n<meta name=\"twitter:label1\" content=\"Escrito por\" \/>\n\t<meta name=\"twitter:data1\" content=\"favorite-news\" \/>\n\t<meta name=\"twitter:label2\" content=\"Tempo estimado de leitura\" \/>\n\t<meta name=\"twitter:data2\" content=\"1 minuto\" \/>\n<script type=\"application\/ld+json\" class=\"yoast-schema-graph\">{\"@context\":\"https:\\\/\\\/schema.org\",\"@graph\":[{\"@type\":\"Article\",\"@id\":\"https:\\\/\\\/favorite-news.com\\\/pt\\\/antiga-sede-da-sic-para-venda-ou-arrendamento-meios-publicidade\\\/#article\",\"isPartOf\":{\"@id\":\"https:\\\/\\\/favorite-news.com\\\/pt\\\/antiga-sede-da-sic-para-venda-ou-arrendamento-meios-publicidade\\\/\"},\"author\":{\"name\":\"favorite-news\",\"@id\":\"https:\\\/\\\/favorite-news.com\\\/pt\\\/#\\\/schema\\\/person\\\/b91573b717dcfa5e4696032a9d28d3e8\"},\"headline\":\"Antiga sede da SIC para venda ou arrendamento &#8211; Meios &#038; Publicidade\",\"datePublished\":\"2021-06-10T23:56:10+00:00\",\"dateModified\":\"2021-06-10T23:56:13+00:00\",\"mainEntityOfPage\":{\"@id\":\"https:\\\/\\\/favorite-news.com\\\/pt\\\/antiga-sede-da-sic-para-venda-ou-arrendamento-meios-publicidade\\\/\"},\"wordCount\":294,\"commentCount\":0,\"image\":{\"@id\":\"https:\\\/\\\/favorite-news.com\\\/pt\\\/antiga-sede-da-sic-para-venda-ou-arrendamento-meios-publicidade\\\/#primaryimage\"},\"thumbnailUrl\":\"https:\\\/\\\/favorite-news.com\\\/pt\\\/wp-content\\\/uploads\\\/sites\\\/2\\\/2021\\\/06\\\/Antiga-sede-da-SIC-para-venda-ou-arrendamento-Meios.jpg\",\"articleSection\":[\"NOT\u00cdCIAS DE MARKETING NA INTERNET\"],\"inLanguage\":\"pt-PT\",\"potentialAction\":[{\"@type\":\"CommentAction\",\"name\":\"Comment\",\"target\":[\"https:\\\/\\\/favorite-news.com\\\/pt\\\/antiga-sede-da-sic-para-venda-ou-arrendamento-meios-publicidade\\\/#respond\"]}]},{\"@type\":\"WebPage\",\"@id\":\"https:\\\/\\\/favorite-news.com\\\/pt\\\/antiga-sede-da-sic-para-venda-ou-arrendamento-meios-publicidade\\\/\",\"url\":\"https:\\\/\\\/favorite-news.com\\\/pt\\\/antiga-sede-da-sic-para-venda-ou-arrendamento-meios-publicidade\\\/\",\"name\":\"Antiga sede da SIC para venda ou arrendamento - Meios & Publicidade - Favorite News\",\"isPartOf\":{\"@id\":\"https:\\\/\\\/favorite-news.com\\\/pt\\\/#website\"},\"primaryImageOfPage\":{\"@id\":\"https:\\\/\\\/favorite-news.com\\\/pt\\\/antiga-sede-da-sic-para-venda-ou-arrendamento-meios-publicidade\\\/#primaryimage\"},\"image\":{\"@id\":\"https:\\\/\\\/favorite-news.com\\\/pt\\\/antiga-sede-da-sic-para-venda-ou-arrendamento-meios-publicidade\\\/#primaryimage\"},\"thumbnailUrl\":\"https:\\\/\\\/favorite-news.com\\\/pt\\\/wp-content\\\/uploads\\\/sites\\\/2\\\/2021\\\/06\\\/Antiga-sede-da-SIC-para-venda-ou-arrendamento-Meios.jpg\",\"datePublished\":\"2021-06-10T23:56:10+00:00\",\"dateModified\":\"2021-06-10T23:56:13+00:00\",\"author\":{\"@id\":\"https:\\\/\\\/favorite-news.com\\\/pt\\\/#\\\/schema\\\/person\\\/b91573b717dcfa5e4696032a9d28d3e8\"},\"breadcrumb\":{\"@id\":\"https:\\\/\\\/favorite-news.com\\\/pt\\\/antiga-sede-da-sic-para-venda-ou-arrendamento-meios-publicidade\\\/#breadcrumb\"},\"inLanguage\":\"pt-PT\",\"potentialAction\":[{\"@type\":\"ReadAction\",\"target\":[\"https:\\\/\\\/favorite-news.com\\\/pt\\\/antiga-sede-da-sic-para-venda-ou-arrendamento-meios-publicidade\\\/\"]}]},{\"@type\":\"ImageObject\",\"inLanguage\":\"pt-PT\",\"@id\":\"https:\\\/\\\/favorite-news.com\\\/pt\\\/antiga-sede-da-sic-para-venda-ou-arrendamento-meios-publicidade\\\/#primaryimage\",\"url\":\"https:\\\/\\\/favorite-news.com\\\/pt\\\/wp-content\\\/uploads\\\/sites\\\/2\\\/2021\\\/06\\\/Antiga-sede-da-SIC-para-venda-ou-arrendamento-Meios.jpg\",\"contentUrl\":\"https:\\\/\\\/favorite-news.com\\\/pt\\\/wp-content\\\/uploads\\\/sites\\\/2\\\/2021\\\/06\\\/Antiga-sede-da-SIC-para-venda-ou-arrendamento-Meios.jpg\",\"width\":665,\"height\":337,\"caption\":\"Antiga sede da SIC para venda ou arrendamento - Meios & Publicidade\"},{\"@type\":\"BreadcrumbList\",\"@id\":\"https:\\\/\\\/favorite-news.com\\\/pt\\\/antiga-sede-da-sic-para-venda-ou-arrendamento-meios-publicidade\\\/#breadcrumb\",\"itemListElement\":[{\"@type\":\"ListItem\",\"position\":1,\"name\":\"Home\",\"item\":\"https:\\\/\\\/favorite-news.com\\\/pt\\\/\"},{\"@type\":\"ListItem\",\"position\":2,\"name\":\"Antiga sede da SIC para venda ou arrendamento &#8211; Meios &#038; Publicidade\"}]},{\"@type\":\"WebSite\",\"@id\":\"https:\\\/\\\/favorite-news.com\\\/pt\\\/#website\",\"url\":\"https:\\\/\\\/favorite-news.com\\\/pt\\\/\",\"name\":\"Favorite News\",\"description\":\"Favorite News Portugal\",\"potentialAction\":[{\"@type\":\"SearchAction\",\"target\":{\"@type\":\"EntryPoint\",\"urlTemplate\":\"https:\\\/\\\/favorite-news.com\\\/pt\\\/?s={search_term_string}\"},\"query-input\":{\"@type\":\"PropertyValueSpecification\",\"valueRequired\":true,\"valueName\":\"search_term_string\"}}],\"inLanguage\":\"pt-PT\"},{\"@type\":\"Person\",\"@id\":\"https:\\\/\\\/favorite-news.com\\\/pt\\\/#\\\/schema\\\/person\\\/b91573b717dcfa5e4696032a9d28d3e8\",\"name\":\"favorite-news\",\"image\":{\"@type\":\"ImageObject\",\"inLanguage\":\"pt-PT\",\"@id\":\"https:\\\/\\\/secure.gravatar.com\\\/avatar\\\/6c5a5cb12b74e9d517ee91cf570335b7d16177f1977cc91db161adfa435945a7?s=96&d=mm&r=g\",\"url\":\"https:\\\/\\\/secure.gravatar.com\\\/avatar\\\/6c5a5cb12b74e9d517ee91cf570335b7d16177f1977cc91db161adfa435945a7?s=96&d=mm&r=g\",\"contentUrl\":\"https:\\\/\\\/secure.gravatar.com\\\/avatar\\\/6c5a5cb12b74e9d517ee91cf570335b7d16177f1977cc91db161adfa435945a7?s=96&d=mm&r=g\",\"caption\":\"favorite-news\"},\"url\":\"https:\\\/\\\/favorite-news.com\\\/pt\\\/author\\\/pt\\\/\"}]}<\/script>\n<!-- \/ Yoast SEO plugin. -->","yoast_head_json":{"title":"Antiga sede da SIC para venda ou arrendamento - Meios & Publicidade - Favorite News","robots":{"index":"index","follow":"follow","max-snippet":"max-snippet:-1","max-image-preview":"max-image-preview:large","max-video-preview":"max-video-preview:-1"},"canonical":"https:\/\/favorite-news.com\/pt\/antiga-sede-da-sic-para-venda-ou-arrendamento-meios-publicidade\/","og_locale":"pt_PT","og_type":"article","og_title":"Antiga sede da SIC para venda ou arrendamento - Meios & Publicidade - Favorite News","og_description":"Por Meios &amp; Publicidade a 9 de Junho de 2021 A JLL est\u00e1 a comercializar, em regime de exclusividade, as antigas instala\u00e7\u00f5es da SIC, na Estrada da Outurela, em Carnaxide. Propriedade de um fundo imobili\u00e1rio gerido pela Santander Asset Management, o im\u00f3vel est\u00e1 dispon\u00edvel para arrendamento ou venda. O espa\u00e7o, de acordo com a empresa, [&hellip;]","og_url":"https:\/\/favorite-news.com\/pt\/antiga-sede-da-sic-para-venda-ou-arrendamento-meios-publicidade\/","og_site_name":"Favorite News","article_published_time":"2021-06-10T23:56:10+00:00","article_modified_time":"2021-06-10T23:56:13+00:00","og_image":[{"width":665,"height":337,"url":"https:\/\/favorite-news.com\/pt\/wp-content\/uploads\/sites\/2\/2021\/06\/Antiga-sede-da-SIC-para-venda-ou-arrendamento-Meios.jpg","type":"image\/jpeg"}],"author":"favorite-news","twitter_card":"summary_large_image","twitter_misc":{"Escrito por":"favorite-news","Tempo estimado de leitura":"1 minuto"},"schema":{"@context":"https:\/\/schema.org","@graph":[{"@type":"Article","@id":"https:\/\/favorite-news.com\/pt\/antiga-sede-da-sic-para-venda-ou-arrendamento-meios-publicidade\/#article","isPartOf":{"@id":"https:\/\/favorite-news.com\/pt\/antiga-sede-da-sic-para-venda-ou-arrendamento-meios-publicidade\/"},"author":{"name":"favorite-news","@id":"https:\/\/favorite-news.com\/pt\/#\/schema\/person\/b91573b717dcfa5e4696032a9d28d3e8"},"headline":"Antiga sede da SIC para venda ou arrendamento &#8211; Meios &#038; Publicidade","datePublished":"2021-06-10T23:56:10+00:00","dateModified":"2021-06-10T23:56:13+00:00","mainEntityOfPage":{"@id":"https:\/\/favorite-news.com\/pt\/antiga-sede-da-sic-para-venda-ou-arrendamento-meios-publicidade\/"},"wordCount":294,"commentCount":0,"image":{"@id":"https:\/\/favorite-news.com\/pt\/antiga-sede-da-sic-para-venda-ou-arrendamento-meios-publicidade\/#primaryimage"},"thumbnailUrl":"https:\/\/favorite-news.com\/pt\/wp-content\/uploads\/sites\/2\/2021\/06\/Antiga-sede-da-SIC-para-venda-ou-arrendamento-Meios.jpg","articleSection":["NOT\u00cdCIAS DE MARKETING NA INTERNET"],"inLanguage":"pt-PT","potentialAction":[{"@type":"CommentAction","name":"Comment","target":["https:\/\/favorite-news.com\/pt\/antiga-sede-da-sic-para-venda-ou-arrendamento-meios-publicidade\/#respond"]}]},{"@type":"WebPage","@id":"https:\/\/favorite-news.com\/pt\/antiga-sede-da-sic-para-venda-ou-arrendamento-meios-publicidade\/","url":"https:\/\/favorite-news.com\/pt\/antiga-sede-da-sic-para-venda-ou-arrendamento-meios-publicidade\/","name":"Antiga sede da SIC para venda ou arrendamento - Meios & Publicidade - Favorite News","isPartOf":{"@id":"https:\/\/favorite-news.com\/pt\/#website"},"primaryImageOfPage":{"@id":"https:\/\/favorite-news.com\/pt\/antiga-sede-da-sic-para-venda-ou-arrendamento-meios-publicidade\/#primaryimage"},"image":{"@id":"https:\/\/favorite-news.com\/pt\/antiga-sede-da-sic-para-venda-ou-arrendamento-meios-publicidade\/#primaryimage"},"thumbnailUrl":"https:\/\/favorite-news.com\/pt\/wp-content\/uploads\/sites\/2\/2021\/06\/Antiga-sede-da-SIC-para-venda-ou-arrendamento-Meios.jpg","datePublished":"2021-06-10T23:56:10+00:00","dateModified":"2021-06-10T23:56:13+00:00","author":{"@id":"https:\/\/favorite-news.com\/pt\/#\/schema\/person\/b91573b717dcfa5e4696032a9d28d3e8"},"breadcrumb":{"@id":"https:\/\/favorite-news.com\/pt\/antiga-sede-da-sic-para-venda-ou-arrendamento-meios-publicidade\/#breadcrumb"},"inLanguage":"pt-PT","potentialAction":[{"@type":"ReadAction","target":["https:\/\/favorite-news.com\/pt\/antiga-sede-da-sic-para-venda-ou-arrendamento-meios-publicidade\/"]}]},{"@type":"ImageObject","inLanguage":"pt-PT","@id":"https:\/\/favorite-news.com\/pt\/antiga-sede-da-sic-para-venda-ou-arrendamento-meios-publicidade\/#primaryimage","url":"https:\/\/favorite-news.com\/pt\/wp-content\/uploads\/sites\/2\/2021\/06\/Antiga-sede-da-SIC-para-venda-ou-arrendamento-Meios.jpg","contentUrl":"https:\/\/favorite-news.com\/pt\/wp-content\/uploads\/sites\/2\/2021\/06\/Antiga-sede-da-SIC-para-venda-ou-arrendamento-Meios.jpg","width":665,"height":337,"caption":"Antiga sede da SIC para venda ou arrendamento - Meios & Publicidade"},{"@type":"BreadcrumbList","@id":"https:\/\/favorite-news.com\/pt\/antiga-sede-da-sic-para-venda-ou-arrendamento-meios-publicidade\/#breadcrumb","itemListElement":[{"@type":"ListItem","position":1,"name":"Home","item":"https:\/\/favorite-news.com\/pt\/"},{"@type":"ListItem","position":2,"name":"Antiga sede da SIC para venda ou arrendamento &#8211; Meios &#038; Publicidade"}]},{"@type":"WebSite","@id":"https:\/\/favorite-news.com\/pt\/#website","url":"https:\/\/favorite-news.com\/pt\/","name":"Favorite News","description":"Favorite News Portugal","potentialAction":[{"@type":"SearchAction","target":{"@type":"EntryPoint","urlTemplate":"https:\/\/favorite-news.com\/pt\/?s={search_term_string}"},"query-input":{"@type":"PropertyValueSpecification","valueRequired":true,"valueName":"search_term_string"}}],"inLanguage":"pt-PT"},{"@type":"Person","@id":"https:\/\/favorite-news.com\/pt\/#\/schema\/person\/b91573b717dcfa5e4696032a9d28d3e8","name":"favorite-news","image":{"@type":"ImageObject","inLanguage":"pt-PT","@id":"https:\/\/secure.gravatar.com\/avatar\/6c5a5cb12b74e9d517ee91cf570335b7d16177f1977cc91db161adfa435945a7?s=96&d=mm&r=g","url":"https:\/\/secure.gravatar.com\/avatar\/6c5a5cb12b74e9d517ee91cf570335b7d16177f1977cc91db161adfa435945a7?s=96&d=mm&r=g","contentUrl":"https:\/\/secure.gravatar.com\/avatar\/6c5a5cb12b74e9d517ee91cf570335b7d16177f1977cc91db161adfa435945a7?s=96&d=mm&r=g","caption":"favorite-news"},"url":"https:\/\/favorite-news.com\/pt\/author\/pt\/"}]}},"_links":{"self":[{"href":"https:\/\/favorite-news.com\/pt\/wp-json\/wp\/v2\/posts\/10390","targetHints":{"allow":["GET"]}}],"collection":[{"href":"https:\/\/favorite-news.com\/pt\/wp-json\/wp\/v2\/posts"}],"about":[{"href":"https:\/\/favorite-news.com\/pt\/wp-json\/wp\/v2\/types\/post"}],"author":[{"embeddable":true,"href":"https:\/\/favorite-news.com\/pt\/wp-json\/wp\/v2\/users\/2"}],"replies":[{"embeddable":true,"href":"https:\/\/favorite-news.com\/pt\/wp-json\/wp\/v2\/comments?post=10390"}],"version-history":[{"count":1,"href":"https:\/\/favorite-news.com\/pt\/wp-json\/wp\/v2\/posts\/10390\/revisions"}],"predecessor-version":[{"id":10392,"href":"https:\/\/favorite-news.com\/pt\/wp-json\/wp\/v2\/posts\/10390\/revisions\/10392"}],"wp:featuredmedia":[{"embeddable":true,"href":"https:\/\/favorite-news.com\/pt\/wp-json\/wp\/v2\/media\/10391"}],"wp:attachment":[{"href":"https:\/\/favorite-news.com\/pt\/wp-json\/wp\/v2\/media?parent=10390"}],"wp:term":[{"taxonomy":"category","embeddable":true,"href":"https:\/\/favorite-news.com\/pt\/wp-json\/wp\/v2\/categories?post=10390"},{"taxonomy":"post_tag","embeddable":true,"href":"https:\/\/favorite-news.com\/pt\/wp-json\/wp\/v2\/tags?post=10390"}],"curies":[{"name":"wp","href":"https:\/\/api.w.org\/{rel}","templated":true}]}}